









{"id":12251,"date":"2021-12-17T08:42:02","date_gmt":"2021-12-17T06:42:02","guid":{"rendered":"https:\/\/peoplesphere.be\/fr\/?p=12251"},"modified":"2023-08-20T09:15:42","modified_gmt":"2023-08-20T07:15:42","slug":"penuries-marche-travail-quatrieme-vague-boostent-recours-travail-etudiant","status":"publish","type":"post","link":"https:\/\/peoplesphere.be\/fr\/penuries-marche-travail-quatrieme-vague-boostent-recours-travail-etudiant\/","title":{"rendered":"Les p\u00e9nuries sur le march\u00e9 du travail et la quatri\u00e8me vague boostent le recours au travail \u00e9tudiant."},"content":{"rendered":"<p>Le travail \u00e9tudiant a durement souffert du coronavirus l\u2019ann\u00e9e derni\u00e8re. Au paroxysme de la crise, durant les vacances de P\u00e2ques 2020 (premier lockdown), le travail \u00e9tudiant est all\u00e9 jusqu\u2019\u00e0 reculer de deux tiers (- 65,7%) par rapport \u00e0 la m\u00eame p\u00e9riode l\u2019ann\u00e9e pr\u00e9c\u00e9dente. 2021 fut l\u2019ann\u00e9e de la relance : aux derni\u00e8res vacances de P\u00e2ques, Randstad Group, leader sur le march\u00e9 du travail \u00e9tudiant, constatait d\u00e9j\u00e0 un solide redressement, qui s\u2019est d\u2019ailleurs confirm\u00e9 cet \u00e9t\u00e9. On d\u00e9nombrait alors \u00e0 peu pr\u00e8s autant d\u2019\u00e9tudiants jobistes qu\u2019avant le Covid.<!--more--><\/p>\n<p>Ces derni\u00e8res semaines, le travail \u00e9tudiant a encore rebondi de plus belle. La conjonction de la reprise \u00e9conomique, du traditionnel pic de fin d\u2019ann\u00e9e et de l\u2019indisponibilit\u00e9 massive des travailleurs malades entra\u00eene une forte hausse de la demande de travail \u00e9tudiant. On recense \u00e0 peu pr\u00e8s la moiti\u00e9 d\u2019\u00e9tudiants jobistes en plus qu\u2019\u00e0 la m\u00eame p\u00e9riode en 2019 (pr\u00e9-Covid).<\/p>\n<p>L\u2019effet cumul\u00e9 de la p\u00e9nurie globale sur le march\u00e9 du travail, des nombreux cas de quarantaine dans les entreprises et du pic traditionnel de fin d\u2019ann\u00e9e dans de multiples secteurs am\u00e8ne Randstad Group \u00e0 constater depuis quatre semaines une augmentation de 46% du nombre d\u2019\u00e9tudiants au travail par rapport \u00e0 la m\u00eame p\u00e9riode en 2019 (pr\u00e9-Covid). Soit une moyenne de 3.300 \u00e9tudiants par jour au cours des quatre derni\u00e8res semaines.<\/p>\n<p>Le gros de la demande se concentre dans les secteurs classiques qui fonctionnent g\u00e9n\u00e9ralement bien en fin d\u2019ann\u00e9e : grande distribution, commerce de d\u00e9tail et quelques secteurs qui connaissent un regain d\u2019activit\u00e9 en ce moment, comme la logistique.<\/p>\n<p><em>\u00ab\u00a0Alors que le Covid jouait encore les trouble-f\u00eate pour le travail des \u00e9tudiants en 2020, voil\u00e0 qu\u2019il booste \u00e0 pr\u00e9sent la demande sur le march\u00e9 des \u00e9tudiants. On s\u2019attend d\u2019ailleurs \u00e0 ce qu\u2019un grand nombre d\u2019entreprises soient confront\u00e9es \u00e0 une absence massive de personnel la semaine prochaine, car aux actuels cas de maladie et de quarantaine s\u2019ajoutent encore des travailleurs contraints de rester \u00e0 la maison pour leurs enfants, dont l\u2019\u00e9cole a avanc\u00e9 d\u2019une semaine les vacances de No\u00ebl\u00a0\u00bb<\/em>, indique S\u00e9bastien Cosentino, porte-parole chez Randstad Group.<\/p>\n","protected":false},"excerpt":{"rendered":"<p>Le travail \u00e9tudiant a durement souffert du coronavirus l\u2019ann\u00e9e derni\u00e8re. Au paroxysme de la crise, durant les vacances de P\u00e2ques 2020 (premier lockdown), le travail \u00e9tudiant est all\u00e9 jusqu\u2019\u00e0 reculer de deux tiers (- 65,7%) par rapport \u00e0 la m\u00eame [&hellip;]<\/p>\n","protected":false},"author":2,"featured_media":0,"comment_status":"closed","ping_status":"open","sticky":false,"template":"","format":"standard","meta":[],"categories":[65,10],"tags":[585,264,774],"yoast_head":"<!-- This site is optimized with the Yoast SEO plugin v21.0 - https:\/\/yoast.com\/wordpress\/plugins\/seo\/ -->\n<title>Les p\u00e9nuries sur le march\u00e9 du travail et la quatri\u00e8me vague boostent le recours au travail \u00e9tudiant. - Peoplesphere<\/title>\n<meta name=\"robots\" content=\"index, follow, max-snippet:-1, max-image-preview:large, max-video-preview:-1\" \/>\n<link rel=\"canonical\" href=\"https:\/\/peoplesphere.be\/fr\/penuries-marche-travail-quatrieme-vague-boostent-recours-travail-etudiant\/\" \/>\n<meta property=\"og:locale\" content=\"fr_FR\" \/>\n<meta property=\"og:type\" content=\"article\" \/>\n<meta property=\"og:title\" content=\"Les p\u00e9nuries sur le march\u00e9 du travail et la quatri\u00e8me vague boostent le recours au travail \u00e9tudiant. - Peoplesphere\" \/>\n<meta property=\"og:description\" content=\"Le travail \u00e9tudiant a durement souffert du coronavirus l\u2019ann\u00e9e derni\u00e8re. Au paroxysme de la crise, durant les vacances de P\u00e2ques 2020 (premier lockdown), le travail \u00e9tudiant est all\u00e9 jusqu\u2019\u00e0 reculer de deux tiers (- 65,7%) par rapport \u00e0 la m\u00eame [&hellip;]\" \/>\n<meta property=\"og:url\" content=\"https:\/\/peoplesphere.be\/fr\/penuries-marche-travail-quatrieme-vague-boostent-recours-travail-etudiant\/\" \/>\n<meta property=\"og:site_name\" content=\"Peoplesphere\" \/>\n<meta property=\"article:publisher\" content=\"https:\/\/www.facebook.com\/peoplesphere\" \/>\n<meta property=\"article:published_time\" content=\"2021-12-17T06:42:02+00:00\" \/>\n<meta property=\"article:modified_time\" content=\"2023-08-20T07:15:42+00:00\" \/>\n<meta property=\"og:image\" content=\"http:\/\/www.peoplesphere.be\/fr\/wp-content\/uploads\/2016\/07\/facebook-default-posting-1200x628px.jpg\" \/>\n<meta name=\"author\" content=\"Jean-Paul Erhard\" \/>\n<meta name=\"twitter:card\" content=\"summary_large_image\" \/>\n<meta name=\"twitter:creator\" content=\"@PeoplesphereMag\" \/>\n<meta name=\"twitter:site\" content=\"@PeoplesphereMag\" \/>\n<meta name=\"twitter:label1\" content=\"\u00c9crit par\" \/>\n\t<meta name=\"twitter:data1\" content=\"Jean-Paul Erhard\" \/>\n\t<meta name=\"twitter:label2\" content=\"Dur\u00e9e de lecture estim\u00e9e\" \/>\n\t<meta name=\"twitter:data2\" content=\"2 minutes\" \/>\n<script type=\"application\/ld+json\" class=\"yoast-schema-graph\">{\"@context\":\"https:\/\/schema.org\",\"@graph\":[{\"@type\":\"Article\",\"@id\":\"https:\/\/peoplesphere.be\/fr\/penuries-marche-travail-quatrieme-vague-boostent-recours-travail-etudiant\/#article\",\"isPartOf\":{\"@id\":\"https:\/\/peoplesphere.be\/fr\/penuries-marche-travail-quatrieme-vague-boostent-recours-travail-etudiant\/\"},\"author\":{\"name\":\"Jean-Paul Erhard\",\"@id\":\"https:\/\/peoplesphere.be\/fr\/#\/schema\/person\/7976225ff17988604334abb7b3536a7e\"},\"headline\":\"Les p\u00e9nuries sur le march\u00e9 du travail et la quatri\u00e8me vague boostent le recours au travail \u00e9tudiant.\",\"datePublished\":\"2021-12-17T06:42:02+00:00\",\"dateModified\":\"2023-08-20T07:15:42+00:00\",\"mainEntityOfPage\":{\"@id\":\"https:\/\/peoplesphere.be\/fr\/penuries-marche-travail-quatrieme-vague-boostent-recours-travail-etudiant\/\"},\"wordCount\":400,\"publisher\":{\"@id\":\"https:\/\/peoplesphere.be\/fr\/#organization\"},\"keywords\":[\"march\u00e9 du travail\",\"p\u00e9nuries\",\"travail \u00e9tudiant\"],\"articleSection\":[\"Actualit\u00e9s\",\"Digital\"],\"inLanguage\":\"fr-FR\"},{\"@type\":\"WebPage\",\"@id\":\"https:\/\/peoplesphere.be\/fr\/penuries-marche-travail-quatrieme-vague-boostent-recours-travail-etudiant\/\",\"url\":\"https:\/\/peoplesphere.be\/fr\/penuries-marche-travail-quatrieme-vague-boostent-recours-travail-etudiant\/\",\"name\":\"Les p\u00e9nuries sur le march\u00e9 du travail et la quatri\u00e8me vague boostent le recours au travail \u00e9tudiant. - Peoplesphere\",\"isPartOf\":{\"@id\":\"https:\/\/peoplesphere.be\/fr\/#website\"},\"datePublished\":\"2021-12-17T06:42:02+00:00\",\"dateModified\":\"2023-08-20T07:15:42+00:00\",\"breadcrumb\":{\"@id\":\"https:\/\/peoplesphere.be\/fr\/penuries-marche-travail-quatrieme-vague-boostent-recours-travail-etudiant\/#breadcrumb\"},\"inLanguage\":\"fr-FR\",\"potentialAction\":[{\"@type\":\"ReadAction\",\"target\":[\"https:\/\/peoplesphere.be\/fr\/penuries-marche-travail-quatrieme-vague-boostent-recours-travail-etudiant\/\"]}]},{\"@type\":\"BreadcrumbList\",\"@id\":\"https:\/\/peoplesphere.be\/fr\/penuries-marche-travail-quatrieme-vague-boostent-recours-travail-etudiant\/#breadcrumb\",\"itemListElement\":[{\"@type\":\"ListItem\",\"position\":1,\"name\":\"Accueil\",\"item\":\"https:\/\/peoplesphere.be\/fr\/\"},{\"@type\":\"ListItem\",\"position\":2,\"name\":\"Les p\u00e9nuries sur le march\u00e9 du travail et la quatri\u00e8me vague boostent le recours au travail \u00e9tudiant.\"}]},{\"@type\":\"WebSite\",\"@id\":\"https:\/\/peoplesphere.be\/fr\/#website\",\"url\":\"https:\/\/peoplesphere.be\/fr\/\",\"name\":\"Peoplesphere\",\"description\":\"The People Managers Magazine\",\"publisher\":{\"@id\":\"https:\/\/peoplesphere.be\/fr\/#organization\"},\"potentialAction\":[{\"@type\":\"SearchAction\",\"target\":{\"@type\":\"EntryPoint\",\"urlTemplate\":\"https:\/\/peoplesphere.be\/fr\/?s={search_term_string}\"},\"query-input\":\"required name=search_term_string\"}],\"inLanguage\":\"fr-FR\"},{\"@type\":\"Organization\",\"@id\":\"https:\/\/peoplesphere.be\/fr\/#organization\",\"name\":\"Peoplesphere Company srl\",\"url\":\"https:\/\/peoplesphere.be\/fr\/\",\"logo\":{\"@type\":\"ImageObject\",\"inLanguage\":\"fr-FR\",\"@id\":\"https:\/\/peoplesphere.be\/fr\/#\/schema\/logo\/image\/\",\"url\":\"https:\/\/peoplesphere.be\/fr\/wp-content\/uploads\/2023\/07\/peoplesphere-lgo-new-generik.jpg\",\"contentUrl\":\"https:\/\/peoplesphere.be\/fr\/wp-content\/uploads\/2023\/07\/peoplesphere-lgo-new-generik.jpg\",\"width\":1031,\"height\":1479,\"caption\":\"Peoplesphere Company srl\"},\"image\":{\"@id\":\"https:\/\/peoplesphere.be\/fr\/#\/schema\/logo\/image\/\"},\"sameAs\":[\"https:\/\/www.facebook.com\/peoplesphere\",\"https:\/\/twitter.com\/PeoplesphereMag\",\"https:\/\/www.linkedin.com\/company\/7587361?trk\",\"http:\/\/youtube.com\/peoplesphere\"]},{\"@type\":\"Person\",\"@id\":\"https:\/\/peoplesphere.be\/fr\/#\/schema\/person\/7976225ff17988604334abb7b3536a7e\",\"name\":\"Jean-Paul Erhard\",\"image\":{\"@type\":\"ImageObject\",\"inLanguage\":\"fr-FR\",\"@id\":\"https:\/\/peoplesphere.be\/fr\/#\/schema\/person\/image\/\",\"url\":\"https:\/\/secure.gravatar.com\/avatar\/f941e681460179738071629a51574930?s=96&d=mm&r=g\",\"contentUrl\":\"https:\/\/secure.gravatar.com\/avatar\/f941e681460179738071629a51574930?s=96&d=mm&r=g\",\"caption\":\"Jean-Paul Erhard\"},\"url\":\"https:\/\/peoplesphere.be\/fr\/author\/jpe\/\"}]}<\/script>\n<!-- \/ Yoast SEO plugin. -->","yoast_head_json":{"title":"Les p\u00e9nuries sur le march\u00e9 du travail et la quatri\u00e8me vague boostent le recours au travail \u00e9tudiant. - Peoplesphere","robots":{"index":"index","follow":"follow","max-snippet":"max-snippet:-1","max-image-preview":"max-image-preview:large","max-video-preview":"max-video-preview:-1"},"canonical":"https:\/\/peoplesphere.be\/fr\/penuries-marche-travail-quatrieme-vague-boostent-recours-travail-etudiant\/","og_locale":"fr_FR","og_type":"article","og_title":"Les p\u00e9nuries sur le march\u00e9 du travail et la quatri\u00e8me vague boostent le recours au travail \u00e9tudiant. - Peoplesphere","og_description":"Le travail \u00e9tudiant a durement souffert du coronavirus l\u2019ann\u00e9e derni\u00e8re. Au paroxysme de la crise, durant les vacances de P\u00e2ques 2020 (premier lockdown), le travail \u00e9tudiant est all\u00e9 jusqu\u2019\u00e0 reculer de deux tiers (- 65,7%) par rapport \u00e0 la m\u00eame [&hellip;]","og_url":"https:\/\/peoplesphere.be\/fr\/penuries-marche-travail-quatrieme-vague-boostent-recours-travail-etudiant\/","og_site_name":"Peoplesphere","article_publisher":"https:\/\/www.facebook.com\/peoplesphere","article_published_time":"2021-12-17T06:42:02+00:00","article_modified_time":"2023-08-20T07:15:42+00:00","og_image":[{"url":"http:\/\/www.peoplesphere.be\/fr\/wp-content\/uploads\/2016\/07\/facebook-default-posting-1200x628px.jpg"}],"author":"Jean-Paul Erhard","twitter_card":"summary_large_image","twitter_creator":"@PeoplesphereMag","twitter_site":"@PeoplesphereMag","twitter_misc":{"\u00c9crit par":"Jean-Paul Erhard","Dur\u00e9e de lecture estim\u00e9e":"2 minutes"},"schema":{"@context":"https:\/\/schema.org","@graph":[{"@type":"Article","@id":"https:\/\/peoplesphere.be\/fr\/penuries-marche-travail-quatrieme-vague-boostent-recours-travail-etudiant\/#article","isPartOf":{"@id":"https:\/\/peoplesphere.be\/fr\/penuries-marche-travail-quatrieme-vague-boostent-recours-travail-etudiant\/"},"author":{"name":"Jean-Paul Erhard","@id":"https:\/\/peoplesphere.be\/fr\/#\/schema\/person\/7976225ff17988604334abb7b3536a7e"},"headline":"Les p\u00e9nuries sur le march\u00e9 du travail et la quatri\u00e8me vague boostent le recours au travail \u00e9tudiant.","datePublished":"2021-12-17T06:42:02+00:00","dateModified":"2023-08-20T07:15:42+00:00","mainEntityOfPage":{"@id":"https:\/\/peoplesphere.be\/fr\/penuries-marche-travail-quatrieme-vague-boostent-recours-travail-etudiant\/"},"wordCount":400,"publisher":{"@id":"https:\/\/peoplesphere.be\/fr\/#organization"},"keywords":["march\u00e9 du travail","p\u00e9nuries","travail \u00e9tudiant"],"articleSection":["Actualit\u00e9s","Digital"],"inLanguage":"fr-FR"},{"@type":"WebPage","@id":"https:\/\/peoplesphere.be\/fr\/penuries-marche-travail-quatrieme-vague-boostent-recours-travail-etudiant\/","url":"https:\/\/peoplesphere.be\/fr\/penuries-marche-travail-quatrieme-vague-boostent-recours-travail-etudiant\/","name":"Les p\u00e9nuries sur le march\u00e9 du travail et la quatri\u00e8me vague boostent le recours au travail \u00e9tudiant. - Peoplesphere","isPartOf":{"@id":"https:\/\/peoplesphere.be\/fr\/#website"},"datePublished":"2021-12-17T06:42:02+00:00","dateModified":"2023-08-20T07:15:42+00:00","breadcrumb":{"@id":"https:\/\/peoplesphere.be\/fr\/penuries-marche-travail-quatrieme-vague-boostent-recours-travail-etudiant\/#breadcrumb"},"inLanguage":"fr-FR","potentialAction":[{"@type":"ReadAction","target":["https:\/\/peoplesphere.be\/fr\/penuries-marche-travail-quatrieme-vague-boostent-recours-travail-etudiant\/"]}]},{"@type":"BreadcrumbList","@id":"https:\/\/peoplesphere.be\/fr\/penuries-marche-travail-quatrieme-vague-boostent-recours-travail-etudiant\/#breadcrumb","itemListElement":[{"@type":"ListItem","position":1,"name":"Accueil","item":"https:\/\/peoplesphere.be\/fr\/"},{"@type":"ListItem","position":2,"name":"Les p\u00e9nuries sur le march\u00e9 du travail et la quatri\u00e8me vague boostent le recours au travail \u00e9tudiant."}]},{"@type":"WebSite","@id":"https:\/\/peoplesphere.be\/fr\/#website","url":"https:\/\/peoplesphere.be\/fr\/","name":"Peoplesphere","description":"The People Managers Magazine","publisher":{"@id":"https:\/\/peoplesphere.be\/fr\/#organization"},"potentialAction":[{"@type":"SearchAction","target":{"@type":"EntryPoint","urlTemplate":"https:\/\/peoplesphere.be\/fr\/?s={search_term_string}"},"query-input":"required name=search_term_string"}],"inLanguage":"fr-FR"},{"@type":"Organization","@id":"https:\/\/peoplesphere.be\/fr\/#organization","name":"Peoplesphere Company srl","url":"https:\/\/peoplesphere.be\/fr\/","logo":{"@type":"ImageObject","inLanguage":"fr-FR","@id":"https:\/\/peoplesphere.be\/fr\/#\/schema\/logo\/image\/","url":"https:\/\/peoplesphere.be\/fr\/wp-content\/uploads\/2023\/07\/peoplesphere-lgo-new-generik.jpg","contentUrl":"https:\/\/peoplesphere.be\/fr\/wp-content\/uploads\/2023\/07\/peoplesphere-lgo-new-generik.jpg","width":1031,"height":1479,"caption":"Peoplesphere Company srl"},"image":{"@id":"https:\/\/peoplesphere.be\/fr\/#\/schema\/logo\/image\/"},"sameAs":["https:\/\/www.facebook.com\/peoplesphere","https:\/\/twitter.com\/PeoplesphereMag","https:\/\/www.linkedin.com\/company\/7587361?trk","http:\/\/youtube.com\/peoplesphere"]},{"@type":"Person","@id":"https:\/\/peoplesphere.be\/fr\/#\/schema\/person\/7976225ff17988604334abb7b3536a7e","name":"Jean-Paul Erhard","image":{"@type":"ImageObject","inLanguage":"fr-FR","@id":"https:\/\/peoplesphere.be\/fr\/#\/schema\/person\/image\/","url":"https:\/\/secure.gravatar.com\/avatar\/f941e681460179738071629a51574930?s=96&d=mm&r=g","contentUrl":"https:\/\/secure.gravatar.com\/avatar\/f941e681460179738071629a51574930?s=96&d=mm&r=g","caption":"Jean-Paul Erhard"},"url":"https:\/\/peoplesphere.be\/fr\/author\/jpe\/"}]}},"_links":{"self":[{"href":"https:\/\/peoplesphere.be\/fr\/wp-json\/wp\/v2\/posts\/12251"}],"collection":[{"href":"https:\/\/peoplesphere.be\/fr\/wp-json\/wp\/v2\/posts"}],"about":[{"href":"https:\/\/peoplesphere.be\/fr\/wp-json\/wp\/v2\/types\/post"}],"author":[{"embeddable":true,"href":"https:\/\/peoplesphere.be\/fr\/wp-json\/wp\/v2\/users\/2"}],"replies":[{"embeddable":true,"href":"https:\/\/peoplesphere.be\/fr\/wp-json\/wp\/v2\/comments?post=12251"}],"version-history":[{"count":2,"href":"https:\/\/peoplesphere.be\/fr\/wp-json\/wp\/v2\/posts\/12251\/revisions"}],"predecessor-version":[{"id":12253,"href":"https:\/\/peoplesphere.be\/fr\/wp-json\/wp\/v2\/posts\/12251\/revisions\/12253"}],"wp:attachment":[{"href":"https:\/\/peoplesphere.be\/fr\/wp-json\/wp\/v2\/media?parent=12251"}],"wp:term":[{"taxonomy":"category","embeddable":true,"href":"https:\/\/peoplesphere.be\/fr\/wp-json\/wp\/v2\/categories?post=12251"},{"taxonomy":"post_tag","embeddable":true,"href":"https:\/\/peoplesphere.be\/fr\/wp-json\/wp\/v2\/tags?post=12251"}],"curies":[{"name":"wp","href":"https:\/\/api.w.org\/{rel}","templated":true}]}}