









{"id":12256,"date":"2021-12-19T10:14:51","date_gmt":"2021-12-19T08:14:51","guid":{"rendered":"https:\/\/peoplesphere.be\/fr\/?p=12256"},"modified":"2023-09-12T16:52:07","modified_gmt":"2023-09-12T14:52:07","slug":"fin-debut-dannee-ralenti-perspective-nombre-de-travailleurs-ont-amasse-jours-de-conge-prolonger-vacances-dhiver","status":"publish","type":"post","link":"https:\/\/peoplesphere.be\/fr\/fin-debut-dannee-ralenti-perspective-nombre-de-travailleurs-ont-amasse-jours-de-conge-prolonger-vacances-dhiver\/","title":{"rendered":"Une fin et un d\u00e9but d&rsquo;ann\u00e9e au ralenti en perspective: nombre de travailleurs ont amass\u00e9 des jours de cong\u00e9 pour prolonger les vacances d&rsquo;hiver."},"content":{"rendered":"<p>Plus d\u2019un travailleur sur cinq (22,5 %) a encore en d\u00e9cembre au moins 80 heures de vacances \u00e0 prendre avant la fin de cette ann\u00e9e. Cela revient \u00e0 deux semaines enti\u00e8res de vacances. Pr\u00e8s de la moiti\u00e9 (48,3 %) ont gard\u00e9 au moins une semaine de cong\u00e9 en r\u00e9serve pour le mois de d\u00e9cembre. Les jours de vacances suppl\u00e9mentaires accumul\u00e9s sont utiles maintenant que les vacances de No\u00ebl dureront trois semaines au lieu de deux.<!--more--><\/p>\n<p>De nombreux travailleurs en sont (presque) \u00e0 leur derni\u00e8re semaine de travail de 2021. Au d\u00e9but de ce mois, 22,5 % des Belges actifs avaient encore dix jours de vacances \u00e0 prendre cette ann\u00e9e. 48 % ont pr\u00e9vu au moins une semaine de vacances pour la fin de l\u2019ann\u00e9e. Les chiffres montrent que les Belges ont accumul\u00e9 leurs cong\u00e9s jusqu\u2019\u00e0 la derni\u00e8re minute cette ann\u00e9e. La d\u00e9cision prise par le Comit\u00e9 de concertation au d\u00e9but du mois d\u2019avancer d\u2019une semaine le d\u00e9but des vacances de No\u00ebl est une bonne chose pour de nombreux parents actifs qui doivent pr\u00e9voir un accueil pour leur prog\u00e9niture \u00e0 partir de la semaine prochaine.<\/p>\n<p>Ce sont surtout les jeunes parents et m\u00e9nages qui ont \u00e9pargn\u00e9 leurs jours de cong\u00e9. Les travailleurs \u00e2g\u00e9s de 26 \u00e0 35 ans sont ceux qui ont utilis\u00e9 le moins de jours de cong\u00e9 cette ann\u00e9e. 51 % ont encore au moins 40 heures de vacances \u00e0 prendre et 24 % au moins 80 heures.<\/p>\n<p>Laura Couchard, conseill\u00e8re juridique chez Acerta Consult : \u00ab\u00a0<em>Nous constatons que les gens ont \u00e9conomis\u00e9 un s\u00e9rieux pot de vacances pour les derni\u00e8res semaines de l\u2019ann\u00e9e. La p\u00e9riode de fin d\u2019ann\u00e9e est dans tous les cas un moment pris\u00e9 pour prendre des vacances, mais l\u2019incertitude qui entoure le coronavirus a rendu les travailleurs encore plus \u00e9conomes par rapport \u00e0 leurs jours de vacances. Attention \u00e0 ne pas perdre de vue que les vacances de No\u00ebl se poursuivent encore une semaine en 2022. Les jours de cong\u00e9 l\u00e9gaux pour 2021 doivent tous \u00eatre utilis\u00e9s cette ann\u00e9e si les travailleurs ne veulent pas les perdre.\u00a0\u00bb<\/em><\/p>\n<p><strong><em>Le ch\u00f4mage temporaire comme alternative<\/em><\/strong><\/p>\n<p>Quid si un travailleur doit s\u2019occuper des enfants \u00e0 la maison pendant les vacances de No\u00ebl prolong\u00e9es et qu\u2019il n\u2019a plus de vacances ? Le ch\u00f4mage temporaire \u2013 avec une allocation de 70 % du salaire moyen plafonn\u00e9 \u2013 apporte encore une solution, d\u00e9clare Acerta. Les deux partenaires d\u2019un m\u00e9nage ne peuvent jamais invoquer le ch\u00f4mage temporaire en m\u00eame temps. Mais le gros pot de jours de cong\u00e9 \u00e9pargn\u00e9s laisse pr\u00e9sumer que les travailleurs recourront plut\u00f4t \u00e0 leur solde de vacances qu\u2019au ch\u00f4mage temporaire au cours des derni\u00e8res semaines de 2021.<\/p>\n<p>&nbsp;<\/p>\n<p><em>Source: les donn\u00e9es collect\u00e9es se basent sur les donn\u00e9es r\u00e9elles de 120 000 travailleurs en service aupr\u00e8s de plus de 14 000 employeurs qui utilisent l\u2019outil de payroll Connect d\u2019Acerta pour g\u00e9rer leurs donn\u00e9es de vacances. Les chiffres tiennent compte des vacances prises jusqu\u2019au 30 novembre 2021. <\/em><\/p>\n","protected":false},"excerpt":{"rendered":"<p>Plus d\u2019un travailleur sur cinq (22,5 %) a encore en d\u00e9cembre au moins 80 heures de vacances \u00e0 prendre avant la fin de cette ann\u00e9e. Cela revient \u00e0 deux semaines enti\u00e8res de vacances. Pr\u00e8s de la moiti\u00e9 (48,3 %) ont [&hellip;]<\/p>\n","protected":false},"author":2,"featured_media":0,"comment_status":"closed","ping_status":"open","sticky":false,"template":"","format":"standard","meta":[],"categories":[65,10],"tags":[3073,2947,1935,3550,3549],"yoast_head":"<!-- This site is optimized with the Yoast SEO plugin v21.0 - https:\/\/yoast.com\/wordpress\/plugins\/seo\/ -->\n<title>Une fin et un d\u00e9but d&#039;ann\u00e9e au ralenti en perspective: nombre de travailleurs ont amass\u00e9 des jours de cong\u00e9 pour prolonger les vacances d&#039;hiver. - Peoplesphere<\/title>\n<meta name=\"robots\" content=\"index, follow, max-snippet:-1, max-image-preview:large, max-video-preview:-1\" \/>\n<link rel=\"canonical\" href=\"https:\/\/peoplesphere.be\/fr\/fin-debut-dannee-ralenti-perspective-nombre-de-travailleurs-ont-amasse-jours-de-conge-prolonger-vacances-dhiver\/\" \/>\n<meta property=\"og:locale\" content=\"fr_FR\" \/>\n<meta property=\"og:type\" content=\"article\" \/>\n<meta property=\"og:title\" content=\"Une fin et un d\u00e9but d&#039;ann\u00e9e au ralenti en perspective: nombre de travailleurs ont amass\u00e9 des jours de cong\u00e9 pour prolonger les vacances d&#039;hiver. - Peoplesphere\" \/>\n<meta property=\"og:description\" content=\"Plus d\u2019un travailleur sur cinq (22,5 %) a encore en d\u00e9cembre au moins 80 heures de vacances \u00e0 prendre avant la fin de cette ann\u00e9e. Cela revient \u00e0 deux semaines enti\u00e8res de vacances. Pr\u00e8s de la moiti\u00e9 (48,3 %) ont [&hellip;]\" \/>\n<meta property=\"og:url\" content=\"https:\/\/peoplesphere.be\/fr\/fin-debut-dannee-ralenti-perspective-nombre-de-travailleurs-ont-amasse-jours-de-conge-prolonger-vacances-dhiver\/\" \/>\n<meta property=\"og:site_name\" content=\"Peoplesphere\" \/>\n<meta property=\"article:publisher\" content=\"https:\/\/www.facebook.com\/peoplesphere\" \/>\n<meta property=\"article:published_time\" content=\"2021-12-19T08:14:51+00:00\" \/>\n<meta property=\"article:modified_time\" content=\"2023-09-12T14:52:07+00:00\" \/>\n<meta property=\"og:image\" content=\"http:\/\/www.peoplesphere.be\/fr\/wp-content\/uploads\/2016\/07\/facebook-default-posting-1200x628px.jpg\" \/>\n<meta name=\"author\" content=\"Jean-Paul Erhard\" \/>\n<meta name=\"twitter:card\" content=\"summary_large_image\" \/>\n<meta name=\"twitter:creator\" content=\"@PeoplesphereMag\" \/>\n<meta name=\"twitter:site\" content=\"@PeoplesphereMag\" \/>\n<meta name=\"twitter:label1\" content=\"\u00c9crit par\" \/>\n\t<meta name=\"twitter:data1\" content=\"Jean-Paul Erhard\" \/>\n\t<meta name=\"twitter:label2\" content=\"Dur\u00e9e de lecture estim\u00e9e\" \/>\n\t<meta name=\"twitter:data2\" content=\"3 minutes\" \/>\n<script type=\"application\/ld+json\" class=\"yoast-schema-graph\">{\"@context\":\"https:\/\/schema.org\",\"@graph\":[{\"@type\":\"Article\",\"@id\":\"https:\/\/peoplesphere.be\/fr\/fin-debut-dannee-ralenti-perspective-nombre-de-travailleurs-ont-amasse-jours-de-conge-prolonger-vacances-dhiver\/#article\",\"isPartOf\":{\"@id\":\"https:\/\/peoplesphere.be\/fr\/fin-debut-dannee-ralenti-perspective-nombre-de-travailleurs-ont-amasse-jours-de-conge-prolonger-vacances-dhiver\/\"},\"author\":{\"name\":\"Jean-Paul Erhard\",\"@id\":\"https:\/\/peoplesphere.be\/fr\/#\/schema\/person\/7976225ff17988604334abb7b3536a7e\"},\"headline\":\"Une fin et un d\u00e9but d&rsquo;ann\u00e9e au ralenti en perspective: nombre de travailleurs ont amass\u00e9 des jours de cong\u00e9 pour prolonger les vacances d&rsquo;hiver.\",\"datePublished\":\"2021-12-19T08:14:51+00:00\",\"dateModified\":\"2023-09-12T14:52:07+00:00\",\"mainEntityOfPage\":{\"@id\":\"https:\/\/peoplesphere.be\/fr\/fin-debut-dannee-ralenti-perspective-nombre-de-travailleurs-ont-amasse-jours-de-conge-prolonger-vacances-dhiver\/\"},\"wordCount\":539,\"publisher\":{\"@id\":\"https:\/\/peoplesphere.be\/fr\/#organization\"},\"keywords\":[\"cong\u00e9s l\u00e9gaux\",\"coronavirus\",\"jours de cong\u00e9\",\"planification RH\",\"workforce planning\"],\"articleSection\":[\"Actualit\u00e9s\",\"Digital\"],\"inLanguage\":\"fr-FR\"},{\"@type\":\"WebPage\",\"@id\":\"https:\/\/peoplesphere.be\/fr\/fin-debut-dannee-ralenti-perspective-nombre-de-travailleurs-ont-amasse-jours-de-conge-prolonger-vacances-dhiver\/\",\"url\":\"https:\/\/peoplesphere.be\/fr\/fin-debut-dannee-ralenti-perspective-nombre-de-travailleurs-ont-amasse-jours-de-conge-prolonger-vacances-dhiver\/\",\"name\":\"Une fin et un d\u00e9but d'ann\u00e9e au ralenti en perspective: nombre de travailleurs ont amass\u00e9 des jours de cong\u00e9 pour prolonger les vacances d'hiver. - Peoplesphere\",\"isPartOf\":{\"@id\":\"https:\/\/peoplesphere.be\/fr\/#website\"},\"datePublished\":\"2021-12-19T08:14:51+00:00\",\"dateModified\":\"2023-09-12T14:52:07+00:00\",\"breadcrumb\":{\"@id\":\"https:\/\/peoplesphere.be\/fr\/fin-debut-dannee-ralenti-perspective-nombre-de-travailleurs-ont-amasse-jours-de-conge-prolonger-vacances-dhiver\/#breadcrumb\"},\"inLanguage\":\"fr-FR\",\"potentialAction\":[{\"@type\":\"ReadAction\",\"target\":[\"https:\/\/peoplesphere.be\/fr\/fin-debut-dannee-ralenti-perspective-nombre-de-travailleurs-ont-amasse-jours-de-conge-prolonger-vacances-dhiver\/\"]}]},{\"@type\":\"BreadcrumbList\",\"@id\":\"https:\/\/peoplesphere.be\/fr\/fin-debut-dannee-ralenti-perspective-nombre-de-travailleurs-ont-amasse-jours-de-conge-prolonger-vacances-dhiver\/#breadcrumb\",\"itemListElement\":[{\"@type\":\"ListItem\",\"position\":1,\"name\":\"Accueil\",\"item\":\"https:\/\/peoplesphere.be\/fr\/\"},{\"@type\":\"ListItem\",\"position\":2,\"name\":\"Une fin et un d\u00e9but d&rsquo;ann\u00e9e au ralenti en perspective: nombre de travailleurs ont amass\u00e9 des jours de cong\u00e9 pour prolonger les vacances d&rsquo;hiver.\"}]},{\"@type\":\"WebSite\",\"@id\":\"https:\/\/peoplesphere.be\/fr\/#website\",\"url\":\"https:\/\/peoplesphere.be\/fr\/\",\"name\":\"Peoplesphere\",\"description\":\"The People Managers Magazine\",\"publisher\":{\"@id\":\"https:\/\/peoplesphere.be\/fr\/#organization\"},\"potentialAction\":[{\"@type\":\"SearchAction\",\"target\":{\"@type\":\"EntryPoint\",\"urlTemplate\":\"https:\/\/peoplesphere.be\/fr\/?s={search_term_string}\"},\"query-input\":\"required name=search_term_string\"}],\"inLanguage\":\"fr-FR\"},{\"@type\":\"Organization\",\"@id\":\"https:\/\/peoplesphere.be\/fr\/#organization\",\"name\":\"Peoplesphere Company srl\",\"url\":\"https:\/\/peoplesphere.be\/fr\/\",\"logo\":{\"@type\":\"ImageObject\",\"inLanguage\":\"fr-FR\",\"@id\":\"https:\/\/peoplesphere.be\/fr\/#\/schema\/logo\/image\/\",\"url\":\"https:\/\/peoplesphere.be\/fr\/wp-content\/uploads\/2023\/07\/peoplesphere-lgo-new-generik.jpg\",\"contentUrl\":\"https:\/\/peoplesphere.be\/fr\/wp-content\/uploads\/2023\/07\/peoplesphere-lgo-new-generik.jpg\",\"width\":1031,\"height\":1479,\"caption\":\"Peoplesphere Company srl\"},\"image\":{\"@id\":\"https:\/\/peoplesphere.be\/fr\/#\/schema\/logo\/image\/\"},\"sameAs\":[\"https:\/\/www.facebook.com\/peoplesphere\",\"https:\/\/twitter.com\/PeoplesphereMag\",\"https:\/\/www.linkedin.com\/company\/7587361?trk\",\"http:\/\/youtube.com\/peoplesphere\"]},{\"@type\":\"Person\",\"@id\":\"https:\/\/peoplesphere.be\/fr\/#\/schema\/person\/7976225ff17988604334abb7b3536a7e\",\"name\":\"Jean-Paul Erhard\",\"image\":{\"@type\":\"ImageObject\",\"inLanguage\":\"fr-FR\",\"@id\":\"https:\/\/peoplesphere.be\/fr\/#\/schema\/person\/image\/\",\"url\":\"https:\/\/secure.gravatar.com\/avatar\/f941e681460179738071629a51574930?s=96&d=mm&r=g\",\"contentUrl\":\"https:\/\/secure.gravatar.com\/avatar\/f941e681460179738071629a51574930?s=96&d=mm&r=g\",\"caption\":\"Jean-Paul Erhard\"},\"url\":\"https:\/\/peoplesphere.be\/fr\/author\/jpe\/\"}]}<\/script>\n<!-- \/ Yoast SEO plugin. -->","yoast_head_json":{"title":"Une fin et un d\u00e9but d'ann\u00e9e au ralenti en perspective: nombre de travailleurs ont amass\u00e9 des jours de cong\u00e9 pour prolonger les vacances d'hiver. - Peoplesphere","robots":{"index":"index","follow":"follow","max-snippet":"max-snippet:-1","max-image-preview":"max-image-preview:large","max-video-preview":"max-video-preview:-1"},"canonical":"https:\/\/peoplesphere.be\/fr\/fin-debut-dannee-ralenti-perspective-nombre-de-travailleurs-ont-amasse-jours-de-conge-prolonger-vacances-dhiver\/","og_locale":"fr_FR","og_type":"article","og_title":"Une fin et un d\u00e9but d'ann\u00e9e au ralenti en perspective: nombre de travailleurs ont amass\u00e9 des jours de cong\u00e9 pour prolonger les vacances d'hiver. - Peoplesphere","og_description":"Plus d\u2019un travailleur sur cinq (22,5 %) a encore en d\u00e9cembre au moins 80 heures de vacances \u00e0 prendre avant la fin de cette ann\u00e9e. Cela revient \u00e0 deux semaines enti\u00e8res de vacances. Pr\u00e8s de la moiti\u00e9 (48,3 %) ont [&hellip;]","og_url":"https:\/\/peoplesphere.be\/fr\/fin-debut-dannee-ralenti-perspective-nombre-de-travailleurs-ont-amasse-jours-de-conge-prolonger-vacances-dhiver\/","og_site_name":"Peoplesphere","article_publisher":"https:\/\/www.facebook.com\/peoplesphere","article_published_time":"2021-12-19T08:14:51+00:00","article_modified_time":"2023-09-12T14:52:07+00:00","og_image":[{"url":"http:\/\/www.peoplesphere.be\/fr\/wp-content\/uploads\/2016\/07\/facebook-default-posting-1200x628px.jpg"}],"author":"Jean-Paul Erhard","twitter_card":"summary_large_image","twitter_creator":"@PeoplesphereMag","twitter_site":"@PeoplesphereMag","twitter_misc":{"\u00c9crit par":"Jean-Paul Erhard","Dur\u00e9e de lecture estim\u00e9e":"3 minutes"},"schema":{"@context":"https:\/\/schema.org","@graph":[{"@type":"Article","@id":"https:\/\/peoplesphere.be\/fr\/fin-debut-dannee-ralenti-perspective-nombre-de-travailleurs-ont-amasse-jours-de-conge-prolonger-vacances-dhiver\/#article","isPartOf":{"@id":"https:\/\/peoplesphere.be\/fr\/fin-debut-dannee-ralenti-perspective-nombre-de-travailleurs-ont-amasse-jours-de-conge-prolonger-vacances-dhiver\/"},"author":{"name":"Jean-Paul Erhard","@id":"https:\/\/peoplesphere.be\/fr\/#\/schema\/person\/7976225ff17988604334abb7b3536a7e"},"headline":"Une fin et un d\u00e9but d&rsquo;ann\u00e9e au ralenti en perspective: nombre de travailleurs ont amass\u00e9 des jours de cong\u00e9 pour prolonger les vacances d&rsquo;hiver.","datePublished":"2021-12-19T08:14:51+00:00","dateModified":"2023-09-12T14:52:07+00:00","mainEntityOfPage":{"@id":"https:\/\/peoplesphere.be\/fr\/fin-debut-dannee-ralenti-perspective-nombre-de-travailleurs-ont-amasse-jours-de-conge-prolonger-vacances-dhiver\/"},"wordCount":539,"publisher":{"@id":"https:\/\/peoplesphere.be\/fr\/#organization"},"keywords":["cong\u00e9s l\u00e9gaux","coronavirus","jours de cong\u00e9","planification RH","workforce planning"],"articleSection":["Actualit\u00e9s","Digital"],"inLanguage":"fr-FR"},{"@type":"WebPage","@id":"https:\/\/peoplesphere.be\/fr\/fin-debut-dannee-ralenti-perspective-nombre-de-travailleurs-ont-amasse-jours-de-conge-prolonger-vacances-dhiver\/","url":"https:\/\/peoplesphere.be\/fr\/fin-debut-dannee-ralenti-perspective-nombre-de-travailleurs-ont-amasse-jours-de-conge-prolonger-vacances-dhiver\/","name":"Une fin et un d\u00e9but d'ann\u00e9e au ralenti en perspective: nombre de travailleurs ont amass\u00e9 des jours de cong\u00e9 pour prolonger les vacances d'hiver. - Peoplesphere","isPartOf":{"@id":"https:\/\/peoplesphere.be\/fr\/#website"},"datePublished":"2021-12-19T08:14:51+00:00","dateModified":"2023-09-12T14:52:07+00:00","breadcrumb":{"@id":"https:\/\/peoplesphere.be\/fr\/fin-debut-dannee-ralenti-perspective-nombre-de-travailleurs-ont-amasse-jours-de-conge-prolonger-vacances-dhiver\/#breadcrumb"},"inLanguage":"fr-FR","potentialAction":[{"@type":"ReadAction","target":["https:\/\/peoplesphere.be\/fr\/fin-debut-dannee-ralenti-perspective-nombre-de-travailleurs-ont-amasse-jours-de-conge-prolonger-vacances-dhiver\/"]}]},{"@type":"BreadcrumbList","@id":"https:\/\/peoplesphere.be\/fr\/fin-debut-dannee-ralenti-perspective-nombre-de-travailleurs-ont-amasse-jours-de-conge-prolonger-vacances-dhiver\/#breadcrumb","itemListElement":[{"@type":"ListItem","position":1,"name":"Accueil","item":"https:\/\/peoplesphere.be\/fr\/"},{"@type":"ListItem","position":2,"name":"Une fin et un d\u00e9but d&rsquo;ann\u00e9e au ralenti en perspective: nombre de travailleurs ont amass\u00e9 des jours de cong\u00e9 pour prolonger les vacances d&rsquo;hiver."}]},{"@type":"WebSite","@id":"https:\/\/peoplesphere.be\/fr\/#website","url":"https:\/\/peoplesphere.be\/fr\/","name":"Peoplesphere","description":"The People Managers Magazine","publisher":{"@id":"https:\/\/peoplesphere.be\/fr\/#organization"},"potentialAction":[{"@type":"SearchAction","target":{"@type":"EntryPoint","urlTemplate":"https:\/\/peoplesphere.be\/fr\/?s={search_term_string}"},"query-input":"required name=search_term_string"}],"inLanguage":"fr-FR"},{"@type":"Organization","@id":"https:\/\/peoplesphere.be\/fr\/#organization","name":"Peoplesphere Company srl","url":"https:\/\/peoplesphere.be\/fr\/","logo":{"@type":"ImageObject","inLanguage":"fr-FR","@id":"https:\/\/peoplesphere.be\/fr\/#\/schema\/logo\/image\/","url":"https:\/\/peoplesphere.be\/fr\/wp-content\/uploads\/2023\/07\/peoplesphere-lgo-new-generik.jpg","contentUrl":"https:\/\/peoplesphere.be\/fr\/wp-content\/uploads\/2023\/07\/peoplesphere-lgo-new-generik.jpg","width":1031,"height":1479,"caption":"Peoplesphere Company srl"},"image":{"@id":"https:\/\/peoplesphere.be\/fr\/#\/schema\/logo\/image\/"},"sameAs":["https:\/\/www.facebook.com\/peoplesphere","https:\/\/twitter.com\/PeoplesphereMag","https:\/\/www.linkedin.com\/company\/7587361?trk","http:\/\/youtube.com\/peoplesphere"]},{"@type":"Person","@id":"https:\/\/peoplesphere.be\/fr\/#\/schema\/person\/7976225ff17988604334abb7b3536a7e","name":"Jean-Paul Erhard","image":{"@type":"ImageObject","inLanguage":"fr-FR","@id":"https:\/\/peoplesphere.be\/fr\/#\/schema\/person\/image\/","url":"https:\/\/secure.gravatar.com\/avatar\/f941e681460179738071629a51574930?s=96&d=mm&r=g","contentUrl":"https:\/\/secure.gravatar.com\/avatar\/f941e681460179738071629a51574930?s=96&d=mm&r=g","caption":"Jean-Paul Erhard"},"url":"https:\/\/peoplesphere.be\/fr\/author\/jpe\/"}]}},"_links":{"self":[{"href":"https:\/\/peoplesphere.be\/fr\/wp-json\/wp\/v2\/posts\/12256"}],"collection":[{"href":"https:\/\/peoplesphere.be\/fr\/wp-json\/wp\/v2\/posts"}],"about":[{"href":"https:\/\/peoplesphere.be\/fr\/wp-json\/wp\/v2\/types\/post"}],"author":[{"embeddable":true,"href":"https:\/\/peoplesphere.be\/fr\/wp-json\/wp\/v2\/users\/2"}],"replies":[{"embeddable":true,"href":"https:\/\/peoplesphere.be\/fr\/wp-json\/wp\/v2\/comments?post=12256"}],"version-history":[{"count":1,"href":"https:\/\/peoplesphere.be\/fr\/wp-json\/wp\/v2\/posts\/12256\/revisions"}],"predecessor-version":[{"id":12257,"href":"https:\/\/peoplesphere.be\/fr\/wp-json\/wp\/v2\/posts\/12256\/revisions\/12257"}],"wp:attachment":[{"href":"https:\/\/peoplesphere.be\/fr\/wp-json\/wp\/v2\/media?parent=12256"}],"wp:term":[{"taxonomy":"category","embeddable":true,"href":"https:\/\/peoplesphere.be\/fr\/wp-json\/wp\/v2\/categories?post=12256"},{"taxonomy":"post_tag","embeddable":true,"href":"https:\/\/peoplesphere.be\/fr\/wp-json\/wp\/v2\/tags?post=12256"}],"curies":[{"name":"wp","href":"https:\/\/api.w.org\/{rel}","templated":true}]}}