









{"id":12350,"date":"2022-01-12T07:40:36","date_gmt":"2022-01-12T05:40:36","guid":{"rendered":"https:\/\/peoplesphere.be\/fr\/?p=12350"},"modified":"2022-01-12T07:40:36","modified_gmt":"2022-01-12T05:40:36","slug":"lentreprise-vandersanden-propose-vision-definition-bien-etre-collectif-approche-globale-lentreprise-collaborateurs-partenaires-externes","status":"publish","type":"post","link":"https:\/\/peoplesphere.be\/fr\/lentreprise-vandersanden-propose-vision-definition-bien-etre-collectif-approche-globale-lentreprise-collaborateurs-partenaires-externes\/","title":{"rendered":"L&rsquo;entreprise Vandersanden propose une vision et une d\u00e9finition du Bien-\u00catre Collectif: une approche globale pour l&rsquo;entreprise, ses collaborateurs et ses partenaires externes."},"content":{"rendered":"<p>Vandersanden, entreprise de briqueterie familiale pr\u00e9sente \u00e0 travers l&rsquo;Europe avec plus de huit cents employ\u00e9s, a obtenu pour la premi\u00e8re fois le label international &lsquo;Great Place to Work&rsquo;. C\u2019est la premi\u00e8re fois que l\u2019entreprise concourait pour ce label. Elle l&rsquo;a d\u00e9croch\u00e9 simultan\u00e9ment dans tous les pays o\u00f9 l\u2019entreprise emploie un grand groupe de collaborateurs, \u00e0 savoir en Belgique, aux Pays-Bas, en Allemagne et au Royaume-Uni. <em>\u00ab\u00a0Cette reconnaissance indique que nous sommes sur la bonne voie avec notre vision. Ce sur quoi nous travaillons ensemble depuis des ann\u00e9es est d\u00e9sormais officiellement reconnu\u00a0\u00bb,<\/em> d\u00e9clare Eddy Deconinck, directeur du Bien-\u00eatre collectif chez Vandersanden.<!--more--><\/p>\n<p><em>\u00ab\u00a0Nous sommes extr\u00eamement honor\u00e9s de recevoir le label dans quatre pays en m\u00eame temps. Ce r\u00e9sultat confirme la confiance de plus de huit cents collaborateurs, fiers de leur m\u00e9tier, et qui \u00e9prouvent le plaisir de travailler ensemble et de mani\u00e8re respectueuse\u00a0\u00bb,<\/em> d\u00e9clare Eddy Deconinck, directeur du Bien-\u00eatre collectif chez Vandersanden. <em>\u00ab\u00a0C&rsquo;est une belle reconnaissance tant interne qu\u2019externe de nos qualit\u00e9s et pratiques d\u2019employeur qui indique clairement que nous sommes sur la bonne voie avec notre vision. Il ne fait aucun doute que nous c\u00e9l\u00e9brerons cette reconnaissance d\u00e8s que la situation li\u00e9e au coronavirus le permettra.\u00a0\u00bb<\/em><\/p>\n<p><strong><em>Plus qu&rsquo;une d\u00e9claration d&rsquo;intention<\/em><\/strong><\/p>\n<p>Chez Vandersanden, entreprise familiale par excellence, la dimension humaine, l\u2019ambiance familiale et l\u2019int\u00e9grit\u00e9 sont essentielles. Cela fait partie de ce que Vandersanden appelle le bien-\u00eatre collectif. L&rsquo;entreprise veut faire la diff\u00e9rence chaque jour pour l&rsquo;environnement, la communaut\u00e9, le secteur et ses employ\u00e9s. Par exemple, l&rsquo;entreprise familiale consid\u00e8re chaque employ\u00e9 comme un entrepreneur propri\u00e9taire de son propre avenir et emploie ses propres formateurs, qui participent au d\u00e9veloppement des comp\u00e9tences sous-jacentes de chacun sur le lieu de travail.<\/p>\n<p>\u00c0 cette fin, Vandersanden a d\u00e9velopp\u00e9 sa propre vision du leadership et de l\u2019ownership : Connecter et innover, Porter et d\u00e9velopper, Diriger, G\u00e9rer. Gr\u00e2ce \u00e0 cette approche, chaque employ\u00e9 contribue activement \u00e0 la p\u00e9rennit\u00e9 des relations entre coll\u00e8gues, dans la communaut\u00e9 et au sein du secteur, o\u00f9 Vandersanden est \u00e9galement en pole position pour le d\u00e9veloppement et la production de produits durables et \u00e0 faible \u00e9mission de carbone.<\/p>\n<p>Pour Vandersanden, le profit n&rsquo;est pas une fin en soi, mais un moyen d&rsquo;atteindre d&rsquo;autres ambitions, dont le bien-\u00eatre collectif. Dans l&rsquo;entreprise familiale, personne ne re\u00e7oit de bonus individuel, mais les huit cents employ\u00e9s partagent tous ensemble les b\u00e9n\u00e9fices \u00e0 parts \u00e9gales. Cette qu\u00eate d&rsquo;\u00e9galit\u00e9 s&rsquo;exprime \u00e9galement dans l&rsquo;harmonisation des conditions de travail en Belgique, domaine dans lequel Vandersanden a d\u00e9j\u00e0 atteint l&rsquo;objectif gouvernemental de 2030. La s\u00e9curit\u00e9 et la sant\u00e9 occupent une place pr\u00e9pond\u00e9rante chez Vandersanden. Dans ce domaine \u00e9galement, l&rsquo;Ownership est activement encourag\u00e9 et soutenu \u00e0 l\u2019aide du programme \u00ab Prendre soin de soi \u00bb.<\/p>\n<p><em>\u00ab\u00a0Notre vision du bien-\u00eatre collectif ne se limite pas \u00e0 une d\u00e9claration d&rsquo;intention\u00a0\u00bb<\/em>, explique Eddy Deconinck. <em>\u00ab\u00a0Nous traduisons notre ambition en actions et en r\u00e9sultats : pas des mots, mais des actes ! Nous utilisons depuis longtemps le mod\u00e8le &lsquo;Great Place to Work&rsquo; comme moteur de notre am\u00e9lioration. Ce sur quoi nous travaillons ensemble depuis des ann\u00e9es est d\u00e9sormais officiellement reconnu.\u00a0\u00bb<\/em><\/p>\n<p><strong><em>Une participation sup\u00e9rieure \u00e0 80 %<\/em><\/strong><\/p>\n<p>Le label \u00ab Great Place to Work \u00bb, que Vandersanden a obtenu, est d\u00e9cern\u00e9 sur base d&rsquo;une enqu\u00eate ind\u00e9pendante. Pour la certification, l&rsquo;organisation \u00ab Great Place to Work \u00bb m\u00e8ne une enqu\u00eate anonyme aupr\u00e8s des employ\u00e9s, le Trust Index. Cette enqu\u00eate utilise 65 indicateurs pour mesurer le degr\u00e9 de confiance, de fiert\u00e9 et de plaisir, ainsi que la perception de la culture de travail. <em>\u00ab\u00a0Vandersanden a rempli tous les crit\u00e8res avec un niveau de participation impressionnant de plus de 80 % dans l&rsquo;ensemble de l&rsquo;entreprise\u00a0\u00bb,<\/em> ajoute Eddy Deconinck. <em>\u00ab\u00a0C&rsquo;est un autre signe de l&rsquo;importance que le personnel y attache.\u00a0\u00bb<\/em><\/p>\n<p><strong><em>Entreprise familiale internationale avec une forte dimension personnelle<\/em><\/strong><\/p>\n<p>Bien que Vandersanden soit une entreprise internationale, en tant qu&rsquo;entreprise familiale, elle pr\u00e9serve la relation personnelle avec ses employ\u00e9s. <em>\u00ab\u00a0Chaque employ\u00e9 ajoute de la valeur \u00e0 notre organisation. C&rsquo;est pourquoi nous sommes sensibles aux qualit\u00e9s et aux caract\u00e9ristiques uniques de chaque individu et que chacun a l&rsquo;espace n\u00e9cessaire pour \u00eatre lui-m\u00eame\u00a0\u00bb,<\/em> explique Eddy Deconinck. L\u2019entreprise familiale aime partager les histoires des personnes qu\u2019elle emploie. Gr\u00e2ce en partie \u00e0 une croissance stable, Vandersanden continue de renforcer sa position d&#8217;employeur international : elle est actuellement \u00e0 la recherche d\u2019une vingtaine de nouveaux coll\u00e8gues.<\/p>\n","protected":false},"excerpt":{"rendered":"<p>Vandersanden, entreprise de briqueterie familiale pr\u00e9sente \u00e0 travers l&rsquo;Europe avec plus de huit cents employ\u00e9s, a obtenu pour la premi\u00e8re fois le label international &lsquo;Great Place to Work&rsquo;. C\u2019est la premi\u00e8re fois que l\u2019entreprise concourait pour ce label. Elle l&rsquo;a [&hellip;]<\/p>\n","protected":false},"author":2,"featured_media":12352,"comment_status":"closed","ping_status":"open","sticky":false,"template":"","format":"standard","meta":[],"categories":[65,10],"tags":[96,823,210,3564],"yoast_head":"<!-- This site is optimized with the Yoast SEO plugin v21.0 - https:\/\/yoast.com\/wordpress\/plugins\/seo\/ -->\n<title>L&#039;entreprise Vandersanden propose une vision et une d\u00e9finition du Bien-\u00catre Collectif: une approche globale pour l&#039;entreprise, ses collaborateurs et ses partenaires externes. - Peoplesphere<\/title>\n<meta name=\"robots\" content=\"index, follow, max-snippet:-1, max-image-preview:large, max-video-preview:-1\" \/>\n<link rel=\"canonical\" href=\"https:\/\/peoplesphere.be\/fr\/lentreprise-vandersanden-propose-vision-definition-bien-etre-collectif-approche-globale-lentreprise-collaborateurs-partenaires-externes\/\" \/>\n<meta property=\"og:locale\" content=\"fr_FR\" \/>\n<meta property=\"og:type\" content=\"article\" \/>\n<meta property=\"og:title\" content=\"L&#039;entreprise Vandersanden propose une vision et une d\u00e9finition du Bien-\u00catre Collectif: une approche globale pour l&#039;entreprise, ses collaborateurs et ses partenaires externes. - Peoplesphere\" \/>\n<meta property=\"og:description\" content=\"Vandersanden, entreprise de briqueterie familiale pr\u00e9sente \u00e0 travers l&rsquo;Europe avec plus de huit cents employ\u00e9s, a obtenu pour la premi\u00e8re fois le label international &lsquo;Great Place to Work&rsquo;. C\u2019est la premi\u00e8re fois que l\u2019entreprise concourait pour ce label. Elle l&rsquo;a [&hellip;]\" \/>\n<meta property=\"og:url\" content=\"https:\/\/peoplesphere.be\/fr\/lentreprise-vandersanden-propose-vision-definition-bien-etre-collectif-approche-globale-lentreprise-collaborateurs-partenaires-externes\/\" \/>\n<meta property=\"og:site_name\" content=\"Peoplesphere\" \/>\n<meta property=\"article:publisher\" content=\"https:\/\/www.facebook.com\/peoplesphere\" \/>\n<meta property=\"article:published_time\" content=\"2022-01-12T05:40:36+00:00\" \/>\n<meta property=\"og:image\" content=\"https:\/\/peoplesphere.be\/fr\/wp-content\/uploads\/2022\/01\/img61dd56d3f3318.png\" \/>\n\t<meta property=\"og:image:width\" content=\"500\" \/>\n\t<meta property=\"og:image:height\" content=\"359\" \/>\n\t<meta property=\"og:image:type\" content=\"image\/png\" \/>\n<meta name=\"author\" content=\"Jean-Paul Erhard\" \/>\n<meta name=\"twitter:card\" content=\"summary_large_image\" \/>\n<meta name=\"twitter:creator\" content=\"@PeoplesphereMag\" \/>\n<meta name=\"twitter:site\" content=\"@PeoplesphereMag\" \/>\n<meta name=\"twitter:label1\" content=\"\u00c9crit par\" \/>\n\t<meta name=\"twitter:data1\" content=\"Jean-Paul Erhard\" \/>\n\t<meta name=\"twitter:label2\" content=\"Dur\u00e9e de lecture estim\u00e9e\" \/>\n\t<meta name=\"twitter:data2\" content=\"4 minutes\" \/>\n<script type=\"application\/ld+json\" class=\"yoast-schema-graph\">{\"@context\":\"https:\/\/schema.org\",\"@graph\":[{\"@type\":\"Article\",\"@id\":\"https:\/\/peoplesphere.be\/fr\/lentreprise-vandersanden-propose-vision-definition-bien-etre-collectif-approche-globale-lentreprise-collaborateurs-partenaires-externes\/#article\",\"isPartOf\":{\"@id\":\"https:\/\/peoplesphere.be\/fr\/lentreprise-vandersanden-propose-vision-definition-bien-etre-collectif-approche-globale-lentreprise-collaborateurs-partenaires-externes\/\"},\"author\":{\"name\":\"Jean-Paul Erhard\",\"@id\":\"https:\/\/peoplesphere.be\/fr\/#\/schema\/person\/7976225ff17988604334abb7b3536a7e\"},\"headline\":\"L&rsquo;entreprise Vandersanden propose une vision et une d\u00e9finition du Bien-\u00catre Collectif: une approche globale pour l&rsquo;entreprise, ses collaborateurs et ses partenaires externes.\",\"datePublished\":\"2022-01-12T05:40:36+00:00\",\"dateModified\":\"2022-01-12T05:40:36+00:00\",\"mainEntityOfPage\":{\"@id\":\"https:\/\/peoplesphere.be\/fr\/lentreprise-vandersanden-propose-vision-definition-bien-etre-collectif-approche-globale-lentreprise-collaborateurs-partenaires-externes\/\"},\"wordCount\":787,\"publisher\":{\"@id\":\"https:\/\/peoplesphere.be\/fr\/#organization\"},\"keywords\":[\"bien-\u00eatre\",\"d\u00e9veloppement durable\",\"employer branding\",\"Vandersanden\"],\"articleSection\":[\"Actualit\u00e9s\",\"Digital\"],\"inLanguage\":\"fr-FR\"},{\"@type\":\"WebPage\",\"@id\":\"https:\/\/peoplesphere.be\/fr\/lentreprise-vandersanden-propose-vision-definition-bien-etre-collectif-approche-globale-lentreprise-collaborateurs-partenaires-externes\/\",\"url\":\"https:\/\/peoplesphere.be\/fr\/lentreprise-vandersanden-propose-vision-definition-bien-etre-collectif-approche-globale-lentreprise-collaborateurs-partenaires-externes\/\",\"name\":\"L'entreprise Vandersanden propose une vision et une d\u00e9finition du Bien-\u00catre Collectif: une approche globale pour l'entreprise, ses collaborateurs et ses partenaires externes. - Peoplesphere\",\"isPartOf\":{\"@id\":\"https:\/\/peoplesphere.be\/fr\/#website\"},\"datePublished\":\"2022-01-12T05:40:36+00:00\",\"dateModified\":\"2022-01-12T05:40:36+00:00\",\"breadcrumb\":{\"@id\":\"https:\/\/peoplesphere.be\/fr\/lentreprise-vandersanden-propose-vision-definition-bien-etre-collectif-approche-globale-lentreprise-collaborateurs-partenaires-externes\/#breadcrumb\"},\"inLanguage\":\"fr-FR\",\"potentialAction\":[{\"@type\":\"ReadAction\",\"target\":[\"https:\/\/peoplesphere.be\/fr\/lentreprise-vandersanden-propose-vision-definition-bien-etre-collectif-approche-globale-lentreprise-collaborateurs-partenaires-externes\/\"]}]},{\"@type\":\"BreadcrumbList\",\"@id\":\"https:\/\/peoplesphere.be\/fr\/lentreprise-vandersanden-propose-vision-definition-bien-etre-collectif-approche-globale-lentreprise-collaborateurs-partenaires-externes\/#breadcrumb\",\"itemListElement\":[{\"@type\":\"ListItem\",\"position\":1,\"name\":\"Accueil\",\"item\":\"https:\/\/peoplesphere.be\/fr\/\"},{\"@type\":\"ListItem\",\"position\":2,\"name\":\"L&rsquo;entreprise Vandersanden propose une vision et une d\u00e9finition du Bien-\u00catre Collectif: une approche globale pour l&rsquo;entreprise, ses collaborateurs et ses partenaires externes.\"}]},{\"@type\":\"WebSite\",\"@id\":\"https:\/\/peoplesphere.be\/fr\/#website\",\"url\":\"https:\/\/peoplesphere.be\/fr\/\",\"name\":\"Peoplesphere\",\"description\":\"The People Managers Magazine\",\"publisher\":{\"@id\":\"https:\/\/peoplesphere.be\/fr\/#organization\"},\"potentialAction\":[{\"@type\":\"SearchAction\",\"target\":{\"@type\":\"EntryPoint\",\"urlTemplate\":\"https:\/\/peoplesphere.be\/fr\/?s={search_term_string}\"},\"query-input\":\"required name=search_term_string\"}],\"inLanguage\":\"fr-FR\"},{\"@type\":\"Organization\",\"@id\":\"https:\/\/peoplesphere.be\/fr\/#organization\",\"name\":\"Peoplesphere Company srl\",\"url\":\"https:\/\/peoplesphere.be\/fr\/\",\"logo\":{\"@type\":\"ImageObject\",\"inLanguage\":\"fr-FR\",\"@id\":\"https:\/\/peoplesphere.be\/fr\/#\/schema\/logo\/image\/\",\"url\":\"https:\/\/peoplesphere.be\/fr\/wp-content\/uploads\/2023\/07\/peoplesphere-lgo-new-generik.jpg\",\"contentUrl\":\"https:\/\/peoplesphere.be\/fr\/wp-content\/uploads\/2023\/07\/peoplesphere-lgo-new-generik.jpg\",\"width\":1031,\"height\":1479,\"caption\":\"Peoplesphere Company srl\"},\"image\":{\"@id\":\"https:\/\/peoplesphere.be\/fr\/#\/schema\/logo\/image\/\"},\"sameAs\":[\"https:\/\/www.facebook.com\/peoplesphere\",\"https:\/\/twitter.com\/PeoplesphereMag\",\"https:\/\/www.linkedin.com\/company\/7587361?trk\",\"http:\/\/youtube.com\/peoplesphere\"]},{\"@type\":\"Person\",\"@id\":\"https:\/\/peoplesphere.be\/fr\/#\/schema\/person\/7976225ff17988604334abb7b3536a7e\",\"name\":\"Jean-Paul Erhard\",\"image\":{\"@type\":\"ImageObject\",\"inLanguage\":\"fr-FR\",\"@id\":\"https:\/\/peoplesphere.be\/fr\/#\/schema\/person\/image\/\",\"url\":\"https:\/\/secure.gravatar.com\/avatar\/f941e681460179738071629a51574930?s=96&d=mm&r=g\",\"contentUrl\":\"https:\/\/secure.gravatar.com\/avatar\/f941e681460179738071629a51574930?s=96&d=mm&r=g\",\"caption\":\"Jean-Paul Erhard\"},\"url\":\"https:\/\/peoplesphere.be\/fr\/author\/jpe\/\"}]}<\/script>\n<!-- \/ Yoast SEO plugin. -->","yoast_head_json":{"title":"L'entreprise Vandersanden propose une vision et une d\u00e9finition du Bien-\u00catre Collectif: une approche globale pour l'entreprise, ses collaborateurs et ses partenaires externes. - Peoplesphere","robots":{"index":"index","follow":"follow","max-snippet":"max-snippet:-1","max-image-preview":"max-image-preview:large","max-video-preview":"max-video-preview:-1"},"canonical":"https:\/\/peoplesphere.be\/fr\/lentreprise-vandersanden-propose-vision-definition-bien-etre-collectif-approche-globale-lentreprise-collaborateurs-partenaires-externes\/","og_locale":"fr_FR","og_type":"article","og_title":"L'entreprise Vandersanden propose une vision et une d\u00e9finition du Bien-\u00catre Collectif: une approche globale pour l'entreprise, ses collaborateurs et ses partenaires externes. - Peoplesphere","og_description":"Vandersanden, entreprise de briqueterie familiale pr\u00e9sente \u00e0 travers l&rsquo;Europe avec plus de huit cents employ\u00e9s, a obtenu pour la premi\u00e8re fois le label international &lsquo;Great Place to Work&rsquo;. C\u2019est la premi\u00e8re fois que l\u2019entreprise concourait pour ce label. Elle l&rsquo;a [&hellip;]","og_url":"https:\/\/peoplesphere.be\/fr\/lentreprise-vandersanden-propose-vision-definition-bien-etre-collectif-approche-globale-lentreprise-collaborateurs-partenaires-externes\/","og_site_name":"Peoplesphere","article_publisher":"https:\/\/www.facebook.com\/peoplesphere","article_published_time":"2022-01-12T05:40:36+00:00","og_image":[{"width":500,"height":359,"url":"https:\/\/peoplesphere.be\/fr\/wp-content\/uploads\/2022\/01\/img61dd56d3f3318.png","type":"image\/png"}],"author":"Jean-Paul Erhard","twitter_card":"summary_large_image","twitter_creator":"@PeoplesphereMag","twitter_site":"@PeoplesphereMag","twitter_misc":{"\u00c9crit par":"Jean-Paul Erhard","Dur\u00e9e de lecture estim\u00e9e":"4 minutes"},"schema":{"@context":"https:\/\/schema.org","@graph":[{"@type":"Article","@id":"https:\/\/peoplesphere.be\/fr\/lentreprise-vandersanden-propose-vision-definition-bien-etre-collectif-approche-globale-lentreprise-collaborateurs-partenaires-externes\/#article","isPartOf":{"@id":"https:\/\/peoplesphere.be\/fr\/lentreprise-vandersanden-propose-vision-definition-bien-etre-collectif-approche-globale-lentreprise-collaborateurs-partenaires-externes\/"},"author":{"name":"Jean-Paul Erhard","@id":"https:\/\/peoplesphere.be\/fr\/#\/schema\/person\/7976225ff17988604334abb7b3536a7e"},"headline":"L&rsquo;entreprise Vandersanden propose une vision et une d\u00e9finition du Bien-\u00catre Collectif: une approche globale pour l&rsquo;entreprise, ses collaborateurs et ses partenaires externes.","datePublished":"2022-01-12T05:40:36+00:00","dateModified":"2022-01-12T05:40:36+00:00","mainEntityOfPage":{"@id":"https:\/\/peoplesphere.be\/fr\/lentreprise-vandersanden-propose-vision-definition-bien-etre-collectif-approche-globale-lentreprise-collaborateurs-partenaires-externes\/"},"wordCount":787,"publisher":{"@id":"https:\/\/peoplesphere.be\/fr\/#organization"},"keywords":["bien-\u00eatre","d\u00e9veloppement durable","employer branding","Vandersanden"],"articleSection":["Actualit\u00e9s","Digital"],"inLanguage":"fr-FR"},{"@type":"WebPage","@id":"https:\/\/peoplesphere.be\/fr\/lentreprise-vandersanden-propose-vision-definition-bien-etre-collectif-approche-globale-lentreprise-collaborateurs-partenaires-externes\/","url":"https:\/\/peoplesphere.be\/fr\/lentreprise-vandersanden-propose-vision-definition-bien-etre-collectif-approche-globale-lentreprise-collaborateurs-partenaires-externes\/","name":"L'entreprise Vandersanden propose une vision et une d\u00e9finition du Bien-\u00catre Collectif: une approche globale pour l'entreprise, ses collaborateurs et ses partenaires externes. - Peoplesphere","isPartOf":{"@id":"https:\/\/peoplesphere.be\/fr\/#website"},"datePublished":"2022-01-12T05:40:36+00:00","dateModified":"2022-01-12T05:40:36+00:00","breadcrumb":{"@id":"https:\/\/peoplesphere.be\/fr\/lentreprise-vandersanden-propose-vision-definition-bien-etre-collectif-approche-globale-lentreprise-collaborateurs-partenaires-externes\/#breadcrumb"},"inLanguage":"fr-FR","potentialAction":[{"@type":"ReadAction","target":["https:\/\/peoplesphere.be\/fr\/lentreprise-vandersanden-propose-vision-definition-bien-etre-collectif-approche-globale-lentreprise-collaborateurs-partenaires-externes\/"]}]},{"@type":"BreadcrumbList","@id":"https:\/\/peoplesphere.be\/fr\/lentreprise-vandersanden-propose-vision-definition-bien-etre-collectif-approche-globale-lentreprise-collaborateurs-partenaires-externes\/#breadcrumb","itemListElement":[{"@type":"ListItem","position":1,"name":"Accueil","item":"https:\/\/peoplesphere.be\/fr\/"},{"@type":"ListItem","position":2,"name":"L&rsquo;entreprise Vandersanden propose une vision et une d\u00e9finition du Bien-\u00catre Collectif: une approche globale pour l&rsquo;entreprise, ses collaborateurs et ses partenaires externes."}]},{"@type":"WebSite","@id":"https:\/\/peoplesphere.be\/fr\/#website","url":"https:\/\/peoplesphere.be\/fr\/","name":"Peoplesphere","description":"The People Managers Magazine","publisher":{"@id":"https:\/\/peoplesphere.be\/fr\/#organization"},"potentialAction":[{"@type":"SearchAction","target":{"@type":"EntryPoint","urlTemplate":"https:\/\/peoplesphere.be\/fr\/?s={search_term_string}"},"query-input":"required name=search_term_string"}],"inLanguage":"fr-FR"},{"@type":"Organization","@id":"https:\/\/peoplesphere.be\/fr\/#organization","name":"Peoplesphere Company srl","url":"https:\/\/peoplesphere.be\/fr\/","logo":{"@type":"ImageObject","inLanguage":"fr-FR","@id":"https:\/\/peoplesphere.be\/fr\/#\/schema\/logo\/image\/","url":"https:\/\/peoplesphere.be\/fr\/wp-content\/uploads\/2023\/07\/peoplesphere-lgo-new-generik.jpg","contentUrl":"https:\/\/peoplesphere.be\/fr\/wp-content\/uploads\/2023\/07\/peoplesphere-lgo-new-generik.jpg","width":1031,"height":1479,"caption":"Peoplesphere Company srl"},"image":{"@id":"https:\/\/peoplesphere.be\/fr\/#\/schema\/logo\/image\/"},"sameAs":["https:\/\/www.facebook.com\/peoplesphere","https:\/\/twitter.com\/PeoplesphereMag","https:\/\/www.linkedin.com\/company\/7587361?trk","http:\/\/youtube.com\/peoplesphere"]},{"@type":"Person","@id":"https:\/\/peoplesphere.be\/fr\/#\/schema\/person\/7976225ff17988604334abb7b3536a7e","name":"Jean-Paul Erhard","image":{"@type":"ImageObject","inLanguage":"fr-FR","@id":"https:\/\/peoplesphere.be\/fr\/#\/schema\/person\/image\/","url":"https:\/\/secure.gravatar.com\/avatar\/f941e681460179738071629a51574930?s=96&d=mm&r=g","contentUrl":"https:\/\/secure.gravatar.com\/avatar\/f941e681460179738071629a51574930?s=96&d=mm&r=g","caption":"Jean-Paul Erhard"},"url":"https:\/\/peoplesphere.be\/fr\/author\/jpe\/"}]}},"_links":{"self":[{"href":"https:\/\/peoplesphere.be\/fr\/wp-json\/wp\/v2\/posts\/12350"}],"collection":[{"href":"https:\/\/peoplesphere.be\/fr\/wp-json\/wp\/v2\/posts"}],"about":[{"href":"https:\/\/peoplesphere.be\/fr\/wp-json\/wp\/v2\/types\/post"}],"author":[{"embeddable":true,"href":"https:\/\/peoplesphere.be\/fr\/wp-json\/wp\/v2\/users\/2"}],"replies":[{"embeddable":true,"href":"https:\/\/peoplesphere.be\/fr\/wp-json\/wp\/v2\/comments?post=12350"}],"version-history":[{"count":1,"href":"https:\/\/peoplesphere.be\/fr\/wp-json\/wp\/v2\/posts\/12350\/revisions"}],"predecessor-version":[{"id":12351,"href":"https:\/\/peoplesphere.be\/fr\/wp-json\/wp\/v2\/posts\/12350\/revisions\/12351"}],"wp:featuredmedia":[{"embeddable":true,"href":"https:\/\/peoplesphere.be\/fr\/wp-json\/wp\/v2\/media\/12352"}],"wp:attachment":[{"href":"https:\/\/peoplesphere.be\/fr\/wp-json\/wp\/v2\/media?parent=12350"}],"wp:term":[{"taxonomy":"category","embeddable":true,"href":"https:\/\/peoplesphere.be\/fr\/wp-json\/wp\/v2\/categories?post=12350"},{"taxonomy":"post_tag","embeddable":true,"href":"https:\/\/peoplesphere.be\/fr\/wp-json\/wp\/v2\/tags?post=12350"}],"curies":[{"name":"wp","href":"https:\/\/api.w.org\/{rel}","templated":true}]}}