









{"id":12366,"date":"2022-01-15T10:25:40","date_gmt":"2022-01-15T08:25:40","guid":{"rendered":"https:\/\/peoplesphere.be\/fr\/?p=12366"},"modified":"2023-08-12T17:07:11","modified_gmt":"2023-08-12T15:07:11","slug":"nouvelles-adaptations-dispositifs-matiere-de-teletravail-fonction-publique","status":"publish","type":"post","link":"https:\/\/peoplesphere.be\/fr\/nouvelles-adaptations-dispositifs-matiere-de-teletravail-fonction-publique\/","title":{"rendered":"Nouvelles adaptations des dispositifs en mati\u00e8re de t\u00e9l\u00e9travail dans la fonction publique."},"content":{"rendered":"<p>Sur proposition de la ministre de la Fonction publique Petra De Sutter, le Conseil des ministres a approuv\u00e9 un projet d\u2019arr\u00eat\u00e9 royal concernant quelques adaptations en mati\u00e8re de t\u00e9l\u00e9travail et travail en bureau satellite dans la fonction publique f\u00e9d\u00e9rale administrative. Le projet poursuit quatre objectifs.<!--more--><\/p>\n<ul>\n<li>uniformiser l\u2019indemnit\u00e9 existante de 20 euros par mois pour l&rsquo;utilisation \u00e0 des fins professionnelles d\u2019une connexion et d\u2019un abonnement Internet priv\u00e9s<\/li>\n<li>pr\u00e9voir une nouvelle indemnit\u00e9 forfaitaire de bureau de 30 euros en plus de l\u2019indemnit\u00e9 existante pour l&rsquo;utilisation d&rsquo;une connexion internet priv\u00e9e. Cette indemnit\u00e9 sera octroy\u00e9e pour chaque mois au cours duquel au moins quatre jours de t\u00e9l\u00e9travail ont \u00e9t\u00e9 effectu\u00e9s et couvrira entre autres les co\u00fbts li\u00e9s \u00e0 la consommation d&rsquo;eau, d&rsquo;\u00e9lectricit\u00e9 et de gaz<\/li>\n<li>pr\u00e9voir du mat\u00e9riel ergonomique : un cadre est cr\u00e9\u00e9 pour que toutes les organisations f\u00e9d\u00e9rales puissent mettre ce mat\u00e9riel \u00e0 disposition<\/li>\n<li>introduire certaines simplifications administratives concernant l&rsquo;application du t\u00e9l\u00e9travail sur le terrain<\/li>\n<\/ul>\n<p>Le projet est soumis \u00e0 la n\u00e9gociation avec les organisations syndicales. il sera ensuite transmis pour avis au Conseil d\u2019\u00c9tat.<\/p>\n<p><em>Source : Cabinet de Petra De Sutter, Vice-Premi\u00e8re ministre et ministre de la Fonction publique, des Entreprises publiques, des T\u00e9l\u00e9communications et de la Poste<\/em><\/p>\n","protected":false},"excerpt":{"rendered":"<p>Sur proposition de la ministre de la Fonction publique Petra De Sutter, le Conseil des ministres a approuv\u00e9 un projet d\u2019arr\u00eat\u00e9 royal concernant quelques adaptations en mati\u00e8re de t\u00e9l\u00e9travail et travail en bureau satellite dans la fonction publique f\u00e9d\u00e9rale administrative. [&hellip;]<\/p>\n","protected":false},"author":2,"featured_media":11276,"comment_status":"closed","ping_status":"open","sticky":false,"template":"","format":"standard","meta":[],"categories":[65,10],"tags":[3566,267,219,370],"yoast_head":"<!-- This site is optimized with the Yoast SEO plugin v21.0 - https:\/\/yoast.com\/wordpress\/plugins\/seo\/ -->\n<title>Nouvelles adaptations des dispositifs en mati\u00e8re de t\u00e9l\u00e9travail dans la fonction publique. - Peoplesphere<\/title>\n<meta name=\"robots\" content=\"index, follow, max-snippet:-1, max-image-preview:large, max-video-preview:-1\" \/>\n<link rel=\"canonical\" href=\"https:\/\/peoplesphere.be\/fr\/nouvelles-adaptations-dispositifs-matiere-de-teletravail-fonction-publique\/\" \/>\n<meta property=\"og:locale\" content=\"fr_FR\" \/>\n<meta property=\"og:type\" content=\"article\" \/>\n<meta property=\"og:title\" content=\"Nouvelles adaptations des dispositifs en mati\u00e8re de t\u00e9l\u00e9travail dans la fonction publique. - Peoplesphere\" \/>\n<meta property=\"og:description\" content=\"Sur proposition de la ministre de la Fonction publique Petra De Sutter, le Conseil des ministres a approuv\u00e9 un projet d\u2019arr\u00eat\u00e9 royal concernant quelques adaptations en mati\u00e8re de t\u00e9l\u00e9travail et travail en bureau satellite dans la fonction publique f\u00e9d\u00e9rale administrative. [&hellip;]\" \/>\n<meta property=\"og:url\" content=\"https:\/\/peoplesphere.be\/fr\/nouvelles-adaptations-dispositifs-matiere-de-teletravail-fonction-publique\/\" \/>\n<meta property=\"og:site_name\" content=\"Peoplesphere\" \/>\n<meta property=\"article:publisher\" content=\"https:\/\/www.facebook.com\/peoplesphere\" \/>\n<meta property=\"article:published_time\" content=\"2022-01-15T08:25:40+00:00\" \/>\n<meta property=\"article:modified_time\" content=\"2023-08-12T15:07:11+00:00\" \/>\n<meta property=\"og:image\" content=\"https:\/\/peoplesphere.be\/fr\/wp-content\/uploads\/2021\/05\/Homeworking.jpg\" \/>\n\t<meta property=\"og:image:width\" content=\"1254\" \/>\n\t<meta property=\"og:image:height\" content=\"836\" \/>\n\t<meta property=\"og:image:type\" content=\"image\/jpeg\" \/>\n<meta name=\"author\" content=\"Jean-Paul Erhard\" \/>\n<meta name=\"twitter:card\" content=\"summary_large_image\" \/>\n<meta name=\"twitter:creator\" content=\"@PeoplesphereMag\" \/>\n<meta name=\"twitter:site\" content=\"@PeoplesphereMag\" \/>\n<meta name=\"twitter:label1\" content=\"\u00c9crit par\" \/>\n\t<meta name=\"twitter:data1\" content=\"Jean-Paul Erhard\" \/>\n\t<meta name=\"twitter:label2\" content=\"Dur\u00e9e de lecture estim\u00e9e\" \/>\n\t<meta name=\"twitter:data2\" content=\"1 minute\" \/>\n<script type=\"application\/ld+json\" class=\"yoast-schema-graph\">{\"@context\":\"https:\/\/schema.org\",\"@graph\":[{\"@type\":\"Article\",\"@id\":\"https:\/\/peoplesphere.be\/fr\/nouvelles-adaptations-dispositifs-matiere-de-teletravail-fonction-publique\/#article\",\"isPartOf\":{\"@id\":\"https:\/\/peoplesphere.be\/fr\/nouvelles-adaptations-dispositifs-matiere-de-teletravail-fonction-publique\/\"},\"author\":{\"name\":\"Jean-Paul Erhard\",\"@id\":\"https:\/\/peoplesphere.be\/fr\/#\/schema\/person\/7976225ff17988604334abb7b3536a7e\"},\"headline\":\"Nouvelles adaptations des dispositifs en mati\u00e8re de t\u00e9l\u00e9travail dans la fonction publique.\",\"datePublished\":\"2022-01-15T08:25:40+00:00\",\"dateModified\":\"2023-08-12T15:07:11+00:00\",\"mainEntityOfPage\":{\"@id\":\"https:\/\/peoplesphere.be\/fr\/nouvelles-adaptations-dispositifs-matiere-de-teletravail-fonction-publique\/\"},\"wordCount\":237,\"publisher\":{\"@id\":\"https:\/\/peoplesphere.be\/fr\/#organization\"},\"keywords\":[\"nouveau normal\",\"secteur public\",\"t\u00e9l\u00e9travail\",\"travail flexible\"],\"articleSection\":[\"Actualit\u00e9s\",\"Digital\"],\"inLanguage\":\"fr-FR\"},{\"@type\":\"WebPage\",\"@id\":\"https:\/\/peoplesphere.be\/fr\/nouvelles-adaptations-dispositifs-matiere-de-teletravail-fonction-publique\/\",\"url\":\"https:\/\/peoplesphere.be\/fr\/nouvelles-adaptations-dispositifs-matiere-de-teletravail-fonction-publique\/\",\"name\":\"Nouvelles adaptations des dispositifs en mati\u00e8re de t\u00e9l\u00e9travail dans la fonction publique. - Peoplesphere\",\"isPartOf\":{\"@id\":\"https:\/\/peoplesphere.be\/fr\/#website\"},\"datePublished\":\"2022-01-15T08:25:40+00:00\",\"dateModified\":\"2023-08-12T15:07:11+00:00\",\"breadcrumb\":{\"@id\":\"https:\/\/peoplesphere.be\/fr\/nouvelles-adaptations-dispositifs-matiere-de-teletravail-fonction-publique\/#breadcrumb\"},\"inLanguage\":\"fr-FR\",\"potentialAction\":[{\"@type\":\"ReadAction\",\"target\":[\"https:\/\/peoplesphere.be\/fr\/nouvelles-adaptations-dispositifs-matiere-de-teletravail-fonction-publique\/\"]}]},{\"@type\":\"BreadcrumbList\",\"@id\":\"https:\/\/peoplesphere.be\/fr\/nouvelles-adaptations-dispositifs-matiere-de-teletravail-fonction-publique\/#breadcrumb\",\"itemListElement\":[{\"@type\":\"ListItem\",\"position\":1,\"name\":\"Accueil\",\"item\":\"https:\/\/peoplesphere.be\/fr\/\"},{\"@type\":\"ListItem\",\"position\":2,\"name\":\"Nouvelles adaptations des dispositifs en mati\u00e8re de t\u00e9l\u00e9travail dans la fonction publique.\"}]},{\"@type\":\"WebSite\",\"@id\":\"https:\/\/peoplesphere.be\/fr\/#website\",\"url\":\"https:\/\/peoplesphere.be\/fr\/\",\"name\":\"Peoplesphere\",\"description\":\"The People Managers Magazine\",\"publisher\":{\"@id\":\"https:\/\/peoplesphere.be\/fr\/#organization\"},\"potentialAction\":[{\"@type\":\"SearchAction\",\"target\":{\"@type\":\"EntryPoint\",\"urlTemplate\":\"https:\/\/peoplesphere.be\/fr\/?s={search_term_string}\"},\"query-input\":\"required name=search_term_string\"}],\"inLanguage\":\"fr-FR\"},{\"@type\":\"Organization\",\"@id\":\"https:\/\/peoplesphere.be\/fr\/#organization\",\"name\":\"Peoplesphere Company srl\",\"url\":\"https:\/\/peoplesphere.be\/fr\/\",\"logo\":{\"@type\":\"ImageObject\",\"inLanguage\":\"fr-FR\",\"@id\":\"https:\/\/peoplesphere.be\/fr\/#\/schema\/logo\/image\/\",\"url\":\"https:\/\/peoplesphere.be\/fr\/wp-content\/uploads\/2023\/07\/peoplesphere-lgo-new-generik.jpg\",\"contentUrl\":\"https:\/\/peoplesphere.be\/fr\/wp-content\/uploads\/2023\/07\/peoplesphere-lgo-new-generik.jpg\",\"width\":1031,\"height\":1479,\"caption\":\"Peoplesphere Company srl\"},\"image\":{\"@id\":\"https:\/\/peoplesphere.be\/fr\/#\/schema\/logo\/image\/\"},\"sameAs\":[\"https:\/\/www.facebook.com\/peoplesphere\",\"https:\/\/twitter.com\/PeoplesphereMag\",\"https:\/\/www.linkedin.com\/company\/7587361?trk\",\"http:\/\/youtube.com\/peoplesphere\"]},{\"@type\":\"Person\",\"@id\":\"https:\/\/peoplesphere.be\/fr\/#\/schema\/person\/7976225ff17988604334abb7b3536a7e\",\"name\":\"Jean-Paul Erhard\",\"image\":{\"@type\":\"ImageObject\",\"inLanguage\":\"fr-FR\",\"@id\":\"https:\/\/peoplesphere.be\/fr\/#\/schema\/person\/image\/\",\"url\":\"https:\/\/secure.gravatar.com\/avatar\/f941e681460179738071629a51574930?s=96&d=mm&r=g\",\"contentUrl\":\"https:\/\/secure.gravatar.com\/avatar\/f941e681460179738071629a51574930?s=96&d=mm&r=g\",\"caption\":\"Jean-Paul Erhard\"},\"url\":\"https:\/\/peoplesphere.be\/fr\/author\/jpe\/\"}]}<\/script>\n<!-- \/ Yoast SEO plugin. -->","yoast_head_json":{"title":"Nouvelles adaptations des dispositifs en mati\u00e8re de t\u00e9l\u00e9travail dans la fonction publique. - Peoplesphere","robots":{"index":"index","follow":"follow","max-snippet":"max-snippet:-1","max-image-preview":"max-image-preview:large","max-video-preview":"max-video-preview:-1"},"canonical":"https:\/\/peoplesphere.be\/fr\/nouvelles-adaptations-dispositifs-matiere-de-teletravail-fonction-publique\/","og_locale":"fr_FR","og_type":"article","og_title":"Nouvelles adaptations des dispositifs en mati\u00e8re de t\u00e9l\u00e9travail dans la fonction publique. - Peoplesphere","og_description":"Sur proposition de la ministre de la Fonction publique Petra De Sutter, le Conseil des ministres a approuv\u00e9 un projet d\u2019arr\u00eat\u00e9 royal concernant quelques adaptations en mati\u00e8re de t\u00e9l\u00e9travail et travail en bureau satellite dans la fonction publique f\u00e9d\u00e9rale administrative. [&hellip;]","og_url":"https:\/\/peoplesphere.be\/fr\/nouvelles-adaptations-dispositifs-matiere-de-teletravail-fonction-publique\/","og_site_name":"Peoplesphere","article_publisher":"https:\/\/www.facebook.com\/peoplesphere","article_published_time":"2022-01-15T08:25:40+00:00","article_modified_time":"2023-08-12T15:07:11+00:00","og_image":[{"width":1254,"height":836,"url":"https:\/\/peoplesphere.be\/fr\/wp-content\/uploads\/2021\/05\/Homeworking.jpg","type":"image\/jpeg"}],"author":"Jean-Paul Erhard","twitter_card":"summary_large_image","twitter_creator":"@PeoplesphereMag","twitter_site":"@PeoplesphereMag","twitter_misc":{"\u00c9crit par":"Jean-Paul Erhard","Dur\u00e9e de lecture estim\u00e9e":"1 minute"},"schema":{"@context":"https:\/\/schema.org","@graph":[{"@type":"Article","@id":"https:\/\/peoplesphere.be\/fr\/nouvelles-adaptations-dispositifs-matiere-de-teletravail-fonction-publique\/#article","isPartOf":{"@id":"https:\/\/peoplesphere.be\/fr\/nouvelles-adaptations-dispositifs-matiere-de-teletravail-fonction-publique\/"},"author":{"name":"Jean-Paul Erhard","@id":"https:\/\/peoplesphere.be\/fr\/#\/schema\/person\/7976225ff17988604334abb7b3536a7e"},"headline":"Nouvelles adaptations des dispositifs en mati\u00e8re de t\u00e9l\u00e9travail dans la fonction publique.","datePublished":"2022-01-15T08:25:40+00:00","dateModified":"2023-08-12T15:07:11+00:00","mainEntityOfPage":{"@id":"https:\/\/peoplesphere.be\/fr\/nouvelles-adaptations-dispositifs-matiere-de-teletravail-fonction-publique\/"},"wordCount":237,"publisher":{"@id":"https:\/\/peoplesphere.be\/fr\/#organization"},"keywords":["nouveau normal","secteur public","t\u00e9l\u00e9travail","travail flexible"],"articleSection":["Actualit\u00e9s","Digital"],"inLanguage":"fr-FR"},{"@type":"WebPage","@id":"https:\/\/peoplesphere.be\/fr\/nouvelles-adaptations-dispositifs-matiere-de-teletravail-fonction-publique\/","url":"https:\/\/peoplesphere.be\/fr\/nouvelles-adaptations-dispositifs-matiere-de-teletravail-fonction-publique\/","name":"Nouvelles adaptations des dispositifs en mati\u00e8re de t\u00e9l\u00e9travail dans la fonction publique. - Peoplesphere","isPartOf":{"@id":"https:\/\/peoplesphere.be\/fr\/#website"},"datePublished":"2022-01-15T08:25:40+00:00","dateModified":"2023-08-12T15:07:11+00:00","breadcrumb":{"@id":"https:\/\/peoplesphere.be\/fr\/nouvelles-adaptations-dispositifs-matiere-de-teletravail-fonction-publique\/#breadcrumb"},"inLanguage":"fr-FR","potentialAction":[{"@type":"ReadAction","target":["https:\/\/peoplesphere.be\/fr\/nouvelles-adaptations-dispositifs-matiere-de-teletravail-fonction-publique\/"]}]},{"@type":"BreadcrumbList","@id":"https:\/\/peoplesphere.be\/fr\/nouvelles-adaptations-dispositifs-matiere-de-teletravail-fonction-publique\/#breadcrumb","itemListElement":[{"@type":"ListItem","position":1,"name":"Accueil","item":"https:\/\/peoplesphere.be\/fr\/"},{"@type":"ListItem","position":2,"name":"Nouvelles adaptations des dispositifs en mati\u00e8re de t\u00e9l\u00e9travail dans la fonction publique."}]},{"@type":"WebSite","@id":"https:\/\/peoplesphere.be\/fr\/#website","url":"https:\/\/peoplesphere.be\/fr\/","name":"Peoplesphere","description":"The People Managers Magazine","publisher":{"@id":"https:\/\/peoplesphere.be\/fr\/#organization"},"potentialAction":[{"@type":"SearchAction","target":{"@type":"EntryPoint","urlTemplate":"https:\/\/peoplesphere.be\/fr\/?s={search_term_string}"},"query-input":"required name=search_term_string"}],"inLanguage":"fr-FR"},{"@type":"Organization","@id":"https:\/\/peoplesphere.be\/fr\/#organization","name":"Peoplesphere Company srl","url":"https:\/\/peoplesphere.be\/fr\/","logo":{"@type":"ImageObject","inLanguage":"fr-FR","@id":"https:\/\/peoplesphere.be\/fr\/#\/schema\/logo\/image\/","url":"https:\/\/peoplesphere.be\/fr\/wp-content\/uploads\/2023\/07\/peoplesphere-lgo-new-generik.jpg","contentUrl":"https:\/\/peoplesphere.be\/fr\/wp-content\/uploads\/2023\/07\/peoplesphere-lgo-new-generik.jpg","width":1031,"height":1479,"caption":"Peoplesphere Company srl"},"image":{"@id":"https:\/\/peoplesphere.be\/fr\/#\/schema\/logo\/image\/"},"sameAs":["https:\/\/www.facebook.com\/peoplesphere","https:\/\/twitter.com\/PeoplesphereMag","https:\/\/www.linkedin.com\/company\/7587361?trk","http:\/\/youtube.com\/peoplesphere"]},{"@type":"Person","@id":"https:\/\/peoplesphere.be\/fr\/#\/schema\/person\/7976225ff17988604334abb7b3536a7e","name":"Jean-Paul Erhard","image":{"@type":"ImageObject","inLanguage":"fr-FR","@id":"https:\/\/peoplesphere.be\/fr\/#\/schema\/person\/image\/","url":"https:\/\/secure.gravatar.com\/avatar\/f941e681460179738071629a51574930?s=96&d=mm&r=g","contentUrl":"https:\/\/secure.gravatar.com\/avatar\/f941e681460179738071629a51574930?s=96&d=mm&r=g","caption":"Jean-Paul Erhard"},"url":"https:\/\/peoplesphere.be\/fr\/author\/jpe\/"}]}},"_links":{"self":[{"href":"https:\/\/peoplesphere.be\/fr\/wp-json\/wp\/v2\/posts\/12366"}],"collection":[{"href":"https:\/\/peoplesphere.be\/fr\/wp-json\/wp\/v2\/posts"}],"about":[{"href":"https:\/\/peoplesphere.be\/fr\/wp-json\/wp\/v2\/types\/post"}],"author":[{"embeddable":true,"href":"https:\/\/peoplesphere.be\/fr\/wp-json\/wp\/v2\/users\/2"}],"replies":[{"embeddable":true,"href":"https:\/\/peoplesphere.be\/fr\/wp-json\/wp\/v2\/comments?post=12366"}],"version-history":[{"count":1,"href":"https:\/\/peoplesphere.be\/fr\/wp-json\/wp\/v2\/posts\/12366\/revisions"}],"predecessor-version":[{"id":12367,"href":"https:\/\/peoplesphere.be\/fr\/wp-json\/wp\/v2\/posts\/12366\/revisions\/12367"}],"wp:featuredmedia":[{"embeddable":true,"href":"https:\/\/peoplesphere.be\/fr\/wp-json\/wp\/v2\/media\/11276"}],"wp:attachment":[{"href":"https:\/\/peoplesphere.be\/fr\/wp-json\/wp\/v2\/media?parent=12366"}],"wp:term":[{"taxonomy":"category","embeddable":true,"href":"https:\/\/peoplesphere.be\/fr\/wp-json\/wp\/v2\/categories?post=12366"},{"taxonomy":"post_tag","embeddable":true,"href":"https:\/\/peoplesphere.be\/fr\/wp-json\/wp\/v2\/tags?post=12366"}],"curies":[{"name":"wp","href":"https:\/\/api.w.org\/{rel}","templated":true}]}}