









{"id":12411,"date":"2022-01-27T16:39:58","date_gmt":"2022-01-27T14:39:58","guid":{"rendered":"https:\/\/peoplesphere.be\/fr\/?p=12411"},"modified":"2022-01-27T16:39:58","modified_gmt":"2022-01-27T14:39:58","slug":"forte-augmentation-nombre-demplois-vacants-secteur-social-medical-premier-rang-matiere-doffres-demploi","status":"publish","type":"post","link":"https:\/\/peoplesphere.be\/fr\/forte-augmentation-nombre-demplois-vacants-secteur-social-medical-premier-rang-matiere-doffres-demploi\/","title":{"rendered":"Forte augmentation du nombre d&#8217;emplois vacants: le secteur social et m\u00e9dical au premier rang en mati\u00e8re d&rsquo;offres d&#8217;emploi."},"content":{"rendered":"<p>La croissance du nombre de postes vacants au cours des 12 derniers mois sur le march\u00e9 du travail belge est comparable \u00e0 celle des Pays-Bas : pr\u00e8s de 45%. Alors que dans nos pays voisins, la croissance semble d\u00e9sormais stagner, le march\u00e9 du travail belge conna\u00eet une croissance l\u00e9g\u00e8rement plus forte et comble lentement l&rsquo;\u00e9cart. <!--more--><\/p>\n<p>Par rapport \u00e0 f\u00e9vrier 2020, juste avant le covid, on compte 14,3 % de postes vacants en plus. Surtout la demande de professionnels dans le secteur m\u00e9dical conna\u00eet une croissance explosive. Fait remarquable : c&rsquo;est dans les secteurs techniques que le nombre d&rsquo;offres d&#8217;emploi diminue m\u00eame par rapport \u00e0 avant le covid.<\/p>\n<p>Le march\u00e9 du travail belge poursuit &#8211; bien qu&rsquo;\u00e0 petits pas &#8211; la tendance positive de 2021 au cours des premi\u00e8res semaines de cette ann\u00e9e. Aujourd&rsquo;hui, Indeed, le site d&rsquo;offres d&#8217;emploi, constate une croissance de 14,3 % des offres d&#8217;emploi par rapport \u00e0 d\u00e9but f\u00e9vrier 2020, juste avant le d\u00e9but de la pand\u00e9mie.<\/p>\n<p>Au d\u00e9but de l&rsquo;ann\u00e9e 2021, il y a un an, il y avait 32% de postes vacants en moins qu&rsquo;en f\u00e9vrier 2020. En un an, le march\u00e9 du travail belge a donc rattrap\u00e9 46%.<\/p>\n<p>Ces derniers mois, le march\u00e9 du travail belge est rest\u00e9 \u00e0 la tra\u00eene par rapport aux pays voisins si l&rsquo;on compare le nombre d&rsquo;offres d&#8217;emploi aux niveaux ant\u00e9rieurs \u00e0 la pand\u00e9mie. Mais entre-temps, le march\u00e9 du travail belge se porte un peu mieux. D&rsquo;apr\u00e8s les chiffres de la fin novembre, le nombre de postes vacants augmente plus rapidement qu&rsquo;en Allemagne, aux Pays-Bas et au Royaume-Uni. Cependant, il y a toujours un retard \u00e0 combler.<\/p>\n<p><em>\u00ab\u00a0Nous regroupons toutes les offres d&#8217;emploi en Belgique, ce qui nous donne un tr\u00e8s bon aper\u00e7u de l&rsquo;ensemble du march\u00e9 du travail belge. Sur cette base, nous constatons que la reprise amorc\u00e9e en ao\u00fbt 2020 se poursuit \u00e0 un rythme soutenu. La croissance au cours des 12 derniers mois est du m\u00eame ordre de grandeur qu&rsquo;aux Pays-Bas, avec une croissance d&rsquo;environ 45%\u00a0\u00bb,<\/em> d\u00e9clare Arjan Vissers, responsable de la strat\u00e9gie chez Indeed.<\/p>\n<p><strong><em>Zoom sur les secteurs<\/em><\/strong><\/p>\n<p>Par rapport \u00e0 la situation juste avant le covid, il y a 150% de postes vacants en plus dans le secteur des sciences sociales. La dentisterie, la technologie m\u00e9dicale et la m\u00e9decine v\u00e9t\u00e9rinaire connaissent \u00e9galement une forte croissance. Au cours des 12 derniers mois, le secteur de la garde d&rsquo;enfants a connu la plus forte croissance : +165% d&rsquo;offres d&#8217;emploi.<\/p>\n<p>Frappant : c&rsquo;est pr\u00e9cis\u00e9ment dans les secteurs techniques que le nombre de postes vacants augmente le moins. Dans les domaines de la technique d&rsquo;installation, de la construction et du g\u00e9nie civil, le taux de croissance des 12 derniers mois est nettement inf\u00e9rieur \u00e0 20 %. Par rapport au d\u00e9but du mois de f\u00e9vrier 2020, il y a m\u00eame nettement moins de postes vacants.<\/p>\n<p>&nbsp;<\/p>\n<p><em>Source: Indeed<\/em><\/p>\n","protected":false},"excerpt":{"rendered":"<p>La croissance du nombre de postes vacants au cours des 12 derniers mois sur le march\u00e9 du travail belge est comparable \u00e0 celle des Pays-Bas : pr\u00e8s de 45%. Alors que dans nos pays voisins, la croissance semble d\u00e9sormais stagner, [&hellip;]<\/p>\n","protected":false},"author":2,"featured_media":0,"comment_status":"closed","ping_status":"open","sticky":false,"template":"","format":"standard","meta":[],"categories":[65,10],"tags":[1326,702,105,72,3046],"yoast_head":"<!-- This site is optimized with the Yoast SEO plugin v21.0 - https:\/\/yoast.com\/wordpress\/plugins\/seo\/ -->\n<title>Forte augmentation du nombre d&#039;emplois vacants: le secteur social et m\u00e9dical au premier rang en mati\u00e8re d&#039;offres d&#039;emploi. - Peoplesphere<\/title>\n<meta name=\"robots\" content=\"index, follow, max-snippet:-1, max-image-preview:large, max-video-preview:-1\" \/>\n<link rel=\"canonical\" href=\"https:\/\/peoplesphere.be\/fr\/forte-augmentation-nombre-demplois-vacants-secteur-social-medical-premier-rang-matiere-doffres-demploi\/\" \/>\n<meta property=\"og:locale\" content=\"fr_FR\" \/>\n<meta property=\"og:type\" content=\"article\" \/>\n<meta property=\"og:title\" content=\"Forte augmentation du nombre d&#039;emplois vacants: le secteur social et m\u00e9dical au premier rang en mati\u00e8re d&#039;offres d&#039;emploi. - Peoplesphere\" \/>\n<meta property=\"og:description\" content=\"La croissance du nombre de postes vacants au cours des 12 derniers mois sur le march\u00e9 du travail belge est comparable \u00e0 celle des Pays-Bas : pr\u00e8s de 45%. Alors que dans nos pays voisins, la croissance semble d\u00e9sormais stagner, [&hellip;]\" \/>\n<meta property=\"og:url\" content=\"https:\/\/peoplesphere.be\/fr\/forte-augmentation-nombre-demplois-vacants-secteur-social-medical-premier-rang-matiere-doffres-demploi\/\" \/>\n<meta property=\"og:site_name\" content=\"Peoplesphere\" \/>\n<meta property=\"article:publisher\" content=\"https:\/\/www.facebook.com\/peoplesphere\" \/>\n<meta property=\"article:published_time\" content=\"2022-01-27T14:39:58+00:00\" \/>\n<meta property=\"og:image\" content=\"http:\/\/www.peoplesphere.be\/fr\/wp-content\/uploads\/2016\/07\/facebook-default-posting-1200x628px.jpg\" \/>\n<meta name=\"author\" content=\"Jean-Paul Erhard\" \/>\n<meta name=\"twitter:card\" content=\"summary_large_image\" \/>\n<meta name=\"twitter:creator\" content=\"@PeoplesphereMag\" \/>\n<meta name=\"twitter:site\" content=\"@PeoplesphereMag\" \/>\n<meta name=\"twitter:label1\" content=\"\u00c9crit par\" \/>\n\t<meta name=\"twitter:data1\" content=\"Jean-Paul Erhard\" \/>\n\t<meta name=\"twitter:label2\" content=\"Dur\u00e9e de lecture estim\u00e9e\" \/>\n\t<meta name=\"twitter:data2\" content=\"2 minutes\" \/>\n<script type=\"application\/ld+json\" class=\"yoast-schema-graph\">{\"@context\":\"https:\/\/schema.org\",\"@graph\":[{\"@type\":\"Article\",\"@id\":\"https:\/\/peoplesphere.be\/fr\/forte-augmentation-nombre-demplois-vacants-secteur-social-medical-premier-rang-matiere-doffres-demploi\/#article\",\"isPartOf\":{\"@id\":\"https:\/\/peoplesphere.be\/fr\/forte-augmentation-nombre-demplois-vacants-secteur-social-medical-premier-rang-matiere-doffres-demploi\/\"},\"author\":{\"name\":\"Jean-Paul Erhard\",\"@id\":\"https:\/\/peoplesphere.be\/fr\/#\/schema\/person\/7976225ff17988604334abb7b3536a7e\"},\"headline\":\"Forte augmentation du nombre d&#8217;emplois vacants: le secteur social et m\u00e9dical au premier rang en mati\u00e8re d&rsquo;offres d&#8217;emploi.\",\"datePublished\":\"2022-01-27T14:39:58+00:00\",\"dateModified\":\"2022-01-27T14:39:58+00:00\",\"mainEntityOfPage\":{\"@id\":\"https:\/\/peoplesphere.be\/fr\/forte-augmentation-nombre-demplois-vacants-secteur-social-medical-premier-rang-matiere-doffres-demploi\/\"},\"wordCount\":493,\"publisher\":{\"@id\":\"https:\/\/peoplesphere.be\/fr\/#organization\"},\"keywords\":[\"indeed\",\"march\u00e9 de l'emploi\",\"offres d'emploi\",\"recrutement\",\"secteur des soins de sant\u00e9\"],\"articleSection\":[\"Actualit\u00e9s\",\"Digital\"],\"inLanguage\":\"fr-FR\"},{\"@type\":\"WebPage\",\"@id\":\"https:\/\/peoplesphere.be\/fr\/forte-augmentation-nombre-demplois-vacants-secteur-social-medical-premier-rang-matiere-doffres-demploi\/\",\"url\":\"https:\/\/peoplesphere.be\/fr\/forte-augmentation-nombre-demplois-vacants-secteur-social-medical-premier-rang-matiere-doffres-demploi\/\",\"name\":\"Forte augmentation du nombre d'emplois vacants: le secteur social et m\u00e9dical au premier rang en mati\u00e8re d'offres d'emploi. - Peoplesphere\",\"isPartOf\":{\"@id\":\"https:\/\/peoplesphere.be\/fr\/#website\"},\"datePublished\":\"2022-01-27T14:39:58+00:00\",\"dateModified\":\"2022-01-27T14:39:58+00:00\",\"breadcrumb\":{\"@id\":\"https:\/\/peoplesphere.be\/fr\/forte-augmentation-nombre-demplois-vacants-secteur-social-medical-premier-rang-matiere-doffres-demploi\/#breadcrumb\"},\"inLanguage\":\"fr-FR\",\"potentialAction\":[{\"@type\":\"ReadAction\",\"target\":[\"https:\/\/peoplesphere.be\/fr\/forte-augmentation-nombre-demplois-vacants-secteur-social-medical-premier-rang-matiere-doffres-demploi\/\"]}]},{\"@type\":\"BreadcrumbList\",\"@id\":\"https:\/\/peoplesphere.be\/fr\/forte-augmentation-nombre-demplois-vacants-secteur-social-medical-premier-rang-matiere-doffres-demploi\/#breadcrumb\",\"itemListElement\":[{\"@type\":\"ListItem\",\"position\":1,\"name\":\"Accueil\",\"item\":\"https:\/\/peoplesphere.be\/fr\/\"},{\"@type\":\"ListItem\",\"position\":2,\"name\":\"Forte augmentation du nombre d&#8217;emplois vacants: le secteur social et m\u00e9dical au premier rang en mati\u00e8re d&rsquo;offres d&#8217;emploi.\"}]},{\"@type\":\"WebSite\",\"@id\":\"https:\/\/peoplesphere.be\/fr\/#website\",\"url\":\"https:\/\/peoplesphere.be\/fr\/\",\"name\":\"Peoplesphere\",\"description\":\"The People Managers Magazine\",\"publisher\":{\"@id\":\"https:\/\/peoplesphere.be\/fr\/#organization\"},\"potentialAction\":[{\"@type\":\"SearchAction\",\"target\":{\"@type\":\"EntryPoint\",\"urlTemplate\":\"https:\/\/peoplesphere.be\/fr\/?s={search_term_string}\"},\"query-input\":\"required name=search_term_string\"}],\"inLanguage\":\"fr-FR\"},{\"@type\":\"Organization\",\"@id\":\"https:\/\/peoplesphere.be\/fr\/#organization\",\"name\":\"Peoplesphere Company srl\",\"url\":\"https:\/\/peoplesphere.be\/fr\/\",\"logo\":{\"@type\":\"ImageObject\",\"inLanguage\":\"fr-FR\",\"@id\":\"https:\/\/peoplesphere.be\/fr\/#\/schema\/logo\/image\/\",\"url\":\"https:\/\/peoplesphere.be\/fr\/wp-content\/uploads\/2023\/07\/peoplesphere-lgo-new-generik.jpg\",\"contentUrl\":\"https:\/\/peoplesphere.be\/fr\/wp-content\/uploads\/2023\/07\/peoplesphere-lgo-new-generik.jpg\",\"width\":1031,\"height\":1479,\"caption\":\"Peoplesphere Company srl\"},\"image\":{\"@id\":\"https:\/\/peoplesphere.be\/fr\/#\/schema\/logo\/image\/\"},\"sameAs\":[\"https:\/\/www.facebook.com\/peoplesphere\",\"https:\/\/twitter.com\/PeoplesphereMag\",\"https:\/\/www.linkedin.com\/company\/7587361?trk\",\"http:\/\/youtube.com\/peoplesphere\"]},{\"@type\":\"Person\",\"@id\":\"https:\/\/peoplesphere.be\/fr\/#\/schema\/person\/7976225ff17988604334abb7b3536a7e\",\"name\":\"Jean-Paul Erhard\",\"image\":{\"@type\":\"ImageObject\",\"inLanguage\":\"fr-FR\",\"@id\":\"https:\/\/peoplesphere.be\/fr\/#\/schema\/person\/image\/\",\"url\":\"https:\/\/secure.gravatar.com\/avatar\/f941e681460179738071629a51574930?s=96&d=mm&r=g\",\"contentUrl\":\"https:\/\/secure.gravatar.com\/avatar\/f941e681460179738071629a51574930?s=96&d=mm&r=g\",\"caption\":\"Jean-Paul Erhard\"},\"url\":\"https:\/\/peoplesphere.be\/fr\/author\/jpe\/\"}]}<\/script>\n<!-- \/ Yoast SEO plugin. -->","yoast_head_json":{"title":"Forte augmentation du nombre d'emplois vacants: le secteur social et m\u00e9dical au premier rang en mati\u00e8re d'offres d'emploi. - Peoplesphere","robots":{"index":"index","follow":"follow","max-snippet":"max-snippet:-1","max-image-preview":"max-image-preview:large","max-video-preview":"max-video-preview:-1"},"canonical":"https:\/\/peoplesphere.be\/fr\/forte-augmentation-nombre-demplois-vacants-secteur-social-medical-premier-rang-matiere-doffres-demploi\/","og_locale":"fr_FR","og_type":"article","og_title":"Forte augmentation du nombre d'emplois vacants: le secteur social et m\u00e9dical au premier rang en mati\u00e8re d'offres d'emploi. - Peoplesphere","og_description":"La croissance du nombre de postes vacants au cours des 12 derniers mois sur le march\u00e9 du travail belge est comparable \u00e0 celle des Pays-Bas : pr\u00e8s de 45%. Alors que dans nos pays voisins, la croissance semble d\u00e9sormais stagner, [&hellip;]","og_url":"https:\/\/peoplesphere.be\/fr\/forte-augmentation-nombre-demplois-vacants-secteur-social-medical-premier-rang-matiere-doffres-demploi\/","og_site_name":"Peoplesphere","article_publisher":"https:\/\/www.facebook.com\/peoplesphere","article_published_time":"2022-01-27T14:39:58+00:00","og_image":[{"url":"http:\/\/www.peoplesphere.be\/fr\/wp-content\/uploads\/2016\/07\/facebook-default-posting-1200x628px.jpg"}],"author":"Jean-Paul Erhard","twitter_card":"summary_large_image","twitter_creator":"@PeoplesphereMag","twitter_site":"@PeoplesphereMag","twitter_misc":{"\u00c9crit par":"Jean-Paul Erhard","Dur\u00e9e de lecture estim\u00e9e":"2 minutes"},"schema":{"@context":"https:\/\/schema.org","@graph":[{"@type":"Article","@id":"https:\/\/peoplesphere.be\/fr\/forte-augmentation-nombre-demplois-vacants-secteur-social-medical-premier-rang-matiere-doffres-demploi\/#article","isPartOf":{"@id":"https:\/\/peoplesphere.be\/fr\/forte-augmentation-nombre-demplois-vacants-secteur-social-medical-premier-rang-matiere-doffres-demploi\/"},"author":{"name":"Jean-Paul Erhard","@id":"https:\/\/peoplesphere.be\/fr\/#\/schema\/person\/7976225ff17988604334abb7b3536a7e"},"headline":"Forte augmentation du nombre d&#8217;emplois vacants: le secteur social et m\u00e9dical au premier rang en mati\u00e8re d&rsquo;offres d&#8217;emploi.","datePublished":"2022-01-27T14:39:58+00:00","dateModified":"2022-01-27T14:39:58+00:00","mainEntityOfPage":{"@id":"https:\/\/peoplesphere.be\/fr\/forte-augmentation-nombre-demplois-vacants-secteur-social-medical-premier-rang-matiere-doffres-demploi\/"},"wordCount":493,"publisher":{"@id":"https:\/\/peoplesphere.be\/fr\/#organization"},"keywords":["indeed","march\u00e9 de l'emploi","offres d'emploi","recrutement","secteur des soins de sant\u00e9"],"articleSection":["Actualit\u00e9s","Digital"],"inLanguage":"fr-FR"},{"@type":"WebPage","@id":"https:\/\/peoplesphere.be\/fr\/forte-augmentation-nombre-demplois-vacants-secteur-social-medical-premier-rang-matiere-doffres-demploi\/","url":"https:\/\/peoplesphere.be\/fr\/forte-augmentation-nombre-demplois-vacants-secteur-social-medical-premier-rang-matiere-doffres-demploi\/","name":"Forte augmentation du nombre d'emplois vacants: le secteur social et m\u00e9dical au premier rang en mati\u00e8re d'offres d'emploi. - Peoplesphere","isPartOf":{"@id":"https:\/\/peoplesphere.be\/fr\/#website"},"datePublished":"2022-01-27T14:39:58+00:00","dateModified":"2022-01-27T14:39:58+00:00","breadcrumb":{"@id":"https:\/\/peoplesphere.be\/fr\/forte-augmentation-nombre-demplois-vacants-secteur-social-medical-premier-rang-matiere-doffres-demploi\/#breadcrumb"},"inLanguage":"fr-FR","potentialAction":[{"@type":"ReadAction","target":["https:\/\/peoplesphere.be\/fr\/forte-augmentation-nombre-demplois-vacants-secteur-social-medical-premier-rang-matiere-doffres-demploi\/"]}]},{"@type":"BreadcrumbList","@id":"https:\/\/peoplesphere.be\/fr\/forte-augmentation-nombre-demplois-vacants-secteur-social-medical-premier-rang-matiere-doffres-demploi\/#breadcrumb","itemListElement":[{"@type":"ListItem","position":1,"name":"Accueil","item":"https:\/\/peoplesphere.be\/fr\/"},{"@type":"ListItem","position":2,"name":"Forte augmentation du nombre d&#8217;emplois vacants: le secteur social et m\u00e9dical au premier rang en mati\u00e8re d&rsquo;offres d&#8217;emploi."}]},{"@type":"WebSite","@id":"https:\/\/peoplesphere.be\/fr\/#website","url":"https:\/\/peoplesphere.be\/fr\/","name":"Peoplesphere","description":"The People Managers Magazine","publisher":{"@id":"https:\/\/peoplesphere.be\/fr\/#organization"},"potentialAction":[{"@type":"SearchAction","target":{"@type":"EntryPoint","urlTemplate":"https:\/\/peoplesphere.be\/fr\/?s={search_term_string}"},"query-input":"required name=search_term_string"}],"inLanguage":"fr-FR"},{"@type":"Organization","@id":"https:\/\/peoplesphere.be\/fr\/#organization","name":"Peoplesphere Company srl","url":"https:\/\/peoplesphere.be\/fr\/","logo":{"@type":"ImageObject","inLanguage":"fr-FR","@id":"https:\/\/peoplesphere.be\/fr\/#\/schema\/logo\/image\/","url":"https:\/\/peoplesphere.be\/fr\/wp-content\/uploads\/2023\/07\/peoplesphere-lgo-new-generik.jpg","contentUrl":"https:\/\/peoplesphere.be\/fr\/wp-content\/uploads\/2023\/07\/peoplesphere-lgo-new-generik.jpg","width":1031,"height":1479,"caption":"Peoplesphere Company srl"},"image":{"@id":"https:\/\/peoplesphere.be\/fr\/#\/schema\/logo\/image\/"},"sameAs":["https:\/\/www.facebook.com\/peoplesphere","https:\/\/twitter.com\/PeoplesphereMag","https:\/\/www.linkedin.com\/company\/7587361?trk","http:\/\/youtube.com\/peoplesphere"]},{"@type":"Person","@id":"https:\/\/peoplesphere.be\/fr\/#\/schema\/person\/7976225ff17988604334abb7b3536a7e","name":"Jean-Paul Erhard","image":{"@type":"ImageObject","inLanguage":"fr-FR","@id":"https:\/\/peoplesphere.be\/fr\/#\/schema\/person\/image\/","url":"https:\/\/secure.gravatar.com\/avatar\/f941e681460179738071629a51574930?s=96&d=mm&r=g","contentUrl":"https:\/\/secure.gravatar.com\/avatar\/f941e681460179738071629a51574930?s=96&d=mm&r=g","caption":"Jean-Paul Erhard"},"url":"https:\/\/peoplesphere.be\/fr\/author\/jpe\/"}]}},"_links":{"self":[{"href":"https:\/\/peoplesphere.be\/fr\/wp-json\/wp\/v2\/posts\/12411"}],"collection":[{"href":"https:\/\/peoplesphere.be\/fr\/wp-json\/wp\/v2\/posts"}],"about":[{"href":"https:\/\/peoplesphere.be\/fr\/wp-json\/wp\/v2\/types\/post"}],"author":[{"embeddable":true,"href":"https:\/\/peoplesphere.be\/fr\/wp-json\/wp\/v2\/users\/2"}],"replies":[{"embeddable":true,"href":"https:\/\/peoplesphere.be\/fr\/wp-json\/wp\/v2\/comments?post=12411"}],"version-history":[{"count":1,"href":"https:\/\/peoplesphere.be\/fr\/wp-json\/wp\/v2\/posts\/12411\/revisions"}],"predecessor-version":[{"id":12412,"href":"https:\/\/peoplesphere.be\/fr\/wp-json\/wp\/v2\/posts\/12411\/revisions\/12412"}],"wp:attachment":[{"href":"https:\/\/peoplesphere.be\/fr\/wp-json\/wp\/v2\/media?parent=12411"}],"wp:term":[{"taxonomy":"category","embeddable":true,"href":"https:\/\/peoplesphere.be\/fr\/wp-json\/wp\/v2\/categories?post=12411"},{"taxonomy":"post_tag","embeddable":true,"href":"https:\/\/peoplesphere.be\/fr\/wp-json\/wp\/v2\/tags?post=12411"}],"curies":[{"name":"wp","href":"https:\/\/api.w.org\/{rel}","templated":true}]}}