









{"id":12428,"date":"2022-02-01T08:35:25","date_gmt":"2022-02-01T06:35:25","guid":{"rendered":"https:\/\/peoplesphere.be\/fr\/?p=12428"},"modified":"2022-02-01T08:35:25","modified_gmt":"2022-02-01T06:35:25","slug":"face-a-flambee-prix-de-lenergie-elements-package-de-remuneration-permettront-de-soutenir-pouvoir-dachat-travailleurs","status":"publish","type":"post","link":"https:\/\/peoplesphere.be\/fr\/face-a-flambee-prix-de-lenergie-elements-package-de-remuneration-permettront-de-soutenir-pouvoir-dachat-travailleurs\/","title":{"rendered":"Face \u00e0 la flamb\u00e9e des prix de l&rsquo;\u00e9nergie, quels sont les \u00e9l\u00e9ments du package de r\u00e9mun\u00e9ration qui permettront de soutenir le pouvoir d&rsquo;achat des travailleurs?"},"content":{"rendered":"<p>Face \u00e0 la flamb\u00e9e des prix de l&rsquo;\u00e9nergie et de la consommation, plus de la moiti\u00e9 des PME d\u00e9clarent que les ch\u00e8ques et les augmentations de salaire brut font la plus grande diff\u00e9rence pour leurs travailleurs. Pr\u00e8s de sept PME sur dix (68%) pensent que les travailleurs devraient \u00e9galement pouvoir utiliser leurs \u00e9co-ch\u00e8ques pour payer leur facture d&rsquo;\u00e9lectricit\u00e9. Seuls 13% sont en d\u00e9saccord (compl\u00e8tement ou plut\u00f4t). Les avis sont plus partag\u00e9s sur l&rsquo;augmentation du montant du ch\u00e8que-repas. N\u00e9anmoins, pr\u00e8s de la moiti\u00e9 des PME affirment ne pas avoir de marge budg\u00e9taire pour les extras.<!--more--><\/p>\n<p>D\u00e9but d\u00e9cembre, SD Worx a interrog\u00e9 661 chefs d&rsquo;entreprise et responsables du personnel de PME concernant le premier trimestre 2022.<br \/>\nL&rsquo;augmentation du salaire brut et les ch\u00e8ques sont les outils les plus populaires pour augmenter le pouvoir d&rsquo;achat (indiqu\u00e9s respectivement par 57% et 54% des r\u00e9pondants comme importants ou tr\u00e8s importants). Lorsqu&rsquo;on leur demande quels instruments de r\u00e9compense peuvent faire la diff\u00e9rence pour les employ\u00e9s des PME, les augmentations de salaire brut arrivent en t\u00eate, ainsi que les ch\u00e8ques. Seule une PME sur cinq les consid\u00e8re comme pas du tout ou pas tr\u00e8s importants. <em>\u00ab\u00a0Pr\u00e8s de sept entrepreneurs de PME sur dix sont favorables \u00e0 une application plus large des \u00e9co-ch\u00e8ques, comme l&rsquo;aide au paiement de la facture d&rsquo;\u00e9lectricit\u00e9. En d\u00e9finitive, les employeurs souhaitent que leurs employ\u00e9s r\u00e9alisent un gain net et voient leur pouvoir d&rsquo;achat augmenter. Les ch\u00e8ques-repas et les \u00e9co-ch\u00e8ques sont donc au m\u00eame niveau que l&rsquo;augmentation du salaire brut, sur laquelle nous payons plus d&rsquo;imp\u00f4ts. Les ch\u00e8ques-repas sont l&rsquo;avantage le plus courant, ce qui est bon pour le pouvoir d&rsquo;achat, mais l&rsquo;inconv\u00e9nient est que cela ne vous diff\u00e9rencie pas vraiment des autres employeurs<\/em>\u00ab\u00a0, explique Vassilios Skarlidis, Directeur r\u00e9gional PME chez SD Worx.<\/p>\n<p>Les allocations de mobilit\u00e9, les assurances, les primes et les indemnit\u00e9s forfaitaires arrivent en deuxi\u00e8me position et sont presque aussi importantes : elles sont indiqu\u00e9es comme (tr\u00e8s) importantse par pr\u00e8s de 37-40 % des PME.<\/p>\n<p><strong><em>Pr\u00e8s de la moiti\u00e9 des PME n&rsquo;ont pas de marge budg\u00e9taire pour des extras en 2022<\/em><\/strong><\/p>\n<p>Pr\u00e8s de la moiti\u00e9 des PME (46%) d\u00e9clarent ne pas avoir de marge budg\u00e9taire pour des extras l&rsquo;ann\u00e9e prochaine. Par ailleurs, pr\u00e8s de quatre PME sur dix (37%) estiment que les employ\u00e9s demandent une augmentation du montant des titres-repas. Un quart (23,6%) ne le pense pas.<\/p>\n<p>Vassilios Skarlidis de SD Worx : <em>\u00ab\u00a0Maintenant que les prix de l&rsquo;\u00e9nergie et de la consommation augmentent, nous sommes encore plus conscients que les ch\u00e8ques repas et les \u00e9co-ch\u00e8ques constituent un compl\u00e9ment important au salaire brut. Pr\u00e8s de sept PME sur dix pensent que les travailleurs devraient pouvoir payer leur \u00e9lectricit\u00e9 en partie avec des \u00e9co-ch\u00e8ques. Pr\u00e8s de quatre PME sur dix (37%) pensent effectivement que les salari\u00e9s demandent une augmentation du montant des titres-repas. M\u00eame si pr\u00e8s de la moiti\u00e9 des employeurs de PME d\u00e9clarent ne pas avoir de marge budg\u00e9taire pour des extras en 2022. Pr\u00e8s de quatre PME sur dix (37%) pensent que les travailleurs demanderont une augmentation du montant des ch\u00e8ques-repas.\u00a0\u00bb<\/em><\/p>\n<p>&nbsp;<\/p>\n<p><em>Source: pour ses pr\u00e9visions d\u2019emploi trimestrielles, SD\u202fWorx a interrog\u00e9 pour la 47e\u202ffois un nombre repr\u00e9sentatif de PME belges sur leurs attentes en mati\u00e8re d\u2019emploi. 661 entreprises de 1 \u00e0 250\u202ftravailleurs y ont particip\u00e9 entre fin novembre et d\u00e9bit d\u00e9camebre. Il s\u2019agit d\u2019une enqu\u00eate en ligne men\u00e9e aupr\u00e8s des PME en Belgique sur la base d\u2019un \u00e9chantillon repr\u00e9sentatif et par laquelle le bureau d\u2019\u00e9tudes CityD-WES s\u2019adresse aux personnes interrog\u00e9es par e-mail. L\u2019\u00e9tude est r\u00e9p\u00e9t\u00e9e tous les trimestres. La pond\u00e9ration se fait selon la r\u00e9gion et la taille de l\u2019organisation en fonction de la population des PME. Les r\u00e9sultats sont repr\u00e9sentatifs de l\u2019ensemble des PME en Belgique. La pond\u00e9ration est g\u00e9n\u00e9ralement largement inf\u00e9rieure \u00e0\u202f2, sauf pour les PME wallonnes (2,7). Pour l\u2019ensemble de l\u2019\u00e9chantillon, la marge d\u2019erreur est de 3,0% (intervalle de confiance de 95\u202f%).<\/em><\/p>\n","protected":false},"excerpt":{"rendered":"<p>Face \u00e0 la flamb\u00e9e des prix de l&rsquo;\u00e9nergie et de la consommation, plus de la moiti\u00e9 des PME d\u00e9clarent que les ch\u00e8ques et les augmentations de salaire brut font la plus grande diff\u00e9rence pour leurs travailleurs. Pr\u00e8s de sept PME [&hellip;]<\/p>\n","protected":false},"author":2,"featured_media":0,"comment_status":"closed","ping_status":"open","sticky":false,"template":"","format":"standard","meta":[],"categories":[65,10],"tags":[581,148,374],"yoast_head":"<!-- This site is optimized with the Yoast SEO plugin v21.0 - https:\/\/yoast.com\/wordpress\/plugins\/seo\/ -->\n<title>Face \u00e0 la flamb\u00e9e des prix de l&#039;\u00e9nergie, quels sont les \u00e9l\u00e9ments du package de r\u00e9mun\u00e9ration qui permettront de soutenir le pouvoir d&#039;achat des travailleurs? - Peoplesphere<\/title>\n<meta name=\"robots\" content=\"index, follow, max-snippet:-1, max-image-preview:large, max-video-preview:-1\" \/>\n<link rel=\"canonical\" href=\"https:\/\/peoplesphere.be\/fr\/face-a-flambee-prix-de-lenergie-elements-package-de-remuneration-permettront-de-soutenir-pouvoir-dachat-travailleurs\/\" \/>\n<meta property=\"og:locale\" content=\"fr_FR\" \/>\n<meta property=\"og:type\" content=\"article\" \/>\n<meta property=\"og:title\" content=\"Face \u00e0 la flamb\u00e9e des prix de l&#039;\u00e9nergie, quels sont les \u00e9l\u00e9ments du package de r\u00e9mun\u00e9ration qui permettront de soutenir le pouvoir d&#039;achat des travailleurs? - Peoplesphere\" \/>\n<meta property=\"og:description\" content=\"Face \u00e0 la flamb\u00e9e des prix de l&rsquo;\u00e9nergie et de la consommation, plus de la moiti\u00e9 des PME d\u00e9clarent que les ch\u00e8ques et les augmentations de salaire brut font la plus grande diff\u00e9rence pour leurs travailleurs. Pr\u00e8s de sept PME [&hellip;]\" \/>\n<meta property=\"og:url\" content=\"https:\/\/peoplesphere.be\/fr\/face-a-flambee-prix-de-lenergie-elements-package-de-remuneration-permettront-de-soutenir-pouvoir-dachat-travailleurs\/\" \/>\n<meta property=\"og:site_name\" content=\"Peoplesphere\" \/>\n<meta property=\"article:publisher\" content=\"https:\/\/www.facebook.com\/peoplesphere\" \/>\n<meta property=\"article:published_time\" content=\"2022-02-01T06:35:25+00:00\" \/>\n<meta property=\"og:image\" content=\"http:\/\/www.peoplesphere.be\/fr\/wp-content\/uploads\/2016\/07\/facebook-default-posting-1200x628px.jpg\" \/>\n<meta name=\"author\" content=\"Jean-Paul Erhard\" \/>\n<meta name=\"twitter:card\" content=\"summary_large_image\" \/>\n<meta name=\"twitter:creator\" content=\"@PeoplesphereMag\" \/>\n<meta name=\"twitter:site\" content=\"@PeoplesphereMag\" \/>\n<meta name=\"twitter:label1\" content=\"\u00c9crit par\" \/>\n\t<meta name=\"twitter:data1\" content=\"Jean-Paul Erhard\" \/>\n\t<meta name=\"twitter:label2\" content=\"Dur\u00e9e de lecture estim\u00e9e\" \/>\n\t<meta name=\"twitter:data2\" content=\"4 minutes\" \/>\n<script type=\"application\/ld+json\" class=\"yoast-schema-graph\">{\"@context\":\"https:\/\/schema.org\",\"@graph\":[{\"@type\":\"Article\",\"@id\":\"https:\/\/peoplesphere.be\/fr\/face-a-flambee-prix-de-lenergie-elements-package-de-remuneration-permettront-de-soutenir-pouvoir-dachat-travailleurs\/#article\",\"isPartOf\":{\"@id\":\"https:\/\/peoplesphere.be\/fr\/face-a-flambee-prix-de-lenergie-elements-package-de-remuneration-permettront-de-soutenir-pouvoir-dachat-travailleurs\/\"},\"author\":{\"name\":\"Jean-Paul Erhard\",\"@id\":\"https:\/\/peoplesphere.be\/fr\/#\/schema\/person\/7976225ff17988604334abb7b3536a7e\"},\"headline\":\"Face \u00e0 la flamb\u00e9e des prix de l&rsquo;\u00e9nergie, quels sont les \u00e9l\u00e9ments du package de r\u00e9mun\u00e9ration qui permettront de soutenir le pouvoir d&rsquo;achat des travailleurs?\",\"datePublished\":\"2022-02-01T06:35:25+00:00\",\"dateModified\":\"2022-02-01T06:35:25+00:00\",\"mainEntityOfPage\":{\"@id\":\"https:\/\/peoplesphere.be\/fr\/face-a-flambee-prix-de-lenergie-elements-package-de-remuneration-permettront-de-soutenir-pouvoir-dachat-travailleurs\/\"},\"wordCount\":745,\"publisher\":{\"@id\":\"https:\/\/peoplesphere.be\/fr\/#organization\"},\"keywords\":[\"\u00e9co-ch\u00e8ques\",\"pouvoir d'achat\",\"r\u00e9mun\u00e9rations\"],\"articleSection\":[\"Actualit\u00e9s\",\"Digital\"],\"inLanguage\":\"fr-FR\"},{\"@type\":\"WebPage\",\"@id\":\"https:\/\/peoplesphere.be\/fr\/face-a-flambee-prix-de-lenergie-elements-package-de-remuneration-permettront-de-soutenir-pouvoir-dachat-travailleurs\/\",\"url\":\"https:\/\/peoplesphere.be\/fr\/face-a-flambee-prix-de-lenergie-elements-package-de-remuneration-permettront-de-soutenir-pouvoir-dachat-travailleurs\/\",\"name\":\"Face \u00e0 la flamb\u00e9e des prix de l'\u00e9nergie, quels sont les \u00e9l\u00e9ments du package de r\u00e9mun\u00e9ration qui permettront de soutenir le pouvoir d'achat des travailleurs? - Peoplesphere\",\"isPartOf\":{\"@id\":\"https:\/\/peoplesphere.be\/fr\/#website\"},\"datePublished\":\"2022-02-01T06:35:25+00:00\",\"dateModified\":\"2022-02-01T06:35:25+00:00\",\"breadcrumb\":{\"@id\":\"https:\/\/peoplesphere.be\/fr\/face-a-flambee-prix-de-lenergie-elements-package-de-remuneration-permettront-de-soutenir-pouvoir-dachat-travailleurs\/#breadcrumb\"},\"inLanguage\":\"fr-FR\",\"potentialAction\":[{\"@type\":\"ReadAction\",\"target\":[\"https:\/\/peoplesphere.be\/fr\/face-a-flambee-prix-de-lenergie-elements-package-de-remuneration-permettront-de-soutenir-pouvoir-dachat-travailleurs\/\"]}]},{\"@type\":\"BreadcrumbList\",\"@id\":\"https:\/\/peoplesphere.be\/fr\/face-a-flambee-prix-de-lenergie-elements-package-de-remuneration-permettront-de-soutenir-pouvoir-dachat-travailleurs\/#breadcrumb\",\"itemListElement\":[{\"@type\":\"ListItem\",\"position\":1,\"name\":\"Accueil\",\"item\":\"https:\/\/peoplesphere.be\/fr\/\"},{\"@type\":\"ListItem\",\"position\":2,\"name\":\"Face \u00e0 la flamb\u00e9e des prix de l&rsquo;\u00e9nergie, quels sont les \u00e9l\u00e9ments du package de r\u00e9mun\u00e9ration qui permettront de soutenir le pouvoir d&rsquo;achat des travailleurs?\"}]},{\"@type\":\"WebSite\",\"@id\":\"https:\/\/peoplesphere.be\/fr\/#website\",\"url\":\"https:\/\/peoplesphere.be\/fr\/\",\"name\":\"Peoplesphere\",\"description\":\"The People Managers Magazine\",\"publisher\":{\"@id\":\"https:\/\/peoplesphere.be\/fr\/#organization\"},\"potentialAction\":[{\"@type\":\"SearchAction\",\"target\":{\"@type\":\"EntryPoint\",\"urlTemplate\":\"https:\/\/peoplesphere.be\/fr\/?s={search_term_string}\"},\"query-input\":\"required name=search_term_string\"}],\"inLanguage\":\"fr-FR\"},{\"@type\":\"Organization\",\"@id\":\"https:\/\/peoplesphere.be\/fr\/#organization\",\"name\":\"Peoplesphere Company srl\",\"url\":\"https:\/\/peoplesphere.be\/fr\/\",\"logo\":{\"@type\":\"ImageObject\",\"inLanguage\":\"fr-FR\",\"@id\":\"https:\/\/peoplesphere.be\/fr\/#\/schema\/logo\/image\/\",\"url\":\"https:\/\/peoplesphere.be\/fr\/wp-content\/uploads\/2023\/07\/peoplesphere-lgo-new-generik.jpg\",\"contentUrl\":\"https:\/\/peoplesphere.be\/fr\/wp-content\/uploads\/2023\/07\/peoplesphere-lgo-new-generik.jpg\",\"width\":1031,\"height\":1479,\"caption\":\"Peoplesphere Company srl\"},\"image\":{\"@id\":\"https:\/\/peoplesphere.be\/fr\/#\/schema\/logo\/image\/\"},\"sameAs\":[\"https:\/\/www.facebook.com\/peoplesphere\",\"https:\/\/twitter.com\/PeoplesphereMag\",\"https:\/\/www.linkedin.com\/company\/7587361?trk\",\"http:\/\/youtube.com\/peoplesphere\"]},{\"@type\":\"Person\",\"@id\":\"https:\/\/peoplesphere.be\/fr\/#\/schema\/person\/7976225ff17988604334abb7b3536a7e\",\"name\":\"Jean-Paul Erhard\",\"image\":{\"@type\":\"ImageObject\",\"inLanguage\":\"fr-FR\",\"@id\":\"https:\/\/peoplesphere.be\/fr\/#\/schema\/person\/image\/\",\"url\":\"https:\/\/secure.gravatar.com\/avatar\/f941e681460179738071629a51574930?s=96&d=mm&r=g\",\"contentUrl\":\"https:\/\/secure.gravatar.com\/avatar\/f941e681460179738071629a51574930?s=96&d=mm&r=g\",\"caption\":\"Jean-Paul Erhard\"},\"url\":\"https:\/\/peoplesphere.be\/fr\/author\/jpe\/\"}]}<\/script>\n<!-- \/ Yoast SEO plugin. -->","yoast_head_json":{"title":"Face \u00e0 la flamb\u00e9e des prix de l'\u00e9nergie, quels sont les \u00e9l\u00e9ments du package de r\u00e9mun\u00e9ration qui permettront de soutenir le pouvoir d'achat des travailleurs? - Peoplesphere","robots":{"index":"index","follow":"follow","max-snippet":"max-snippet:-1","max-image-preview":"max-image-preview:large","max-video-preview":"max-video-preview:-1"},"canonical":"https:\/\/peoplesphere.be\/fr\/face-a-flambee-prix-de-lenergie-elements-package-de-remuneration-permettront-de-soutenir-pouvoir-dachat-travailleurs\/","og_locale":"fr_FR","og_type":"article","og_title":"Face \u00e0 la flamb\u00e9e des prix de l'\u00e9nergie, quels sont les \u00e9l\u00e9ments du package de r\u00e9mun\u00e9ration qui permettront de soutenir le pouvoir d'achat des travailleurs? - Peoplesphere","og_description":"Face \u00e0 la flamb\u00e9e des prix de l&rsquo;\u00e9nergie et de la consommation, plus de la moiti\u00e9 des PME d\u00e9clarent que les ch\u00e8ques et les augmentations de salaire brut font la plus grande diff\u00e9rence pour leurs travailleurs. Pr\u00e8s de sept PME [&hellip;]","og_url":"https:\/\/peoplesphere.be\/fr\/face-a-flambee-prix-de-lenergie-elements-package-de-remuneration-permettront-de-soutenir-pouvoir-dachat-travailleurs\/","og_site_name":"Peoplesphere","article_publisher":"https:\/\/www.facebook.com\/peoplesphere","article_published_time":"2022-02-01T06:35:25+00:00","og_image":[{"url":"http:\/\/www.peoplesphere.be\/fr\/wp-content\/uploads\/2016\/07\/facebook-default-posting-1200x628px.jpg"}],"author":"Jean-Paul Erhard","twitter_card":"summary_large_image","twitter_creator":"@PeoplesphereMag","twitter_site":"@PeoplesphereMag","twitter_misc":{"\u00c9crit par":"Jean-Paul Erhard","Dur\u00e9e de lecture estim\u00e9e":"4 minutes"},"schema":{"@context":"https:\/\/schema.org","@graph":[{"@type":"Article","@id":"https:\/\/peoplesphere.be\/fr\/face-a-flambee-prix-de-lenergie-elements-package-de-remuneration-permettront-de-soutenir-pouvoir-dachat-travailleurs\/#article","isPartOf":{"@id":"https:\/\/peoplesphere.be\/fr\/face-a-flambee-prix-de-lenergie-elements-package-de-remuneration-permettront-de-soutenir-pouvoir-dachat-travailleurs\/"},"author":{"name":"Jean-Paul Erhard","@id":"https:\/\/peoplesphere.be\/fr\/#\/schema\/person\/7976225ff17988604334abb7b3536a7e"},"headline":"Face \u00e0 la flamb\u00e9e des prix de l&rsquo;\u00e9nergie, quels sont les \u00e9l\u00e9ments du package de r\u00e9mun\u00e9ration qui permettront de soutenir le pouvoir d&rsquo;achat des travailleurs?","datePublished":"2022-02-01T06:35:25+00:00","dateModified":"2022-02-01T06:35:25+00:00","mainEntityOfPage":{"@id":"https:\/\/peoplesphere.be\/fr\/face-a-flambee-prix-de-lenergie-elements-package-de-remuneration-permettront-de-soutenir-pouvoir-dachat-travailleurs\/"},"wordCount":745,"publisher":{"@id":"https:\/\/peoplesphere.be\/fr\/#organization"},"keywords":["\u00e9co-ch\u00e8ques","pouvoir d'achat","r\u00e9mun\u00e9rations"],"articleSection":["Actualit\u00e9s","Digital"],"inLanguage":"fr-FR"},{"@type":"WebPage","@id":"https:\/\/peoplesphere.be\/fr\/face-a-flambee-prix-de-lenergie-elements-package-de-remuneration-permettront-de-soutenir-pouvoir-dachat-travailleurs\/","url":"https:\/\/peoplesphere.be\/fr\/face-a-flambee-prix-de-lenergie-elements-package-de-remuneration-permettront-de-soutenir-pouvoir-dachat-travailleurs\/","name":"Face \u00e0 la flamb\u00e9e des prix de l'\u00e9nergie, quels sont les \u00e9l\u00e9ments du package de r\u00e9mun\u00e9ration qui permettront de soutenir le pouvoir d'achat des travailleurs? - Peoplesphere","isPartOf":{"@id":"https:\/\/peoplesphere.be\/fr\/#website"},"datePublished":"2022-02-01T06:35:25+00:00","dateModified":"2022-02-01T06:35:25+00:00","breadcrumb":{"@id":"https:\/\/peoplesphere.be\/fr\/face-a-flambee-prix-de-lenergie-elements-package-de-remuneration-permettront-de-soutenir-pouvoir-dachat-travailleurs\/#breadcrumb"},"inLanguage":"fr-FR","potentialAction":[{"@type":"ReadAction","target":["https:\/\/peoplesphere.be\/fr\/face-a-flambee-prix-de-lenergie-elements-package-de-remuneration-permettront-de-soutenir-pouvoir-dachat-travailleurs\/"]}]},{"@type":"BreadcrumbList","@id":"https:\/\/peoplesphere.be\/fr\/face-a-flambee-prix-de-lenergie-elements-package-de-remuneration-permettront-de-soutenir-pouvoir-dachat-travailleurs\/#breadcrumb","itemListElement":[{"@type":"ListItem","position":1,"name":"Accueil","item":"https:\/\/peoplesphere.be\/fr\/"},{"@type":"ListItem","position":2,"name":"Face \u00e0 la flamb\u00e9e des prix de l&rsquo;\u00e9nergie, quels sont les \u00e9l\u00e9ments du package de r\u00e9mun\u00e9ration qui permettront de soutenir le pouvoir d&rsquo;achat des travailleurs?"}]},{"@type":"WebSite","@id":"https:\/\/peoplesphere.be\/fr\/#website","url":"https:\/\/peoplesphere.be\/fr\/","name":"Peoplesphere","description":"The People Managers Magazine","publisher":{"@id":"https:\/\/peoplesphere.be\/fr\/#organization"},"potentialAction":[{"@type":"SearchAction","target":{"@type":"EntryPoint","urlTemplate":"https:\/\/peoplesphere.be\/fr\/?s={search_term_string}"},"query-input":"required name=search_term_string"}],"inLanguage":"fr-FR"},{"@type":"Organization","@id":"https:\/\/peoplesphere.be\/fr\/#organization","name":"Peoplesphere Company srl","url":"https:\/\/peoplesphere.be\/fr\/","logo":{"@type":"ImageObject","inLanguage":"fr-FR","@id":"https:\/\/peoplesphere.be\/fr\/#\/schema\/logo\/image\/","url":"https:\/\/peoplesphere.be\/fr\/wp-content\/uploads\/2023\/07\/peoplesphere-lgo-new-generik.jpg","contentUrl":"https:\/\/peoplesphere.be\/fr\/wp-content\/uploads\/2023\/07\/peoplesphere-lgo-new-generik.jpg","width":1031,"height":1479,"caption":"Peoplesphere Company srl"},"image":{"@id":"https:\/\/peoplesphere.be\/fr\/#\/schema\/logo\/image\/"},"sameAs":["https:\/\/www.facebook.com\/peoplesphere","https:\/\/twitter.com\/PeoplesphereMag","https:\/\/www.linkedin.com\/company\/7587361?trk","http:\/\/youtube.com\/peoplesphere"]},{"@type":"Person","@id":"https:\/\/peoplesphere.be\/fr\/#\/schema\/person\/7976225ff17988604334abb7b3536a7e","name":"Jean-Paul Erhard","image":{"@type":"ImageObject","inLanguage":"fr-FR","@id":"https:\/\/peoplesphere.be\/fr\/#\/schema\/person\/image\/","url":"https:\/\/secure.gravatar.com\/avatar\/f941e681460179738071629a51574930?s=96&d=mm&r=g","contentUrl":"https:\/\/secure.gravatar.com\/avatar\/f941e681460179738071629a51574930?s=96&d=mm&r=g","caption":"Jean-Paul Erhard"},"url":"https:\/\/peoplesphere.be\/fr\/author\/jpe\/"}]}},"_links":{"self":[{"href":"https:\/\/peoplesphere.be\/fr\/wp-json\/wp\/v2\/posts\/12428"}],"collection":[{"href":"https:\/\/peoplesphere.be\/fr\/wp-json\/wp\/v2\/posts"}],"about":[{"href":"https:\/\/peoplesphere.be\/fr\/wp-json\/wp\/v2\/types\/post"}],"author":[{"embeddable":true,"href":"https:\/\/peoplesphere.be\/fr\/wp-json\/wp\/v2\/users\/2"}],"replies":[{"embeddable":true,"href":"https:\/\/peoplesphere.be\/fr\/wp-json\/wp\/v2\/comments?post=12428"}],"version-history":[{"count":1,"href":"https:\/\/peoplesphere.be\/fr\/wp-json\/wp\/v2\/posts\/12428\/revisions"}],"predecessor-version":[{"id":12429,"href":"https:\/\/peoplesphere.be\/fr\/wp-json\/wp\/v2\/posts\/12428\/revisions\/12429"}],"wp:attachment":[{"href":"https:\/\/peoplesphere.be\/fr\/wp-json\/wp\/v2\/media?parent=12428"}],"wp:term":[{"taxonomy":"category","embeddable":true,"href":"https:\/\/peoplesphere.be\/fr\/wp-json\/wp\/v2\/categories?post=12428"},{"taxonomy":"post_tag","embeddable":true,"href":"https:\/\/peoplesphere.be\/fr\/wp-json\/wp\/v2\/tags?post=12428"}],"curies":[{"name":"wp","href":"https:\/\/api.w.org\/{rel}","templated":true}]}}