









{"id":1244,"date":"2013-08-12T10:50:31","date_gmt":"2013-08-12T08:50:31","guid":{"rendered":"http:\/\/www.peoplesphere.be\/wp\/?p=1244"},"modified":"2015-07-28T10:59:43","modified_gmt":"2015-07-28T08:59:43","slug":"competences-crustaces-la-fin-des-vacances","status":"publish","type":"post","link":"https:\/\/peoplesphere.be\/fr\/competences-crustaces-la-fin-des-vacances\/","title":{"rendered":"Comp\u00e9tences &#038; Crustac\u00e9s (la fin des vacances\u2026)"},"content":{"rendered":"<p>Naaan, ce n\u2019est pas un billet d\u2019humeur avant l\u2019heure (fin du mois, pas avant et cela reste impossible d\u2019allumer le moteur avant\u2026). Petit point de situation parce que lundi prochain, vous allez pour la GRANDE majorit\u00e9 d\u2019entre vous rentrer de vacances et red\u00e9marrer un nouveau cycle prometteur.<!--more--><br \/>\nAlors, ces vacances ? En avez-vous profit\u00e9 pour faire le point? Priv\u00e9\/professionnel\u2026 physique\/\u00e9motionnel\u2026 pratique\/relationnel\u2026 Ces p\u00e9riodes de pause nous incitent souvent \u00e0 questionner nos capacit\u00e9s et comp\u00e9tences et \u00e0 introduire le DOUTE dans notre quotidien. Vous y avez c\u00e9d\u00e9 une fois de plus ?<br \/>\nIl faut donc vous rassurer ! Vous n\u2019\u00eates pas devenus obsol\u00e8tes en quelques semaines. Vous ne vous inqui\u00e9tez pas : vos comp\u00e9tences sont toujours bien l\u00e0, m\u00eame si elles sont chaque jour un peu moins pertinentes\u2026<\/p>\n<p>A l\u2019heure de la reprise, vous doutez (un peu) donc ? Tant mieux ! Le doute est un formidable moteur. Et de citer Galil\u00e9e : \u201cLe doute est p\u00e8re de la cr\u00e9ation\u201d.<br \/>\nBien s\u00fbr, une horde de jeunes loups et de donzelles fra\u00eechement dipl\u00f4m\u00e9s vient d\u2019entrer fi\u00e8rement sur le march\u00e9 de l\u2019emploi. Ils\/elles n\u2019ont peur de rien. Audace, insouciance, absence de responsabilit\u00e9 sont \u00e0 eux\/elles. Ils ne doutent pas. Mais\u2026 Oui, il y a un mais\u2026<br \/>\nIls\/elles ne connaissent malheureusement pas le respect (ni Frank Sinatra d\u2019ailleurs, les pleutres), ne ma\u00eetrisent ni l\u2019\u00e9l\u00e9gance ni la discr\u00e9tion (question d\u2019exp\u00e9rience) et surtout\u2026 n\u2019ont pas encore v\u00e9cu leurs premi\u00e8res vacances venues couronner une ann\u00e9e de dur labeur et leur permettant de d\u00e9couvrir le doute, ce formidable moteur donc. Les pauvres !<\/p>\n<p>Il va falloir que nous leur apprenions \u00e0 douter\u2026 Un joli d\u00e9fi.<br \/>\nA tr\u00e8s vite !<\/p>\n<p>Jean-Paul ERHARD<\/p>\n","protected":false},"excerpt":{"rendered":"<p>Naaan, ce n\u2019est pas un billet d\u2019humeur avant l\u2019heure (fin du mois, pas avant et cela reste impossible d\u2019allumer le moteur avant\u2026). Petit point de situation parce que lundi prochain, vous allez pour la GRANDE majorit\u00e9 d\u2019entre vous rentrer de [&hellip;]<\/p>\n","protected":false},"author":2,"featured_media":0,"comment_status":"closed","ping_status":"open","sticky":false,"template":"","format":"standard","meta":[],"categories":[65,10],"tags":[80],"yoast_head":"<!-- This site is optimized with the Yoast SEO plugin v21.0 - https:\/\/yoast.com\/wordpress\/plugins\/seo\/ -->\n<title>Comp\u00e9tences &amp; Crustac\u00e9s (la fin des vacances\u2026) - Peoplesphere<\/title>\n<meta name=\"robots\" content=\"index, follow, max-snippet:-1, max-image-preview:large, max-video-preview:-1\" \/>\n<link rel=\"canonical\" href=\"https:\/\/peoplesphere.be\/fr\/competences-crustaces-la-fin-des-vacances\/\" \/>\n<meta property=\"og:locale\" content=\"fr_FR\" \/>\n<meta property=\"og:type\" content=\"article\" \/>\n<meta property=\"og:title\" content=\"Comp\u00e9tences &amp; Crustac\u00e9s (la fin des vacances\u2026) - Peoplesphere\" \/>\n<meta property=\"og:description\" content=\"Naaan, ce n\u2019est pas un billet d\u2019humeur avant l\u2019heure (fin du mois, pas avant et cela reste impossible d\u2019allumer le moteur avant\u2026). Petit point de situation parce que lundi prochain, vous allez pour la GRANDE majorit\u00e9 d\u2019entre vous rentrer de [&hellip;]\" \/>\n<meta property=\"og:url\" content=\"https:\/\/peoplesphere.be\/fr\/competences-crustaces-la-fin-des-vacances\/\" \/>\n<meta property=\"og:site_name\" content=\"Peoplesphere\" \/>\n<meta property=\"article:publisher\" content=\"https:\/\/www.facebook.com\/peoplesphere\" \/>\n<meta property=\"article:published_time\" content=\"2013-08-12T08:50:31+00:00\" \/>\n<meta property=\"article:modified_time\" content=\"2015-07-28T08:59:43+00:00\" \/>\n<meta property=\"og:image\" content=\"http:\/\/www.peoplesphere.be\/fr\/wp-content\/uploads\/2016\/07\/facebook-default-posting-1200x628px.jpg\" \/>\n<meta name=\"author\" content=\"Jean-Paul Erhard\" \/>\n<meta name=\"twitter:card\" content=\"summary_large_image\" \/>\n<meta name=\"twitter:creator\" content=\"@PeoplesphereMag\" \/>\n<meta name=\"twitter:site\" content=\"@PeoplesphereMag\" \/>\n<meta name=\"twitter:label1\" content=\"\u00c9crit par\" \/>\n\t<meta name=\"twitter:data1\" content=\"Jean-Paul Erhard\" \/>\n\t<meta name=\"twitter:label2\" content=\"Dur\u00e9e de lecture estim\u00e9e\" \/>\n\t<meta name=\"twitter:data2\" content=\"2 minutes\" \/>\n<script type=\"application\/ld+json\" class=\"yoast-schema-graph\">{\"@context\":\"https:\/\/schema.org\",\"@graph\":[{\"@type\":\"Article\",\"@id\":\"https:\/\/peoplesphere.be\/fr\/competences-crustaces-la-fin-des-vacances\/#article\",\"isPartOf\":{\"@id\":\"https:\/\/peoplesphere.be\/fr\/competences-crustaces-la-fin-des-vacances\/\"},\"author\":{\"name\":\"Jean-Paul Erhard\",\"@id\":\"https:\/\/peoplesphere.be\/fr\/#\/schema\/person\/7976225ff17988604334abb7b3536a7e\"},\"headline\":\"Comp\u00e9tences &#038; Crustac\u00e9s (la fin des vacances\u2026)\",\"datePublished\":\"2013-08-12T08:50:31+00:00\",\"dateModified\":\"2015-07-28T08:59:43+00:00\",\"mainEntityOfPage\":{\"@id\":\"https:\/\/peoplesphere.be\/fr\/competences-crustaces-la-fin-des-vacances\/\"},\"wordCount\":315,\"publisher\":{\"@id\":\"https:\/\/peoplesphere.be\/fr\/#organization\"},\"keywords\":[\"humeur; vacances; jeunes\"],\"articleSection\":[\"Actualit\u00e9s\",\"Digital\"],\"inLanguage\":\"fr-FR\"},{\"@type\":\"WebPage\",\"@id\":\"https:\/\/peoplesphere.be\/fr\/competences-crustaces-la-fin-des-vacances\/\",\"url\":\"https:\/\/peoplesphere.be\/fr\/competences-crustaces-la-fin-des-vacances\/\",\"name\":\"Comp\u00e9tences & Crustac\u00e9s (la fin des vacances\u2026) - Peoplesphere\",\"isPartOf\":{\"@id\":\"https:\/\/peoplesphere.be\/fr\/#website\"},\"datePublished\":\"2013-08-12T08:50:31+00:00\",\"dateModified\":\"2015-07-28T08:59:43+00:00\",\"breadcrumb\":{\"@id\":\"https:\/\/peoplesphere.be\/fr\/competences-crustaces-la-fin-des-vacances\/#breadcrumb\"},\"inLanguage\":\"fr-FR\",\"potentialAction\":[{\"@type\":\"ReadAction\",\"target\":[\"https:\/\/peoplesphere.be\/fr\/competences-crustaces-la-fin-des-vacances\/\"]}]},{\"@type\":\"BreadcrumbList\",\"@id\":\"https:\/\/peoplesphere.be\/fr\/competences-crustaces-la-fin-des-vacances\/#breadcrumb\",\"itemListElement\":[{\"@type\":\"ListItem\",\"position\":1,\"name\":\"Accueil\",\"item\":\"https:\/\/peoplesphere.be\/fr\/\"},{\"@type\":\"ListItem\",\"position\":2,\"name\":\"Comp\u00e9tences &#038; Crustac\u00e9s (la fin des vacances\u2026)\"}]},{\"@type\":\"WebSite\",\"@id\":\"https:\/\/peoplesphere.be\/fr\/#website\",\"url\":\"https:\/\/peoplesphere.be\/fr\/\",\"name\":\"Peoplesphere\",\"description\":\"The People Managers Magazine\",\"publisher\":{\"@id\":\"https:\/\/peoplesphere.be\/fr\/#organization\"},\"potentialAction\":[{\"@type\":\"SearchAction\",\"target\":{\"@type\":\"EntryPoint\",\"urlTemplate\":\"https:\/\/peoplesphere.be\/fr\/?s={search_term_string}\"},\"query-input\":\"required name=search_term_string\"}],\"inLanguage\":\"fr-FR\"},{\"@type\":\"Organization\",\"@id\":\"https:\/\/peoplesphere.be\/fr\/#organization\",\"name\":\"Peoplesphere Company srl\",\"url\":\"https:\/\/peoplesphere.be\/fr\/\",\"logo\":{\"@type\":\"ImageObject\",\"inLanguage\":\"fr-FR\",\"@id\":\"https:\/\/peoplesphere.be\/fr\/#\/schema\/logo\/image\/\",\"url\":\"https:\/\/peoplesphere.be\/fr\/wp-content\/uploads\/2023\/07\/peoplesphere-lgo-new-generik.jpg\",\"contentUrl\":\"https:\/\/peoplesphere.be\/fr\/wp-content\/uploads\/2023\/07\/peoplesphere-lgo-new-generik.jpg\",\"width\":1031,\"height\":1479,\"caption\":\"Peoplesphere Company srl\"},\"image\":{\"@id\":\"https:\/\/peoplesphere.be\/fr\/#\/schema\/logo\/image\/\"},\"sameAs\":[\"https:\/\/www.facebook.com\/peoplesphere\",\"https:\/\/twitter.com\/PeoplesphereMag\",\"https:\/\/www.linkedin.com\/company\/7587361?trk\",\"http:\/\/youtube.com\/peoplesphere\"]},{\"@type\":\"Person\",\"@id\":\"https:\/\/peoplesphere.be\/fr\/#\/schema\/person\/7976225ff17988604334abb7b3536a7e\",\"name\":\"Jean-Paul Erhard\",\"image\":{\"@type\":\"ImageObject\",\"inLanguage\":\"fr-FR\",\"@id\":\"https:\/\/peoplesphere.be\/fr\/#\/schema\/person\/image\/\",\"url\":\"https:\/\/secure.gravatar.com\/avatar\/f941e681460179738071629a51574930?s=96&d=mm&r=g\",\"contentUrl\":\"https:\/\/secure.gravatar.com\/avatar\/f941e681460179738071629a51574930?s=96&d=mm&r=g\",\"caption\":\"Jean-Paul Erhard\"},\"url\":\"https:\/\/peoplesphere.be\/fr\/author\/jpe\/\"}]}<\/script>\n<!-- \/ Yoast SEO plugin. -->","yoast_head_json":{"title":"Comp\u00e9tences & Crustac\u00e9s (la fin des vacances\u2026) - Peoplesphere","robots":{"index":"index","follow":"follow","max-snippet":"max-snippet:-1","max-image-preview":"max-image-preview:large","max-video-preview":"max-video-preview:-1"},"canonical":"https:\/\/peoplesphere.be\/fr\/competences-crustaces-la-fin-des-vacances\/","og_locale":"fr_FR","og_type":"article","og_title":"Comp\u00e9tences & Crustac\u00e9s (la fin des vacances\u2026) - Peoplesphere","og_description":"Naaan, ce n\u2019est pas un billet d\u2019humeur avant l\u2019heure (fin du mois, pas avant et cela reste impossible d\u2019allumer le moteur avant\u2026). Petit point de situation parce que lundi prochain, vous allez pour la GRANDE majorit\u00e9 d\u2019entre vous rentrer de [&hellip;]","og_url":"https:\/\/peoplesphere.be\/fr\/competences-crustaces-la-fin-des-vacances\/","og_site_name":"Peoplesphere","article_publisher":"https:\/\/www.facebook.com\/peoplesphere","article_published_time":"2013-08-12T08:50:31+00:00","article_modified_time":"2015-07-28T08:59:43+00:00","og_image":[{"url":"http:\/\/www.peoplesphere.be\/fr\/wp-content\/uploads\/2016\/07\/facebook-default-posting-1200x628px.jpg"}],"author":"Jean-Paul Erhard","twitter_card":"summary_large_image","twitter_creator":"@PeoplesphereMag","twitter_site":"@PeoplesphereMag","twitter_misc":{"\u00c9crit par":"Jean-Paul Erhard","Dur\u00e9e de lecture estim\u00e9e":"2 minutes"},"schema":{"@context":"https:\/\/schema.org","@graph":[{"@type":"Article","@id":"https:\/\/peoplesphere.be\/fr\/competences-crustaces-la-fin-des-vacances\/#article","isPartOf":{"@id":"https:\/\/peoplesphere.be\/fr\/competences-crustaces-la-fin-des-vacances\/"},"author":{"name":"Jean-Paul Erhard","@id":"https:\/\/peoplesphere.be\/fr\/#\/schema\/person\/7976225ff17988604334abb7b3536a7e"},"headline":"Comp\u00e9tences &#038; Crustac\u00e9s (la fin des vacances\u2026)","datePublished":"2013-08-12T08:50:31+00:00","dateModified":"2015-07-28T08:59:43+00:00","mainEntityOfPage":{"@id":"https:\/\/peoplesphere.be\/fr\/competences-crustaces-la-fin-des-vacances\/"},"wordCount":315,"publisher":{"@id":"https:\/\/peoplesphere.be\/fr\/#organization"},"keywords":["humeur; vacances; jeunes"],"articleSection":["Actualit\u00e9s","Digital"],"inLanguage":"fr-FR"},{"@type":"WebPage","@id":"https:\/\/peoplesphere.be\/fr\/competences-crustaces-la-fin-des-vacances\/","url":"https:\/\/peoplesphere.be\/fr\/competences-crustaces-la-fin-des-vacances\/","name":"Comp\u00e9tences & Crustac\u00e9s (la fin des vacances\u2026) - Peoplesphere","isPartOf":{"@id":"https:\/\/peoplesphere.be\/fr\/#website"},"datePublished":"2013-08-12T08:50:31+00:00","dateModified":"2015-07-28T08:59:43+00:00","breadcrumb":{"@id":"https:\/\/peoplesphere.be\/fr\/competences-crustaces-la-fin-des-vacances\/#breadcrumb"},"inLanguage":"fr-FR","potentialAction":[{"@type":"ReadAction","target":["https:\/\/peoplesphere.be\/fr\/competences-crustaces-la-fin-des-vacances\/"]}]},{"@type":"BreadcrumbList","@id":"https:\/\/peoplesphere.be\/fr\/competences-crustaces-la-fin-des-vacances\/#breadcrumb","itemListElement":[{"@type":"ListItem","position":1,"name":"Accueil","item":"https:\/\/peoplesphere.be\/fr\/"},{"@type":"ListItem","position":2,"name":"Comp\u00e9tences &#038; Crustac\u00e9s (la fin des vacances\u2026)"}]},{"@type":"WebSite","@id":"https:\/\/peoplesphere.be\/fr\/#website","url":"https:\/\/peoplesphere.be\/fr\/","name":"Peoplesphere","description":"The People Managers Magazine","publisher":{"@id":"https:\/\/peoplesphere.be\/fr\/#organization"},"potentialAction":[{"@type":"SearchAction","target":{"@type":"EntryPoint","urlTemplate":"https:\/\/peoplesphere.be\/fr\/?s={search_term_string}"},"query-input":"required name=search_term_string"}],"inLanguage":"fr-FR"},{"@type":"Organization","@id":"https:\/\/peoplesphere.be\/fr\/#organization","name":"Peoplesphere Company srl","url":"https:\/\/peoplesphere.be\/fr\/","logo":{"@type":"ImageObject","inLanguage":"fr-FR","@id":"https:\/\/peoplesphere.be\/fr\/#\/schema\/logo\/image\/","url":"https:\/\/peoplesphere.be\/fr\/wp-content\/uploads\/2023\/07\/peoplesphere-lgo-new-generik.jpg","contentUrl":"https:\/\/peoplesphere.be\/fr\/wp-content\/uploads\/2023\/07\/peoplesphere-lgo-new-generik.jpg","width":1031,"height":1479,"caption":"Peoplesphere Company srl"},"image":{"@id":"https:\/\/peoplesphere.be\/fr\/#\/schema\/logo\/image\/"},"sameAs":["https:\/\/www.facebook.com\/peoplesphere","https:\/\/twitter.com\/PeoplesphereMag","https:\/\/www.linkedin.com\/company\/7587361?trk","http:\/\/youtube.com\/peoplesphere"]},{"@type":"Person","@id":"https:\/\/peoplesphere.be\/fr\/#\/schema\/person\/7976225ff17988604334abb7b3536a7e","name":"Jean-Paul Erhard","image":{"@type":"ImageObject","inLanguage":"fr-FR","@id":"https:\/\/peoplesphere.be\/fr\/#\/schema\/person\/image\/","url":"https:\/\/secure.gravatar.com\/avatar\/f941e681460179738071629a51574930?s=96&d=mm&r=g","contentUrl":"https:\/\/secure.gravatar.com\/avatar\/f941e681460179738071629a51574930?s=96&d=mm&r=g","caption":"Jean-Paul Erhard"},"url":"https:\/\/peoplesphere.be\/fr\/author\/jpe\/"}]}},"_links":{"self":[{"href":"https:\/\/peoplesphere.be\/fr\/wp-json\/wp\/v2\/posts\/1244"}],"collection":[{"href":"https:\/\/peoplesphere.be\/fr\/wp-json\/wp\/v2\/posts"}],"about":[{"href":"https:\/\/peoplesphere.be\/fr\/wp-json\/wp\/v2\/types\/post"}],"author":[{"embeddable":true,"href":"https:\/\/peoplesphere.be\/fr\/wp-json\/wp\/v2\/users\/2"}],"replies":[{"embeddable":true,"href":"https:\/\/peoplesphere.be\/fr\/wp-json\/wp\/v2\/comments?post=1244"}],"version-history":[{"count":2,"href":"https:\/\/peoplesphere.be\/fr\/wp-json\/wp\/v2\/posts\/1244\/revisions"}],"predecessor-version":[{"id":1248,"href":"https:\/\/peoplesphere.be\/fr\/wp-json\/wp\/v2\/posts\/1244\/revisions\/1248"}],"wp:attachment":[{"href":"https:\/\/peoplesphere.be\/fr\/wp-json\/wp\/v2\/media?parent=1244"}],"wp:term":[{"taxonomy":"category","embeddable":true,"href":"https:\/\/peoplesphere.be\/fr\/wp-json\/wp\/v2\/categories?post=1244"},{"taxonomy":"post_tag","embeddable":true,"href":"https:\/\/peoplesphere.be\/fr\/wp-json\/wp\/v2\/tags?post=1244"}],"curies":[{"name":"wp","href":"https:\/\/api.w.org\/{rel}","templated":true}]}}