









{"id":12507,"date":"2022-02-17T14:13:35","date_gmt":"2022-02-17T12:13:35","guid":{"rendered":"https:\/\/peoplesphere.be\/fr\/?p=12507"},"modified":"2023-08-11T07:46:07","modified_gmt":"2023-08-11T05:46:07","slug":"entreprises-secteur-aeronautique-prevoient-dengager-2022-wallonie-vraie-demarche-de-formation-simpose-soutenir","status":"publish","type":"post","link":"https:\/\/peoplesphere.be\/fr\/entreprises-secteur-aeronautique-prevoient-dengager-2022-wallonie-vraie-demarche-de-formation-simpose-soutenir\/","title":{"rendered":"Les entreprises du secteur a\u00e9ronautique pr\u00e9voient d&rsquo;engager en 2022 en Wallonie: une vraie d\u00e9marche de formation s&rsquo;impose pour les soutenir."},"content":{"rendered":"<p>Port\u00e9e par la relance \u00e9conomique et la reprise des vols, l\u2019activit\u00e9 a repris dans les entreprises du secteur a\u00e9ronautique et spatial. En novembre, l\u2019avionneur europ\u00e9en Airbus a engrang\u00e9 plus de 400 commandes lors du salon a\u00e9ronautique de Duba\u00ef. Une bonne nouvelle pour l\u2019industrie wallonne, quand on sait que nos entreprises fournissent en moyenne 5% de chaque Airbus.<!--more--><\/p>\n<p>Afin de soutenir la relance de l\u2019industrie a\u00e9ronautique et spatiale, le Forem a sond\u00e9 les entreprises du secteur pour d\u00e9terminer leurs besoins en recrutement. 176 personnes seront, au minimum, recherch\u00e9es par ces employeurs. Pour r\u00e9pondre \u00e0 ces besoins, le Forem dispose de 46 formations permettant de s\u2019ins\u00e9rer rapidement dans ce secteur.<\/p>\n<p>Ces entreprises recherchent non seulement des ouvriers qualifi\u00e9s pour honorer leurs commandes, mais \u00e9galement de nouvelles comp\u00e9tences pour d\u00e9velopper les avions de demain : plus l\u00e9gers, moins gourmands, voire volant uniquement gr\u00e2ce \u00e0 des carburants d\u00e9carbon\u00e9s, comme l\u2019hydrog\u00e8ne ou le k\u00e9ros\u00e8ne de synth\u00e8se.<\/p>\n<p><strong><em>Minimum 176 postes \u00e0 pourvoir \u00e0 court et \u00e0 moyen terme<\/em><\/strong><\/p>\n<p>D\u00e8s juin 2020, le Forem a voulu pr\u00e9parer la relance des activit\u00e9s de l\u2019industrie manufacturi\u00e8re et technologique en cr\u00e9ant un comit\u00e9 strat\u00e9gique avec Agoria Wallonie et les organisations syndicales. Ce comit\u00e9 a commandit\u00e9 une enqu\u00eate au Forem afin d\u2019\u00e9valuer les besoins \u00e0 court et \u00e0 moyen terme du secteur a\u00e9ronautique et spatial.<\/p>\n<p>Il ressort de cette \u00e9tude que 73% des entreprises ont \u00e0 nouveau engag\u00e9 du personnel durant le premier semestre de 2021. Ces entreprises ont ainsi pourvu 266 postes durant les six mois qui ont pr\u00e9c\u00e9d\u00e9 cette enqu\u00eate.<\/p>\n<p>Second enseignement : 71% des employeurs interrog\u00e9s envisagent de recruter du personnel dans les 12 prochains mois. Ces employeurs souhaitent engager au minimum 176 personnes \u00e0 court et moyen terme.<\/p>\n<p><strong><em>Top 10 des profils recherch\u00e9s \u00e0 court terme<\/em><\/strong><br \/>\n1 &#8211; Technicien de maintenance en a\u00e9ronautique<br \/>\n2 &#8211; Ing\u00e9nieur en a\u00e9ronautique<br \/>\n3 &#8211; Chef de projet<br \/>\n4 &#8211; Responsable de contr\u00f4le qualit\u00e9 en industrie<br \/>\n5 &#8211; Concepteur-dessinateur de produits a\u00e9ronautiques<br \/>\n6 &#8211; Technicien en m\u00e9thodes et qualit\u00e9 en a\u00e9ronautique<br \/>\n7 &#8211; Technicien en syst\u00e8mes d\u2019usinage<br \/>\n8 &#8211; Responsable de production<br \/>\n9 &#8211; Assembleur de structures a\u00e9ronautiques<br \/>\n10 &#8211; Soudeur<\/p>\n<p>Outre des comp\u00e9tences techniques comme l\u2019usinage, la construction a\u00e9ronautique, la maintenance ou l\u2019assemblage, les employeurs du secteur ont besoin de comp\u00e9tences plus transversales, comme la ma\u00eetrise de langues \u00e9trang\u00e8res, le num\u00e9rique, l\u2019encadrement d\u2019\u00e9quipe, la gestion de projets, ainsi que des comp\u00e9tences math\u00e9matiques, scientifiques, et technologiques.<\/p>\n<p>Pour certaines entreprises du secteur, la reprise est moins forte et leur chiffre d\u2019affaires est en de\u00e7\u00e0 de celui connu avant la crise. 10% des entreprises sond\u00e9es souhaitent d\u2019ailleurs encore pouvoir b\u00e9n\u00e9ficier du ch\u00f4mage temporaire durant cette phase de red\u00e9marrage.<\/p>\n<p>Le Centre de comp\u00e9tence du Forem d\u00e9di\u00e9 \u00e0 l\u2019a\u00e9rien, Wallonie Aerotraining Network (Wan), dispose de 46 formations permettant de se former \u00e0 la plupart de ces m\u00e9tiers et, ainsi, de rejoindre rapidement les entreprises du secteur. Plusieurs s\u00e9ances d\u2019information sont organis\u00e9es dans les prochaines semaines pour des formations techniques (technicien en a\u00e9rostructures, dessinateur \u2013 concepteur, technicien en maintenance a\u00e9ronautique, pilotage et maintenance de drone, etc.), comme des formations commerciales et navigants (personnel naviguant de cabine, agent d\u2019escale, agent d\u2019op\u00e9rations a\u00e9riennes, agent PMR a\u00e9roportuaire). Des formations qui alternent apprentissage en Centre de comp\u00e9tence et stage en entreprise.<\/p>\n<p>&nbsp;<\/p>\n<p><em>Source: Forem<\/em><\/p>\n","protected":false},"excerpt":{"rendered":"<p>Port\u00e9e par la relance \u00e9conomique et la reprise des vols, l\u2019activit\u00e9 a repris dans les entreprises du secteur a\u00e9ronautique et spatial. En novembre, l\u2019avionneur europ\u00e9en Airbus a engrang\u00e9 plus de 400 commandes lors du salon a\u00e9ronautique de Duba\u00ef. Une bonne [&hellip;]<\/p>\n","protected":false},"author":2,"featured_media":0,"comment_status":"closed","ping_status":"open","sticky":false,"template":"","format":"standard","meta":[],"categories":[65,10],"tags":[331,48,702,72,3586],"yoast_head":"<!-- This site is optimized with the Yoast SEO plugin v21.0 - https:\/\/yoast.com\/wordpress\/plugins\/seo\/ -->\n<title>Les entreprises du secteur a\u00e9ronautique pr\u00e9voient d&#039;engager en 2022 en Wallonie: une vraie d\u00e9marche de formation s&#039;impose pour les soutenir. - Peoplesphere<\/title>\n<meta name=\"robots\" content=\"index, follow, max-snippet:-1, max-image-preview:large, max-video-preview:-1\" \/>\n<link rel=\"canonical\" href=\"https:\/\/peoplesphere.be\/fr\/entreprises-secteur-aeronautique-prevoient-dengager-2022-wallonie-vraie-demarche-de-formation-simpose-soutenir\/\" \/>\n<meta property=\"og:locale\" content=\"fr_FR\" \/>\n<meta property=\"og:type\" content=\"article\" \/>\n<meta property=\"og:title\" content=\"Les entreprises du secteur a\u00e9ronautique pr\u00e9voient d&#039;engager en 2022 en Wallonie: une vraie d\u00e9marche de formation s&#039;impose pour les soutenir. - Peoplesphere\" \/>\n<meta property=\"og:description\" content=\"Port\u00e9e par la relance \u00e9conomique et la reprise des vols, l\u2019activit\u00e9 a repris dans les entreprises du secteur a\u00e9ronautique et spatial. En novembre, l\u2019avionneur europ\u00e9en Airbus a engrang\u00e9 plus de 400 commandes lors du salon a\u00e9ronautique de Duba\u00ef. Une bonne [&hellip;]\" \/>\n<meta property=\"og:url\" content=\"https:\/\/peoplesphere.be\/fr\/entreprises-secteur-aeronautique-prevoient-dengager-2022-wallonie-vraie-demarche-de-formation-simpose-soutenir\/\" \/>\n<meta property=\"og:site_name\" content=\"Peoplesphere\" \/>\n<meta property=\"article:publisher\" content=\"https:\/\/www.facebook.com\/peoplesphere\" \/>\n<meta property=\"article:published_time\" content=\"2022-02-17T12:13:35+00:00\" \/>\n<meta property=\"article:modified_time\" content=\"2023-08-11T05:46:07+00:00\" \/>\n<meta property=\"og:image\" content=\"http:\/\/www.peoplesphere.be\/fr\/wp-content\/uploads\/2016\/07\/facebook-default-posting-1200x628px.jpg\" \/>\n<meta name=\"author\" content=\"Jean-Paul Erhard\" \/>\n<meta name=\"twitter:card\" content=\"summary_large_image\" \/>\n<meta name=\"twitter:creator\" content=\"@PeoplesphereMag\" \/>\n<meta name=\"twitter:site\" content=\"@PeoplesphereMag\" \/>\n<meta name=\"twitter:label1\" content=\"\u00c9crit par\" \/>\n\t<meta name=\"twitter:data1\" content=\"Jean-Paul Erhard\" \/>\n\t<meta name=\"twitter:label2\" content=\"Dur\u00e9e de lecture estim\u00e9e\" \/>\n\t<meta name=\"twitter:data2\" content=\"3 minutes\" \/>\n<script type=\"application\/ld+json\" class=\"yoast-schema-graph\">{\"@context\":\"https:\/\/schema.org\",\"@graph\":[{\"@type\":\"Article\",\"@id\":\"https:\/\/peoplesphere.be\/fr\/entreprises-secteur-aeronautique-prevoient-dengager-2022-wallonie-vraie-demarche-de-formation-simpose-soutenir\/#article\",\"isPartOf\":{\"@id\":\"https:\/\/peoplesphere.be\/fr\/entreprises-secteur-aeronautique-prevoient-dengager-2022-wallonie-vraie-demarche-de-formation-simpose-soutenir\/\"},\"author\":{\"name\":\"Jean-Paul Erhard\",\"@id\":\"https:\/\/peoplesphere.be\/fr\/#\/schema\/person\/7976225ff17988604334abb7b3536a7e\"},\"headline\":\"Les entreprises du secteur a\u00e9ronautique pr\u00e9voient d&rsquo;engager en 2022 en Wallonie: une vraie d\u00e9marche de formation s&rsquo;impose pour les soutenir.\",\"datePublished\":\"2022-02-17T12:13:35+00:00\",\"dateModified\":\"2023-08-11T05:46:07+00:00\",\"mainEntityOfPage\":{\"@id\":\"https:\/\/peoplesphere.be\/fr\/entreprises-secteur-aeronautique-prevoient-dengager-2022-wallonie-vraie-demarche-de-formation-simpose-soutenir\/\"},\"wordCount\":601,\"publisher\":{\"@id\":\"https:\/\/peoplesphere.be\/fr\/#organization\"},\"keywords\":[\"forem\",\"Formation\",\"march\u00e9 de l'emploi\",\"recrutement\",\"secteur a\u00e9ronautique\"],\"articleSection\":[\"Actualit\u00e9s\",\"Digital\"],\"inLanguage\":\"fr-FR\"},{\"@type\":\"WebPage\",\"@id\":\"https:\/\/peoplesphere.be\/fr\/entreprises-secteur-aeronautique-prevoient-dengager-2022-wallonie-vraie-demarche-de-formation-simpose-soutenir\/\",\"url\":\"https:\/\/peoplesphere.be\/fr\/entreprises-secteur-aeronautique-prevoient-dengager-2022-wallonie-vraie-demarche-de-formation-simpose-soutenir\/\",\"name\":\"Les entreprises du secteur a\u00e9ronautique pr\u00e9voient d'engager en 2022 en Wallonie: une vraie d\u00e9marche de formation s'impose pour les soutenir. - Peoplesphere\",\"isPartOf\":{\"@id\":\"https:\/\/peoplesphere.be\/fr\/#website\"},\"datePublished\":\"2022-02-17T12:13:35+00:00\",\"dateModified\":\"2023-08-11T05:46:07+00:00\",\"breadcrumb\":{\"@id\":\"https:\/\/peoplesphere.be\/fr\/entreprises-secteur-aeronautique-prevoient-dengager-2022-wallonie-vraie-demarche-de-formation-simpose-soutenir\/#breadcrumb\"},\"inLanguage\":\"fr-FR\",\"potentialAction\":[{\"@type\":\"ReadAction\",\"target\":[\"https:\/\/peoplesphere.be\/fr\/entreprises-secteur-aeronautique-prevoient-dengager-2022-wallonie-vraie-demarche-de-formation-simpose-soutenir\/\"]}]},{\"@type\":\"BreadcrumbList\",\"@id\":\"https:\/\/peoplesphere.be\/fr\/entreprises-secteur-aeronautique-prevoient-dengager-2022-wallonie-vraie-demarche-de-formation-simpose-soutenir\/#breadcrumb\",\"itemListElement\":[{\"@type\":\"ListItem\",\"position\":1,\"name\":\"Accueil\",\"item\":\"https:\/\/peoplesphere.be\/fr\/\"},{\"@type\":\"ListItem\",\"position\":2,\"name\":\"Les entreprises du secteur a\u00e9ronautique pr\u00e9voient d&rsquo;engager en 2022 en Wallonie: une vraie d\u00e9marche de formation s&rsquo;impose pour les soutenir.\"}]},{\"@type\":\"WebSite\",\"@id\":\"https:\/\/peoplesphere.be\/fr\/#website\",\"url\":\"https:\/\/peoplesphere.be\/fr\/\",\"name\":\"Peoplesphere\",\"description\":\"The People Managers Magazine\",\"publisher\":{\"@id\":\"https:\/\/peoplesphere.be\/fr\/#organization\"},\"potentialAction\":[{\"@type\":\"SearchAction\",\"target\":{\"@type\":\"EntryPoint\",\"urlTemplate\":\"https:\/\/peoplesphere.be\/fr\/?s={search_term_string}\"},\"query-input\":\"required name=search_term_string\"}],\"inLanguage\":\"fr-FR\"},{\"@type\":\"Organization\",\"@id\":\"https:\/\/peoplesphere.be\/fr\/#organization\",\"name\":\"Peoplesphere Company srl\",\"url\":\"https:\/\/peoplesphere.be\/fr\/\",\"logo\":{\"@type\":\"ImageObject\",\"inLanguage\":\"fr-FR\",\"@id\":\"https:\/\/peoplesphere.be\/fr\/#\/schema\/logo\/image\/\",\"url\":\"https:\/\/peoplesphere.be\/fr\/wp-content\/uploads\/2023\/07\/peoplesphere-lgo-new-generik.jpg\",\"contentUrl\":\"https:\/\/peoplesphere.be\/fr\/wp-content\/uploads\/2023\/07\/peoplesphere-lgo-new-generik.jpg\",\"width\":1031,\"height\":1479,\"caption\":\"Peoplesphere Company srl\"},\"image\":{\"@id\":\"https:\/\/peoplesphere.be\/fr\/#\/schema\/logo\/image\/\"},\"sameAs\":[\"https:\/\/www.facebook.com\/peoplesphere\",\"https:\/\/twitter.com\/PeoplesphereMag\",\"https:\/\/www.linkedin.com\/company\/7587361?trk\",\"http:\/\/youtube.com\/peoplesphere\"]},{\"@type\":\"Person\",\"@id\":\"https:\/\/peoplesphere.be\/fr\/#\/schema\/person\/7976225ff17988604334abb7b3536a7e\",\"name\":\"Jean-Paul Erhard\",\"image\":{\"@type\":\"ImageObject\",\"inLanguage\":\"fr-FR\",\"@id\":\"https:\/\/peoplesphere.be\/fr\/#\/schema\/person\/image\/\",\"url\":\"https:\/\/secure.gravatar.com\/avatar\/f941e681460179738071629a51574930?s=96&d=mm&r=g\",\"contentUrl\":\"https:\/\/secure.gravatar.com\/avatar\/f941e681460179738071629a51574930?s=96&d=mm&r=g\",\"caption\":\"Jean-Paul Erhard\"},\"url\":\"https:\/\/peoplesphere.be\/fr\/author\/jpe\/\"}]}<\/script>\n<!-- \/ Yoast SEO plugin. -->","yoast_head_json":{"title":"Les entreprises du secteur a\u00e9ronautique pr\u00e9voient d'engager en 2022 en Wallonie: une vraie d\u00e9marche de formation s'impose pour les soutenir. - Peoplesphere","robots":{"index":"index","follow":"follow","max-snippet":"max-snippet:-1","max-image-preview":"max-image-preview:large","max-video-preview":"max-video-preview:-1"},"canonical":"https:\/\/peoplesphere.be\/fr\/entreprises-secteur-aeronautique-prevoient-dengager-2022-wallonie-vraie-demarche-de-formation-simpose-soutenir\/","og_locale":"fr_FR","og_type":"article","og_title":"Les entreprises du secteur a\u00e9ronautique pr\u00e9voient d'engager en 2022 en Wallonie: une vraie d\u00e9marche de formation s'impose pour les soutenir. - Peoplesphere","og_description":"Port\u00e9e par la relance \u00e9conomique et la reprise des vols, l\u2019activit\u00e9 a repris dans les entreprises du secteur a\u00e9ronautique et spatial. En novembre, l\u2019avionneur europ\u00e9en Airbus a engrang\u00e9 plus de 400 commandes lors du salon a\u00e9ronautique de Duba\u00ef. Une bonne [&hellip;]","og_url":"https:\/\/peoplesphere.be\/fr\/entreprises-secteur-aeronautique-prevoient-dengager-2022-wallonie-vraie-demarche-de-formation-simpose-soutenir\/","og_site_name":"Peoplesphere","article_publisher":"https:\/\/www.facebook.com\/peoplesphere","article_published_time":"2022-02-17T12:13:35+00:00","article_modified_time":"2023-08-11T05:46:07+00:00","og_image":[{"url":"http:\/\/www.peoplesphere.be\/fr\/wp-content\/uploads\/2016\/07\/facebook-default-posting-1200x628px.jpg"}],"author":"Jean-Paul Erhard","twitter_card":"summary_large_image","twitter_creator":"@PeoplesphereMag","twitter_site":"@PeoplesphereMag","twitter_misc":{"\u00c9crit par":"Jean-Paul Erhard","Dur\u00e9e de lecture estim\u00e9e":"3 minutes"},"schema":{"@context":"https:\/\/schema.org","@graph":[{"@type":"Article","@id":"https:\/\/peoplesphere.be\/fr\/entreprises-secteur-aeronautique-prevoient-dengager-2022-wallonie-vraie-demarche-de-formation-simpose-soutenir\/#article","isPartOf":{"@id":"https:\/\/peoplesphere.be\/fr\/entreprises-secteur-aeronautique-prevoient-dengager-2022-wallonie-vraie-demarche-de-formation-simpose-soutenir\/"},"author":{"name":"Jean-Paul Erhard","@id":"https:\/\/peoplesphere.be\/fr\/#\/schema\/person\/7976225ff17988604334abb7b3536a7e"},"headline":"Les entreprises du secteur a\u00e9ronautique pr\u00e9voient d&rsquo;engager en 2022 en Wallonie: une vraie d\u00e9marche de formation s&rsquo;impose pour les soutenir.","datePublished":"2022-02-17T12:13:35+00:00","dateModified":"2023-08-11T05:46:07+00:00","mainEntityOfPage":{"@id":"https:\/\/peoplesphere.be\/fr\/entreprises-secteur-aeronautique-prevoient-dengager-2022-wallonie-vraie-demarche-de-formation-simpose-soutenir\/"},"wordCount":601,"publisher":{"@id":"https:\/\/peoplesphere.be\/fr\/#organization"},"keywords":["forem","Formation","march\u00e9 de l'emploi","recrutement","secteur a\u00e9ronautique"],"articleSection":["Actualit\u00e9s","Digital"],"inLanguage":"fr-FR"},{"@type":"WebPage","@id":"https:\/\/peoplesphere.be\/fr\/entreprises-secteur-aeronautique-prevoient-dengager-2022-wallonie-vraie-demarche-de-formation-simpose-soutenir\/","url":"https:\/\/peoplesphere.be\/fr\/entreprises-secteur-aeronautique-prevoient-dengager-2022-wallonie-vraie-demarche-de-formation-simpose-soutenir\/","name":"Les entreprises du secteur a\u00e9ronautique pr\u00e9voient d'engager en 2022 en Wallonie: une vraie d\u00e9marche de formation s'impose pour les soutenir. - Peoplesphere","isPartOf":{"@id":"https:\/\/peoplesphere.be\/fr\/#website"},"datePublished":"2022-02-17T12:13:35+00:00","dateModified":"2023-08-11T05:46:07+00:00","breadcrumb":{"@id":"https:\/\/peoplesphere.be\/fr\/entreprises-secteur-aeronautique-prevoient-dengager-2022-wallonie-vraie-demarche-de-formation-simpose-soutenir\/#breadcrumb"},"inLanguage":"fr-FR","potentialAction":[{"@type":"ReadAction","target":["https:\/\/peoplesphere.be\/fr\/entreprises-secteur-aeronautique-prevoient-dengager-2022-wallonie-vraie-demarche-de-formation-simpose-soutenir\/"]}]},{"@type":"BreadcrumbList","@id":"https:\/\/peoplesphere.be\/fr\/entreprises-secteur-aeronautique-prevoient-dengager-2022-wallonie-vraie-demarche-de-formation-simpose-soutenir\/#breadcrumb","itemListElement":[{"@type":"ListItem","position":1,"name":"Accueil","item":"https:\/\/peoplesphere.be\/fr\/"},{"@type":"ListItem","position":2,"name":"Les entreprises du secteur a\u00e9ronautique pr\u00e9voient d&rsquo;engager en 2022 en Wallonie: une vraie d\u00e9marche de formation s&rsquo;impose pour les soutenir."}]},{"@type":"WebSite","@id":"https:\/\/peoplesphere.be\/fr\/#website","url":"https:\/\/peoplesphere.be\/fr\/","name":"Peoplesphere","description":"The People Managers Magazine","publisher":{"@id":"https:\/\/peoplesphere.be\/fr\/#organization"},"potentialAction":[{"@type":"SearchAction","target":{"@type":"EntryPoint","urlTemplate":"https:\/\/peoplesphere.be\/fr\/?s={search_term_string}"},"query-input":"required name=search_term_string"}],"inLanguage":"fr-FR"},{"@type":"Organization","@id":"https:\/\/peoplesphere.be\/fr\/#organization","name":"Peoplesphere Company srl","url":"https:\/\/peoplesphere.be\/fr\/","logo":{"@type":"ImageObject","inLanguage":"fr-FR","@id":"https:\/\/peoplesphere.be\/fr\/#\/schema\/logo\/image\/","url":"https:\/\/peoplesphere.be\/fr\/wp-content\/uploads\/2023\/07\/peoplesphere-lgo-new-generik.jpg","contentUrl":"https:\/\/peoplesphere.be\/fr\/wp-content\/uploads\/2023\/07\/peoplesphere-lgo-new-generik.jpg","width":1031,"height":1479,"caption":"Peoplesphere Company srl"},"image":{"@id":"https:\/\/peoplesphere.be\/fr\/#\/schema\/logo\/image\/"},"sameAs":["https:\/\/www.facebook.com\/peoplesphere","https:\/\/twitter.com\/PeoplesphereMag","https:\/\/www.linkedin.com\/company\/7587361?trk","http:\/\/youtube.com\/peoplesphere"]},{"@type":"Person","@id":"https:\/\/peoplesphere.be\/fr\/#\/schema\/person\/7976225ff17988604334abb7b3536a7e","name":"Jean-Paul Erhard","image":{"@type":"ImageObject","inLanguage":"fr-FR","@id":"https:\/\/peoplesphere.be\/fr\/#\/schema\/person\/image\/","url":"https:\/\/secure.gravatar.com\/avatar\/f941e681460179738071629a51574930?s=96&d=mm&r=g","contentUrl":"https:\/\/secure.gravatar.com\/avatar\/f941e681460179738071629a51574930?s=96&d=mm&r=g","caption":"Jean-Paul Erhard"},"url":"https:\/\/peoplesphere.be\/fr\/author\/jpe\/"}]}},"_links":{"self":[{"href":"https:\/\/peoplesphere.be\/fr\/wp-json\/wp\/v2\/posts\/12507"}],"collection":[{"href":"https:\/\/peoplesphere.be\/fr\/wp-json\/wp\/v2\/posts"}],"about":[{"href":"https:\/\/peoplesphere.be\/fr\/wp-json\/wp\/v2\/types\/post"}],"author":[{"embeddable":true,"href":"https:\/\/peoplesphere.be\/fr\/wp-json\/wp\/v2\/users\/2"}],"replies":[{"embeddable":true,"href":"https:\/\/peoplesphere.be\/fr\/wp-json\/wp\/v2\/comments?post=12507"}],"version-history":[{"count":1,"href":"https:\/\/peoplesphere.be\/fr\/wp-json\/wp\/v2\/posts\/12507\/revisions"}],"predecessor-version":[{"id":12508,"href":"https:\/\/peoplesphere.be\/fr\/wp-json\/wp\/v2\/posts\/12507\/revisions\/12508"}],"wp:attachment":[{"href":"https:\/\/peoplesphere.be\/fr\/wp-json\/wp\/v2\/media?parent=12507"}],"wp:term":[{"taxonomy":"category","embeddable":true,"href":"https:\/\/peoplesphere.be\/fr\/wp-json\/wp\/v2\/categories?post=12507"},{"taxonomy":"post_tag","embeddable":true,"href":"https:\/\/peoplesphere.be\/fr\/wp-json\/wp\/v2\/tags?post=12507"}],"curies":[{"name":"wp","href":"https:\/\/api.w.org\/{rel}","templated":true}]}}