









{"id":12568,"date":"2022-03-08T07:21:58","date_gmt":"2022-03-08T05:21:58","guid":{"rendered":"https:\/\/peoplesphere.be\/fr\/?p=12568"},"modified":"2022-03-08T07:21:58","modified_gmt":"2022-03-08T05:21:58","slug":"discrimination-plusieurs-facteurs-connus-continuent-a-eloigner-femmes-marche-de-lemploi","status":"publish","type":"post","link":"https:\/\/peoplesphere.be\/fr\/discrimination-plusieurs-facteurs-connus-continuent-a-eloigner-femmes-marche-de-lemploi\/","title":{"rendered":"Discrimination: plusieurs facteurs connus continuent \u00e0 \u00e9loigner les femmes du march\u00e9 de l&#8217;emploi."},"content":{"rendered":"<p>Dans le cadre de la Journ\u00e9e Internationale des droits des femmes, Actiris dresse le constat des facteurs pouvant \u00e9loigner les femmes du march\u00e9 de l&#8217;emploi. Le premier constat qui doit \u00eatre fait est le r\u00f4le pr\u00e9pond\u00e9rant jou\u00e9 par les femmes pendant la crise du COVID. Les femmes sont majoritaires dans le secteur des soins de sant\u00e9 mais aussi dans la vente ou encore la garde d&rsquo;enfants, des secteurs qui ont continu\u00e9 leurs activit\u00e9s au coeur de la crise.<!--more--><\/p>\n<p>Il est compliqu\u00e9 pour les femmes sur le march\u00e9 de l&#8217;emploi de mener leurs vies professionnelles et priv\u00e9es de front. En effet, sur l&rsquo;ensemble des personnes ayant pris un cong\u00e9 parental entre mars 2020 et d\u00e9cembre 2021 \u00e0 Bruxelles, seuls 28,7% sont des hommes contre 71,3% de femmes, preuve que les mentalit\u00e9s doivent \u00e9galement \u00e9voluer dans la sph\u00e8re priv\u00e9e.<\/p>\n<p><strong><em>Familles monoparentales<\/em><\/strong><\/p>\n<p>La mono-parentalit\u00e9 est un ph\u00e9nom\u00e8ne tr\u00e8s prononc\u00e9 \u00e0 Bruxelles. Les familles monoparentales y repr\u00e9sentent 1 famille sur 3, contre 1 sur 4 pour l&rsquo;ensemble du pays. Dans 80% des cas, c&rsquo;est la m\u00e8re qui a la charge des enfants. Cette situation de parent solo peut s&rsquo;av\u00e9rer difficile \u00e0 concilier avec une recherche d\u2019emploi et une vie professionnelle.<\/p>\n<p>En effet, cela s\u2019observe notamment au niveau du taux d&#8217;emploi des femmes bruxelloises monoparentales d\u2019origine belge qui s&rsquo;\u00e9l\u00e8ve \u00e0 71% contre 83% pour celles en couple (mari\u00e9e ou non) avec enfant(s). Cette r\u00e9alit\u00e9 vaut \u00e9galement pour les hommes : 78% pour les hommes monoparentaux d\u2019origine belge contre 88% pour ceux avec partenaire et enfant(s). Les choses se compliquent encore lorsque ces femmes monoparentales avec enfant(s) sont d\u2019origine \u00e9trang\u00e8re. En effet, le taux d&#8217;emploi est de seulement 38% pour les femmes d&rsquo;origine \u00e9trang\u00e8re (hors Union Europ\u00e9enne) et augmente \u00e0 49% pour les femmes issues de l&rsquo;UE.<\/p>\n<p>De fa\u00e7on plus g\u00e9n\u00e9rale, que les femmes soient monoparentales ou non, celles d\u2019origine \u00e9trang\u00e8re sont deux fois moins nombreuses \u00e0 avoir un travail. Fin 2020, seules 37,6% des femme d&rsquo;origine non-UE avaient un emploi contre 71% des femmes d\u2019origine belge, soit 2 fois moins.<\/p>\n<p><strong><em>Dipl\u00f4me et \u00e2ge<\/em><\/strong><\/p>\n<p>De plus, le dipl\u00f4me ne prot\u00e8ge pas les femmes d&rsquo;origine \u00e9trang\u00e8re de la pr\u00e9carit\u00e9. D\u2019apr\u00e8s les chiffres de la Fondation Roi Baudouin, 31% des femmes actives et hautement qualifi\u00e9es originaires d\u2019un pays non-UE travaillent dans des conditions peu favorables et pour un salaire faible.<\/p>\n<p>Concernant la diff\u00e9rence d\u2019employabilit\u00e9 entre hommes et femmes, \u00e0 niveau de dipl\u00f4me \u00e9gal, les femmes trouvent moins facilement du travail que les hommes. Mais il y aussi du positif : une analyse des inscrits chez Actiris en 2018 montre que, toutes origines confondues, lorsqu\u2019elles ont un niveau d\u2019\u00e9tudes \u00e9lev\u00e9 (bachelier, master, doctorat), les jeunes femmes (moins de 30 ans) trouvent plus vite un emploi que les hommes (taux de sortie vers l\u2019emploi de 72,3 % pour les femmes contre 67,6% pour les hommes).<\/p>\n<p><strong><em>Ind\u00e9pendantes<\/em><\/strong><\/p>\n<p>Enfin, en 2020, les hommes sont pr\u00e8s de 2,5 fois plus nombreux que les femmes \u00e0 avoir une activit\u00e9 d\u2019ind\u00e9pendant \u00e0 titre principal \u00e0 Bruxelles (62.624 hommes contre 23.236 femmes), toutes origines confondues.<\/p>\n<p>Mais le nombre de femmes qui se lancent dans l&rsquo;entreprenariat augmente sensiblement. En effet, le nombre de femmes ind\u00e9pendantes a augment\u00e9 de 34,9% en 10 ans (passant d&rsquo;environ 17.229 en 2010 \u00e0 23.236 en 2020).<\/p>\n<p>Etre ind\u00e9pendante est aussi une mani\u00e8re de s&rsquo;\u00e9manciper et d&rsquo;\u00e9chapper \u00e0 des discriminations v\u00e9cues dans le monde du travail, comme l&rsquo;explique Lusakalalu Miezi Bernadette : <em>\u00ab\u00a0J&rsquo;ai \u00e9t\u00e9 licenci\u00e9e de mon m\u00e9tier d&rsquo;infirmi\u00e8re pour des raisons discriminatoires. Me sentant l\u00e9s\u00e9e dans mes droits et pour combattre la discrimination sur les lieux de travail, j&rsquo;ai port\u00e9 plainte. Mais la justice tarde encore \u00e0 tirer un verdict. C&rsquo;est un moment tr\u00e8s difficile pour moi d&rsquo;autant plus que mon employeur avait toujours bien appr\u00e9ci\u00e9 mon travail et m&rsquo;avait m\u00eame associ\u00e9e au processus d&rsquo;am\u00e9lioration du climat de travail dans les diff\u00e9rentes \u00e9quipes et ce en faveur d&rsquo;une meilleure prise en charge des patients. J&rsquo;ai alors d\u00e9cid\u00e9 de r\u00e9aliser mon projet de cr\u00e9er et d\u00e9velopper ma propre entreprise qui proposera des services divers notamment dans les milieux des soins et dans les activit\u00e9s culturelles qui favorisent les rencontres interculturelles. En plus des encouragements des gens et des organisations qui connaissent mes capacit\u00e9s dans diff\u00e9rents domaines o\u00f9 je suis active, j&rsquo;ai profit\u00e9 des ateliers d&rsquo;ILES asbl et du Service anti-discrimination d\u2019 Actiris. Aujourd&rsquo;hui je leur suis reconnaissante. Je me sens assez forte et r\u00e9solue pour m&rsquo;engager dans une nouvelle perspective comme entrepreneuse.\u00a0\u00bb<\/em><\/p>\n<p><strong><em>Secteurs<\/em><\/strong><\/p>\n<p>Du point de vue des secteurs, certains sont consid\u00e9r\u00e9s comme \u00e9tant plut\u00f4t \u00ab masculins \u00bb et d\u2019autres plut\u00f4t \u00ab f\u00e9minins \u00bb. Par exemple, les femmes sont surrepr\u00e9sent\u00e9es dans le secteur des soins ou du nettoyage mais tr\u00e8s peu dans le secteur de la construction, de la logistique et du gardiennage.<\/p>\n<p>Mais les choses \u00e9voluent dans le bon sens, on le constate au travers du taux de sortie vers l\u2019emploi \u00e0 la suite d&rsquo;une formation. En 2017 et 2018, pour les sortants de formation, le taux de sortie vers l\u2019emploi \u00e9tait plus favorable pour les hommes. D\u00e9sormais, cette diff\u00e9rence s\u2019est consid\u00e9rablement r\u00e9duite pour les taux observ\u00e9s sur les sortants de 2019 pour les mises \u00e0 l\u2019emploi de minimum un jour et elle a disparu lorsqu\u2019on consid\u00e8re les emplois obtenus de minimum un mois. De mani\u00e8re tout aussi positive, il faut souligner des taux de sortie vers l&#8217;emploi \u00e9lev\u00e9s pour les femmes tant \u00e0 l\u2019issue de formations o\u00f9 elles sont traditionnellement plus nombreuses (secr\u00e9taires, comptabilit\u00e9, \u00e9ducation, etc.), qu\u2019\u00e0 la suite de formations les destinant \u00e0 des secteurs dans lesquels elles sont ordinairement moins nombreuses (par exemple, dans les fili\u00e8res techniques, scientifiques et digitales tel que d\u00e9veloppeuse web ou d\u00e9veloppeuse d\u2019applications mobiles).<\/p>\n<p>&nbsp;<\/p>\n<p><em>Source: Actiris<\/em><\/p>\n","protected":false},"excerpt":{"rendered":"<p>Dans le cadre de la Journ\u00e9e Internationale des droits des femmes, Actiris dresse le constat des facteurs pouvant \u00e9loigner les femmes du march\u00e9 de l&#8217;emploi. Le premier constat qui doit \u00eatre fait est le r\u00f4le pr\u00e9pond\u00e9rant jou\u00e9 par les femmes [&hellip;]<\/p>\n","protected":false},"author":2,"featured_media":12569,"comment_status":"closed","ping_status":"open","sticky":false,"template":"","format":"standard","meta":[],"categories":[65,10],"tags":[444,292],"yoast_head":"<!-- This site is optimized with the Yoast SEO plugin v21.0 - https:\/\/yoast.com\/wordpress\/plugins\/seo\/ -->\n<title>Discrimination: plusieurs facteurs connus continuent \u00e0 \u00e9loigner les femmes du march\u00e9 de l&#039;emploi. - Peoplesphere<\/title>\n<meta name=\"robots\" content=\"index, follow, max-snippet:-1, max-image-preview:large, max-video-preview:-1\" \/>\n<link rel=\"canonical\" href=\"https:\/\/peoplesphere.be\/fr\/discrimination-plusieurs-facteurs-connus-continuent-a-eloigner-femmes-marche-de-lemploi\/\" \/>\n<meta property=\"og:locale\" content=\"fr_FR\" \/>\n<meta property=\"og:type\" content=\"article\" \/>\n<meta property=\"og:title\" content=\"Discrimination: plusieurs facteurs connus continuent \u00e0 \u00e9loigner les femmes du march\u00e9 de l&#039;emploi. - Peoplesphere\" \/>\n<meta property=\"og:description\" content=\"Dans le cadre de la Journ\u00e9e Internationale des droits des femmes, Actiris dresse le constat des facteurs pouvant \u00e9loigner les femmes du march\u00e9 de l&#8217;emploi. Le premier constat qui doit \u00eatre fait est le r\u00f4le pr\u00e9pond\u00e9rant jou\u00e9 par les femmes [&hellip;]\" \/>\n<meta property=\"og:url\" content=\"https:\/\/peoplesphere.be\/fr\/discrimination-plusieurs-facteurs-connus-continuent-a-eloigner-femmes-marche-de-lemploi\/\" \/>\n<meta property=\"og:site_name\" content=\"Peoplesphere\" \/>\n<meta property=\"article:publisher\" content=\"https:\/\/www.facebook.com\/peoplesphere\" \/>\n<meta property=\"article:published_time\" content=\"2022-03-08T05:21:58+00:00\" \/>\n<meta property=\"og:image\" content=\"https:\/\/peoplesphere.be\/fr\/wp-content\/uploads\/2022\/03\/Capture-d\u2019e\u0301cran-2022-03-08-a\u0300-06.21.07.png\" \/>\n\t<meta property=\"og:image:width\" content=\"962\" \/>\n\t<meta property=\"og:image:height\" content=\"527\" \/>\n\t<meta property=\"og:image:type\" content=\"image\/png\" \/>\n<meta name=\"author\" content=\"Jean-Paul Erhard\" \/>\n<meta name=\"twitter:card\" content=\"summary_large_image\" \/>\n<meta name=\"twitter:creator\" content=\"@PeoplesphereMag\" \/>\n<meta name=\"twitter:site\" content=\"@PeoplesphereMag\" \/>\n<meta name=\"twitter:label1\" content=\"\u00c9crit par\" \/>\n\t<meta name=\"twitter:data1\" content=\"Jean-Paul Erhard\" \/>\n\t<meta name=\"twitter:label2\" content=\"Dur\u00e9e de lecture estim\u00e9e\" \/>\n\t<meta name=\"twitter:data2\" content=\"5 minutes\" \/>\n<script type=\"application\/ld+json\" class=\"yoast-schema-graph\">{\"@context\":\"https:\/\/schema.org\",\"@graph\":[{\"@type\":\"Article\",\"@id\":\"https:\/\/peoplesphere.be\/fr\/discrimination-plusieurs-facteurs-connus-continuent-a-eloigner-femmes-marche-de-lemploi\/#article\",\"isPartOf\":{\"@id\":\"https:\/\/peoplesphere.be\/fr\/discrimination-plusieurs-facteurs-connus-continuent-a-eloigner-femmes-marche-de-lemploi\/\"},\"author\":{\"name\":\"Jean-Paul Erhard\",\"@id\":\"https:\/\/peoplesphere.be\/fr\/#\/schema\/person\/7976225ff17988604334abb7b3536a7e\"},\"headline\":\"Discrimination: plusieurs facteurs connus continuent \u00e0 \u00e9loigner les femmes du march\u00e9 de l&#8217;emploi.\",\"datePublished\":\"2022-03-08T05:21:58+00:00\",\"dateModified\":\"2022-03-08T05:21:58+00:00\",\"mainEntityOfPage\":{\"@id\":\"https:\/\/peoplesphere.be\/fr\/discrimination-plusieurs-facteurs-connus-continuent-a-eloigner-femmes-marche-de-lemploi\/\"},\"wordCount\":991,\"publisher\":{\"@id\":\"https:\/\/peoplesphere.be\/fr\/#organization\"},\"keywords\":[\"discrimination\",\"\u00e9galit\u00e9 des genres\"],\"articleSection\":[\"Actualit\u00e9s\",\"Digital\"],\"inLanguage\":\"fr-FR\"},{\"@type\":\"WebPage\",\"@id\":\"https:\/\/peoplesphere.be\/fr\/discrimination-plusieurs-facteurs-connus-continuent-a-eloigner-femmes-marche-de-lemploi\/\",\"url\":\"https:\/\/peoplesphere.be\/fr\/discrimination-plusieurs-facteurs-connus-continuent-a-eloigner-femmes-marche-de-lemploi\/\",\"name\":\"Discrimination: plusieurs facteurs connus continuent \u00e0 \u00e9loigner les femmes du march\u00e9 de l'emploi. - Peoplesphere\",\"isPartOf\":{\"@id\":\"https:\/\/peoplesphere.be\/fr\/#website\"},\"datePublished\":\"2022-03-08T05:21:58+00:00\",\"dateModified\":\"2022-03-08T05:21:58+00:00\",\"breadcrumb\":{\"@id\":\"https:\/\/peoplesphere.be\/fr\/discrimination-plusieurs-facteurs-connus-continuent-a-eloigner-femmes-marche-de-lemploi\/#breadcrumb\"},\"inLanguage\":\"fr-FR\",\"potentialAction\":[{\"@type\":\"ReadAction\",\"target\":[\"https:\/\/peoplesphere.be\/fr\/discrimination-plusieurs-facteurs-connus-continuent-a-eloigner-femmes-marche-de-lemploi\/\"]}]},{\"@type\":\"BreadcrumbList\",\"@id\":\"https:\/\/peoplesphere.be\/fr\/discrimination-plusieurs-facteurs-connus-continuent-a-eloigner-femmes-marche-de-lemploi\/#breadcrumb\",\"itemListElement\":[{\"@type\":\"ListItem\",\"position\":1,\"name\":\"Accueil\",\"item\":\"https:\/\/peoplesphere.be\/fr\/\"},{\"@type\":\"ListItem\",\"position\":2,\"name\":\"Discrimination: plusieurs facteurs connus continuent \u00e0 \u00e9loigner les femmes du march\u00e9 de l&#8217;emploi.\"}]},{\"@type\":\"WebSite\",\"@id\":\"https:\/\/peoplesphere.be\/fr\/#website\",\"url\":\"https:\/\/peoplesphere.be\/fr\/\",\"name\":\"Peoplesphere\",\"description\":\"The People Managers Magazine\",\"publisher\":{\"@id\":\"https:\/\/peoplesphere.be\/fr\/#organization\"},\"potentialAction\":[{\"@type\":\"SearchAction\",\"target\":{\"@type\":\"EntryPoint\",\"urlTemplate\":\"https:\/\/peoplesphere.be\/fr\/?s={search_term_string}\"},\"query-input\":\"required name=search_term_string\"}],\"inLanguage\":\"fr-FR\"},{\"@type\":\"Organization\",\"@id\":\"https:\/\/peoplesphere.be\/fr\/#organization\",\"name\":\"Peoplesphere Company srl\",\"url\":\"https:\/\/peoplesphere.be\/fr\/\",\"logo\":{\"@type\":\"ImageObject\",\"inLanguage\":\"fr-FR\",\"@id\":\"https:\/\/peoplesphere.be\/fr\/#\/schema\/logo\/image\/\",\"url\":\"https:\/\/peoplesphere.be\/fr\/wp-content\/uploads\/2023\/07\/peoplesphere-lgo-new-generik.jpg\",\"contentUrl\":\"https:\/\/peoplesphere.be\/fr\/wp-content\/uploads\/2023\/07\/peoplesphere-lgo-new-generik.jpg\",\"width\":1031,\"height\":1479,\"caption\":\"Peoplesphere Company srl\"},\"image\":{\"@id\":\"https:\/\/peoplesphere.be\/fr\/#\/schema\/logo\/image\/\"},\"sameAs\":[\"https:\/\/www.facebook.com\/peoplesphere\",\"https:\/\/twitter.com\/PeoplesphereMag\",\"https:\/\/www.linkedin.com\/company\/7587361?trk\",\"http:\/\/youtube.com\/peoplesphere\"]},{\"@type\":\"Person\",\"@id\":\"https:\/\/peoplesphere.be\/fr\/#\/schema\/person\/7976225ff17988604334abb7b3536a7e\",\"name\":\"Jean-Paul Erhard\",\"image\":{\"@type\":\"ImageObject\",\"inLanguage\":\"fr-FR\",\"@id\":\"https:\/\/peoplesphere.be\/fr\/#\/schema\/person\/image\/\",\"url\":\"https:\/\/secure.gravatar.com\/avatar\/f941e681460179738071629a51574930?s=96&d=mm&r=g\",\"contentUrl\":\"https:\/\/secure.gravatar.com\/avatar\/f941e681460179738071629a51574930?s=96&d=mm&r=g\",\"caption\":\"Jean-Paul Erhard\"},\"url\":\"https:\/\/peoplesphere.be\/fr\/author\/jpe\/\"}]}<\/script>\n<!-- \/ Yoast SEO plugin. -->","yoast_head_json":{"title":"Discrimination: plusieurs facteurs connus continuent \u00e0 \u00e9loigner les femmes du march\u00e9 de l'emploi. - Peoplesphere","robots":{"index":"index","follow":"follow","max-snippet":"max-snippet:-1","max-image-preview":"max-image-preview:large","max-video-preview":"max-video-preview:-1"},"canonical":"https:\/\/peoplesphere.be\/fr\/discrimination-plusieurs-facteurs-connus-continuent-a-eloigner-femmes-marche-de-lemploi\/","og_locale":"fr_FR","og_type":"article","og_title":"Discrimination: plusieurs facteurs connus continuent \u00e0 \u00e9loigner les femmes du march\u00e9 de l'emploi. - Peoplesphere","og_description":"Dans le cadre de la Journ\u00e9e Internationale des droits des femmes, Actiris dresse le constat des facteurs pouvant \u00e9loigner les femmes du march\u00e9 de l&#8217;emploi. Le premier constat qui doit \u00eatre fait est le r\u00f4le pr\u00e9pond\u00e9rant jou\u00e9 par les femmes [&hellip;]","og_url":"https:\/\/peoplesphere.be\/fr\/discrimination-plusieurs-facteurs-connus-continuent-a-eloigner-femmes-marche-de-lemploi\/","og_site_name":"Peoplesphere","article_publisher":"https:\/\/www.facebook.com\/peoplesphere","article_published_time":"2022-03-08T05:21:58+00:00","og_image":[{"width":962,"height":527,"url":"https:\/\/peoplesphere.be\/fr\/wp-content\/uploads\/2022\/03\/Capture-d\u2019e\u0301cran-2022-03-08-a\u0300-06.21.07.png","type":"image\/png"}],"author":"Jean-Paul Erhard","twitter_card":"summary_large_image","twitter_creator":"@PeoplesphereMag","twitter_site":"@PeoplesphereMag","twitter_misc":{"\u00c9crit par":"Jean-Paul Erhard","Dur\u00e9e de lecture estim\u00e9e":"5 minutes"},"schema":{"@context":"https:\/\/schema.org","@graph":[{"@type":"Article","@id":"https:\/\/peoplesphere.be\/fr\/discrimination-plusieurs-facteurs-connus-continuent-a-eloigner-femmes-marche-de-lemploi\/#article","isPartOf":{"@id":"https:\/\/peoplesphere.be\/fr\/discrimination-plusieurs-facteurs-connus-continuent-a-eloigner-femmes-marche-de-lemploi\/"},"author":{"name":"Jean-Paul Erhard","@id":"https:\/\/peoplesphere.be\/fr\/#\/schema\/person\/7976225ff17988604334abb7b3536a7e"},"headline":"Discrimination: plusieurs facteurs connus continuent \u00e0 \u00e9loigner les femmes du march\u00e9 de l&#8217;emploi.","datePublished":"2022-03-08T05:21:58+00:00","dateModified":"2022-03-08T05:21:58+00:00","mainEntityOfPage":{"@id":"https:\/\/peoplesphere.be\/fr\/discrimination-plusieurs-facteurs-connus-continuent-a-eloigner-femmes-marche-de-lemploi\/"},"wordCount":991,"publisher":{"@id":"https:\/\/peoplesphere.be\/fr\/#organization"},"keywords":["discrimination","\u00e9galit\u00e9 des genres"],"articleSection":["Actualit\u00e9s","Digital"],"inLanguage":"fr-FR"},{"@type":"WebPage","@id":"https:\/\/peoplesphere.be\/fr\/discrimination-plusieurs-facteurs-connus-continuent-a-eloigner-femmes-marche-de-lemploi\/","url":"https:\/\/peoplesphere.be\/fr\/discrimination-plusieurs-facteurs-connus-continuent-a-eloigner-femmes-marche-de-lemploi\/","name":"Discrimination: plusieurs facteurs connus continuent \u00e0 \u00e9loigner les femmes du march\u00e9 de l'emploi. - Peoplesphere","isPartOf":{"@id":"https:\/\/peoplesphere.be\/fr\/#website"},"datePublished":"2022-03-08T05:21:58+00:00","dateModified":"2022-03-08T05:21:58+00:00","breadcrumb":{"@id":"https:\/\/peoplesphere.be\/fr\/discrimination-plusieurs-facteurs-connus-continuent-a-eloigner-femmes-marche-de-lemploi\/#breadcrumb"},"inLanguage":"fr-FR","potentialAction":[{"@type":"ReadAction","target":["https:\/\/peoplesphere.be\/fr\/discrimination-plusieurs-facteurs-connus-continuent-a-eloigner-femmes-marche-de-lemploi\/"]}]},{"@type":"BreadcrumbList","@id":"https:\/\/peoplesphere.be\/fr\/discrimination-plusieurs-facteurs-connus-continuent-a-eloigner-femmes-marche-de-lemploi\/#breadcrumb","itemListElement":[{"@type":"ListItem","position":1,"name":"Accueil","item":"https:\/\/peoplesphere.be\/fr\/"},{"@type":"ListItem","position":2,"name":"Discrimination: plusieurs facteurs connus continuent \u00e0 \u00e9loigner les femmes du march\u00e9 de l&#8217;emploi."}]},{"@type":"WebSite","@id":"https:\/\/peoplesphere.be\/fr\/#website","url":"https:\/\/peoplesphere.be\/fr\/","name":"Peoplesphere","description":"The People Managers Magazine","publisher":{"@id":"https:\/\/peoplesphere.be\/fr\/#organization"},"potentialAction":[{"@type":"SearchAction","target":{"@type":"EntryPoint","urlTemplate":"https:\/\/peoplesphere.be\/fr\/?s={search_term_string}"},"query-input":"required name=search_term_string"}],"inLanguage":"fr-FR"},{"@type":"Organization","@id":"https:\/\/peoplesphere.be\/fr\/#organization","name":"Peoplesphere Company srl","url":"https:\/\/peoplesphere.be\/fr\/","logo":{"@type":"ImageObject","inLanguage":"fr-FR","@id":"https:\/\/peoplesphere.be\/fr\/#\/schema\/logo\/image\/","url":"https:\/\/peoplesphere.be\/fr\/wp-content\/uploads\/2023\/07\/peoplesphere-lgo-new-generik.jpg","contentUrl":"https:\/\/peoplesphere.be\/fr\/wp-content\/uploads\/2023\/07\/peoplesphere-lgo-new-generik.jpg","width":1031,"height":1479,"caption":"Peoplesphere Company srl"},"image":{"@id":"https:\/\/peoplesphere.be\/fr\/#\/schema\/logo\/image\/"},"sameAs":["https:\/\/www.facebook.com\/peoplesphere","https:\/\/twitter.com\/PeoplesphereMag","https:\/\/www.linkedin.com\/company\/7587361?trk","http:\/\/youtube.com\/peoplesphere"]},{"@type":"Person","@id":"https:\/\/peoplesphere.be\/fr\/#\/schema\/person\/7976225ff17988604334abb7b3536a7e","name":"Jean-Paul Erhard","image":{"@type":"ImageObject","inLanguage":"fr-FR","@id":"https:\/\/peoplesphere.be\/fr\/#\/schema\/person\/image\/","url":"https:\/\/secure.gravatar.com\/avatar\/f941e681460179738071629a51574930?s=96&d=mm&r=g","contentUrl":"https:\/\/secure.gravatar.com\/avatar\/f941e681460179738071629a51574930?s=96&d=mm&r=g","caption":"Jean-Paul Erhard"},"url":"https:\/\/peoplesphere.be\/fr\/author\/jpe\/"}]}},"_links":{"self":[{"href":"https:\/\/peoplesphere.be\/fr\/wp-json\/wp\/v2\/posts\/12568"}],"collection":[{"href":"https:\/\/peoplesphere.be\/fr\/wp-json\/wp\/v2\/posts"}],"about":[{"href":"https:\/\/peoplesphere.be\/fr\/wp-json\/wp\/v2\/types\/post"}],"author":[{"embeddable":true,"href":"https:\/\/peoplesphere.be\/fr\/wp-json\/wp\/v2\/users\/2"}],"replies":[{"embeddable":true,"href":"https:\/\/peoplesphere.be\/fr\/wp-json\/wp\/v2\/comments?post=12568"}],"version-history":[{"count":1,"href":"https:\/\/peoplesphere.be\/fr\/wp-json\/wp\/v2\/posts\/12568\/revisions"}],"predecessor-version":[{"id":12570,"href":"https:\/\/peoplesphere.be\/fr\/wp-json\/wp\/v2\/posts\/12568\/revisions\/12570"}],"wp:featuredmedia":[{"embeddable":true,"href":"https:\/\/peoplesphere.be\/fr\/wp-json\/wp\/v2\/media\/12569"}],"wp:attachment":[{"href":"https:\/\/peoplesphere.be\/fr\/wp-json\/wp\/v2\/media?parent=12568"}],"wp:term":[{"taxonomy":"category","embeddable":true,"href":"https:\/\/peoplesphere.be\/fr\/wp-json\/wp\/v2\/categories?post=12568"},{"taxonomy":"post_tag","embeddable":true,"href":"https:\/\/peoplesphere.be\/fr\/wp-json\/wp\/v2\/tags?post=12568"}],"curies":[{"name":"wp","href":"https:\/\/api.w.org\/{rel}","templated":true}]}}