









{"id":12595,"date":"2022-03-14T05:23:47","date_gmt":"2022-03-14T03:23:47","guid":{"rendered":"https:\/\/peoplesphere.be\/fr\/?p=12595"},"modified":"2023-08-03T08:14:11","modified_gmt":"2023-08-03T06:14:11","slug":"employeurs-travailleurs-unis-accelerer-transition-energetique-reduire-dependance-vis-a-vis-combustibles-fossiles","status":"publish","type":"post","link":"https:\/\/peoplesphere.be\/fr\/employeurs-travailleurs-unis-accelerer-transition-energetique-reduire-dependance-vis-a-vis-combustibles-fossiles\/","title":{"rendered":"Les employeurs et les travailleurs unis pour acc\u00e9l\u00e9rer la transition \u00e9nerg\u00e9tique et r\u00e9duire notre d\u00e9pendance vis-\u00e0-vis des combustibles fossiles."},"content":{"rendered":"<p>Vendredi, la ministre de l\u2019Energie Tinne Van der Straeten s\u2019est entretenue avec les organisations patronales (UNIZO, SNI, UCM, UWE, FEB et VOKA) et les f\u00e9d\u00e9rations sectorielles (Agoria, Essenscia, Comeos et Fevia), alors que le gouvernement travaille sur un 3e paquet de soutien complet et de mesures pour acc\u00e9l\u00e9rer la transition \u00e9nerg\u00e9tique. <!--more--><\/p>\n<p>Tinne Van der Straeten, ministre de l\u2019Energie : \u00ab\u00a0<em>Pour les organisations patronales et sectorielles, la situation actuelle, avec des prix \u00e9lev\u00e9s de l&rsquo;\u00e9nergie \u00e0 l&rsquo;\u00e9chelle europ\u00e9enne, n&rsquo;est plus tenable. Il faut une offensive europ\u00e9enne, comme le plafonnement du prix du gaz. Les employeurs soutiennent l&rsquo;acc\u00e9l\u00e9ration de la transition \u00e9nerg\u00e9tique. C&rsquo;est le seul moyen de r\u00e9duire la d\u00e9pendance \u00e0 l&rsquo;\u00e9gard des combustibles fossiles, mais c&rsquo;est aussi l&rsquo;occasion de faire conna\u00eetre encore davantage les entreprises belges et leur savoir-faire sur la carte du monde. \u00ab\u00a0<\/em><\/p>\n<p><em>\u00ab\u00a0Les trois quarts de la consommation de gaz en Belgique sont imputables \u00e0 l&rsquo;industrie et au chauffage du secteur tertiaire et des m\u00e9nages. Les employeurs sont donc particuli\u00e8rement touch\u00e9s par la crise \u00e9nerg\u00e9tique europ\u00e9enne. L\u2019industrie est l\u2019un des plus gros consommateurs de gaz et de mazout, elle est donc particuli\u00e8rement touch\u00e9e par la crise \u00e9nerg\u00e9tique europ\u00e9enne. Prendre des mesures \u00e0 court terme qui r\u00e9duisent la d\u00e9pendance est donc rentable \u00e0 long terme. Dans le m\u00eame temps, des mesures temporaires sont n\u00e9cessaires pour r\u00e9duire les factures d\u2019\u00e9nergie des travailleurs ind\u00e9pendants et des PME.\u00a0\u00bb<\/em><\/p>\n<p>Le gouvernement f\u00e9d\u00e9ral a d\u00e9j\u00e0 d\u00e9cid\u00e9 de deux paquets de mesures &#8211; en octobre 2021 et janvier 2022 &#8211; pour aider les m\u00e9nages \u00e0 faire face \u00e0 la hausse des prix de l\u2019\u00e9nergie. Ces mesures repr\u00e9sentent un montant total de pr\u00e8s de 2 milliards d\u2019euros. Jeudi, une consultation a eu lieu avec des associations de lutte contre la pauvret\u00e9, des syndicats et des organisations de consommateurs en pr\u00e9paration d\u2019un troisi\u00e8me paquet de mesures pour les citoyens.<\/p>\n<p>Comme les m\u00e9nages, l\u2019industrie, les ind\u00e9pendants et les PME ne sont pas \u00e9pargn\u00e9s par les prix \u00e9lev\u00e9s de l\u2019\u00e9nergie. Pour la ministre Van der Straeten, il est \u00e9vident que le gouvernement doit \u00e9galement prendre des mesures pour garder les prix sous contr\u00f4le. En ce sens, la ministre a plaid\u00e9 pour un plafonnement des prix du gaz au niveau europ\u00e9en et une approche europ\u00e9enne coordonn\u00e9e, ce qui a \u00e9t\u00e9 approuv\u00e9. Enfin, les employeurs ont fait part de leur grande inqui\u00e9tude quant \u00e0 la s\u00e9curit\u00e9 de l&rsquo;approvisionnement \u00e9nerg\u00e9tique au niveau europ\u00e9en, en lien avec la guerre en Ukraine. Ils soutiennent l&rsquo;acc\u00e9l\u00e9ration de la transition \u00e9nerg\u00e9tique afin de r\u00e9duire la d\u00e9pendance \u00e9nerg\u00e9tique.<\/p>\n<p>Le monde des entreprises est d\u00e9j\u00e0 \u00e0 l\u2019avant-garde du passage \u00e0 l\u2019\u00e9nergie 100% renouvelable. Les entreprises qui ont des panneaux solaires sur les toits sont aujourd\u2019hui mieux prot\u00e9g\u00e9es contre les prix \u00e9lev\u00e9s de l\u2019\u00e9lectricit\u00e9. Les employ\u00e9s en b\u00e9n\u00e9ficient \u00e9galement : de plus en plus d\u2019entreprises installent des bornes de recharge afin que les voitures de soci\u00e9t\u00e9 \u00e9lectriques puissent recharger les voitures gratuitement. Dans un avenir proche, ces voitures pourraient m\u00eame fournir de l\u2019\u00e9lectricit\u00e9 \u00e0 la maison. Dans le cas de nouveaux projets \u00e9oliens offshore, un contrat d\u2019achat est souvent conclu directement avec de grands consommateurs industriels. Eux aussi b\u00e9n\u00e9ficient d\u00e9sormais de l\u2019\u00e9lectricit\u00e9 verte et sont mieux prot\u00e9g\u00e9s contre les prix \u00e9lev\u00e9s de l\u2019\u00e9nergie. L&rsquo;acc\u00e9l\u00e9ration du passage \u00e0 l&rsquo;\u00e9nergie verte est largement soutenue, mais <em>\u00ab\u00a0les proc\u00e9dures d&rsquo;obtention des permis devraient \u00eatre plus rapides.\u00a0\u00bb<\/em><\/p>\n<p>Les organisations patronales soulignent \u00e9galement l&rsquo;opportunit\u00e9 de faire de la transition \u00e9nerg\u00e9tique un produit d&rsquo;exportation belge et de mettre ainsi encore plus en avant les entreprises belges et leur savoir-faire sur la carte du monde.<\/p>\n<p>La ministre Van der Straeten : \u00ab\u00a0<em>Nous devons reprendre notre \u00e9nergie en main en acc\u00e9l\u00e9rant consid\u00e9rablement le tempo pour les \u00e9nergies renouvelables. C\u2019est ainsi que nous renforcerons notre ind\u00e9pendance \u00e9nerg\u00e9tique et que nous pourrons mieux nous prot\u00e9ger contre les prix \u00e9lev\u00e9s. C\u2019est pr\u00e9cis\u00e9ment parce que nous sommes tellement d\u00e9pendants de l\u2019\u00e9nergie fossile que nous devons payer si cher notre \u00e9nergie. Les employeurs et les organisations sectorielles ont clairement plaid\u00e9 en faveur d\u2019une acc\u00e9l\u00e9ration de la transition \u00e9nerg\u00e9tique et d\u2019une r\u00e9duction de la d\u00e9pendance aux combustibles fossiles.\u00a0\u00bb<\/em> La ministre portera leurs pr\u00e9occupations et leurs propositions \u00e0 la table du gouvernement.<\/p>\n<p>&nbsp;<\/p>\n<p><em>Source : Cabinet de Tinne Van der Straeten, ministre de l&rsquo;Energie<\/em><\/p>\n","protected":false},"excerpt":{"rendered":"<p>Vendredi, la ministre de l\u2019Energie Tinne Van der Straeten s\u2019est entretenue avec les organisations patronales (UNIZO, SNI, UCM, UWE, FEB et VOKA) et les f\u00e9d\u00e9rations sectorielles (Agoria, Essenscia, Comeos et Fevia), alors que le gouvernement travaille sur un 3e paquet [&hellip;]<\/p>\n","protected":false},"author":2,"featured_media":0,"comment_status":"closed","ping_status":"open","sticky":false,"template":"","format":"standard","meta":[],"categories":[65,10],"tags":[3598,1808,148,3597],"yoast_head":"<!-- This site is optimized with the Yoast SEO plugin v21.0 - https:\/\/yoast.com\/wordpress\/plugins\/seo\/ -->\n<title>Les employeurs et les travailleurs unis pour acc\u00e9l\u00e9rer la transition \u00e9nerg\u00e9tique et r\u00e9duire notre d\u00e9pendance vis-\u00e0-vis des combustibles fossiles. - Peoplesphere<\/title>\n<meta name=\"robots\" content=\"index, follow, max-snippet:-1, max-image-preview:large, max-video-preview:-1\" \/>\n<link rel=\"canonical\" href=\"https:\/\/peoplesphere.be\/fr\/employeurs-travailleurs-unis-accelerer-transition-energetique-reduire-dependance-vis-a-vis-combustibles-fossiles\/\" \/>\n<meta property=\"og:locale\" content=\"fr_FR\" \/>\n<meta property=\"og:type\" content=\"article\" \/>\n<meta property=\"og:title\" content=\"Les employeurs et les travailleurs unis pour acc\u00e9l\u00e9rer la transition \u00e9nerg\u00e9tique et r\u00e9duire notre d\u00e9pendance vis-\u00e0-vis des combustibles fossiles. - Peoplesphere\" \/>\n<meta property=\"og:description\" content=\"Vendredi, la ministre de l\u2019Energie Tinne Van der Straeten s\u2019est entretenue avec les organisations patronales (UNIZO, SNI, UCM, UWE, FEB et VOKA) et les f\u00e9d\u00e9rations sectorielles (Agoria, Essenscia, Comeos et Fevia), alors que le gouvernement travaille sur un 3e paquet [&hellip;]\" \/>\n<meta property=\"og:url\" content=\"https:\/\/peoplesphere.be\/fr\/employeurs-travailleurs-unis-accelerer-transition-energetique-reduire-dependance-vis-a-vis-combustibles-fossiles\/\" \/>\n<meta property=\"og:site_name\" content=\"Peoplesphere\" \/>\n<meta property=\"article:publisher\" content=\"https:\/\/www.facebook.com\/peoplesphere\" \/>\n<meta property=\"article:published_time\" content=\"2022-03-14T03:23:47+00:00\" \/>\n<meta property=\"article:modified_time\" content=\"2023-08-03T06:14:11+00:00\" \/>\n<meta property=\"og:image\" content=\"http:\/\/www.peoplesphere.be\/fr\/wp-content\/uploads\/2016\/07\/facebook-default-posting-1200x628px.jpg\" \/>\n<meta name=\"author\" content=\"Jean-Paul Erhard\" \/>\n<meta name=\"twitter:card\" content=\"summary_large_image\" \/>\n<meta name=\"twitter:creator\" content=\"@PeoplesphereMag\" \/>\n<meta name=\"twitter:site\" content=\"@PeoplesphereMag\" \/>\n<meta name=\"twitter:label1\" content=\"\u00c9crit par\" \/>\n\t<meta name=\"twitter:data1\" content=\"Jean-Paul Erhard\" \/>\n\t<meta name=\"twitter:label2\" content=\"Dur\u00e9e de lecture estim\u00e9e\" \/>\n\t<meta name=\"twitter:data2\" content=\"4 minutes\" \/>\n<script type=\"application\/ld+json\" class=\"yoast-schema-graph\">{\"@context\":\"https:\/\/schema.org\",\"@graph\":[{\"@type\":\"Article\",\"@id\":\"https:\/\/peoplesphere.be\/fr\/employeurs-travailleurs-unis-accelerer-transition-energetique-reduire-dependance-vis-a-vis-combustibles-fossiles\/#article\",\"isPartOf\":{\"@id\":\"https:\/\/peoplesphere.be\/fr\/employeurs-travailleurs-unis-accelerer-transition-energetique-reduire-dependance-vis-a-vis-combustibles-fossiles\/\"},\"author\":{\"name\":\"Jean-Paul Erhard\",\"@id\":\"https:\/\/peoplesphere.be\/fr\/#\/schema\/person\/7976225ff17988604334abb7b3536a7e\"},\"headline\":\"Les employeurs et les travailleurs unis pour acc\u00e9l\u00e9rer la transition \u00e9nerg\u00e9tique et r\u00e9duire notre d\u00e9pendance vis-\u00e0-vis des combustibles fossiles.\",\"datePublished\":\"2022-03-14T03:23:47+00:00\",\"dateModified\":\"2023-08-03T06:14:11+00:00\",\"mainEntityOfPage\":{\"@id\":\"https:\/\/peoplesphere.be\/fr\/employeurs-travailleurs-unis-accelerer-transition-energetique-reduire-dependance-vis-a-vis-combustibles-fossiles\/\"},\"wordCount\":812,\"publisher\":{\"@id\":\"https:\/\/peoplesphere.be\/fr\/#organization\"},\"keywords\":[\"crise de l'\u00e9nergie\",\"organisations patronales\",\"pouvoir d'achat\",\"transition \u00e9nerg\u00e9tique\"],\"articleSection\":[\"Actualit\u00e9s\",\"Digital\"],\"inLanguage\":\"fr-FR\"},{\"@type\":\"WebPage\",\"@id\":\"https:\/\/peoplesphere.be\/fr\/employeurs-travailleurs-unis-accelerer-transition-energetique-reduire-dependance-vis-a-vis-combustibles-fossiles\/\",\"url\":\"https:\/\/peoplesphere.be\/fr\/employeurs-travailleurs-unis-accelerer-transition-energetique-reduire-dependance-vis-a-vis-combustibles-fossiles\/\",\"name\":\"Les employeurs et les travailleurs unis pour acc\u00e9l\u00e9rer la transition \u00e9nerg\u00e9tique et r\u00e9duire notre d\u00e9pendance vis-\u00e0-vis des combustibles fossiles. - Peoplesphere\",\"isPartOf\":{\"@id\":\"https:\/\/peoplesphere.be\/fr\/#website\"},\"datePublished\":\"2022-03-14T03:23:47+00:00\",\"dateModified\":\"2023-08-03T06:14:11+00:00\",\"breadcrumb\":{\"@id\":\"https:\/\/peoplesphere.be\/fr\/employeurs-travailleurs-unis-accelerer-transition-energetique-reduire-dependance-vis-a-vis-combustibles-fossiles\/#breadcrumb\"},\"inLanguage\":\"fr-FR\",\"potentialAction\":[{\"@type\":\"ReadAction\",\"target\":[\"https:\/\/peoplesphere.be\/fr\/employeurs-travailleurs-unis-accelerer-transition-energetique-reduire-dependance-vis-a-vis-combustibles-fossiles\/\"]}]},{\"@type\":\"BreadcrumbList\",\"@id\":\"https:\/\/peoplesphere.be\/fr\/employeurs-travailleurs-unis-accelerer-transition-energetique-reduire-dependance-vis-a-vis-combustibles-fossiles\/#breadcrumb\",\"itemListElement\":[{\"@type\":\"ListItem\",\"position\":1,\"name\":\"Accueil\",\"item\":\"https:\/\/peoplesphere.be\/fr\/\"},{\"@type\":\"ListItem\",\"position\":2,\"name\":\"Les employeurs et les travailleurs unis pour acc\u00e9l\u00e9rer la transition \u00e9nerg\u00e9tique et r\u00e9duire notre d\u00e9pendance vis-\u00e0-vis des combustibles fossiles.\"}]},{\"@type\":\"WebSite\",\"@id\":\"https:\/\/peoplesphere.be\/fr\/#website\",\"url\":\"https:\/\/peoplesphere.be\/fr\/\",\"name\":\"Peoplesphere\",\"description\":\"The People Managers Magazine\",\"publisher\":{\"@id\":\"https:\/\/peoplesphere.be\/fr\/#organization\"},\"potentialAction\":[{\"@type\":\"SearchAction\",\"target\":{\"@type\":\"EntryPoint\",\"urlTemplate\":\"https:\/\/peoplesphere.be\/fr\/?s={search_term_string}\"},\"query-input\":\"required name=search_term_string\"}],\"inLanguage\":\"fr-FR\"},{\"@type\":\"Organization\",\"@id\":\"https:\/\/peoplesphere.be\/fr\/#organization\",\"name\":\"Peoplesphere Company srl\",\"url\":\"https:\/\/peoplesphere.be\/fr\/\",\"logo\":{\"@type\":\"ImageObject\",\"inLanguage\":\"fr-FR\",\"@id\":\"https:\/\/peoplesphere.be\/fr\/#\/schema\/logo\/image\/\",\"url\":\"https:\/\/peoplesphere.be\/fr\/wp-content\/uploads\/2023\/07\/peoplesphere-lgo-new-generik.jpg\",\"contentUrl\":\"https:\/\/peoplesphere.be\/fr\/wp-content\/uploads\/2023\/07\/peoplesphere-lgo-new-generik.jpg\",\"width\":1031,\"height\":1479,\"caption\":\"Peoplesphere Company srl\"},\"image\":{\"@id\":\"https:\/\/peoplesphere.be\/fr\/#\/schema\/logo\/image\/\"},\"sameAs\":[\"https:\/\/www.facebook.com\/peoplesphere\",\"https:\/\/twitter.com\/PeoplesphereMag\",\"https:\/\/www.linkedin.com\/company\/7587361?trk\",\"http:\/\/youtube.com\/peoplesphere\"]},{\"@type\":\"Person\",\"@id\":\"https:\/\/peoplesphere.be\/fr\/#\/schema\/person\/7976225ff17988604334abb7b3536a7e\",\"name\":\"Jean-Paul Erhard\",\"image\":{\"@type\":\"ImageObject\",\"inLanguage\":\"fr-FR\",\"@id\":\"https:\/\/peoplesphere.be\/fr\/#\/schema\/person\/image\/\",\"url\":\"https:\/\/secure.gravatar.com\/avatar\/f941e681460179738071629a51574930?s=96&d=mm&r=g\",\"contentUrl\":\"https:\/\/secure.gravatar.com\/avatar\/f941e681460179738071629a51574930?s=96&d=mm&r=g\",\"caption\":\"Jean-Paul Erhard\"},\"url\":\"https:\/\/peoplesphere.be\/fr\/author\/jpe\/\"}]}<\/script>\n<!-- \/ Yoast SEO plugin. -->","yoast_head_json":{"title":"Les employeurs et les travailleurs unis pour acc\u00e9l\u00e9rer la transition \u00e9nerg\u00e9tique et r\u00e9duire notre d\u00e9pendance vis-\u00e0-vis des combustibles fossiles. - Peoplesphere","robots":{"index":"index","follow":"follow","max-snippet":"max-snippet:-1","max-image-preview":"max-image-preview:large","max-video-preview":"max-video-preview:-1"},"canonical":"https:\/\/peoplesphere.be\/fr\/employeurs-travailleurs-unis-accelerer-transition-energetique-reduire-dependance-vis-a-vis-combustibles-fossiles\/","og_locale":"fr_FR","og_type":"article","og_title":"Les employeurs et les travailleurs unis pour acc\u00e9l\u00e9rer la transition \u00e9nerg\u00e9tique et r\u00e9duire notre d\u00e9pendance vis-\u00e0-vis des combustibles fossiles. - Peoplesphere","og_description":"Vendredi, la ministre de l\u2019Energie Tinne Van der Straeten s\u2019est entretenue avec les organisations patronales (UNIZO, SNI, UCM, UWE, FEB et VOKA) et les f\u00e9d\u00e9rations sectorielles (Agoria, Essenscia, Comeos et Fevia), alors que le gouvernement travaille sur un 3e paquet [&hellip;]","og_url":"https:\/\/peoplesphere.be\/fr\/employeurs-travailleurs-unis-accelerer-transition-energetique-reduire-dependance-vis-a-vis-combustibles-fossiles\/","og_site_name":"Peoplesphere","article_publisher":"https:\/\/www.facebook.com\/peoplesphere","article_published_time":"2022-03-14T03:23:47+00:00","article_modified_time":"2023-08-03T06:14:11+00:00","og_image":[{"url":"http:\/\/www.peoplesphere.be\/fr\/wp-content\/uploads\/2016\/07\/facebook-default-posting-1200x628px.jpg"}],"author":"Jean-Paul Erhard","twitter_card":"summary_large_image","twitter_creator":"@PeoplesphereMag","twitter_site":"@PeoplesphereMag","twitter_misc":{"\u00c9crit par":"Jean-Paul Erhard","Dur\u00e9e de lecture estim\u00e9e":"4 minutes"},"schema":{"@context":"https:\/\/schema.org","@graph":[{"@type":"Article","@id":"https:\/\/peoplesphere.be\/fr\/employeurs-travailleurs-unis-accelerer-transition-energetique-reduire-dependance-vis-a-vis-combustibles-fossiles\/#article","isPartOf":{"@id":"https:\/\/peoplesphere.be\/fr\/employeurs-travailleurs-unis-accelerer-transition-energetique-reduire-dependance-vis-a-vis-combustibles-fossiles\/"},"author":{"name":"Jean-Paul Erhard","@id":"https:\/\/peoplesphere.be\/fr\/#\/schema\/person\/7976225ff17988604334abb7b3536a7e"},"headline":"Les employeurs et les travailleurs unis pour acc\u00e9l\u00e9rer la transition \u00e9nerg\u00e9tique et r\u00e9duire notre d\u00e9pendance vis-\u00e0-vis des combustibles fossiles.","datePublished":"2022-03-14T03:23:47+00:00","dateModified":"2023-08-03T06:14:11+00:00","mainEntityOfPage":{"@id":"https:\/\/peoplesphere.be\/fr\/employeurs-travailleurs-unis-accelerer-transition-energetique-reduire-dependance-vis-a-vis-combustibles-fossiles\/"},"wordCount":812,"publisher":{"@id":"https:\/\/peoplesphere.be\/fr\/#organization"},"keywords":["crise de l'\u00e9nergie","organisations patronales","pouvoir d'achat","transition \u00e9nerg\u00e9tique"],"articleSection":["Actualit\u00e9s","Digital"],"inLanguage":"fr-FR"},{"@type":"WebPage","@id":"https:\/\/peoplesphere.be\/fr\/employeurs-travailleurs-unis-accelerer-transition-energetique-reduire-dependance-vis-a-vis-combustibles-fossiles\/","url":"https:\/\/peoplesphere.be\/fr\/employeurs-travailleurs-unis-accelerer-transition-energetique-reduire-dependance-vis-a-vis-combustibles-fossiles\/","name":"Les employeurs et les travailleurs unis pour acc\u00e9l\u00e9rer la transition \u00e9nerg\u00e9tique et r\u00e9duire notre d\u00e9pendance vis-\u00e0-vis des combustibles fossiles. - Peoplesphere","isPartOf":{"@id":"https:\/\/peoplesphere.be\/fr\/#website"},"datePublished":"2022-03-14T03:23:47+00:00","dateModified":"2023-08-03T06:14:11+00:00","breadcrumb":{"@id":"https:\/\/peoplesphere.be\/fr\/employeurs-travailleurs-unis-accelerer-transition-energetique-reduire-dependance-vis-a-vis-combustibles-fossiles\/#breadcrumb"},"inLanguage":"fr-FR","potentialAction":[{"@type":"ReadAction","target":["https:\/\/peoplesphere.be\/fr\/employeurs-travailleurs-unis-accelerer-transition-energetique-reduire-dependance-vis-a-vis-combustibles-fossiles\/"]}]},{"@type":"BreadcrumbList","@id":"https:\/\/peoplesphere.be\/fr\/employeurs-travailleurs-unis-accelerer-transition-energetique-reduire-dependance-vis-a-vis-combustibles-fossiles\/#breadcrumb","itemListElement":[{"@type":"ListItem","position":1,"name":"Accueil","item":"https:\/\/peoplesphere.be\/fr\/"},{"@type":"ListItem","position":2,"name":"Les employeurs et les travailleurs unis pour acc\u00e9l\u00e9rer la transition \u00e9nerg\u00e9tique et r\u00e9duire notre d\u00e9pendance vis-\u00e0-vis des combustibles fossiles."}]},{"@type":"WebSite","@id":"https:\/\/peoplesphere.be\/fr\/#website","url":"https:\/\/peoplesphere.be\/fr\/","name":"Peoplesphere","description":"The People Managers Magazine","publisher":{"@id":"https:\/\/peoplesphere.be\/fr\/#organization"},"potentialAction":[{"@type":"SearchAction","target":{"@type":"EntryPoint","urlTemplate":"https:\/\/peoplesphere.be\/fr\/?s={search_term_string}"},"query-input":"required name=search_term_string"}],"inLanguage":"fr-FR"},{"@type":"Organization","@id":"https:\/\/peoplesphere.be\/fr\/#organization","name":"Peoplesphere Company srl","url":"https:\/\/peoplesphere.be\/fr\/","logo":{"@type":"ImageObject","inLanguage":"fr-FR","@id":"https:\/\/peoplesphere.be\/fr\/#\/schema\/logo\/image\/","url":"https:\/\/peoplesphere.be\/fr\/wp-content\/uploads\/2023\/07\/peoplesphere-lgo-new-generik.jpg","contentUrl":"https:\/\/peoplesphere.be\/fr\/wp-content\/uploads\/2023\/07\/peoplesphere-lgo-new-generik.jpg","width":1031,"height":1479,"caption":"Peoplesphere Company srl"},"image":{"@id":"https:\/\/peoplesphere.be\/fr\/#\/schema\/logo\/image\/"},"sameAs":["https:\/\/www.facebook.com\/peoplesphere","https:\/\/twitter.com\/PeoplesphereMag","https:\/\/www.linkedin.com\/company\/7587361?trk","http:\/\/youtube.com\/peoplesphere"]},{"@type":"Person","@id":"https:\/\/peoplesphere.be\/fr\/#\/schema\/person\/7976225ff17988604334abb7b3536a7e","name":"Jean-Paul Erhard","image":{"@type":"ImageObject","inLanguage":"fr-FR","@id":"https:\/\/peoplesphere.be\/fr\/#\/schema\/person\/image\/","url":"https:\/\/secure.gravatar.com\/avatar\/f941e681460179738071629a51574930?s=96&d=mm&r=g","contentUrl":"https:\/\/secure.gravatar.com\/avatar\/f941e681460179738071629a51574930?s=96&d=mm&r=g","caption":"Jean-Paul Erhard"},"url":"https:\/\/peoplesphere.be\/fr\/author\/jpe\/"}]}},"_links":{"self":[{"href":"https:\/\/peoplesphere.be\/fr\/wp-json\/wp\/v2\/posts\/12595"}],"collection":[{"href":"https:\/\/peoplesphere.be\/fr\/wp-json\/wp\/v2\/posts"}],"about":[{"href":"https:\/\/peoplesphere.be\/fr\/wp-json\/wp\/v2\/types\/post"}],"author":[{"embeddable":true,"href":"https:\/\/peoplesphere.be\/fr\/wp-json\/wp\/v2\/users\/2"}],"replies":[{"embeddable":true,"href":"https:\/\/peoplesphere.be\/fr\/wp-json\/wp\/v2\/comments?post=12595"}],"version-history":[{"count":1,"href":"https:\/\/peoplesphere.be\/fr\/wp-json\/wp\/v2\/posts\/12595\/revisions"}],"predecessor-version":[{"id":12596,"href":"https:\/\/peoplesphere.be\/fr\/wp-json\/wp\/v2\/posts\/12595\/revisions\/12596"}],"wp:attachment":[{"href":"https:\/\/peoplesphere.be\/fr\/wp-json\/wp\/v2\/media?parent=12595"}],"wp:term":[{"taxonomy":"category","embeddable":true,"href":"https:\/\/peoplesphere.be\/fr\/wp-json\/wp\/v2\/categories?post=12595"},{"taxonomy":"post_tag","embeddable":true,"href":"https:\/\/peoplesphere.be\/fr\/wp-json\/wp\/v2\/tags?post=12595"}],"curies":[{"name":"wp","href":"https:\/\/api.w.org\/{rel}","templated":true}]}}