









{"id":12603,"date":"2022-03-15T08:22:39","date_gmt":"2022-03-15T06:22:39","guid":{"rendered":"https:\/\/peoplesphere.be\/fr\/?p=12603"},"modified":"2022-03-15T08:22:39","modified_gmt":"2022-03-15T06:22:39","slug":"nombre-demplois-vacants-belgique-se-stabilise-dessous-200-000-unites","status":"publish","type":"post","link":"https:\/\/peoplesphere.be\/fr\/nombre-demplois-vacants-belgique-se-stabilise-dessous-200-000-unites\/","title":{"rendered":"Le nombre d&#8217;emplois vacants en Belgique se stabilise juste en-dessous des 200.000 unit\u00e9s."},"content":{"rendered":"<p>Statbel, l&rsquo;office belge de statistique, vient de publier le nombre d\u2019emplois vacants dans les entreprises belges au 4\u00e8me trimestre 2021. Le taux de vacance d\u2019emploi &#8211; le nombre d&#8217;emplois vacants par rapport au nombre total de postes au sein de l\u2019entreprise &#8211; diminue principalement dans le secteur des activit\u00e9s immobili\u00e8res et dans celui de l\u2019h\u00e9bergement et restauration tandis qu\u2019il augmente principalement dans le secteur des activit\u00e9s financi\u00e8res et d\u2019assurance et dans celui des transports et entreposage. Le taux de vacance d\u2019emploi des postes d\u2019int\u00e9rim reste nettement sup\u00e9rieur \u00e0 celui des postes fixes.<!--more--><\/p>\n<p>Au quatri\u00e8me trimestre 2021, les entreprises belges offraient 196.140 emplois vacants contre 196.227 au troisi\u00e8me trimestre 2021. Le taux de vacance d\u2019emploi &#8211; le nombre d&#8217;emplois vacants par rapport au nombre total d&#8217;emplois dans l&rsquo;entreprise \u2013 est lui aussi rest\u00e9 stable en passant de 4,74% \u00e0 4,72%.<br \/>\nLe nombre d\u2019emplois vacants a diminu\u00e9 en R\u00e9gion Wallonne (-287 postes) et en R\u00e9gion flamande (-98), tandis qu\u2019il a augment\u00e9 en R\u00e9gion de Bruxelles-Capitale (+298) par rapport au troisi\u00e8me trimestre 2021.<\/p>\n<p>Avec 68% de l\u2019ensemble des emplois vacants en Belgique, la Flandre reste la r\u00e9gion du pays pr\u00e9sentant le plus grand nombre d\u2019emplois vacants. Elle est suivie par la Wallonie avec 20% et Bruxelles avec 12%.<br \/>\nLe taux de vacance d\u2019emploi reste plus \u00e9lev\u00e9 en Flandre (5,39%) qu\u2019en Wallonie (3,75%) et \u00e0 Bruxelles (3,71%).<\/p>\n<p>Il y a 4,18 fois plus d\u2019emplois vacants dans les grandes et moyennes entreprises que dans les petites entreprises. Le taux de vacance d\u2019emploi reste toutefois plus \u00e9lev\u00e9 dans les petites entreprises (7,06%) que dans les grandes et les moyennes (4,37%).<\/p>\n<p>Bien que davantage d\u2019emplois vacants soient offerts pour des postes fixes (84,79%), le taux de vacance d\u2019emploi est nettement sup\u00e9rieur pour les postes d\u2019int\u00e9rim (20,70%) que pour les postes fixes (4,15%).<\/p>\n<p><strong><em>R\u00e9partition selon le secteur d\u2019activit\u00e9<\/em><\/strong><\/p>\n<p>Plus de trois quarts (76,1%) des emplois vacants se trouvent dans cinq secteurs \u00e9conomiques: le secteur non-marchand, les sciences et services, l\u2019industrie, le commerce et la construction.<\/p>\n<p>Le taux de vacance d\u2019emploi diminue principalement dans le secteur des activit\u00e9s immobili\u00e8res (-3,89 points de pourcent) et dans celui de l\u2019h\u00e9bergement et restauration (-2,42 points) tandis qu\u2019il augmente principalement dans le secteur des activit\u00e9s financi\u00e8res et d\u2019assurance (+1,1 point) et dans celui des transports et entreposage (+0,62 point). Par ailleurs, ce taux devient le plus \u00e9lev\u00e9 dans le secteur de l\u2019information et communication (9,0%) et le plus faible dans le secteur des activit\u00e9s immobili\u00e8res (1,6%).<\/p>\n<p>L\u2019enqu\u00eate trimestrielle sur les postes vacants r\u00e9pond aux besoins statistiques de la Commission europ\u00e9enne tels que d\u00e9finis dans le R\u00e8glement (CE) n\u00b0453\/2008du Parlement europ\u00e9en et du Conseil du 23 avril 2008, le R\u00e8glement (CE) n\u00b01062\/2008de la Commission du 28 octobre 2008 et le R\u00e8glement (CE) n\u00b019\/2009 de la Commission du 13 janvier 2009. La statistique des emplois vacants donne des informations sur la demande non satisfaite de main-d&rsquo;\u0153uvre. Les informations sur les emplois vacants sont utilis\u00e9es pour l&rsquo;analyse du cycle \u00e9conomique et l&rsquo;\u00e9valuation des inad\u00e9quations sur le march\u00e9 du travail. L\u2019enqu\u00eate trimestrielle s\u2019appuie sur un \u00e9chantillon d\u2019entreprises ayant au moins un salari\u00e9. Les donn\u00e9es sont r\u00e9colt\u00e9es par secteur d\u2019activit\u00e9, par r\u00e9gion d\u2019implantation et par classe de taille des entreprises.<\/p>\n<p>La population \u00e9tudi\u00e9e se compose d\u2019entreprises ayant au moins un salari\u00e9. Les activit\u00e9s des m\u00e9nages, des ind\u00e9pendants et des organisations et organismes extraterritoriaux (ambassades, consulats, institutions europ\u00e9ennes, OMD, OTAN\u2026) sont exclues.<\/p>\n<p><strong><em>Principales d\u00e9finitions<\/em><\/strong><\/p>\n<p>Un \u00ab poste vacant \u00bb est un emploi r\u00e9mun\u00e9r\u00e9 nouvellement cr\u00e9\u00e9, non pourvu, ou qui deviendra vacant sous peu, pour le pourvoi duquel l\u2019employeur entreprend activement de chercher, en dehors de l\u2019entreprise concern\u00e9e, un candidat apte et est pr\u00eat \u00e0 entreprendre des d\u00e9marches suppl\u00e9mentaires ; qu\u2019il a l\u2019intention de pourvoir imm\u00e9diatement ou dans un d\u00e9lai d\u00e9termin\u00e9. Un poste vacant ouvert uniquement aux candidats internes n&rsquo;est pas trait\u00e9 comme une \u00ab vacance d&#8217;emploi \u00bb.<\/p>\n<p>Un \u00ab poste occup\u00e9 \u00bb est un emploi r\u00e9mun\u00e9r\u00e9 au sein d\u2019une organisation auquel un salari\u00e9 a \u00e9t\u00e9 affect\u00e9.<\/p>\n<p>Le taux de vacance d&#8217;emploi (TVE) mesure la proportion des emplois totaux qui sont vacants, selon la d\u00e9finition du poste vacant susmentionn\u00e9e, exprim\u00e9e en pourcentage, comme suit : Le taux de vacance d&#8217;emploi (TVE) formule<\/p>\n<p><em>Source: Statbel<\/em><\/p>\n","protected":false},"excerpt":{"rendered":"<p>Statbel, l&rsquo;office belge de statistique, vient de publier le nombre d\u2019emplois vacants dans les entreprises belges au 4\u00e8me trimestre 2021. Le taux de vacance d\u2019emploi &#8211; le nombre d&#8217;emplois vacants par rapport au nombre total de postes au sein de [&hellip;]<\/p>\n","protected":false},"author":2,"featured_media":0,"comment_status":"closed","ping_status":"open","sticky":false,"template":"","format":"standard","meta":[],"categories":[65,10],"tags":[2099,702,2283],"yoast_head":"<!-- This site is optimized with the Yoast SEO plugin v21.0 - https:\/\/yoast.com\/wordpress\/plugins\/seo\/ -->\n<title>Le nombre d&#039;emplois vacants en Belgique se stabilise juste en-dessous des 200.000 unit\u00e9s. - Peoplesphere<\/title>\n<meta name=\"robots\" content=\"index, follow, max-snippet:-1, max-image-preview:large, max-video-preview:-1\" \/>\n<link rel=\"canonical\" href=\"https:\/\/peoplesphere.be\/fr\/nombre-demplois-vacants-belgique-se-stabilise-dessous-200-000-unites\/\" \/>\n<meta property=\"og:locale\" content=\"fr_FR\" \/>\n<meta property=\"og:type\" content=\"article\" \/>\n<meta property=\"og:title\" content=\"Le nombre d&#039;emplois vacants en Belgique se stabilise juste en-dessous des 200.000 unit\u00e9s. - Peoplesphere\" \/>\n<meta property=\"og:description\" content=\"Statbel, l&rsquo;office belge de statistique, vient de publier le nombre d\u2019emplois vacants dans les entreprises belges au 4\u00e8me trimestre 2021. Le taux de vacance d\u2019emploi &#8211; le nombre d&#8217;emplois vacants par rapport au nombre total de postes au sein de [&hellip;]\" \/>\n<meta property=\"og:url\" content=\"https:\/\/peoplesphere.be\/fr\/nombre-demplois-vacants-belgique-se-stabilise-dessous-200-000-unites\/\" \/>\n<meta property=\"og:site_name\" content=\"Peoplesphere\" \/>\n<meta property=\"article:publisher\" content=\"https:\/\/www.facebook.com\/peoplesphere\" \/>\n<meta property=\"article:published_time\" content=\"2022-03-15T06:22:39+00:00\" \/>\n<meta property=\"og:image\" content=\"http:\/\/www.peoplesphere.be\/fr\/wp-content\/uploads\/2016\/07\/facebook-default-posting-1200x628px.jpg\" \/>\n<meta name=\"author\" content=\"Jean-Paul Erhard\" \/>\n<meta name=\"twitter:card\" content=\"summary_large_image\" \/>\n<meta name=\"twitter:creator\" content=\"@PeoplesphereMag\" \/>\n<meta name=\"twitter:site\" content=\"@PeoplesphereMag\" \/>\n<meta name=\"twitter:label1\" content=\"\u00c9crit par\" \/>\n\t<meta name=\"twitter:data1\" content=\"Jean-Paul Erhard\" \/>\n\t<meta name=\"twitter:label2\" content=\"Dur\u00e9e de lecture estim\u00e9e\" \/>\n\t<meta name=\"twitter:data2\" content=\"4 minutes\" \/>\n<script type=\"application\/ld+json\" class=\"yoast-schema-graph\">{\"@context\":\"https:\/\/schema.org\",\"@graph\":[{\"@type\":\"Article\",\"@id\":\"https:\/\/peoplesphere.be\/fr\/nombre-demplois-vacants-belgique-se-stabilise-dessous-200-000-unites\/#article\",\"isPartOf\":{\"@id\":\"https:\/\/peoplesphere.be\/fr\/nombre-demplois-vacants-belgique-se-stabilise-dessous-200-000-unites\/\"},\"author\":{\"name\":\"Jean-Paul Erhard\",\"@id\":\"https:\/\/peoplesphere.be\/fr\/#\/schema\/person\/7976225ff17988604334abb7b3536a7e\"},\"headline\":\"Le nombre d&#8217;emplois vacants en Belgique se stabilise juste en-dessous des 200.000 unit\u00e9s.\",\"datePublished\":\"2022-03-15T06:22:39+00:00\",\"dateModified\":\"2022-03-15T06:22:39+00:00\",\"mainEntityOfPage\":{\"@id\":\"https:\/\/peoplesphere.be\/fr\/nombre-demplois-vacants-belgique-se-stabilise-dessous-200-000-unites\/\"},\"wordCount\":755,\"publisher\":{\"@id\":\"https:\/\/peoplesphere.be\/fr\/#organization\"},\"keywords\":[\"emplois vacants\",\"march\u00e9 de l'emploi\",\"statbel\"],\"articleSection\":[\"Actualit\u00e9s\",\"Digital\"],\"inLanguage\":\"fr-FR\"},{\"@type\":\"WebPage\",\"@id\":\"https:\/\/peoplesphere.be\/fr\/nombre-demplois-vacants-belgique-se-stabilise-dessous-200-000-unites\/\",\"url\":\"https:\/\/peoplesphere.be\/fr\/nombre-demplois-vacants-belgique-se-stabilise-dessous-200-000-unites\/\",\"name\":\"Le nombre d'emplois vacants en Belgique se stabilise juste en-dessous des 200.000 unit\u00e9s. - Peoplesphere\",\"isPartOf\":{\"@id\":\"https:\/\/peoplesphere.be\/fr\/#website\"},\"datePublished\":\"2022-03-15T06:22:39+00:00\",\"dateModified\":\"2022-03-15T06:22:39+00:00\",\"breadcrumb\":{\"@id\":\"https:\/\/peoplesphere.be\/fr\/nombre-demplois-vacants-belgique-se-stabilise-dessous-200-000-unites\/#breadcrumb\"},\"inLanguage\":\"fr-FR\",\"potentialAction\":[{\"@type\":\"ReadAction\",\"target\":[\"https:\/\/peoplesphere.be\/fr\/nombre-demplois-vacants-belgique-se-stabilise-dessous-200-000-unites\/\"]}]},{\"@type\":\"BreadcrumbList\",\"@id\":\"https:\/\/peoplesphere.be\/fr\/nombre-demplois-vacants-belgique-se-stabilise-dessous-200-000-unites\/#breadcrumb\",\"itemListElement\":[{\"@type\":\"ListItem\",\"position\":1,\"name\":\"Accueil\",\"item\":\"https:\/\/peoplesphere.be\/fr\/\"},{\"@type\":\"ListItem\",\"position\":2,\"name\":\"Le nombre d&#8217;emplois vacants en Belgique se stabilise juste en-dessous des 200.000 unit\u00e9s.\"}]},{\"@type\":\"WebSite\",\"@id\":\"https:\/\/peoplesphere.be\/fr\/#website\",\"url\":\"https:\/\/peoplesphere.be\/fr\/\",\"name\":\"Peoplesphere\",\"description\":\"The People Managers Magazine\",\"publisher\":{\"@id\":\"https:\/\/peoplesphere.be\/fr\/#organization\"},\"potentialAction\":[{\"@type\":\"SearchAction\",\"target\":{\"@type\":\"EntryPoint\",\"urlTemplate\":\"https:\/\/peoplesphere.be\/fr\/?s={search_term_string}\"},\"query-input\":\"required name=search_term_string\"}],\"inLanguage\":\"fr-FR\"},{\"@type\":\"Organization\",\"@id\":\"https:\/\/peoplesphere.be\/fr\/#organization\",\"name\":\"Peoplesphere Company srl\",\"url\":\"https:\/\/peoplesphere.be\/fr\/\",\"logo\":{\"@type\":\"ImageObject\",\"inLanguage\":\"fr-FR\",\"@id\":\"https:\/\/peoplesphere.be\/fr\/#\/schema\/logo\/image\/\",\"url\":\"https:\/\/peoplesphere.be\/fr\/wp-content\/uploads\/2023\/07\/peoplesphere-lgo-new-generik.jpg\",\"contentUrl\":\"https:\/\/peoplesphere.be\/fr\/wp-content\/uploads\/2023\/07\/peoplesphere-lgo-new-generik.jpg\",\"width\":1031,\"height\":1479,\"caption\":\"Peoplesphere Company srl\"},\"image\":{\"@id\":\"https:\/\/peoplesphere.be\/fr\/#\/schema\/logo\/image\/\"},\"sameAs\":[\"https:\/\/www.facebook.com\/peoplesphere\",\"https:\/\/twitter.com\/PeoplesphereMag\",\"https:\/\/www.linkedin.com\/company\/7587361?trk\",\"http:\/\/youtube.com\/peoplesphere\"]},{\"@type\":\"Person\",\"@id\":\"https:\/\/peoplesphere.be\/fr\/#\/schema\/person\/7976225ff17988604334abb7b3536a7e\",\"name\":\"Jean-Paul Erhard\",\"image\":{\"@type\":\"ImageObject\",\"inLanguage\":\"fr-FR\",\"@id\":\"https:\/\/peoplesphere.be\/fr\/#\/schema\/person\/image\/\",\"url\":\"https:\/\/secure.gravatar.com\/avatar\/f941e681460179738071629a51574930?s=96&d=mm&r=g\",\"contentUrl\":\"https:\/\/secure.gravatar.com\/avatar\/f941e681460179738071629a51574930?s=96&d=mm&r=g\",\"caption\":\"Jean-Paul Erhard\"},\"url\":\"https:\/\/peoplesphere.be\/fr\/author\/jpe\/\"}]}<\/script>\n<!-- \/ Yoast SEO plugin. -->","yoast_head_json":{"title":"Le nombre d'emplois vacants en Belgique se stabilise juste en-dessous des 200.000 unit\u00e9s. - Peoplesphere","robots":{"index":"index","follow":"follow","max-snippet":"max-snippet:-1","max-image-preview":"max-image-preview:large","max-video-preview":"max-video-preview:-1"},"canonical":"https:\/\/peoplesphere.be\/fr\/nombre-demplois-vacants-belgique-se-stabilise-dessous-200-000-unites\/","og_locale":"fr_FR","og_type":"article","og_title":"Le nombre d'emplois vacants en Belgique se stabilise juste en-dessous des 200.000 unit\u00e9s. - Peoplesphere","og_description":"Statbel, l&rsquo;office belge de statistique, vient de publier le nombre d\u2019emplois vacants dans les entreprises belges au 4\u00e8me trimestre 2021. Le taux de vacance d\u2019emploi &#8211; le nombre d&#8217;emplois vacants par rapport au nombre total de postes au sein de [&hellip;]","og_url":"https:\/\/peoplesphere.be\/fr\/nombre-demplois-vacants-belgique-se-stabilise-dessous-200-000-unites\/","og_site_name":"Peoplesphere","article_publisher":"https:\/\/www.facebook.com\/peoplesphere","article_published_time":"2022-03-15T06:22:39+00:00","og_image":[{"url":"http:\/\/www.peoplesphere.be\/fr\/wp-content\/uploads\/2016\/07\/facebook-default-posting-1200x628px.jpg"}],"author":"Jean-Paul Erhard","twitter_card":"summary_large_image","twitter_creator":"@PeoplesphereMag","twitter_site":"@PeoplesphereMag","twitter_misc":{"\u00c9crit par":"Jean-Paul Erhard","Dur\u00e9e de lecture estim\u00e9e":"4 minutes"},"schema":{"@context":"https:\/\/schema.org","@graph":[{"@type":"Article","@id":"https:\/\/peoplesphere.be\/fr\/nombre-demplois-vacants-belgique-se-stabilise-dessous-200-000-unites\/#article","isPartOf":{"@id":"https:\/\/peoplesphere.be\/fr\/nombre-demplois-vacants-belgique-se-stabilise-dessous-200-000-unites\/"},"author":{"name":"Jean-Paul Erhard","@id":"https:\/\/peoplesphere.be\/fr\/#\/schema\/person\/7976225ff17988604334abb7b3536a7e"},"headline":"Le nombre d&#8217;emplois vacants en Belgique se stabilise juste en-dessous des 200.000 unit\u00e9s.","datePublished":"2022-03-15T06:22:39+00:00","dateModified":"2022-03-15T06:22:39+00:00","mainEntityOfPage":{"@id":"https:\/\/peoplesphere.be\/fr\/nombre-demplois-vacants-belgique-se-stabilise-dessous-200-000-unites\/"},"wordCount":755,"publisher":{"@id":"https:\/\/peoplesphere.be\/fr\/#organization"},"keywords":["emplois vacants","march\u00e9 de l'emploi","statbel"],"articleSection":["Actualit\u00e9s","Digital"],"inLanguage":"fr-FR"},{"@type":"WebPage","@id":"https:\/\/peoplesphere.be\/fr\/nombre-demplois-vacants-belgique-se-stabilise-dessous-200-000-unites\/","url":"https:\/\/peoplesphere.be\/fr\/nombre-demplois-vacants-belgique-se-stabilise-dessous-200-000-unites\/","name":"Le nombre d'emplois vacants en Belgique se stabilise juste en-dessous des 200.000 unit\u00e9s. - Peoplesphere","isPartOf":{"@id":"https:\/\/peoplesphere.be\/fr\/#website"},"datePublished":"2022-03-15T06:22:39+00:00","dateModified":"2022-03-15T06:22:39+00:00","breadcrumb":{"@id":"https:\/\/peoplesphere.be\/fr\/nombre-demplois-vacants-belgique-se-stabilise-dessous-200-000-unites\/#breadcrumb"},"inLanguage":"fr-FR","potentialAction":[{"@type":"ReadAction","target":["https:\/\/peoplesphere.be\/fr\/nombre-demplois-vacants-belgique-se-stabilise-dessous-200-000-unites\/"]}]},{"@type":"BreadcrumbList","@id":"https:\/\/peoplesphere.be\/fr\/nombre-demplois-vacants-belgique-se-stabilise-dessous-200-000-unites\/#breadcrumb","itemListElement":[{"@type":"ListItem","position":1,"name":"Accueil","item":"https:\/\/peoplesphere.be\/fr\/"},{"@type":"ListItem","position":2,"name":"Le nombre d&#8217;emplois vacants en Belgique se stabilise juste en-dessous des 200.000 unit\u00e9s."}]},{"@type":"WebSite","@id":"https:\/\/peoplesphere.be\/fr\/#website","url":"https:\/\/peoplesphere.be\/fr\/","name":"Peoplesphere","description":"The People Managers Magazine","publisher":{"@id":"https:\/\/peoplesphere.be\/fr\/#organization"},"potentialAction":[{"@type":"SearchAction","target":{"@type":"EntryPoint","urlTemplate":"https:\/\/peoplesphere.be\/fr\/?s={search_term_string}"},"query-input":"required name=search_term_string"}],"inLanguage":"fr-FR"},{"@type":"Organization","@id":"https:\/\/peoplesphere.be\/fr\/#organization","name":"Peoplesphere Company srl","url":"https:\/\/peoplesphere.be\/fr\/","logo":{"@type":"ImageObject","inLanguage":"fr-FR","@id":"https:\/\/peoplesphere.be\/fr\/#\/schema\/logo\/image\/","url":"https:\/\/peoplesphere.be\/fr\/wp-content\/uploads\/2023\/07\/peoplesphere-lgo-new-generik.jpg","contentUrl":"https:\/\/peoplesphere.be\/fr\/wp-content\/uploads\/2023\/07\/peoplesphere-lgo-new-generik.jpg","width":1031,"height":1479,"caption":"Peoplesphere Company srl"},"image":{"@id":"https:\/\/peoplesphere.be\/fr\/#\/schema\/logo\/image\/"},"sameAs":["https:\/\/www.facebook.com\/peoplesphere","https:\/\/twitter.com\/PeoplesphereMag","https:\/\/www.linkedin.com\/company\/7587361?trk","http:\/\/youtube.com\/peoplesphere"]},{"@type":"Person","@id":"https:\/\/peoplesphere.be\/fr\/#\/schema\/person\/7976225ff17988604334abb7b3536a7e","name":"Jean-Paul Erhard","image":{"@type":"ImageObject","inLanguage":"fr-FR","@id":"https:\/\/peoplesphere.be\/fr\/#\/schema\/person\/image\/","url":"https:\/\/secure.gravatar.com\/avatar\/f941e681460179738071629a51574930?s=96&d=mm&r=g","contentUrl":"https:\/\/secure.gravatar.com\/avatar\/f941e681460179738071629a51574930?s=96&d=mm&r=g","caption":"Jean-Paul Erhard"},"url":"https:\/\/peoplesphere.be\/fr\/author\/jpe\/"}]}},"_links":{"self":[{"href":"https:\/\/peoplesphere.be\/fr\/wp-json\/wp\/v2\/posts\/12603"}],"collection":[{"href":"https:\/\/peoplesphere.be\/fr\/wp-json\/wp\/v2\/posts"}],"about":[{"href":"https:\/\/peoplesphere.be\/fr\/wp-json\/wp\/v2\/types\/post"}],"author":[{"embeddable":true,"href":"https:\/\/peoplesphere.be\/fr\/wp-json\/wp\/v2\/users\/2"}],"replies":[{"embeddable":true,"href":"https:\/\/peoplesphere.be\/fr\/wp-json\/wp\/v2\/comments?post=12603"}],"version-history":[{"count":1,"href":"https:\/\/peoplesphere.be\/fr\/wp-json\/wp\/v2\/posts\/12603\/revisions"}],"predecessor-version":[{"id":12604,"href":"https:\/\/peoplesphere.be\/fr\/wp-json\/wp\/v2\/posts\/12603\/revisions\/12604"}],"wp:attachment":[{"href":"https:\/\/peoplesphere.be\/fr\/wp-json\/wp\/v2\/media?parent=12603"}],"wp:term":[{"taxonomy":"category","embeddable":true,"href":"https:\/\/peoplesphere.be\/fr\/wp-json\/wp\/v2\/categories?post=12603"},{"taxonomy":"post_tag","embeddable":true,"href":"https:\/\/peoplesphere.be\/fr\/wp-json\/wp\/v2\/tags?post=12603"}],"curies":[{"name":"wp","href":"https:\/\/api.w.org\/{rel}","templated":true}]}}