









{"id":1265,"date":"2013-11-07T11:30:01","date_gmt":"2013-11-07T09:30:01","guid":{"rendered":"http:\/\/www.peoplesphere.be\/wp\/?p=1265"},"modified":"2015-07-28T11:32:39","modified_gmt":"2015-07-28T09:32:39","slug":"lart-delicat-de-la-provocation","status":"publish","type":"post","link":"https:\/\/peoplesphere.be\/fr\/lart-delicat-de-la-provocation\/","title":{"rendered":"L\u2019art d\u00e9licat de la provocation"},"content":{"rendered":"<div style=\"color: #4d4b4c;\">La Belgique Business tremble. Didier Bellens est convoqu\u00e9 par le Ministre des Entreprises publiques demain matin \u00e0 10h. Rhooooo\u2026<\/div>\n<p><!--more--><\/p>\n<div style=\"color: #4d4b4c;\">M. Bellens a encore \u00e9t\u00e9 coquin ce matin \u00e0 Uccle en taquinant l\u2019un ou l\u2019autre ministre sur leurs incomp\u00e9tences et autres incapacit\u00e9s \u00e0 g\u00e9rer le rapport de force qui existe entre un actionnaire et un comit\u00e9 de direction d\u00e9sign\u00e9. Bien s\u00fbr, ce n\u2019est que la provocation, mani\u00e9e avec plus ou moins de finesse et de manipulation m\u00e9diatique.<\/div>\n<div style=\"color: #4d4b4c;\"><\/div>\n<div style=\"color: #4d4b4c;\">Ne nous attardons pas sur le fond pour une fois. Car ce n\u2019est finalement ici qu\u2019une simple question de forme. Que faire en tant qu\u2019administrateur lorsque votre CEO r\u00e9clame son licenciement de toute son \u00e2me? Est-ce une question si compliqu\u00e9e ? Que non ! Il faut exaucer son voeu et mettre un terme \u00e0 une collaboration en se f\u00e9licitant de tout ce qui a \u00e9t\u00e9 accompli et en prenant le pari que, demain, avec un autre pilote \u00e0 bord sans doute, une foule de nouvelles opportunit\u00e9s se pr\u00e9senteront \u00e0 l\u2019entreprise\u2026 L\u2019important donc, c\u2019est de r\u00e9ussir la s\u00e9paration, dans l\u2019\u00e9l\u00e9gance et la discr\u00e9tion\u2026 Et l\u00e0, compte tenu des forces en pr\u00e9sence\u2026 je crains le pire!<\/div>\n<div style=\"color: #4d4b4c;\"><\/div>\n<div style=\"color: #4d4b4c;\"><em>NB : ceci vaut pour un CEO mais aussi pour n\u2019importe quel collaborateur de n\u2019importe quelle entreprise. au cas o\u00f9 vous vous poseriez la question\u2026<\/em><\/div>\n<div style=\"color: #4d4b4c;\"><\/div>\n<div style=\"color: #4d4b4c;\">Jean-Paul ERHARD<\/div>\n","protected":false},"excerpt":{"rendered":"<p>La Belgique Business tremble. Didier Bellens est convoqu\u00e9 par le Ministre des Entreprises publiques demain matin \u00e0 10h. Rhooooo\u2026<\/p>\n","protected":false},"author":2,"featured_media":0,"comment_status":"closed","ping_status":"open","sticky":false,"template":"","format":"standard","meta":[],"categories":[65,10],"tags":[81],"yoast_head":"<!-- This site is optimized with the Yoast SEO plugin v21.0 - https:\/\/yoast.com\/wordpress\/plugins\/seo\/ -->\n<title>L\u2019art d\u00e9licat de la provocation - Peoplesphere<\/title>\n<meta name=\"robots\" content=\"index, follow, max-snippet:-1, max-image-preview:large, max-video-preview:-1\" \/>\n<link rel=\"canonical\" href=\"https:\/\/peoplesphere.be\/fr\/lart-delicat-de-la-provocation\/\" \/>\n<meta property=\"og:locale\" content=\"fr_FR\" \/>\n<meta property=\"og:type\" content=\"article\" \/>\n<meta property=\"og:title\" content=\"L\u2019art d\u00e9licat de la provocation - Peoplesphere\" \/>\n<meta property=\"og:description\" content=\"La Belgique Business tremble. Didier Bellens est convoqu\u00e9 par le Ministre des Entreprises publiques demain matin \u00e0 10h. Rhooooo\u2026\" \/>\n<meta property=\"og:url\" content=\"https:\/\/peoplesphere.be\/fr\/lart-delicat-de-la-provocation\/\" \/>\n<meta property=\"og:site_name\" content=\"Peoplesphere\" \/>\n<meta property=\"article:publisher\" content=\"https:\/\/www.facebook.com\/peoplesphere\" \/>\n<meta property=\"article:published_time\" content=\"2013-11-07T09:30:01+00:00\" \/>\n<meta property=\"article:modified_time\" content=\"2015-07-28T09:32:39+00:00\" \/>\n<meta property=\"og:image\" content=\"http:\/\/www.peoplesphere.be\/fr\/wp-content\/uploads\/2016\/07\/facebook-default-posting-1200x628px.jpg\" \/>\n<meta name=\"author\" content=\"Jean-Paul Erhard\" \/>\n<meta name=\"twitter:card\" content=\"summary_large_image\" \/>\n<meta name=\"twitter:creator\" content=\"@PeoplesphereMag\" \/>\n<meta name=\"twitter:site\" content=\"@PeoplesphereMag\" \/>\n<meta name=\"twitter:label1\" content=\"\u00c9crit par\" \/>\n\t<meta name=\"twitter:data1\" content=\"Jean-Paul Erhard\" \/>\n\t<meta name=\"twitter:label2\" content=\"Dur\u00e9e de lecture estim\u00e9e\" \/>\n\t<meta name=\"twitter:data2\" content=\"1 minute\" \/>\n<script type=\"application\/ld+json\" class=\"yoast-schema-graph\">{\"@context\":\"https:\/\/schema.org\",\"@graph\":[{\"@type\":\"Article\",\"@id\":\"https:\/\/peoplesphere.be\/fr\/lart-delicat-de-la-provocation\/#article\",\"isPartOf\":{\"@id\":\"https:\/\/peoplesphere.be\/fr\/lart-delicat-de-la-provocation\/\"},\"author\":{\"name\":\"Jean-Paul Erhard\",\"@id\":\"https:\/\/peoplesphere.be\/fr\/#\/schema\/person\/7976225ff17988604334abb7b3536a7e\"},\"headline\":\"L\u2019art d\u00e9licat de la provocation\",\"datePublished\":\"2013-11-07T09:30:01+00:00\",\"dateModified\":\"2015-07-28T09:32:39+00:00\",\"mainEntityOfPage\":{\"@id\":\"https:\/\/peoplesphere.be\/fr\/lart-delicat-de-la-provocation\/\"},\"wordCount\":244,\"publisher\":{\"@id\":\"https:\/\/peoplesphere.be\/fr\/#organization\"},\"keywords\":[\"licenciement; provocation\"],\"articleSection\":[\"Actualit\u00e9s\",\"Digital\"],\"inLanguage\":\"fr-FR\"},{\"@type\":\"WebPage\",\"@id\":\"https:\/\/peoplesphere.be\/fr\/lart-delicat-de-la-provocation\/\",\"url\":\"https:\/\/peoplesphere.be\/fr\/lart-delicat-de-la-provocation\/\",\"name\":\"L\u2019art d\u00e9licat de la provocation - Peoplesphere\",\"isPartOf\":{\"@id\":\"https:\/\/peoplesphere.be\/fr\/#website\"},\"datePublished\":\"2013-11-07T09:30:01+00:00\",\"dateModified\":\"2015-07-28T09:32:39+00:00\",\"breadcrumb\":{\"@id\":\"https:\/\/peoplesphere.be\/fr\/lart-delicat-de-la-provocation\/#breadcrumb\"},\"inLanguage\":\"fr-FR\",\"potentialAction\":[{\"@type\":\"ReadAction\",\"target\":[\"https:\/\/peoplesphere.be\/fr\/lart-delicat-de-la-provocation\/\"]}]},{\"@type\":\"BreadcrumbList\",\"@id\":\"https:\/\/peoplesphere.be\/fr\/lart-delicat-de-la-provocation\/#breadcrumb\",\"itemListElement\":[{\"@type\":\"ListItem\",\"position\":1,\"name\":\"Accueil\",\"item\":\"https:\/\/peoplesphere.be\/fr\/\"},{\"@type\":\"ListItem\",\"position\":2,\"name\":\"L\u2019art d\u00e9licat de la provocation\"}]},{\"@type\":\"WebSite\",\"@id\":\"https:\/\/peoplesphere.be\/fr\/#website\",\"url\":\"https:\/\/peoplesphere.be\/fr\/\",\"name\":\"Peoplesphere\",\"description\":\"The People Managers Magazine\",\"publisher\":{\"@id\":\"https:\/\/peoplesphere.be\/fr\/#organization\"},\"potentialAction\":[{\"@type\":\"SearchAction\",\"target\":{\"@type\":\"EntryPoint\",\"urlTemplate\":\"https:\/\/peoplesphere.be\/fr\/?s={search_term_string}\"},\"query-input\":\"required name=search_term_string\"}],\"inLanguage\":\"fr-FR\"},{\"@type\":\"Organization\",\"@id\":\"https:\/\/peoplesphere.be\/fr\/#organization\",\"name\":\"Peoplesphere Company srl\",\"url\":\"https:\/\/peoplesphere.be\/fr\/\",\"logo\":{\"@type\":\"ImageObject\",\"inLanguage\":\"fr-FR\",\"@id\":\"https:\/\/peoplesphere.be\/fr\/#\/schema\/logo\/image\/\",\"url\":\"https:\/\/peoplesphere.be\/fr\/wp-content\/uploads\/2023\/07\/peoplesphere-lgo-new-generik.jpg\",\"contentUrl\":\"https:\/\/peoplesphere.be\/fr\/wp-content\/uploads\/2023\/07\/peoplesphere-lgo-new-generik.jpg\",\"width\":1031,\"height\":1479,\"caption\":\"Peoplesphere Company srl\"},\"image\":{\"@id\":\"https:\/\/peoplesphere.be\/fr\/#\/schema\/logo\/image\/\"},\"sameAs\":[\"https:\/\/www.facebook.com\/peoplesphere\",\"https:\/\/twitter.com\/PeoplesphereMag\",\"https:\/\/www.linkedin.com\/company\/7587361?trk\",\"http:\/\/youtube.com\/peoplesphere\"]},{\"@type\":\"Person\",\"@id\":\"https:\/\/peoplesphere.be\/fr\/#\/schema\/person\/7976225ff17988604334abb7b3536a7e\",\"name\":\"Jean-Paul Erhard\",\"image\":{\"@type\":\"ImageObject\",\"inLanguage\":\"fr-FR\",\"@id\":\"https:\/\/peoplesphere.be\/fr\/#\/schema\/person\/image\/\",\"url\":\"https:\/\/secure.gravatar.com\/avatar\/f941e681460179738071629a51574930?s=96&d=mm&r=g\",\"contentUrl\":\"https:\/\/secure.gravatar.com\/avatar\/f941e681460179738071629a51574930?s=96&d=mm&r=g\",\"caption\":\"Jean-Paul Erhard\"},\"url\":\"https:\/\/peoplesphere.be\/fr\/author\/jpe\/\"}]}<\/script>\n<!-- \/ Yoast SEO plugin. -->","yoast_head_json":{"title":"L\u2019art d\u00e9licat de la provocation - Peoplesphere","robots":{"index":"index","follow":"follow","max-snippet":"max-snippet:-1","max-image-preview":"max-image-preview:large","max-video-preview":"max-video-preview:-1"},"canonical":"https:\/\/peoplesphere.be\/fr\/lart-delicat-de-la-provocation\/","og_locale":"fr_FR","og_type":"article","og_title":"L\u2019art d\u00e9licat de la provocation - Peoplesphere","og_description":"La Belgique Business tremble. Didier Bellens est convoqu\u00e9 par le Ministre des Entreprises publiques demain matin \u00e0 10h. Rhooooo\u2026","og_url":"https:\/\/peoplesphere.be\/fr\/lart-delicat-de-la-provocation\/","og_site_name":"Peoplesphere","article_publisher":"https:\/\/www.facebook.com\/peoplesphere","article_published_time":"2013-11-07T09:30:01+00:00","article_modified_time":"2015-07-28T09:32:39+00:00","og_image":[{"url":"http:\/\/www.peoplesphere.be\/fr\/wp-content\/uploads\/2016\/07\/facebook-default-posting-1200x628px.jpg"}],"author":"Jean-Paul Erhard","twitter_card":"summary_large_image","twitter_creator":"@PeoplesphereMag","twitter_site":"@PeoplesphereMag","twitter_misc":{"\u00c9crit par":"Jean-Paul Erhard","Dur\u00e9e de lecture estim\u00e9e":"1 minute"},"schema":{"@context":"https:\/\/schema.org","@graph":[{"@type":"Article","@id":"https:\/\/peoplesphere.be\/fr\/lart-delicat-de-la-provocation\/#article","isPartOf":{"@id":"https:\/\/peoplesphere.be\/fr\/lart-delicat-de-la-provocation\/"},"author":{"name":"Jean-Paul Erhard","@id":"https:\/\/peoplesphere.be\/fr\/#\/schema\/person\/7976225ff17988604334abb7b3536a7e"},"headline":"L\u2019art d\u00e9licat de la provocation","datePublished":"2013-11-07T09:30:01+00:00","dateModified":"2015-07-28T09:32:39+00:00","mainEntityOfPage":{"@id":"https:\/\/peoplesphere.be\/fr\/lart-delicat-de-la-provocation\/"},"wordCount":244,"publisher":{"@id":"https:\/\/peoplesphere.be\/fr\/#organization"},"keywords":["licenciement; provocation"],"articleSection":["Actualit\u00e9s","Digital"],"inLanguage":"fr-FR"},{"@type":"WebPage","@id":"https:\/\/peoplesphere.be\/fr\/lart-delicat-de-la-provocation\/","url":"https:\/\/peoplesphere.be\/fr\/lart-delicat-de-la-provocation\/","name":"L\u2019art d\u00e9licat de la provocation - Peoplesphere","isPartOf":{"@id":"https:\/\/peoplesphere.be\/fr\/#website"},"datePublished":"2013-11-07T09:30:01+00:00","dateModified":"2015-07-28T09:32:39+00:00","breadcrumb":{"@id":"https:\/\/peoplesphere.be\/fr\/lart-delicat-de-la-provocation\/#breadcrumb"},"inLanguage":"fr-FR","potentialAction":[{"@type":"ReadAction","target":["https:\/\/peoplesphere.be\/fr\/lart-delicat-de-la-provocation\/"]}]},{"@type":"BreadcrumbList","@id":"https:\/\/peoplesphere.be\/fr\/lart-delicat-de-la-provocation\/#breadcrumb","itemListElement":[{"@type":"ListItem","position":1,"name":"Accueil","item":"https:\/\/peoplesphere.be\/fr\/"},{"@type":"ListItem","position":2,"name":"L\u2019art d\u00e9licat de la provocation"}]},{"@type":"WebSite","@id":"https:\/\/peoplesphere.be\/fr\/#website","url":"https:\/\/peoplesphere.be\/fr\/","name":"Peoplesphere","description":"The People Managers Magazine","publisher":{"@id":"https:\/\/peoplesphere.be\/fr\/#organization"},"potentialAction":[{"@type":"SearchAction","target":{"@type":"EntryPoint","urlTemplate":"https:\/\/peoplesphere.be\/fr\/?s={search_term_string}"},"query-input":"required name=search_term_string"}],"inLanguage":"fr-FR"},{"@type":"Organization","@id":"https:\/\/peoplesphere.be\/fr\/#organization","name":"Peoplesphere Company srl","url":"https:\/\/peoplesphere.be\/fr\/","logo":{"@type":"ImageObject","inLanguage":"fr-FR","@id":"https:\/\/peoplesphere.be\/fr\/#\/schema\/logo\/image\/","url":"https:\/\/peoplesphere.be\/fr\/wp-content\/uploads\/2023\/07\/peoplesphere-lgo-new-generik.jpg","contentUrl":"https:\/\/peoplesphere.be\/fr\/wp-content\/uploads\/2023\/07\/peoplesphere-lgo-new-generik.jpg","width":1031,"height":1479,"caption":"Peoplesphere Company srl"},"image":{"@id":"https:\/\/peoplesphere.be\/fr\/#\/schema\/logo\/image\/"},"sameAs":["https:\/\/www.facebook.com\/peoplesphere","https:\/\/twitter.com\/PeoplesphereMag","https:\/\/www.linkedin.com\/company\/7587361?trk","http:\/\/youtube.com\/peoplesphere"]},{"@type":"Person","@id":"https:\/\/peoplesphere.be\/fr\/#\/schema\/person\/7976225ff17988604334abb7b3536a7e","name":"Jean-Paul Erhard","image":{"@type":"ImageObject","inLanguage":"fr-FR","@id":"https:\/\/peoplesphere.be\/fr\/#\/schema\/person\/image\/","url":"https:\/\/secure.gravatar.com\/avatar\/f941e681460179738071629a51574930?s=96&d=mm&r=g","contentUrl":"https:\/\/secure.gravatar.com\/avatar\/f941e681460179738071629a51574930?s=96&d=mm&r=g","caption":"Jean-Paul Erhard"},"url":"https:\/\/peoplesphere.be\/fr\/author\/jpe\/"}]}},"_links":{"self":[{"href":"https:\/\/peoplesphere.be\/fr\/wp-json\/wp\/v2\/posts\/1265"}],"collection":[{"href":"https:\/\/peoplesphere.be\/fr\/wp-json\/wp\/v2\/posts"}],"about":[{"href":"https:\/\/peoplesphere.be\/fr\/wp-json\/wp\/v2\/types\/post"}],"author":[{"embeddable":true,"href":"https:\/\/peoplesphere.be\/fr\/wp-json\/wp\/v2\/users\/2"}],"replies":[{"embeddable":true,"href":"https:\/\/peoplesphere.be\/fr\/wp-json\/wp\/v2\/comments?post=1265"}],"version-history":[{"count":2,"href":"https:\/\/peoplesphere.be\/fr\/wp-json\/wp\/v2\/posts\/1265\/revisions"}],"predecessor-version":[{"id":1271,"href":"https:\/\/peoplesphere.be\/fr\/wp-json\/wp\/v2\/posts\/1265\/revisions\/1271"}],"wp:attachment":[{"href":"https:\/\/peoplesphere.be\/fr\/wp-json\/wp\/v2\/media?parent=1265"}],"wp:term":[{"taxonomy":"category","embeddable":true,"href":"https:\/\/peoplesphere.be\/fr\/wp-json\/wp\/v2\/categories?post=1265"},{"taxonomy":"post_tag","embeddable":true,"href":"https:\/\/peoplesphere.be\/fr\/wp-json\/wp\/v2\/tags?post=1265"}],"curies":[{"name":"wp","href":"https:\/\/api.w.org\/{rel}","templated":true}]}}