









{"id":12687,"date":"2022-04-05T07:51:01","date_gmt":"2022-04-05T05:51:01","guid":{"rendered":"https:\/\/peoplesphere.be\/fr\/?p=12687"},"modified":"2022-04-05T07:51:34","modified_gmt":"2022-04-05T05:51:34","slug":"surprise-labsenteisme-cause-de-maladie-a-ete-augmentation-constante-cours-premier-trimestre","status":"publish","type":"post","link":"https:\/\/peoplesphere.be\/fr\/surprise-labsenteisme-cause-de-maladie-a-ete-augmentation-constante-cours-premier-trimestre\/","title":{"rendered":"Sans surprise, l&rsquo;absent\u00e9isme pour cause de maladie a \u00e9t\u00e9 en augmentation constante au cours du premier trimestre."},"content":{"rendered":"<p>Au premier trimestre 2022, un nombre nettement plus \u00e9lev\u00e9 de travailleurs des entreprises belges ont \u00e9t\u00e9 bri\u00e8vement (c\u2019est-\u00e0-dire moins d\u2019un mois) absents pour cause de maladie. Il en r\u00e9sulte une perte de 3,6 % des jours ouvrables. Pour mettre ce pourcentage en perspective, il repr\u00e9sente une augmentation de 53,7 % par rapport \u00e0 une ann\u00e9e moyenne telle que 2019 et une augmentation de 46,5 % par rapport au premier trimestre 2021, ann\u00e9e durant laquelle les chiffres en mati\u00e8re d\u2019absent\u00e9isme de courte dur\u00e9e pour cause de maladie grimpaient d\u00e9j\u00e0. <!--more--><\/p>\n<p>La hausse de l\u2019absent\u00e9isme pour cause de maladie est plus marqu\u00e9e chez les jeunes travailleurs, m\u00eame s\u2019ils sont proportionnellement moins malades. Les travailleurs du secteur des soins de sant\u00e9 sont plus souvent bri\u00e8vement malades que la moyenne : 4,1 % des jours ouvrables au premier trimestre 2022.<\/p>\n<p>L\u2019absent\u00e9isme de courte dur\u00e9e pour cause de maladie continue d\u2019augmenter pour atteindre 3,6% des jours ouvrables au premier trimestre 2022<\/p>\n<p>L\u2019absent\u00e9isme de courte dur\u00e9e (absences de moins d\u2019un mois) pour cause de maladie au travail \u00e9tait d\u00e9j\u00e0 en hausse en 2021, et Acerta constate que cette tendance se poursuit au premier trimestre 2022. En janvier, f\u00e9vrier et mars, nous n\u2019avons \u00e0 nouveau pas prest\u00e9 davantage de jours ouvrables en raison d\u2019absences pour maladie. Le pourcentage d\u2019absent\u00e9isme pour cause de maladie s\u2019\u00e9l\u00e8ve \u00e0 3,6 % (taux le plus \u00e9lev\u00e9 pour l\u2019instant). En comparaison avec la m\u00eame p\u00e9riode d\u2019une ann\u00e9e moyenne (T1 2019, avant le coronavirus), ces 3,6 % impliquent une hausse de 53,7 %. Il s\u2019agit \u00e0 nouveau d\u2019une augmentation par rapport au premier trimestre de l\u2019ann\u00e9e derni\u00e8re, o\u00f9 l\u2019absent\u00e9isme pour cause de maladie gagnait d\u00e9j\u00e0 du terrain ; de 46,5 % cette fois-ci.<\/p>\n<p><strong><em>Jeunes et malades&#8230;<\/em><\/strong><\/p>\n<p>Parmi les jeunes travailleurs, nous observons que moins de jours de travail ne sont pas prest\u00e9s en raison d\u2019une br\u00e8ve absence due \u00e0 une maladie. Pourtant c\u2019est dans cette cat\u00e9gorie d\u2019\u00e2ge que l\u2019absent\u00e9isme de courte dur\u00e9e pour cause de maladie a le plus augment\u00e9 au premier trimestre 2022. La progression est la plus forte chez les plus jeunes, les moins de 20 ans, \u00e0 savoir +112,6 % par rapport au 1er trimestre de l\u2019ann\u00e9e derni\u00e8re et +78,7 % par rapport au 1er trimestre 2019.<\/p>\n<p>Donatienne Knipping, expert d\u2019Acerta Consult :<em> \u00ab\u00a0L\u2019obligation de port du masque buccal a \u00e9t\u00e9 lev\u00e9e durant le trimestre pr\u00e9c\u00e9dent et nous sommes pass\u00e9s d\u2019une quarantaine obligatoire \u00e0 une auto-quarantaine. En d\u2019autres termes, la population \u00e9cope d\u2019une plus grande responsabilit\u00e9, car nous devrons apprendre \u00e0 vivre avec le coronavirus. Les jeunes en particulier ont repris leur vie sociale avec enthousiasme. Ils ont certainement aussi plus de contacts, directs et indirects, par exemple par l\u2019interm\u00e9diaire des enfants. De plus, le pourcentage de vaccin\u00e9s contre la grippe est plus faible dans ces cat\u00e9gories d\u2019\u00e2ge que dans la population plus \u00e2g\u00e9e.\u00a0\u00bb<br \/>\n<\/em><\/p>\n<p><strong><em>Coronavirus + grippe : tous les regards sont tourn\u00e9s vers les soins de sant\u00e9<\/em><\/strong><\/p>\n<p>Dans le secteur des soins de sant\u00e9, que nous suivons de plus pr\u00e8s que les autres car les absences du personnel ont un impact imm\u00e9diat et important sur la survie de la soci\u00e9t\u00e9 lorsque de nombreux virus circulent, nous constatons g\u00e9n\u00e9ralement un absent\u00e9isme pour cause de maladie sup\u00e9rieur \u00e0 la moyenne. Cela vaut \u00e9galement pour le premier trimestre 2022. Avec 4,7 % de jours ouvrables non prest\u00e9s, ce secteur suit la hausse g\u00e9n\u00e9rale constat\u00e9e.<\/p>\n<p>Donatienne Knipping ajoute : <em>\u00ab\u00a0Les travailleurs du secteur des soins de sant\u00e9 sont beaucoup en contact avec des virus et ne peuvent pas non plus travailler \u00e0 domicile&#8230; Il est donc logique que l\u2019absent\u00e9isme de courte dur\u00e9e pour cause de maladie y soit \u00e9lev\u00e9. Tout comme la pression du travail, d\u2019ailleurs : outre la pression toujours pr\u00e9sente li\u00e9e aux patients atteints du coronavirus, les h\u00f4pitaux subissent une pression accrue en raison de l\u2019\u00e9pid\u00e9mie de grippe, f\u00e9roce malgr\u00e9 son apparition quelque peu tardive cette ann\u00e9e. Notre syst\u00e8me immunitaire est affaibli car nous nous sommes efforc\u00e9s de tenir les virus \u00e0 distance pendant la crise du coronavirus. Nous sommes nombreux \u00e0 \u00eatre enrhum\u00e9s ou pire. Il ne reste plus qu\u2019\u00e0 attendre de voir quel sera l\u2019effet des vacances de P\u00e2ques.\u00a0\u00bb<\/em><\/p>\n<p>&nbsp;<\/p>\n<p><em>Source: les donn\u00e9es recueillies sont bas\u00e9es sur les donn\u00e9es r\u00e9elles du calcul salarial de 320 000 travailleurs (janvier et f\u00e9vrier enti\u00e8rement et 61 % des travailleurs pour mars) en service aupr\u00e8s de plus de 40 000 employeurs issus du secteur priv\u00e9, auxquels appartiennent tant des PME que des grandes entreprises. Les p\u00e9riodes de maladie de plus d\u2019un mois ne sont pas incluses dans ces chiffres.<\/em><\/p>\n","protected":false},"excerpt":{"rendered":"<p>Au premier trimestre 2022, un nombre nettement plus \u00e9lev\u00e9 de travailleurs des entreprises belges ont \u00e9t\u00e9 bri\u00e8vement (c\u2019est-\u00e0-dire moins d\u2019un mois) absents pour cause de maladie. Il en r\u00e9sulte une perte de 3,6 % des jours ouvrables. Pour mettre ce [&hellip;]<\/p>\n","protected":false},"author":2,"featured_media":0,"comment_status":"closed","ping_status":"open","sticky":false,"template":"","format":"standard","meta":[],"categories":[65,10],"tags":[145,271,96,17],"yoast_head":"<!-- This site is optimized with the Yoast SEO plugin v21.0 - https:\/\/yoast.com\/wordpress\/plugins\/seo\/ -->\n<title>Sans surprise, l&#039;absent\u00e9isme pour cause de maladie a \u00e9t\u00e9 en augmentation constante au cours du premier trimestre. - Peoplesphere<\/title>\n<meta name=\"robots\" content=\"index, follow, max-snippet:-1, max-image-preview:large, max-video-preview:-1\" \/>\n<link rel=\"canonical\" href=\"https:\/\/peoplesphere.be\/fr\/surprise-labsenteisme-cause-de-maladie-a-ete-augmentation-constante-cours-premier-trimestre\/\" \/>\n<meta property=\"og:locale\" content=\"fr_FR\" \/>\n<meta property=\"og:type\" content=\"article\" \/>\n<meta property=\"og:title\" content=\"Sans surprise, l&#039;absent\u00e9isme pour cause de maladie a \u00e9t\u00e9 en augmentation constante au cours du premier trimestre. - Peoplesphere\" \/>\n<meta property=\"og:description\" content=\"Au premier trimestre 2022, un nombre nettement plus \u00e9lev\u00e9 de travailleurs des entreprises belges ont \u00e9t\u00e9 bri\u00e8vement (c\u2019est-\u00e0-dire moins d\u2019un mois) absents pour cause de maladie. Il en r\u00e9sulte une perte de 3,6 % des jours ouvrables. Pour mettre ce [&hellip;]\" \/>\n<meta property=\"og:url\" content=\"https:\/\/peoplesphere.be\/fr\/surprise-labsenteisme-cause-de-maladie-a-ete-augmentation-constante-cours-premier-trimestre\/\" \/>\n<meta property=\"og:site_name\" content=\"Peoplesphere\" \/>\n<meta property=\"article:publisher\" content=\"https:\/\/www.facebook.com\/peoplesphere\" \/>\n<meta property=\"article:published_time\" content=\"2022-04-05T05:51:01+00:00\" \/>\n<meta property=\"article:modified_time\" content=\"2022-04-05T05:51:34+00:00\" \/>\n<meta property=\"og:image\" content=\"http:\/\/www.peoplesphere.be\/fr\/wp-content\/uploads\/2016\/07\/facebook-default-posting-1200x628px.jpg\" \/>\n<meta name=\"author\" content=\"Jean-Paul Erhard\" \/>\n<meta name=\"twitter:card\" content=\"summary_large_image\" \/>\n<meta name=\"twitter:creator\" content=\"@PeoplesphereMag\" \/>\n<meta name=\"twitter:site\" content=\"@PeoplesphereMag\" \/>\n<meta name=\"twitter:label1\" content=\"\u00c9crit par\" \/>\n\t<meta name=\"twitter:data1\" content=\"Jean-Paul Erhard\" \/>\n\t<meta name=\"twitter:label2\" content=\"Dur\u00e9e de lecture estim\u00e9e\" \/>\n\t<meta name=\"twitter:data2\" content=\"4 minutes\" \/>\n<script type=\"application\/ld+json\" class=\"yoast-schema-graph\">{\"@context\":\"https:\/\/schema.org\",\"@graph\":[{\"@type\":\"Article\",\"@id\":\"https:\/\/peoplesphere.be\/fr\/surprise-labsenteisme-cause-de-maladie-a-ete-augmentation-constante-cours-premier-trimestre\/#article\",\"isPartOf\":{\"@id\":\"https:\/\/peoplesphere.be\/fr\/surprise-labsenteisme-cause-de-maladie-a-ete-augmentation-constante-cours-premier-trimestre\/\"},\"author\":{\"name\":\"Jean-Paul Erhard\",\"@id\":\"https:\/\/peoplesphere.be\/fr\/#\/schema\/person\/7976225ff17988604334abb7b3536a7e\"},\"headline\":\"Sans surprise, l&rsquo;absent\u00e9isme pour cause de maladie a \u00e9t\u00e9 en augmentation constante au cours du premier trimestre.\",\"datePublished\":\"2022-04-05T05:51:01+00:00\",\"dateModified\":\"2022-04-05T05:51:34+00:00\",\"mainEntityOfPage\":{\"@id\":\"https:\/\/peoplesphere.be\/fr\/surprise-labsenteisme-cause-de-maladie-a-ete-augmentation-constante-cours-premier-trimestre\/\"},\"wordCount\":814,\"publisher\":{\"@id\":\"https:\/\/peoplesphere.be\/fr\/#organization\"},\"keywords\":[\"absent\u00e9isme\",\"acerta\",\"bien-\u00eatre\",\"Sant\u00e9\"],\"articleSection\":[\"Actualit\u00e9s\",\"Digital\"],\"inLanguage\":\"fr-FR\"},{\"@type\":\"WebPage\",\"@id\":\"https:\/\/peoplesphere.be\/fr\/surprise-labsenteisme-cause-de-maladie-a-ete-augmentation-constante-cours-premier-trimestre\/\",\"url\":\"https:\/\/peoplesphere.be\/fr\/surprise-labsenteisme-cause-de-maladie-a-ete-augmentation-constante-cours-premier-trimestre\/\",\"name\":\"Sans surprise, l'absent\u00e9isme pour cause de maladie a \u00e9t\u00e9 en augmentation constante au cours du premier trimestre. - Peoplesphere\",\"isPartOf\":{\"@id\":\"https:\/\/peoplesphere.be\/fr\/#website\"},\"datePublished\":\"2022-04-05T05:51:01+00:00\",\"dateModified\":\"2022-04-05T05:51:34+00:00\",\"breadcrumb\":{\"@id\":\"https:\/\/peoplesphere.be\/fr\/surprise-labsenteisme-cause-de-maladie-a-ete-augmentation-constante-cours-premier-trimestre\/#breadcrumb\"},\"inLanguage\":\"fr-FR\",\"potentialAction\":[{\"@type\":\"ReadAction\",\"target\":[\"https:\/\/peoplesphere.be\/fr\/surprise-labsenteisme-cause-de-maladie-a-ete-augmentation-constante-cours-premier-trimestre\/\"]}]},{\"@type\":\"BreadcrumbList\",\"@id\":\"https:\/\/peoplesphere.be\/fr\/surprise-labsenteisme-cause-de-maladie-a-ete-augmentation-constante-cours-premier-trimestre\/#breadcrumb\",\"itemListElement\":[{\"@type\":\"ListItem\",\"position\":1,\"name\":\"Accueil\",\"item\":\"https:\/\/peoplesphere.be\/fr\/\"},{\"@type\":\"ListItem\",\"position\":2,\"name\":\"Sans surprise, l&rsquo;absent\u00e9isme pour cause de maladie a \u00e9t\u00e9 en augmentation constante au cours du premier trimestre.\"}]},{\"@type\":\"WebSite\",\"@id\":\"https:\/\/peoplesphere.be\/fr\/#website\",\"url\":\"https:\/\/peoplesphere.be\/fr\/\",\"name\":\"Peoplesphere\",\"description\":\"The People Managers Magazine\",\"publisher\":{\"@id\":\"https:\/\/peoplesphere.be\/fr\/#organization\"},\"potentialAction\":[{\"@type\":\"SearchAction\",\"target\":{\"@type\":\"EntryPoint\",\"urlTemplate\":\"https:\/\/peoplesphere.be\/fr\/?s={search_term_string}\"},\"query-input\":\"required name=search_term_string\"}],\"inLanguage\":\"fr-FR\"},{\"@type\":\"Organization\",\"@id\":\"https:\/\/peoplesphere.be\/fr\/#organization\",\"name\":\"Peoplesphere Company srl\",\"url\":\"https:\/\/peoplesphere.be\/fr\/\",\"logo\":{\"@type\":\"ImageObject\",\"inLanguage\":\"fr-FR\",\"@id\":\"https:\/\/peoplesphere.be\/fr\/#\/schema\/logo\/image\/\",\"url\":\"https:\/\/peoplesphere.be\/fr\/wp-content\/uploads\/2023\/07\/peoplesphere-lgo-new-generik.jpg\",\"contentUrl\":\"https:\/\/peoplesphere.be\/fr\/wp-content\/uploads\/2023\/07\/peoplesphere-lgo-new-generik.jpg\",\"width\":1031,\"height\":1479,\"caption\":\"Peoplesphere Company srl\"},\"image\":{\"@id\":\"https:\/\/peoplesphere.be\/fr\/#\/schema\/logo\/image\/\"},\"sameAs\":[\"https:\/\/www.facebook.com\/peoplesphere\",\"https:\/\/twitter.com\/PeoplesphereMag\",\"https:\/\/www.linkedin.com\/company\/7587361?trk\",\"http:\/\/youtube.com\/peoplesphere\"]},{\"@type\":\"Person\",\"@id\":\"https:\/\/peoplesphere.be\/fr\/#\/schema\/person\/7976225ff17988604334abb7b3536a7e\",\"name\":\"Jean-Paul Erhard\",\"image\":{\"@type\":\"ImageObject\",\"inLanguage\":\"fr-FR\",\"@id\":\"https:\/\/peoplesphere.be\/fr\/#\/schema\/person\/image\/\",\"url\":\"https:\/\/secure.gravatar.com\/avatar\/f941e681460179738071629a51574930?s=96&d=mm&r=g\",\"contentUrl\":\"https:\/\/secure.gravatar.com\/avatar\/f941e681460179738071629a51574930?s=96&d=mm&r=g\",\"caption\":\"Jean-Paul Erhard\"},\"url\":\"https:\/\/peoplesphere.be\/fr\/author\/jpe\/\"}]}<\/script>\n<!-- \/ Yoast SEO plugin. -->","yoast_head_json":{"title":"Sans surprise, l'absent\u00e9isme pour cause de maladie a \u00e9t\u00e9 en augmentation constante au cours du premier trimestre. - Peoplesphere","robots":{"index":"index","follow":"follow","max-snippet":"max-snippet:-1","max-image-preview":"max-image-preview:large","max-video-preview":"max-video-preview:-1"},"canonical":"https:\/\/peoplesphere.be\/fr\/surprise-labsenteisme-cause-de-maladie-a-ete-augmentation-constante-cours-premier-trimestre\/","og_locale":"fr_FR","og_type":"article","og_title":"Sans surprise, l'absent\u00e9isme pour cause de maladie a \u00e9t\u00e9 en augmentation constante au cours du premier trimestre. - Peoplesphere","og_description":"Au premier trimestre 2022, un nombre nettement plus \u00e9lev\u00e9 de travailleurs des entreprises belges ont \u00e9t\u00e9 bri\u00e8vement (c\u2019est-\u00e0-dire moins d\u2019un mois) absents pour cause de maladie. Il en r\u00e9sulte une perte de 3,6 % des jours ouvrables. Pour mettre ce [&hellip;]","og_url":"https:\/\/peoplesphere.be\/fr\/surprise-labsenteisme-cause-de-maladie-a-ete-augmentation-constante-cours-premier-trimestre\/","og_site_name":"Peoplesphere","article_publisher":"https:\/\/www.facebook.com\/peoplesphere","article_published_time":"2022-04-05T05:51:01+00:00","article_modified_time":"2022-04-05T05:51:34+00:00","og_image":[{"url":"http:\/\/www.peoplesphere.be\/fr\/wp-content\/uploads\/2016\/07\/facebook-default-posting-1200x628px.jpg"}],"author":"Jean-Paul Erhard","twitter_card":"summary_large_image","twitter_creator":"@PeoplesphereMag","twitter_site":"@PeoplesphereMag","twitter_misc":{"\u00c9crit par":"Jean-Paul Erhard","Dur\u00e9e de lecture estim\u00e9e":"4 minutes"},"schema":{"@context":"https:\/\/schema.org","@graph":[{"@type":"Article","@id":"https:\/\/peoplesphere.be\/fr\/surprise-labsenteisme-cause-de-maladie-a-ete-augmentation-constante-cours-premier-trimestre\/#article","isPartOf":{"@id":"https:\/\/peoplesphere.be\/fr\/surprise-labsenteisme-cause-de-maladie-a-ete-augmentation-constante-cours-premier-trimestre\/"},"author":{"name":"Jean-Paul Erhard","@id":"https:\/\/peoplesphere.be\/fr\/#\/schema\/person\/7976225ff17988604334abb7b3536a7e"},"headline":"Sans surprise, l&rsquo;absent\u00e9isme pour cause de maladie a \u00e9t\u00e9 en augmentation constante au cours du premier trimestre.","datePublished":"2022-04-05T05:51:01+00:00","dateModified":"2022-04-05T05:51:34+00:00","mainEntityOfPage":{"@id":"https:\/\/peoplesphere.be\/fr\/surprise-labsenteisme-cause-de-maladie-a-ete-augmentation-constante-cours-premier-trimestre\/"},"wordCount":814,"publisher":{"@id":"https:\/\/peoplesphere.be\/fr\/#organization"},"keywords":["absent\u00e9isme","acerta","bien-\u00eatre","Sant\u00e9"],"articleSection":["Actualit\u00e9s","Digital"],"inLanguage":"fr-FR"},{"@type":"WebPage","@id":"https:\/\/peoplesphere.be\/fr\/surprise-labsenteisme-cause-de-maladie-a-ete-augmentation-constante-cours-premier-trimestre\/","url":"https:\/\/peoplesphere.be\/fr\/surprise-labsenteisme-cause-de-maladie-a-ete-augmentation-constante-cours-premier-trimestre\/","name":"Sans surprise, l'absent\u00e9isme pour cause de maladie a \u00e9t\u00e9 en augmentation constante au cours du premier trimestre. - Peoplesphere","isPartOf":{"@id":"https:\/\/peoplesphere.be\/fr\/#website"},"datePublished":"2022-04-05T05:51:01+00:00","dateModified":"2022-04-05T05:51:34+00:00","breadcrumb":{"@id":"https:\/\/peoplesphere.be\/fr\/surprise-labsenteisme-cause-de-maladie-a-ete-augmentation-constante-cours-premier-trimestre\/#breadcrumb"},"inLanguage":"fr-FR","potentialAction":[{"@type":"ReadAction","target":["https:\/\/peoplesphere.be\/fr\/surprise-labsenteisme-cause-de-maladie-a-ete-augmentation-constante-cours-premier-trimestre\/"]}]},{"@type":"BreadcrumbList","@id":"https:\/\/peoplesphere.be\/fr\/surprise-labsenteisme-cause-de-maladie-a-ete-augmentation-constante-cours-premier-trimestre\/#breadcrumb","itemListElement":[{"@type":"ListItem","position":1,"name":"Accueil","item":"https:\/\/peoplesphere.be\/fr\/"},{"@type":"ListItem","position":2,"name":"Sans surprise, l&rsquo;absent\u00e9isme pour cause de maladie a \u00e9t\u00e9 en augmentation constante au cours du premier trimestre."}]},{"@type":"WebSite","@id":"https:\/\/peoplesphere.be\/fr\/#website","url":"https:\/\/peoplesphere.be\/fr\/","name":"Peoplesphere","description":"The People Managers Magazine","publisher":{"@id":"https:\/\/peoplesphere.be\/fr\/#organization"},"potentialAction":[{"@type":"SearchAction","target":{"@type":"EntryPoint","urlTemplate":"https:\/\/peoplesphere.be\/fr\/?s={search_term_string}"},"query-input":"required name=search_term_string"}],"inLanguage":"fr-FR"},{"@type":"Organization","@id":"https:\/\/peoplesphere.be\/fr\/#organization","name":"Peoplesphere Company srl","url":"https:\/\/peoplesphere.be\/fr\/","logo":{"@type":"ImageObject","inLanguage":"fr-FR","@id":"https:\/\/peoplesphere.be\/fr\/#\/schema\/logo\/image\/","url":"https:\/\/peoplesphere.be\/fr\/wp-content\/uploads\/2023\/07\/peoplesphere-lgo-new-generik.jpg","contentUrl":"https:\/\/peoplesphere.be\/fr\/wp-content\/uploads\/2023\/07\/peoplesphere-lgo-new-generik.jpg","width":1031,"height":1479,"caption":"Peoplesphere Company srl"},"image":{"@id":"https:\/\/peoplesphere.be\/fr\/#\/schema\/logo\/image\/"},"sameAs":["https:\/\/www.facebook.com\/peoplesphere","https:\/\/twitter.com\/PeoplesphereMag","https:\/\/www.linkedin.com\/company\/7587361?trk","http:\/\/youtube.com\/peoplesphere"]},{"@type":"Person","@id":"https:\/\/peoplesphere.be\/fr\/#\/schema\/person\/7976225ff17988604334abb7b3536a7e","name":"Jean-Paul Erhard","image":{"@type":"ImageObject","inLanguage":"fr-FR","@id":"https:\/\/peoplesphere.be\/fr\/#\/schema\/person\/image\/","url":"https:\/\/secure.gravatar.com\/avatar\/f941e681460179738071629a51574930?s=96&d=mm&r=g","contentUrl":"https:\/\/secure.gravatar.com\/avatar\/f941e681460179738071629a51574930?s=96&d=mm&r=g","caption":"Jean-Paul Erhard"},"url":"https:\/\/peoplesphere.be\/fr\/author\/jpe\/"}]}},"_links":{"self":[{"href":"https:\/\/peoplesphere.be\/fr\/wp-json\/wp\/v2\/posts\/12687"}],"collection":[{"href":"https:\/\/peoplesphere.be\/fr\/wp-json\/wp\/v2\/posts"}],"about":[{"href":"https:\/\/peoplesphere.be\/fr\/wp-json\/wp\/v2\/types\/post"}],"author":[{"embeddable":true,"href":"https:\/\/peoplesphere.be\/fr\/wp-json\/wp\/v2\/users\/2"}],"replies":[{"embeddable":true,"href":"https:\/\/peoplesphere.be\/fr\/wp-json\/wp\/v2\/comments?post=12687"}],"version-history":[{"count":1,"href":"https:\/\/peoplesphere.be\/fr\/wp-json\/wp\/v2\/posts\/12687\/revisions"}],"predecessor-version":[{"id":12688,"href":"https:\/\/peoplesphere.be\/fr\/wp-json\/wp\/v2\/posts\/12687\/revisions\/12688"}],"wp:attachment":[{"href":"https:\/\/peoplesphere.be\/fr\/wp-json\/wp\/v2\/media?parent=12687"}],"wp:term":[{"taxonomy":"category","embeddable":true,"href":"https:\/\/peoplesphere.be\/fr\/wp-json\/wp\/v2\/categories?post=12687"},{"taxonomy":"post_tag","embeddable":true,"href":"https:\/\/peoplesphere.be\/fr\/wp-json\/wp\/v2\/tags?post=12687"}],"curies":[{"name":"wp","href":"https:\/\/api.w.org\/{rel}","templated":true}]}}