









{"id":12710,"date":"2022-04-11T06:45:33","date_gmt":"2022-04-11T04:45:33","guid":{"rendered":"https:\/\/peoplesphere.be\/fr\/?p=12710"},"modified":"2022-04-13T22:45:39","modified_gmt":"2022-04-13T20:45:39","slug":"cout-salarial-travail-de-nuit-mini-tax-shift-introduit-nouveau-regime-de-reduction-precompte-professionnel","status":"publish","type":"post","link":"https:\/\/peoplesphere.be\/fr\/cout-salarial-travail-de-nuit-mini-tax-shift-introduit-nouveau-regime-de-reduction-precompte-professionnel\/","title":{"rendered":"Co\u00fbt salarial pour le travail de nuit : le mini tax-shift introduit un nouveau r\u00e9gime de r\u00e9duction du pr\u00e9compte professionnel."},"content":{"rendered":"<p>La dispense de versement du pr\u00e9compte professionnel (ou \u2018r\u00e9duction PP\u2019) pour le travail en \u00e9quipe et de nuit est l\u2019une des mesures fiscales les plus importantes pour soutenir la comp\u00e9titivit\u00e9 du co\u00fbt salarial dans nos secteurs \u00e0 forte intensit\u00e9 de main-d&rsquo;\u0153uvre. Elle permet \u00e0 l\u2019employeur de ne pas verser au tr\u00e9sor public un montant de pr\u00e9compte professionnel \u00e9gal \u00e0 22,8% du total des r\u00e9mun\u00e9rations imposables des travailleurs concern\u00e9s, si les conditions fix\u00e9es sont remplies. Aujourd&rsquo;hui, dans le cadre du mini tax-shift, un certain nombre d\u2019adaptations importantes ont \u00e9t\u00e9 apport\u00e9es \u00e0 ces conditions.<!--more--><\/p>\n<p>Le mini tax-shift a \u00e9t\u00e9 publi\u00e9 au Moniteur belge juste \u00e0 temps pour entrer en vigueur le 1er avril 2022. Cette nouvelle l\u00e9gislation a un impact important sur les entreprises, notamment sur les mesures fiscales visant \u00e0 att\u00e9nuer le co\u00fbt salarial \u00e9lev\u00e9.<\/p>\n<p>Un premier changement important concerne la fameuse norme 1\/3. Cette condition pr\u00e9voit que le travailleur doit effectuer au moins un tiers de son temps de travail en \u00e9quipe ou de nuit pour \u00eatre \u00e9ligible. \u00c0 partir du 1er avril 2022, il ne sera plus possible de prendre en consid\u00e9ration les deux formes de travail ensemble pour v\u00e9rifier si ce seuil est atteint. Les deux mesures sont, en fait, compl\u00e8tement d\u00e9connect\u00e9es l\u2019une de l\u2019autre.<\/p>\n<p>Afin de d\u00e9terminer si la condition est remplie, le nombre d\u2019heures prest\u00e9es respectivement en travail en \u00e9quipe ou de nuit, pour lesquelles le travailleur a re\u00e7u une prime de travail en \u00e9quipe\/de nuit, est compar\u00e9 au nombre total d\u2019heures prest\u00e9es. Les heures pour lesquelles le contrat de travail a \u00e9t\u00e9 suspendu, mais le salaire a continu\u00e9 \u00e0 \u00eatre vers\u00e9, sont \u00e9galement prises en consid\u00e9ration, \u00e0 condition que ces heures aient \u00e9t\u00e9 normalement effectu\u00e9es en \u00e9quipe\/de nuit et que la prime correspondante ait \u00e9t\u00e9 vers\u00e9e en plus de la r\u00e9mun\u00e9ration normale.<\/p>\n<p><strong><em>Prime pour travail en \u00e9quipe et de nuit<\/em><\/strong><\/p>\n<p>La prime pour le travail en \u00e9quipe\/de nuit est indissociablement li\u00e9e \u00e0 la r\u00e9duction du pr\u00e9compte professionnel. L\u2019absence de prime pour le travail en \u00e9quipe\/de nuit entra\u00eene l\u2019absence de r\u00e9duction du pr\u00e9compte professionnel pour l\u2019heure de travail en \u00e9quipe\/de nuit concern\u00e9e.<\/p>\n<p>En outre, afin de donner la substance n\u00e9cessaire \u00e0 la prime pour le travail en \u00e9quipe\/de nuit, le l\u00e9gislateur a choisi de fixer des pourcentages minimaux. En cas de travail en \u00e9quipe, la prime doit augmenter la r\u00e9mun\u00e9ration horaire d\u2019au moins 2%. Dans le cas de la prime de nuit, cette augmentation devrait \u00eatre d\u2019au moins 12%. Pour les employeurs qui expriment leurs primes principalement en montants fixes, il suffit de fournir la preuve qu\u2019ils respectent le pourcentage minimal par rapport \u00e0 la r\u00e9mun\u00e9ration. En outre, le l\u00e9gislateur souhaite que le travailleur et l\u2019employeur fixent cela dans un accord. \u00c0 cet effet, la prime pour le travail en \u00e9quipe\/de nuit accord\u00e9e doit \u00eatre fix\u00e9e dans une CCT, dans le r\u00e8glement de travail ou dans le contrat de travail du travailleur \u00e0 partir du 1er avril 2024.<\/p>\n<p><strong><em>\u00c0 suivre : obligation de fiche<\/em><\/strong><\/p>\n<p>Enfin, le fisc souhaite avoir une meilleure vision des exon\u00e9rations accord\u00e9es. En tenant compte des autres r\u00e9ductions du pr\u00e9compte professionnel, l\u2019employeur devra faire une d\u00e9claration sommaire pour les r\u00e9mun\u00e9rations pay\u00e9es ou accord\u00e9es \u00e0 partir du 1er janvier 2023. Dans ce cadre, il devra proc\u00e9der \u00e0 une ventilation par exon\u00e9ration et par travailleur.<\/p>\n<p>La FEB commente ces nouveaux am\u00e9nagements r\u00e9glementaires: <em>\u00ab\u00a0en ces temps de hausse des prix et d\u2019augmentation du co\u00fbt salarial, ces formalit\u00e9s et obligations financi\u00e8res suppl\u00e9mentaires sont regrettables. En plus des changements \u00e9num\u00e9r\u00e9s ci-dessus, il y a des adaptations sp\u00e9cifiques pour le secteur du travail int\u00e9rimaire et les travaux immobiliers. Il subsiste \u00e9galement des questions d\u2019interpr\u00e9tation pour lesquelles une circulaire doit \u00eatre r\u00e9dig\u00e9e de toute urgence.\u00a0\u00bb<\/em><\/p>\n<p>&nbsp;<\/p>\n<p><em>Source : FEB &#8211; Centre de comp\u00e9tence Fiscalit\u00e9 &amp; Investissements &#8211; Koen De Munck<\/em><\/p>\n","protected":false},"excerpt":{"rendered":"<p>La dispense de versement du pr\u00e9compte professionnel (ou \u2018r\u00e9duction PP\u2019) pour le travail en \u00e9quipe et de nuit est l\u2019une des mesures fiscales les plus importantes pour soutenir la comp\u00e9titivit\u00e9 du co\u00fbt salarial dans nos secteurs \u00e0 forte intensit\u00e9 de [&hellip;]<\/p>\n","protected":false},"author":2,"featured_media":0,"comment_status":"closed","ping_status":"open","sticky":false,"template":"","format":"standard","meta":[],"categories":[65,10],"tags":[1381,98,3551,100,524],"yoast_head":"<!-- This site is optimized with the Yoast SEO plugin v21.0 - https:\/\/yoast.com\/wordpress\/plugins\/seo\/ -->\n<title>Co\u00fbt salarial pour le travail de nuit : le mini tax-shift introduit un nouveau r\u00e9gime de r\u00e9duction du pr\u00e9compte professionnel. - Peoplesphere<\/title>\n<meta name=\"robots\" content=\"index, follow, max-snippet:-1, max-image-preview:large, max-video-preview:-1\" \/>\n<link rel=\"canonical\" href=\"https:\/\/peoplesphere.be\/fr\/cout-salarial-travail-de-nuit-mini-tax-shift-introduit-nouveau-regime-de-reduction-precompte-professionnel\/\" \/>\n<meta property=\"og:locale\" content=\"fr_FR\" \/>\n<meta property=\"og:type\" content=\"article\" \/>\n<meta property=\"og:title\" content=\"Co\u00fbt salarial pour le travail de nuit : le mini tax-shift introduit un nouveau r\u00e9gime de r\u00e9duction du pr\u00e9compte professionnel. - Peoplesphere\" \/>\n<meta property=\"og:description\" content=\"La dispense de versement du pr\u00e9compte professionnel (ou \u2018r\u00e9duction PP\u2019) pour le travail en \u00e9quipe et de nuit est l\u2019une des mesures fiscales les plus importantes pour soutenir la comp\u00e9titivit\u00e9 du co\u00fbt salarial dans nos secteurs \u00e0 forte intensit\u00e9 de [&hellip;]\" \/>\n<meta property=\"og:url\" content=\"https:\/\/peoplesphere.be\/fr\/cout-salarial-travail-de-nuit-mini-tax-shift-introduit-nouveau-regime-de-reduction-precompte-professionnel\/\" \/>\n<meta property=\"og:site_name\" content=\"Peoplesphere\" \/>\n<meta property=\"article:publisher\" content=\"https:\/\/www.facebook.com\/peoplesphere\" \/>\n<meta property=\"article:published_time\" content=\"2022-04-11T04:45:33+00:00\" \/>\n<meta property=\"article:modified_time\" content=\"2022-04-13T20:45:39+00:00\" \/>\n<meta property=\"og:image\" content=\"http:\/\/www.peoplesphere.be\/fr\/wp-content\/uploads\/2016\/07\/facebook-default-posting-1200x628px.jpg\" \/>\n<meta name=\"author\" content=\"Jean-Paul Erhard\" \/>\n<meta name=\"twitter:card\" content=\"summary_large_image\" \/>\n<meta name=\"twitter:creator\" content=\"@PeoplesphereMag\" \/>\n<meta name=\"twitter:site\" content=\"@PeoplesphereMag\" \/>\n<meta name=\"twitter:label1\" content=\"\u00c9crit par\" \/>\n\t<meta name=\"twitter:data1\" content=\"Jean-Paul Erhard\" \/>\n\t<meta name=\"twitter:label2\" content=\"Dur\u00e9e de lecture estim\u00e9e\" \/>\n\t<meta name=\"twitter:data2\" content=\"3 minutes\" \/>\n<script type=\"application\/ld+json\" class=\"yoast-schema-graph\">{\"@context\":\"https:\/\/schema.org\",\"@graph\":[{\"@type\":\"Article\",\"@id\":\"https:\/\/peoplesphere.be\/fr\/cout-salarial-travail-de-nuit-mini-tax-shift-introduit-nouveau-regime-de-reduction-precompte-professionnel\/#article\",\"isPartOf\":{\"@id\":\"https:\/\/peoplesphere.be\/fr\/cout-salarial-travail-de-nuit-mini-tax-shift-introduit-nouveau-regime-de-reduction-precompte-professionnel\/\"},\"author\":{\"name\":\"Jean-Paul Erhard\",\"@id\":\"https:\/\/peoplesphere.be\/fr\/#\/schema\/person\/7976225ff17988604334abb7b3536a7e\"},\"headline\":\"Co\u00fbt salarial pour le travail de nuit : le mini tax-shift introduit un nouveau r\u00e9gime de r\u00e9duction du pr\u00e9compte professionnel.\",\"datePublished\":\"2022-04-11T04:45:33+00:00\",\"dateModified\":\"2022-04-13T20:45:39+00:00\",\"mainEntityOfPage\":{\"@id\":\"https:\/\/peoplesphere.be\/fr\/cout-salarial-travail-de-nuit-mini-tax-shift-introduit-nouveau-regime-de-reduction-precompte-professionnel\/\"},\"wordCount\":712,\"publisher\":{\"@id\":\"https:\/\/peoplesphere.be\/fr\/#organization\"},\"keywords\":[\"co\u00fbt salarial\",\"fiscalit\u00e9\",\"pr\u00e9compte professionnel\",\"tax shift\",\"travail de nuit\"],\"articleSection\":[\"Actualit\u00e9s\",\"Digital\"],\"inLanguage\":\"fr-FR\"},{\"@type\":\"WebPage\",\"@id\":\"https:\/\/peoplesphere.be\/fr\/cout-salarial-travail-de-nuit-mini-tax-shift-introduit-nouveau-regime-de-reduction-precompte-professionnel\/\",\"url\":\"https:\/\/peoplesphere.be\/fr\/cout-salarial-travail-de-nuit-mini-tax-shift-introduit-nouveau-regime-de-reduction-precompte-professionnel\/\",\"name\":\"Co\u00fbt salarial pour le travail de nuit : le mini tax-shift introduit un nouveau r\u00e9gime de r\u00e9duction du pr\u00e9compte professionnel. - Peoplesphere\",\"isPartOf\":{\"@id\":\"https:\/\/peoplesphere.be\/fr\/#website\"},\"datePublished\":\"2022-04-11T04:45:33+00:00\",\"dateModified\":\"2022-04-13T20:45:39+00:00\",\"breadcrumb\":{\"@id\":\"https:\/\/peoplesphere.be\/fr\/cout-salarial-travail-de-nuit-mini-tax-shift-introduit-nouveau-regime-de-reduction-precompte-professionnel\/#breadcrumb\"},\"inLanguage\":\"fr-FR\",\"potentialAction\":[{\"@type\":\"ReadAction\",\"target\":[\"https:\/\/peoplesphere.be\/fr\/cout-salarial-travail-de-nuit-mini-tax-shift-introduit-nouveau-regime-de-reduction-precompte-professionnel\/\"]}]},{\"@type\":\"BreadcrumbList\",\"@id\":\"https:\/\/peoplesphere.be\/fr\/cout-salarial-travail-de-nuit-mini-tax-shift-introduit-nouveau-regime-de-reduction-precompte-professionnel\/#breadcrumb\",\"itemListElement\":[{\"@type\":\"ListItem\",\"position\":1,\"name\":\"Accueil\",\"item\":\"https:\/\/peoplesphere.be\/fr\/\"},{\"@type\":\"ListItem\",\"position\":2,\"name\":\"Co\u00fbt salarial pour le travail de nuit : le mini tax-shift introduit un nouveau r\u00e9gime de r\u00e9duction du pr\u00e9compte professionnel.\"}]},{\"@type\":\"WebSite\",\"@id\":\"https:\/\/peoplesphere.be\/fr\/#website\",\"url\":\"https:\/\/peoplesphere.be\/fr\/\",\"name\":\"Peoplesphere\",\"description\":\"The People Managers Magazine\",\"publisher\":{\"@id\":\"https:\/\/peoplesphere.be\/fr\/#organization\"},\"potentialAction\":[{\"@type\":\"SearchAction\",\"target\":{\"@type\":\"EntryPoint\",\"urlTemplate\":\"https:\/\/peoplesphere.be\/fr\/?s={search_term_string}\"},\"query-input\":\"required name=search_term_string\"}],\"inLanguage\":\"fr-FR\"},{\"@type\":\"Organization\",\"@id\":\"https:\/\/peoplesphere.be\/fr\/#organization\",\"name\":\"Peoplesphere Company srl\",\"url\":\"https:\/\/peoplesphere.be\/fr\/\",\"logo\":{\"@type\":\"ImageObject\",\"inLanguage\":\"fr-FR\",\"@id\":\"https:\/\/peoplesphere.be\/fr\/#\/schema\/logo\/image\/\",\"url\":\"https:\/\/peoplesphere.be\/fr\/wp-content\/uploads\/2023\/07\/peoplesphere-lgo-new-generik.jpg\",\"contentUrl\":\"https:\/\/peoplesphere.be\/fr\/wp-content\/uploads\/2023\/07\/peoplesphere-lgo-new-generik.jpg\",\"width\":1031,\"height\":1479,\"caption\":\"Peoplesphere Company srl\"},\"image\":{\"@id\":\"https:\/\/peoplesphere.be\/fr\/#\/schema\/logo\/image\/\"},\"sameAs\":[\"https:\/\/www.facebook.com\/peoplesphere\",\"https:\/\/twitter.com\/PeoplesphereMag\",\"https:\/\/www.linkedin.com\/company\/7587361?trk\",\"http:\/\/youtube.com\/peoplesphere\"]},{\"@type\":\"Person\",\"@id\":\"https:\/\/peoplesphere.be\/fr\/#\/schema\/person\/7976225ff17988604334abb7b3536a7e\",\"name\":\"Jean-Paul Erhard\",\"image\":{\"@type\":\"ImageObject\",\"inLanguage\":\"fr-FR\",\"@id\":\"https:\/\/peoplesphere.be\/fr\/#\/schema\/person\/image\/\",\"url\":\"https:\/\/secure.gravatar.com\/avatar\/f941e681460179738071629a51574930?s=96&d=mm&r=g\",\"contentUrl\":\"https:\/\/secure.gravatar.com\/avatar\/f941e681460179738071629a51574930?s=96&d=mm&r=g\",\"caption\":\"Jean-Paul Erhard\"},\"url\":\"https:\/\/peoplesphere.be\/fr\/author\/jpe\/\"}]}<\/script>\n<!-- \/ Yoast SEO plugin. -->","yoast_head_json":{"title":"Co\u00fbt salarial pour le travail de nuit : le mini tax-shift introduit un nouveau r\u00e9gime de r\u00e9duction du pr\u00e9compte professionnel. - Peoplesphere","robots":{"index":"index","follow":"follow","max-snippet":"max-snippet:-1","max-image-preview":"max-image-preview:large","max-video-preview":"max-video-preview:-1"},"canonical":"https:\/\/peoplesphere.be\/fr\/cout-salarial-travail-de-nuit-mini-tax-shift-introduit-nouveau-regime-de-reduction-precompte-professionnel\/","og_locale":"fr_FR","og_type":"article","og_title":"Co\u00fbt salarial pour le travail de nuit : le mini tax-shift introduit un nouveau r\u00e9gime de r\u00e9duction du pr\u00e9compte professionnel. - Peoplesphere","og_description":"La dispense de versement du pr\u00e9compte professionnel (ou \u2018r\u00e9duction PP\u2019) pour le travail en \u00e9quipe et de nuit est l\u2019une des mesures fiscales les plus importantes pour soutenir la comp\u00e9titivit\u00e9 du co\u00fbt salarial dans nos secteurs \u00e0 forte intensit\u00e9 de [&hellip;]","og_url":"https:\/\/peoplesphere.be\/fr\/cout-salarial-travail-de-nuit-mini-tax-shift-introduit-nouveau-regime-de-reduction-precompte-professionnel\/","og_site_name":"Peoplesphere","article_publisher":"https:\/\/www.facebook.com\/peoplesphere","article_published_time":"2022-04-11T04:45:33+00:00","article_modified_time":"2022-04-13T20:45:39+00:00","og_image":[{"url":"http:\/\/www.peoplesphere.be\/fr\/wp-content\/uploads\/2016\/07\/facebook-default-posting-1200x628px.jpg"}],"author":"Jean-Paul Erhard","twitter_card":"summary_large_image","twitter_creator":"@PeoplesphereMag","twitter_site":"@PeoplesphereMag","twitter_misc":{"\u00c9crit par":"Jean-Paul Erhard","Dur\u00e9e de lecture estim\u00e9e":"3 minutes"},"schema":{"@context":"https:\/\/schema.org","@graph":[{"@type":"Article","@id":"https:\/\/peoplesphere.be\/fr\/cout-salarial-travail-de-nuit-mini-tax-shift-introduit-nouveau-regime-de-reduction-precompte-professionnel\/#article","isPartOf":{"@id":"https:\/\/peoplesphere.be\/fr\/cout-salarial-travail-de-nuit-mini-tax-shift-introduit-nouveau-regime-de-reduction-precompte-professionnel\/"},"author":{"name":"Jean-Paul Erhard","@id":"https:\/\/peoplesphere.be\/fr\/#\/schema\/person\/7976225ff17988604334abb7b3536a7e"},"headline":"Co\u00fbt salarial pour le travail de nuit : le mini tax-shift introduit un nouveau r\u00e9gime de r\u00e9duction du pr\u00e9compte professionnel.","datePublished":"2022-04-11T04:45:33+00:00","dateModified":"2022-04-13T20:45:39+00:00","mainEntityOfPage":{"@id":"https:\/\/peoplesphere.be\/fr\/cout-salarial-travail-de-nuit-mini-tax-shift-introduit-nouveau-regime-de-reduction-precompte-professionnel\/"},"wordCount":712,"publisher":{"@id":"https:\/\/peoplesphere.be\/fr\/#organization"},"keywords":["co\u00fbt salarial","fiscalit\u00e9","pr\u00e9compte professionnel","tax shift","travail de nuit"],"articleSection":["Actualit\u00e9s","Digital"],"inLanguage":"fr-FR"},{"@type":"WebPage","@id":"https:\/\/peoplesphere.be\/fr\/cout-salarial-travail-de-nuit-mini-tax-shift-introduit-nouveau-regime-de-reduction-precompte-professionnel\/","url":"https:\/\/peoplesphere.be\/fr\/cout-salarial-travail-de-nuit-mini-tax-shift-introduit-nouveau-regime-de-reduction-precompte-professionnel\/","name":"Co\u00fbt salarial pour le travail de nuit : le mini tax-shift introduit un nouveau r\u00e9gime de r\u00e9duction du pr\u00e9compte professionnel. - Peoplesphere","isPartOf":{"@id":"https:\/\/peoplesphere.be\/fr\/#website"},"datePublished":"2022-04-11T04:45:33+00:00","dateModified":"2022-04-13T20:45:39+00:00","breadcrumb":{"@id":"https:\/\/peoplesphere.be\/fr\/cout-salarial-travail-de-nuit-mini-tax-shift-introduit-nouveau-regime-de-reduction-precompte-professionnel\/#breadcrumb"},"inLanguage":"fr-FR","potentialAction":[{"@type":"ReadAction","target":["https:\/\/peoplesphere.be\/fr\/cout-salarial-travail-de-nuit-mini-tax-shift-introduit-nouveau-regime-de-reduction-precompte-professionnel\/"]}]},{"@type":"BreadcrumbList","@id":"https:\/\/peoplesphere.be\/fr\/cout-salarial-travail-de-nuit-mini-tax-shift-introduit-nouveau-regime-de-reduction-precompte-professionnel\/#breadcrumb","itemListElement":[{"@type":"ListItem","position":1,"name":"Accueil","item":"https:\/\/peoplesphere.be\/fr\/"},{"@type":"ListItem","position":2,"name":"Co\u00fbt salarial pour le travail de nuit : le mini tax-shift introduit un nouveau r\u00e9gime de r\u00e9duction du pr\u00e9compte professionnel."}]},{"@type":"WebSite","@id":"https:\/\/peoplesphere.be\/fr\/#website","url":"https:\/\/peoplesphere.be\/fr\/","name":"Peoplesphere","description":"The People Managers Magazine","publisher":{"@id":"https:\/\/peoplesphere.be\/fr\/#organization"},"potentialAction":[{"@type":"SearchAction","target":{"@type":"EntryPoint","urlTemplate":"https:\/\/peoplesphere.be\/fr\/?s={search_term_string}"},"query-input":"required name=search_term_string"}],"inLanguage":"fr-FR"},{"@type":"Organization","@id":"https:\/\/peoplesphere.be\/fr\/#organization","name":"Peoplesphere Company srl","url":"https:\/\/peoplesphere.be\/fr\/","logo":{"@type":"ImageObject","inLanguage":"fr-FR","@id":"https:\/\/peoplesphere.be\/fr\/#\/schema\/logo\/image\/","url":"https:\/\/peoplesphere.be\/fr\/wp-content\/uploads\/2023\/07\/peoplesphere-lgo-new-generik.jpg","contentUrl":"https:\/\/peoplesphere.be\/fr\/wp-content\/uploads\/2023\/07\/peoplesphere-lgo-new-generik.jpg","width":1031,"height":1479,"caption":"Peoplesphere Company srl"},"image":{"@id":"https:\/\/peoplesphere.be\/fr\/#\/schema\/logo\/image\/"},"sameAs":["https:\/\/www.facebook.com\/peoplesphere","https:\/\/twitter.com\/PeoplesphereMag","https:\/\/www.linkedin.com\/company\/7587361?trk","http:\/\/youtube.com\/peoplesphere"]},{"@type":"Person","@id":"https:\/\/peoplesphere.be\/fr\/#\/schema\/person\/7976225ff17988604334abb7b3536a7e","name":"Jean-Paul Erhard","image":{"@type":"ImageObject","inLanguage":"fr-FR","@id":"https:\/\/peoplesphere.be\/fr\/#\/schema\/person\/image\/","url":"https:\/\/secure.gravatar.com\/avatar\/f941e681460179738071629a51574930?s=96&d=mm&r=g","contentUrl":"https:\/\/secure.gravatar.com\/avatar\/f941e681460179738071629a51574930?s=96&d=mm&r=g","caption":"Jean-Paul Erhard"},"url":"https:\/\/peoplesphere.be\/fr\/author\/jpe\/"}]}},"_links":{"self":[{"href":"https:\/\/peoplesphere.be\/fr\/wp-json\/wp\/v2\/posts\/12710"}],"collection":[{"href":"https:\/\/peoplesphere.be\/fr\/wp-json\/wp\/v2\/posts"}],"about":[{"href":"https:\/\/peoplesphere.be\/fr\/wp-json\/wp\/v2\/types\/post"}],"author":[{"embeddable":true,"href":"https:\/\/peoplesphere.be\/fr\/wp-json\/wp\/v2\/users\/2"}],"replies":[{"embeddable":true,"href":"https:\/\/peoplesphere.be\/fr\/wp-json\/wp\/v2\/comments?post=12710"}],"version-history":[{"count":2,"href":"https:\/\/peoplesphere.be\/fr\/wp-json\/wp\/v2\/posts\/12710\/revisions"}],"predecessor-version":[{"id":12728,"href":"https:\/\/peoplesphere.be\/fr\/wp-json\/wp\/v2\/posts\/12710\/revisions\/12728"}],"wp:attachment":[{"href":"https:\/\/peoplesphere.be\/fr\/wp-json\/wp\/v2\/media?parent=12710"}],"wp:term":[{"taxonomy":"category","embeddable":true,"href":"https:\/\/peoplesphere.be\/fr\/wp-json\/wp\/v2\/categories?post=12710"},{"taxonomy":"post_tag","embeddable":true,"href":"https:\/\/peoplesphere.be\/fr\/wp-json\/wp\/v2\/tags?post=12710"}],"curies":[{"name":"wp","href":"https:\/\/api.w.org\/{rel}","templated":true}]}}