









{"id":12742,"date":"2022-04-19T08:15:30","date_gmt":"2022-04-19T06:15:30","guid":{"rendered":"https:\/\/peoplesphere.be\/fr\/?p=12742"},"modified":"2022-04-19T10:20:55","modified_gmt":"2022-04-19T08:20:55","slug":"changement-de-job-de-secteur-dactivites-vue-pres-de-moitie-jeunes-travailleurs","status":"publish","type":"post","link":"https:\/\/peoplesphere.be\/fr\/changement-de-job-de-secteur-dactivites-vue-pres-de-moitie-jeunes-travailleurs\/","title":{"rendered":"Changement de job et de secteur d&rsquo;activit\u00e9s en vue pour pr\u00e8s de la moiti\u00e9 des jeunes travailleurs"},"content":{"rendered":"<p>La moiti\u00e9 des jeunes de la vingtaine actuellement sur le march\u00e9 de l\u2019emploi envisagent de quitter leur travail actuel pour un poste dans un secteur compl\u00e8tement diff\u00e9rent. La crise du coronavirus n\u2019y est pas \u00e9trang\u00e8re. <em>\u00ab\u00a0Les Belges, surtout les jeunes, sont de plus en plus nombreux \u00e0 vouloir tirer davantage de motivation de leur emploi et \u00e0 partir en qu\u00eate d\u2019un poste plus valorisant. Les entreprises doivent en tenir compte si elles veulent remporter la guerre des talents\u00a0\u00bb<\/em>, selon Acerta.<!--more--><\/p>\n<p>La crise du coronavirus a pouss\u00e9 de nombreuses personnes \u00e0 remettre leur emploi actuel en question. Pour l\u2019instant, aucune \u00ab\u2009grande d\u00e9mission\u2009\u00bb n\u2019est toutefois \u00e0 l\u2019horizon dans notre pays, notamment en raison de l\u2019inflation \u00e9lev\u00e9e et de l\u2019incertitude \u00e9conomique. Un Belge actif sur trois envisage de changer d\u2019emploi et de secteur. Pour la moiti\u00e9 des travailleurs, le t\u00e9l\u00e9travail obligatoire et le ch\u00f4mage temporaire qu\u2019ils ont connus pendant la crise de la COVID-19 jouent un r\u00f4le dans leur d\u00e9sir de changer de carri\u00e8re.<\/p>\n<p>Fait des plus int\u00e9ressants : ce sont en particulier les jeunes qui pensent \u00e0 un changement total de carri\u00e8re. La moiti\u00e9 des travailleurs de la vingtaine envisagent de se lancer dans un autre secteur. Pour les autres tranches d\u2019\u00e2ge, cette envie diminue avec l\u2019\u00e2ge.<\/p>\n<p><strong><em>A la recherche d&rsquo;un travail plus valorisant<\/em><\/strong><\/p>\n<p>Quels sont les facteurs qui pourraient convaincre les travailleurs de changer de secteur\u2009? Les Belges souhaitent, en premier lieu, occuper un poste plus valorisant (48 %). Deuxi\u00e8me facteur : les travailleurs envisagent un changement de carri\u00e8re si leur nouveau poste peut leur apporter un meilleur \u00e9quilibre entre vie professionnelle et vie priv\u00e9e (44 %). Enfin, la perspective d\u2019un meilleur salaire peut les pousser \u00e0 oser changer de secteur (42 %).<\/p>\n<p>Nathalie Florent, experte en RH chez Acerta Consult, explique : \u00ab\u00a0<em>Si elles souhaitent ressortir victorieuses de la guerre des talents, les entreprises doivent tout mettre en \u0153uvre pour proposer un travail valorisant \u00e0 leurs collaborateurs. \u00c0 cet \u00e9gard, la clart\u00e9 de la mission de l\u2019organisation est essentielle. Les collaborateurs actuels et \u00e0 venir veulent savoir si cette mission correspond \u00e0 ce qui les anime. Pour obtenir un bon \u00e9quilibre entre vie priv\u00e9e et vie professionnelle, le deuxi\u00e8me facteur, employeurs et travailleurs peuvent conclure des accords mutuels clairs, et encore plus gr\u00e2ce au deal pour l\u2019emploi. Quant aux salaires, le troisi\u00e8me facteur, nous savons depuis bien longtemps qu\u2019il ne s\u2019agit plus que d\u2019une simple question d\u2019argent. La r\u00e9mun\u00e9ration, ce n\u2019est pas seulement de l\u2019argent en banque, mais aussi d\u2019autres avantages, comme des jours de cong\u00e9 ou des moyens de transport.\u00a0\u00bb<\/em><\/p>\n<p><strong><em>Organiser des entretiens de carri\u00e8re<\/em><\/strong><\/p>\n<p>Le plus souvent, les travailleurs remettent leur emploi en question apr\u00e8s une p\u00e9riode de r\u00e9flexion. En pratique, cette remise en question se produit g\u00e9n\u00e9ralement apr\u00e8s les vacances, qu\u2019il s\u2019agisse des vacances de No\u00ebl, d\u2019\u00e9t\u00e9 ou de P\u00e2ques. Le coronavirus a \u00e9galement servi de moment de r\u00e9flexion.<\/p>\n<p>Nathalie Florent ajoute : \u00ab\u00a0<em>Nous conseillons aux employeurs d\u2019organiser des entretiens de carri\u00e8re avec leurs collaborateurs. Demandez \u00e0 vos collaborateurs ce qui leur donne de l\u2019\u00e9nergie dans leur travail et tenez-en compte dans le contexte des objectifs de votre entreprise. Faites-le r\u00e9guli\u00e8rement et, en tout cas, avant que vos travailleurs n\u2019indiquent vouloir partir et, de pr\u00e9f\u00e9rence, avant qu\u2019ils ne partent en vacances. Quand bien m\u00eame cet entretien aboutirait sur un changement de carri\u00e8re, mieux vaut que votre collaborateur parte avec un bon sentiment, car tout le monde a \u00e0 y gagner. Il quitte ainsi votre entreprise en tant qu\u2019ambassadeur de votre entreprise.\u00a0\u00bb<\/em><\/p>\n<p>&nbsp;<\/p>\n<p><em>Source: les donn\u00e9es sont issues d\u2019une enqu\u00eate annuelle qu\u2019ACERTA fait r\u00e9aliser par le bureau d\u2019enqu\u00eate Indiville aupr\u00e8s de plus de 2000 travailleurs. Les donn\u00e9es ont \u00e9t\u00e9 pond\u00e9r\u00e9es pour \u00eatre repr\u00e9sentatives de la population active belge, selon le sexe, l\u2019\u00e2ge, la langue et le statut. L\u2019enqu\u00eate s\u2019est d\u00e9roul\u00e9e du 26 janvier au 9 f\u00e9vrier 2022.<\/em><\/p>\n","protected":false},"excerpt":{"rendered":"<p>La moiti\u00e9 des jeunes de la vingtaine actuellement sur le march\u00e9 de l\u2019emploi envisagent de quitter leur travail actuel pour un poste dans un secteur compl\u00e8tement diff\u00e9rent. La crise du coronavirus n\u2019y est pas \u00e9trang\u00e8re. \u00ab\u00a0Les Belges, surtout les jeunes, [&hellip;]<\/p>\n","protected":false},"author":2,"featured_media":12743,"comment_status":"closed","ping_status":"open","sticky":false,"template":"","format":"standard","meta":[],"categories":[65,10],"tags":[271,643,1379,652,299],"yoast_head":"<!-- This site is optimized with the Yoast SEO plugin v21.0 - https:\/\/yoast.com\/wordpress\/plugins\/seo\/ -->\n<title>Changement de job et de secteur d&#039;activit\u00e9s en vue pour pr\u00e8s de la moiti\u00e9 des jeunes travailleurs - Peoplesphere<\/title>\n<meta name=\"robots\" content=\"index, follow, max-snippet:-1, max-image-preview:large, max-video-preview:-1\" \/>\n<link rel=\"canonical\" href=\"https:\/\/peoplesphere.be\/fr\/changement-de-job-de-secteur-dactivites-vue-pres-de-moitie-jeunes-travailleurs\/\" \/>\n<meta property=\"og:locale\" content=\"fr_FR\" \/>\n<meta property=\"og:type\" content=\"article\" \/>\n<meta property=\"og:title\" content=\"Changement de job et de secteur d&#039;activit\u00e9s en vue pour pr\u00e8s de la moiti\u00e9 des jeunes travailleurs - Peoplesphere\" \/>\n<meta property=\"og:description\" content=\"La moiti\u00e9 des jeunes de la vingtaine actuellement sur le march\u00e9 de l\u2019emploi envisagent de quitter leur travail actuel pour un poste dans un secteur compl\u00e8tement diff\u00e9rent. La crise du coronavirus n\u2019y est pas \u00e9trang\u00e8re. \u00ab\u00a0Les Belges, surtout les jeunes, [&hellip;]\" \/>\n<meta property=\"og:url\" content=\"https:\/\/peoplesphere.be\/fr\/changement-de-job-de-secteur-dactivites-vue-pres-de-moitie-jeunes-travailleurs\/\" \/>\n<meta property=\"og:site_name\" content=\"Peoplesphere\" \/>\n<meta property=\"article:publisher\" content=\"https:\/\/www.facebook.com\/peoplesphere\" \/>\n<meta property=\"article:published_time\" content=\"2022-04-19T06:15:30+00:00\" \/>\n<meta property=\"article:modified_time\" content=\"2022-04-19T08:20:55+00:00\" \/>\n<meta property=\"og:image\" content=\"https:\/\/peoplesphere.be\/fr\/wp-content\/uploads\/2022\/04\/csaba-balazs-q9URsedw330-unsplash.jpg\" \/>\n\t<meta property=\"og:image:width\" content=\"1400\" \/>\n\t<meta property=\"og:image:height\" content=\"933\" \/>\n\t<meta property=\"og:image:type\" content=\"image\/jpeg\" \/>\n<meta name=\"author\" content=\"Jean-Paul Erhard\" \/>\n<meta name=\"twitter:card\" content=\"summary_large_image\" \/>\n<meta name=\"twitter:creator\" content=\"@PeoplesphereMag\" \/>\n<meta name=\"twitter:site\" content=\"@PeoplesphereMag\" \/>\n<meta name=\"twitter:label1\" content=\"\u00c9crit par\" \/>\n\t<meta name=\"twitter:data1\" content=\"Jean-Paul Erhard\" \/>\n\t<meta name=\"twitter:label2\" content=\"Dur\u00e9e de lecture estim\u00e9e\" \/>\n\t<meta name=\"twitter:data2\" content=\"3 minutes\" \/>\n<script type=\"application\/ld+json\" class=\"yoast-schema-graph\">{\"@context\":\"https:\/\/schema.org\",\"@graph\":[{\"@type\":\"Article\",\"@id\":\"https:\/\/peoplesphere.be\/fr\/changement-de-job-de-secteur-dactivites-vue-pres-de-moitie-jeunes-travailleurs\/#article\",\"isPartOf\":{\"@id\":\"https:\/\/peoplesphere.be\/fr\/changement-de-job-de-secteur-dactivites-vue-pres-de-moitie-jeunes-travailleurs\/\"},\"author\":{\"name\":\"Jean-Paul Erhard\",\"@id\":\"https:\/\/peoplesphere.be\/fr\/#\/schema\/person\/7976225ff17988604334abb7b3536a7e\"},\"headline\":\"Changement de job et de secteur d&rsquo;activit\u00e9s en vue pour pr\u00e8s de la moiti\u00e9 des jeunes travailleurs\",\"datePublished\":\"2022-04-19T06:15:30+00:00\",\"dateModified\":\"2022-04-19T08:20:55+00:00\",\"mainEntityOfPage\":{\"@id\":\"https:\/\/peoplesphere.be\/fr\/changement-de-job-de-secteur-dactivites-vue-pres-de-moitie-jeunes-travailleurs\/\"},\"wordCount\":711,\"publisher\":{\"@id\":\"https:\/\/peoplesphere.be\/fr\/#organization\"},\"keywords\":[\"acerta\",\"carri\u00e8re\",\"mobilit\u00e9 professionnelle\",\"reconnaissance\",\"r\u00e9tention\"],\"articleSection\":[\"Actualit\u00e9s\",\"Digital\"],\"inLanguage\":\"fr-FR\"},{\"@type\":\"WebPage\",\"@id\":\"https:\/\/peoplesphere.be\/fr\/changement-de-job-de-secteur-dactivites-vue-pres-de-moitie-jeunes-travailleurs\/\",\"url\":\"https:\/\/peoplesphere.be\/fr\/changement-de-job-de-secteur-dactivites-vue-pres-de-moitie-jeunes-travailleurs\/\",\"name\":\"Changement de job et de secteur d'activit\u00e9s en vue pour pr\u00e8s de la moiti\u00e9 des jeunes travailleurs - Peoplesphere\",\"isPartOf\":{\"@id\":\"https:\/\/peoplesphere.be\/fr\/#website\"},\"datePublished\":\"2022-04-19T06:15:30+00:00\",\"dateModified\":\"2022-04-19T08:20:55+00:00\",\"breadcrumb\":{\"@id\":\"https:\/\/peoplesphere.be\/fr\/changement-de-job-de-secteur-dactivites-vue-pres-de-moitie-jeunes-travailleurs\/#breadcrumb\"},\"inLanguage\":\"fr-FR\",\"potentialAction\":[{\"@type\":\"ReadAction\",\"target\":[\"https:\/\/peoplesphere.be\/fr\/changement-de-job-de-secteur-dactivites-vue-pres-de-moitie-jeunes-travailleurs\/\"]}]},{\"@type\":\"BreadcrumbList\",\"@id\":\"https:\/\/peoplesphere.be\/fr\/changement-de-job-de-secteur-dactivites-vue-pres-de-moitie-jeunes-travailleurs\/#breadcrumb\",\"itemListElement\":[{\"@type\":\"ListItem\",\"position\":1,\"name\":\"Accueil\",\"item\":\"https:\/\/peoplesphere.be\/fr\/\"},{\"@type\":\"ListItem\",\"position\":2,\"name\":\"Changement de job et de secteur d&rsquo;activit\u00e9s en vue pour pr\u00e8s de la moiti\u00e9 des jeunes travailleurs\"}]},{\"@type\":\"WebSite\",\"@id\":\"https:\/\/peoplesphere.be\/fr\/#website\",\"url\":\"https:\/\/peoplesphere.be\/fr\/\",\"name\":\"Peoplesphere\",\"description\":\"The People Managers Magazine\",\"publisher\":{\"@id\":\"https:\/\/peoplesphere.be\/fr\/#organization\"},\"potentialAction\":[{\"@type\":\"SearchAction\",\"target\":{\"@type\":\"EntryPoint\",\"urlTemplate\":\"https:\/\/peoplesphere.be\/fr\/?s={search_term_string}\"},\"query-input\":\"required name=search_term_string\"}],\"inLanguage\":\"fr-FR\"},{\"@type\":\"Organization\",\"@id\":\"https:\/\/peoplesphere.be\/fr\/#organization\",\"name\":\"Peoplesphere Company srl\",\"url\":\"https:\/\/peoplesphere.be\/fr\/\",\"logo\":{\"@type\":\"ImageObject\",\"inLanguage\":\"fr-FR\",\"@id\":\"https:\/\/peoplesphere.be\/fr\/#\/schema\/logo\/image\/\",\"url\":\"https:\/\/peoplesphere.be\/fr\/wp-content\/uploads\/2023\/07\/peoplesphere-lgo-new-generik.jpg\",\"contentUrl\":\"https:\/\/peoplesphere.be\/fr\/wp-content\/uploads\/2023\/07\/peoplesphere-lgo-new-generik.jpg\",\"width\":1031,\"height\":1479,\"caption\":\"Peoplesphere Company srl\"},\"image\":{\"@id\":\"https:\/\/peoplesphere.be\/fr\/#\/schema\/logo\/image\/\"},\"sameAs\":[\"https:\/\/www.facebook.com\/peoplesphere\",\"https:\/\/twitter.com\/PeoplesphereMag\",\"https:\/\/www.linkedin.com\/company\/7587361?trk\",\"http:\/\/youtube.com\/peoplesphere\"]},{\"@type\":\"Person\",\"@id\":\"https:\/\/peoplesphere.be\/fr\/#\/schema\/person\/7976225ff17988604334abb7b3536a7e\",\"name\":\"Jean-Paul Erhard\",\"image\":{\"@type\":\"ImageObject\",\"inLanguage\":\"fr-FR\",\"@id\":\"https:\/\/peoplesphere.be\/fr\/#\/schema\/person\/image\/\",\"url\":\"https:\/\/secure.gravatar.com\/avatar\/f941e681460179738071629a51574930?s=96&d=mm&r=g\",\"contentUrl\":\"https:\/\/secure.gravatar.com\/avatar\/f941e681460179738071629a51574930?s=96&d=mm&r=g\",\"caption\":\"Jean-Paul Erhard\"},\"url\":\"https:\/\/peoplesphere.be\/fr\/author\/jpe\/\"}]}<\/script>\n<!-- \/ Yoast SEO plugin. -->","yoast_head_json":{"title":"Changement de job et de secteur d'activit\u00e9s en vue pour pr\u00e8s de la moiti\u00e9 des jeunes travailleurs - Peoplesphere","robots":{"index":"index","follow":"follow","max-snippet":"max-snippet:-1","max-image-preview":"max-image-preview:large","max-video-preview":"max-video-preview:-1"},"canonical":"https:\/\/peoplesphere.be\/fr\/changement-de-job-de-secteur-dactivites-vue-pres-de-moitie-jeunes-travailleurs\/","og_locale":"fr_FR","og_type":"article","og_title":"Changement de job et de secteur d'activit\u00e9s en vue pour pr\u00e8s de la moiti\u00e9 des jeunes travailleurs - Peoplesphere","og_description":"La moiti\u00e9 des jeunes de la vingtaine actuellement sur le march\u00e9 de l\u2019emploi envisagent de quitter leur travail actuel pour un poste dans un secteur compl\u00e8tement diff\u00e9rent. La crise du coronavirus n\u2019y est pas \u00e9trang\u00e8re. \u00ab\u00a0Les Belges, surtout les jeunes, [&hellip;]","og_url":"https:\/\/peoplesphere.be\/fr\/changement-de-job-de-secteur-dactivites-vue-pres-de-moitie-jeunes-travailleurs\/","og_site_name":"Peoplesphere","article_publisher":"https:\/\/www.facebook.com\/peoplesphere","article_published_time":"2022-04-19T06:15:30+00:00","article_modified_time":"2022-04-19T08:20:55+00:00","og_image":[{"width":1400,"height":933,"url":"https:\/\/peoplesphere.be\/fr\/wp-content\/uploads\/2022\/04\/csaba-balazs-q9URsedw330-unsplash.jpg","type":"image\/jpeg"}],"author":"Jean-Paul Erhard","twitter_card":"summary_large_image","twitter_creator":"@PeoplesphereMag","twitter_site":"@PeoplesphereMag","twitter_misc":{"\u00c9crit par":"Jean-Paul Erhard","Dur\u00e9e de lecture estim\u00e9e":"3 minutes"},"schema":{"@context":"https:\/\/schema.org","@graph":[{"@type":"Article","@id":"https:\/\/peoplesphere.be\/fr\/changement-de-job-de-secteur-dactivites-vue-pres-de-moitie-jeunes-travailleurs\/#article","isPartOf":{"@id":"https:\/\/peoplesphere.be\/fr\/changement-de-job-de-secteur-dactivites-vue-pres-de-moitie-jeunes-travailleurs\/"},"author":{"name":"Jean-Paul Erhard","@id":"https:\/\/peoplesphere.be\/fr\/#\/schema\/person\/7976225ff17988604334abb7b3536a7e"},"headline":"Changement de job et de secteur d&rsquo;activit\u00e9s en vue pour pr\u00e8s de la moiti\u00e9 des jeunes travailleurs","datePublished":"2022-04-19T06:15:30+00:00","dateModified":"2022-04-19T08:20:55+00:00","mainEntityOfPage":{"@id":"https:\/\/peoplesphere.be\/fr\/changement-de-job-de-secteur-dactivites-vue-pres-de-moitie-jeunes-travailleurs\/"},"wordCount":711,"publisher":{"@id":"https:\/\/peoplesphere.be\/fr\/#organization"},"keywords":["acerta","carri\u00e8re","mobilit\u00e9 professionnelle","reconnaissance","r\u00e9tention"],"articleSection":["Actualit\u00e9s","Digital"],"inLanguage":"fr-FR"},{"@type":"WebPage","@id":"https:\/\/peoplesphere.be\/fr\/changement-de-job-de-secteur-dactivites-vue-pres-de-moitie-jeunes-travailleurs\/","url":"https:\/\/peoplesphere.be\/fr\/changement-de-job-de-secteur-dactivites-vue-pres-de-moitie-jeunes-travailleurs\/","name":"Changement de job et de secteur d'activit\u00e9s en vue pour pr\u00e8s de la moiti\u00e9 des jeunes travailleurs - Peoplesphere","isPartOf":{"@id":"https:\/\/peoplesphere.be\/fr\/#website"},"datePublished":"2022-04-19T06:15:30+00:00","dateModified":"2022-04-19T08:20:55+00:00","breadcrumb":{"@id":"https:\/\/peoplesphere.be\/fr\/changement-de-job-de-secteur-dactivites-vue-pres-de-moitie-jeunes-travailleurs\/#breadcrumb"},"inLanguage":"fr-FR","potentialAction":[{"@type":"ReadAction","target":["https:\/\/peoplesphere.be\/fr\/changement-de-job-de-secteur-dactivites-vue-pres-de-moitie-jeunes-travailleurs\/"]}]},{"@type":"BreadcrumbList","@id":"https:\/\/peoplesphere.be\/fr\/changement-de-job-de-secteur-dactivites-vue-pres-de-moitie-jeunes-travailleurs\/#breadcrumb","itemListElement":[{"@type":"ListItem","position":1,"name":"Accueil","item":"https:\/\/peoplesphere.be\/fr\/"},{"@type":"ListItem","position":2,"name":"Changement de job et de secteur d&rsquo;activit\u00e9s en vue pour pr\u00e8s de la moiti\u00e9 des jeunes travailleurs"}]},{"@type":"WebSite","@id":"https:\/\/peoplesphere.be\/fr\/#website","url":"https:\/\/peoplesphere.be\/fr\/","name":"Peoplesphere","description":"The People Managers Magazine","publisher":{"@id":"https:\/\/peoplesphere.be\/fr\/#organization"},"potentialAction":[{"@type":"SearchAction","target":{"@type":"EntryPoint","urlTemplate":"https:\/\/peoplesphere.be\/fr\/?s={search_term_string}"},"query-input":"required name=search_term_string"}],"inLanguage":"fr-FR"},{"@type":"Organization","@id":"https:\/\/peoplesphere.be\/fr\/#organization","name":"Peoplesphere Company srl","url":"https:\/\/peoplesphere.be\/fr\/","logo":{"@type":"ImageObject","inLanguage":"fr-FR","@id":"https:\/\/peoplesphere.be\/fr\/#\/schema\/logo\/image\/","url":"https:\/\/peoplesphere.be\/fr\/wp-content\/uploads\/2023\/07\/peoplesphere-lgo-new-generik.jpg","contentUrl":"https:\/\/peoplesphere.be\/fr\/wp-content\/uploads\/2023\/07\/peoplesphere-lgo-new-generik.jpg","width":1031,"height":1479,"caption":"Peoplesphere Company srl"},"image":{"@id":"https:\/\/peoplesphere.be\/fr\/#\/schema\/logo\/image\/"},"sameAs":["https:\/\/www.facebook.com\/peoplesphere","https:\/\/twitter.com\/PeoplesphereMag","https:\/\/www.linkedin.com\/company\/7587361?trk","http:\/\/youtube.com\/peoplesphere"]},{"@type":"Person","@id":"https:\/\/peoplesphere.be\/fr\/#\/schema\/person\/7976225ff17988604334abb7b3536a7e","name":"Jean-Paul Erhard","image":{"@type":"ImageObject","inLanguage":"fr-FR","@id":"https:\/\/peoplesphere.be\/fr\/#\/schema\/person\/image\/","url":"https:\/\/secure.gravatar.com\/avatar\/f941e681460179738071629a51574930?s=96&d=mm&r=g","contentUrl":"https:\/\/secure.gravatar.com\/avatar\/f941e681460179738071629a51574930?s=96&d=mm&r=g","caption":"Jean-Paul Erhard"},"url":"https:\/\/peoplesphere.be\/fr\/author\/jpe\/"}]}},"_links":{"self":[{"href":"https:\/\/peoplesphere.be\/fr\/wp-json\/wp\/v2\/posts\/12742"}],"collection":[{"href":"https:\/\/peoplesphere.be\/fr\/wp-json\/wp\/v2\/posts"}],"about":[{"href":"https:\/\/peoplesphere.be\/fr\/wp-json\/wp\/v2\/types\/post"}],"author":[{"embeddable":true,"href":"https:\/\/peoplesphere.be\/fr\/wp-json\/wp\/v2\/users\/2"}],"replies":[{"embeddable":true,"href":"https:\/\/peoplesphere.be\/fr\/wp-json\/wp\/v2\/comments?post=12742"}],"version-history":[{"count":2,"href":"https:\/\/peoplesphere.be\/fr\/wp-json\/wp\/v2\/posts\/12742\/revisions"}],"predecessor-version":[{"id":12745,"href":"https:\/\/peoplesphere.be\/fr\/wp-json\/wp\/v2\/posts\/12742\/revisions\/12745"}],"wp:featuredmedia":[{"embeddable":true,"href":"https:\/\/peoplesphere.be\/fr\/wp-json\/wp\/v2\/media\/12743"}],"wp:attachment":[{"href":"https:\/\/peoplesphere.be\/fr\/wp-json\/wp\/v2\/media?parent=12742"}],"wp:term":[{"taxonomy":"category","embeddable":true,"href":"https:\/\/peoplesphere.be\/fr\/wp-json\/wp\/v2\/categories?post=12742"},{"taxonomy":"post_tag","embeddable":true,"href":"https:\/\/peoplesphere.be\/fr\/wp-json\/wp\/v2\/tags?post=12742"}],"curies":[{"name":"wp","href":"https:\/\/api.w.org\/{rel}","templated":true}]}}