









{"id":12761,"date":"2022-04-22T08:16:17","date_gmt":"2022-04-22T06:16:17","guid":{"rendered":"https:\/\/peoplesphere.be\/fr\/?p=12761"},"modified":"2022-04-22T08:16:17","modified_gmt":"2022-04-22T06:16:17","slug":"arrets-maladie-travailleurs-de-plus-de-50-ans-chiffres-inquietants","status":"publish","type":"post","link":"https:\/\/peoplesphere.be\/fr\/arrets-maladie-travailleurs-de-plus-de-50-ans-chiffres-inquietants\/","title":{"rendered":"Arr\u00eats maladie pour les travailleurs de plus de 50 ans: les chiffres sont inqui\u00e9tants."},"content":{"rendered":"<p>Bien que le gouvernement veuille s&rsquo;attaquer \u00e0 la r\u00e9insertion des malades de longue dur\u00e9e, les chiffres de Securex d\u00e9montrent qu&rsquo;au cours du premier trimestre 2022, 16,7% des plus de 54 ans \u00e9taient absents du travail pendant plus d&rsquo;un mois pour cause de maladie. Chez les ouvriers de plus de 54 ans, ce chiffre atteint m\u00eame 23 %. Parmi les ouvriers et les employ\u00e9s de 54 ans et plus, 11,5 % ont \u00e9t\u00e9 absents du travail pendant plus d&rsquo;un an pour cause de maladie. Dans la cat\u00e9gorie des ouvriers de moins de 24 ans, les chiffres ont augment\u00e9 pour la premi\u00e8re fois et le secteur priv\u00e9 des soins de sant\u00e9 a \u00e9galement connu une \u00e9volution n\u00e9gative. <!--more--><\/p>\n<p>Securex a analys\u00e9 le nombre de travailleurs absents au travail pendant plus d&rsquo;un mois pour cause de maladie, au cours du premier trimestre 2022. Cela concerne 8 % de l&rsquo;ensemble des travailleurs. Les r\u00e9sultats r\u00e9v\u00e8lent surtout un tableau peu r\u00e9jouissant pour les travailleurs plus \u00e2g\u00e9s. Ce chiffre s&rsquo;\u00e9l\u00e8ve par exemple \u00e0 un sur six (16,7 %) chez les plus de 54 ans, et plus d&rsquo;un sur dix (11,5 %) a m\u00eame \u00e9t\u00e9 absent du travail pendant plus d&rsquo;un an pour cause de maladie. Les ouvriers de plus de 54 ans, qui exercent plus souvent des m\u00e9tiers physiques, sont encore plus nombreux \u00e0 \u00eatre rest\u00e9s pendant plus d&rsquo;un mois \u00e0 la maison pour cause de maladie (23 %). Cette situation contraste fortement avec celle des employ\u00e9s de plus de 54 ans, o\u00f9 ce taux est de 11,3 %.<\/p>\n<p>Heidi Verlinden, Research Project Manager au sein de Securex, explique : <em>\u00ab\u00a0Les augmentations pr\u00e9vues au sujet de l&rsquo;\u00e2ge de la pension vont faire grimper ces chiffres li\u00e9s \u00e0 l\u2019absent\u00e9isme. La solution ne consiste pas \u00e0 licencier ou \u00e0 ne pas embaucher les plus de 54 ans, car nous nous \u00e9loignons alors encore plus d&rsquo;un taux d&#8217;emploi de 80 %. Il est clair que des mesures concr\u00e8tes sont n\u00e9cessaires pour rendre les dix derni\u00e8res ann\u00e9es de carri\u00e8re des travailleurs, ainsi que toutes les ann\u00e9es de carri\u00e8re pr\u00e9c\u00e9dentes, aussi int\u00e9ressantes et saines que possible. Cela peut se faire en adaptant les t\u00e2ches et les modes de collaboration, mais aussi en pr\u00e9parant au plus t\u00f4t le retour au travail des absents\u00a0\u00bb.<\/em><\/p>\n<p><em><strong>Augmentation chez les plus jeunes ouvriers<\/strong><\/em><\/p>\n<p>Les chiffres ne sont pas seulement inqui\u00e9tants chez les travailleurs \u00e2g\u00e9s. Dans la cat\u00e9gorie des ouvriers de moins de 24 ans, Securex constate une \u00e9volution n\u00e9gative. Pr\u00e8s d&rsquo;un jeune sur vingt (4,8%) a \u00e9t\u00e9 en arr\u00eat maladie pendant plus d&rsquo;un mois au cours du premier trimestre de cette ann\u00e9e. Cela repr\u00e9sente une augmentation de 23% par rapport \u00e0 2020.<\/p>\n<p><em>\u00ab\u00a0La p\u00e9riode Covid des deux derni\u00e8res ann\u00e9es a jou\u00e9 ici un r\u00f4le important,\u00a0\u00bb<\/em> selon Stephanie Heurterre, Senior HR Consultant au sein de Securex. <em>\u00ab\u00a0De nombreux jeunes se sont retrouv\u00e9s seuls au cours des deux derni\u00e8res ann\u00e9es. Cela a entra\u00een\u00e9 un surcro\u00eet de stress, en particulier lorsque vous venez de commencer votre carri\u00e8re. Le ch\u00f4mage temporaire a \u00e9galement perturb\u00e9 l&rsquo;\u00e9quilibre entre vie professionnelle et vie priv\u00e9e et a caus\u00e9 plus de stress financier. De plus, le climat d&rsquo;ins\u00e9curit\u00e9 g\u00e9n\u00e9rale de l&#8217;emploi a aussi jou\u00e9 un r\u00f4le. Il y a, par cons\u00e9quent, un risque \u00e9lev\u00e9 que les personnes qui souffrent continuent \u00e0 travailler ou reprennent le travail trop t\u00f4t, ce qui les am\u00e8nera finalement \u00e0 d\u00e9crocher et \u00e0 rester en arr\u00eat maladie plus longtemps.\u00a0\u00bb<\/em><\/p>\n<p><strong><em>Des chiffres inqui\u00e9tants pour les soins de sant\u00e9 priv\u00e9s<\/em><\/strong><\/p>\n<p>Securex s&rsquo;est \u00e9galement pench\u00e9 sur les diff\u00e9rents secteurs et a constat\u00e9 une \u00e9volution n\u00e9gative dans le secteur priv\u00e9 des soins de sant\u00e9. Dans ce secteur, au premier trimestre de cette ann\u00e9e, 9,2% des travailleurs ont \u00e9t\u00e9 absents du travail pendant plus d&rsquo;un mois pour cause de maladie. Cela repr\u00e9sente une augmentation de 13,8% par rapport au premier trimestre de 2020. Dans ce secteur, le nombre de travailleurs de plus de 54 ans en arr\u00eat maladie pendant plus d\u2019un mois s\u2019\u00e9l\u00e8ve \u00e0 15,3%. Il s&rsquo;agit \u00e9galement d&rsquo;une forte augmentation, de 18%, par rapport au premier trimestre de 2020.<\/p>\n<p>Les autres secteurs qui obtiennent de moins bons r\u00e9sultats, mais o\u00f9 l&rsquo;on ne constate pas d&rsquo;\u00e9volution n\u00e9gative pour l&rsquo;instant, sont le secteur de la construction et celui du nettoyage. Ici, lors du premier trimestre, il y avait respectivement 10 % et 11 % des travailleurs absents pour cause de maladie pendant plus d\u2019un mois. Dans le secteur de la construction, ce chiffre passe \u00e0 27,6 % pour les plus de 54 ans.<\/p>\n<p><em><strong>Une responsabilit\u00e9 partag\u00e9e<\/strong><\/em><\/p>\n<p>Le gouvernement a d\u00e9j\u00e0 pris diverses mesures pour r\u00e9pondre au probl\u00e8me des absences pour cause de maladie de longue dur\u00e9e, mais ces mesures sont souvent complexes et m\u00e9connues de l&#8217;employeur et des travailleurs.<\/p>\n<p>Elisabeth Van Steendam, Wellbeing Manager au sein de Securex : <em>\u00ab\u00a0Le gouvernement ne devrait pas vouloir r\u00e9int\u00e9grer \u00e0 tout prix les malades de longue dur\u00e9e. Beaucoup d&rsquo;entre eux sont \u00e0 la maison pour de bonnes raisons et ont besoin de temps pour se r\u00e9tablir. L&rsquo;accent devrait \u00eatre mis sur ceux qui peuvent revenir mais ne le font pas en raison de nombreux obstacles, tant au niveau des travailleurs que des employeurs. Des charges administratives excessives, un travail inadapt\u00e9, des attentes irr\u00e9alistes ou le seuil social, par exemple, font encore trop souvent obstacle \u00e0 une r\u00e9int\u00e9gration r\u00e9ussie. Il est clair que seuls des efforts conjoints peuvent r\u00e9duire ces chiffres d\u00e9sastreux.\u00a0\u00bb<\/em><\/p>\n<p>&nbsp;<\/p>\n<p><em>Source: l&rsquo;\u00e9tude a port\u00e9 sur le pourcentage de travailleurs qui ont \u00e9t\u00e9 absents du travail pour cause de maladie ou d&rsquo;accident de la vie priv\u00e9e pendant plus d&rsquo;un mois au cours du premier trimestre de 2022. Les chiffres concernent donc les travailleurs qui avaient encore un contrat avec un employeur au premier trimestre, mais qui ont \u00e9t\u00e9 absents pendant au moins une partie de ce trimestre pour cause de maladie. Ces r\u00e9sultats sont indicatifs et bas\u00e9s sur des donn\u00e9es r\u00e9centes du Secr\u00e9tariat social Securex. L&rsquo;\u00e9chantillon est repr\u00e9sentatif du statut, de l&rsquo;\u00e2ge et du sexe. L&rsquo;\u00e9chantillon comprend 21 111 entreprises et 151 407 travailleurs du secteur priv\u00e9. Seuls les travailleurs enti\u00e8rement imposables sont inclus. Les \u00e9tudiants ne font donc pas partie de l&rsquo;\u00e9chantillon. Les emplois flexibles et les travailleurs r\u00e9mun\u00e9r\u00e9s au forfait ou au pourboire ne sont pas non plus inclus. Les entreprises comptent un maximum de 1000 travailleurs.<\/em><\/p>\n","protected":false},"excerpt":{"rendered":"<p>Bien que le gouvernement veuille s&rsquo;attaquer \u00e0 la r\u00e9insertion des malades de longue dur\u00e9e, les chiffres de Securex d\u00e9montrent qu&rsquo;au cours du premier trimestre 2022, 16,7% des plus de 54 ans \u00e9taient absents du travail pendant plus d&rsquo;un mois pour [&hellip;]<\/p>\n","protected":false},"author":2,"featured_media":0,"comment_status":"closed","ping_status":"open","sticky":false,"template":"","format":"standard","meta":[],"categories":[65,10],"tags":[755,16,42,639,17,1792,123],"yoast_head":"<!-- This site is optimized with the Yoast SEO plugin v21.0 - https:\/\/yoast.com\/wordpress\/plugins\/seo\/ -->\n<title>Arr\u00eats maladie pour les travailleurs de plus de 50 ans: les chiffres sont inqui\u00e9tants. - Peoplesphere<\/title>\n<meta name=\"robots\" content=\"index, follow, max-snippet:-1, max-image-preview:large, max-video-preview:-1\" \/>\n<link rel=\"canonical\" href=\"https:\/\/peoplesphere.be\/fr\/arrets-maladie-travailleurs-de-plus-de-50-ans-chiffres-inquietants\/\" \/>\n<meta property=\"og:locale\" content=\"fr_FR\" \/>\n<meta property=\"og:type\" content=\"article\" \/>\n<meta property=\"og:title\" content=\"Arr\u00eats maladie pour les travailleurs de plus de 50 ans: les chiffres sont inqui\u00e9tants. - Peoplesphere\" \/>\n<meta property=\"og:description\" content=\"Bien que le gouvernement veuille s&rsquo;attaquer \u00e0 la r\u00e9insertion des malades de longue dur\u00e9e, les chiffres de Securex d\u00e9montrent qu&rsquo;au cours du premier trimestre 2022, 16,7% des plus de 54 ans \u00e9taient absents du travail pendant plus d&rsquo;un mois pour [&hellip;]\" \/>\n<meta property=\"og:url\" content=\"https:\/\/peoplesphere.be\/fr\/arrets-maladie-travailleurs-de-plus-de-50-ans-chiffres-inquietants\/\" \/>\n<meta property=\"og:site_name\" content=\"Peoplesphere\" \/>\n<meta property=\"article:publisher\" content=\"https:\/\/www.facebook.com\/peoplesphere\" \/>\n<meta property=\"article:published_time\" content=\"2022-04-22T06:16:17+00:00\" \/>\n<meta property=\"og:image\" content=\"http:\/\/www.peoplesphere.be\/fr\/wp-content\/uploads\/2016\/07\/facebook-default-posting-1200x628px.jpg\" \/>\n<meta name=\"author\" content=\"Jean-Paul Erhard\" \/>\n<meta name=\"twitter:card\" content=\"summary_large_image\" \/>\n<meta name=\"twitter:creator\" content=\"@PeoplesphereMag\" \/>\n<meta name=\"twitter:site\" content=\"@PeoplesphereMag\" \/>\n<meta name=\"twitter:label1\" content=\"\u00c9crit par\" \/>\n\t<meta name=\"twitter:data1\" content=\"Jean-Paul Erhard\" \/>\n\t<meta name=\"twitter:label2\" content=\"Dur\u00e9e de lecture estim\u00e9e\" \/>\n\t<meta name=\"twitter:data2\" content=\"5 minutes\" \/>\n<script type=\"application\/ld+json\" class=\"yoast-schema-graph\">{\"@context\":\"https:\/\/schema.org\",\"@graph\":[{\"@type\":\"Article\",\"@id\":\"https:\/\/peoplesphere.be\/fr\/arrets-maladie-travailleurs-de-plus-de-50-ans-chiffres-inquietants\/#article\",\"isPartOf\":{\"@id\":\"https:\/\/peoplesphere.be\/fr\/arrets-maladie-travailleurs-de-plus-de-50-ans-chiffres-inquietants\/\"},\"author\":{\"name\":\"Jean-Paul Erhard\",\"@id\":\"https:\/\/peoplesphere.be\/fr\/#\/schema\/person\/7976225ff17988604334abb7b3536a7e\"},\"headline\":\"Arr\u00eats maladie pour les travailleurs de plus de 50 ans: les chiffres sont inqui\u00e9tants.\",\"datePublished\":\"2022-04-22T06:16:17+00:00\",\"dateModified\":\"2022-04-22T06:16:17+00:00\",\"mainEntityOfPage\":{\"@id\":\"https:\/\/peoplesphere.be\/fr\/arrets-maladie-travailleurs-de-plus-de-50-ans-chiffres-inquietants\/\"},\"wordCount\":1088,\"publisher\":{\"@id\":\"https:\/\/peoplesphere.be\/fr\/#organization\"},\"keywords\":[\"absences de longue dur\u00e9e\",\"Maladie\",\"Pr\u00e9vention\",\"r\u00e9int\u00e9gration\",\"Sant\u00e9\",\"securex\",\"seniors\"],\"articleSection\":[\"Actualit\u00e9s\",\"Digital\"],\"inLanguage\":\"fr-FR\"},{\"@type\":\"WebPage\",\"@id\":\"https:\/\/peoplesphere.be\/fr\/arrets-maladie-travailleurs-de-plus-de-50-ans-chiffres-inquietants\/\",\"url\":\"https:\/\/peoplesphere.be\/fr\/arrets-maladie-travailleurs-de-plus-de-50-ans-chiffres-inquietants\/\",\"name\":\"Arr\u00eats maladie pour les travailleurs de plus de 50 ans: les chiffres sont inqui\u00e9tants. - Peoplesphere\",\"isPartOf\":{\"@id\":\"https:\/\/peoplesphere.be\/fr\/#website\"},\"datePublished\":\"2022-04-22T06:16:17+00:00\",\"dateModified\":\"2022-04-22T06:16:17+00:00\",\"breadcrumb\":{\"@id\":\"https:\/\/peoplesphere.be\/fr\/arrets-maladie-travailleurs-de-plus-de-50-ans-chiffres-inquietants\/#breadcrumb\"},\"inLanguage\":\"fr-FR\",\"potentialAction\":[{\"@type\":\"ReadAction\",\"target\":[\"https:\/\/peoplesphere.be\/fr\/arrets-maladie-travailleurs-de-plus-de-50-ans-chiffres-inquietants\/\"]}]},{\"@type\":\"BreadcrumbList\",\"@id\":\"https:\/\/peoplesphere.be\/fr\/arrets-maladie-travailleurs-de-plus-de-50-ans-chiffres-inquietants\/#breadcrumb\",\"itemListElement\":[{\"@type\":\"ListItem\",\"position\":1,\"name\":\"Accueil\",\"item\":\"https:\/\/peoplesphere.be\/fr\/\"},{\"@type\":\"ListItem\",\"position\":2,\"name\":\"Arr\u00eats maladie pour les travailleurs de plus de 50 ans: les chiffres sont inqui\u00e9tants.\"}]},{\"@type\":\"WebSite\",\"@id\":\"https:\/\/peoplesphere.be\/fr\/#website\",\"url\":\"https:\/\/peoplesphere.be\/fr\/\",\"name\":\"Peoplesphere\",\"description\":\"The People Managers Magazine\",\"publisher\":{\"@id\":\"https:\/\/peoplesphere.be\/fr\/#organization\"},\"potentialAction\":[{\"@type\":\"SearchAction\",\"target\":{\"@type\":\"EntryPoint\",\"urlTemplate\":\"https:\/\/peoplesphere.be\/fr\/?s={search_term_string}\"},\"query-input\":\"required name=search_term_string\"}],\"inLanguage\":\"fr-FR\"},{\"@type\":\"Organization\",\"@id\":\"https:\/\/peoplesphere.be\/fr\/#organization\",\"name\":\"Peoplesphere Company srl\",\"url\":\"https:\/\/peoplesphere.be\/fr\/\",\"logo\":{\"@type\":\"ImageObject\",\"inLanguage\":\"fr-FR\",\"@id\":\"https:\/\/peoplesphere.be\/fr\/#\/schema\/logo\/image\/\",\"url\":\"https:\/\/peoplesphere.be\/fr\/wp-content\/uploads\/2023\/07\/peoplesphere-lgo-new-generik.jpg\",\"contentUrl\":\"https:\/\/peoplesphere.be\/fr\/wp-content\/uploads\/2023\/07\/peoplesphere-lgo-new-generik.jpg\",\"width\":1031,\"height\":1479,\"caption\":\"Peoplesphere Company srl\"},\"image\":{\"@id\":\"https:\/\/peoplesphere.be\/fr\/#\/schema\/logo\/image\/\"},\"sameAs\":[\"https:\/\/www.facebook.com\/peoplesphere\",\"https:\/\/twitter.com\/PeoplesphereMag\",\"https:\/\/www.linkedin.com\/company\/7587361?trk\",\"http:\/\/youtube.com\/peoplesphere\"]},{\"@type\":\"Person\",\"@id\":\"https:\/\/peoplesphere.be\/fr\/#\/schema\/person\/7976225ff17988604334abb7b3536a7e\",\"name\":\"Jean-Paul Erhard\",\"image\":{\"@type\":\"ImageObject\",\"inLanguage\":\"fr-FR\",\"@id\":\"https:\/\/peoplesphere.be\/fr\/#\/schema\/person\/image\/\",\"url\":\"https:\/\/secure.gravatar.com\/avatar\/f941e681460179738071629a51574930?s=96&d=mm&r=g\",\"contentUrl\":\"https:\/\/secure.gravatar.com\/avatar\/f941e681460179738071629a51574930?s=96&d=mm&r=g\",\"caption\":\"Jean-Paul Erhard\"},\"url\":\"https:\/\/peoplesphere.be\/fr\/author\/jpe\/\"}]}<\/script>\n<!-- \/ Yoast SEO plugin. -->","yoast_head_json":{"title":"Arr\u00eats maladie pour les travailleurs de plus de 50 ans: les chiffres sont inqui\u00e9tants. - Peoplesphere","robots":{"index":"index","follow":"follow","max-snippet":"max-snippet:-1","max-image-preview":"max-image-preview:large","max-video-preview":"max-video-preview:-1"},"canonical":"https:\/\/peoplesphere.be\/fr\/arrets-maladie-travailleurs-de-plus-de-50-ans-chiffres-inquietants\/","og_locale":"fr_FR","og_type":"article","og_title":"Arr\u00eats maladie pour les travailleurs de plus de 50 ans: les chiffres sont inqui\u00e9tants. - Peoplesphere","og_description":"Bien que le gouvernement veuille s&rsquo;attaquer \u00e0 la r\u00e9insertion des malades de longue dur\u00e9e, les chiffres de Securex d\u00e9montrent qu&rsquo;au cours du premier trimestre 2022, 16,7% des plus de 54 ans \u00e9taient absents du travail pendant plus d&rsquo;un mois pour [&hellip;]","og_url":"https:\/\/peoplesphere.be\/fr\/arrets-maladie-travailleurs-de-plus-de-50-ans-chiffres-inquietants\/","og_site_name":"Peoplesphere","article_publisher":"https:\/\/www.facebook.com\/peoplesphere","article_published_time":"2022-04-22T06:16:17+00:00","og_image":[{"url":"http:\/\/www.peoplesphere.be\/fr\/wp-content\/uploads\/2016\/07\/facebook-default-posting-1200x628px.jpg"}],"author":"Jean-Paul Erhard","twitter_card":"summary_large_image","twitter_creator":"@PeoplesphereMag","twitter_site":"@PeoplesphereMag","twitter_misc":{"\u00c9crit par":"Jean-Paul Erhard","Dur\u00e9e de lecture estim\u00e9e":"5 minutes"},"schema":{"@context":"https:\/\/schema.org","@graph":[{"@type":"Article","@id":"https:\/\/peoplesphere.be\/fr\/arrets-maladie-travailleurs-de-plus-de-50-ans-chiffres-inquietants\/#article","isPartOf":{"@id":"https:\/\/peoplesphere.be\/fr\/arrets-maladie-travailleurs-de-plus-de-50-ans-chiffres-inquietants\/"},"author":{"name":"Jean-Paul Erhard","@id":"https:\/\/peoplesphere.be\/fr\/#\/schema\/person\/7976225ff17988604334abb7b3536a7e"},"headline":"Arr\u00eats maladie pour les travailleurs de plus de 50 ans: les chiffres sont inqui\u00e9tants.","datePublished":"2022-04-22T06:16:17+00:00","dateModified":"2022-04-22T06:16:17+00:00","mainEntityOfPage":{"@id":"https:\/\/peoplesphere.be\/fr\/arrets-maladie-travailleurs-de-plus-de-50-ans-chiffres-inquietants\/"},"wordCount":1088,"publisher":{"@id":"https:\/\/peoplesphere.be\/fr\/#organization"},"keywords":["absences de longue dur\u00e9e","Maladie","Pr\u00e9vention","r\u00e9int\u00e9gration","Sant\u00e9","securex","seniors"],"articleSection":["Actualit\u00e9s","Digital"],"inLanguage":"fr-FR"},{"@type":"WebPage","@id":"https:\/\/peoplesphere.be\/fr\/arrets-maladie-travailleurs-de-plus-de-50-ans-chiffres-inquietants\/","url":"https:\/\/peoplesphere.be\/fr\/arrets-maladie-travailleurs-de-plus-de-50-ans-chiffres-inquietants\/","name":"Arr\u00eats maladie pour les travailleurs de plus de 50 ans: les chiffres sont inqui\u00e9tants. - Peoplesphere","isPartOf":{"@id":"https:\/\/peoplesphere.be\/fr\/#website"},"datePublished":"2022-04-22T06:16:17+00:00","dateModified":"2022-04-22T06:16:17+00:00","breadcrumb":{"@id":"https:\/\/peoplesphere.be\/fr\/arrets-maladie-travailleurs-de-plus-de-50-ans-chiffres-inquietants\/#breadcrumb"},"inLanguage":"fr-FR","potentialAction":[{"@type":"ReadAction","target":["https:\/\/peoplesphere.be\/fr\/arrets-maladie-travailleurs-de-plus-de-50-ans-chiffres-inquietants\/"]}]},{"@type":"BreadcrumbList","@id":"https:\/\/peoplesphere.be\/fr\/arrets-maladie-travailleurs-de-plus-de-50-ans-chiffres-inquietants\/#breadcrumb","itemListElement":[{"@type":"ListItem","position":1,"name":"Accueil","item":"https:\/\/peoplesphere.be\/fr\/"},{"@type":"ListItem","position":2,"name":"Arr\u00eats maladie pour les travailleurs de plus de 50 ans: les chiffres sont inqui\u00e9tants."}]},{"@type":"WebSite","@id":"https:\/\/peoplesphere.be\/fr\/#website","url":"https:\/\/peoplesphere.be\/fr\/","name":"Peoplesphere","description":"The People Managers Magazine","publisher":{"@id":"https:\/\/peoplesphere.be\/fr\/#organization"},"potentialAction":[{"@type":"SearchAction","target":{"@type":"EntryPoint","urlTemplate":"https:\/\/peoplesphere.be\/fr\/?s={search_term_string}"},"query-input":"required name=search_term_string"}],"inLanguage":"fr-FR"},{"@type":"Organization","@id":"https:\/\/peoplesphere.be\/fr\/#organization","name":"Peoplesphere Company srl","url":"https:\/\/peoplesphere.be\/fr\/","logo":{"@type":"ImageObject","inLanguage":"fr-FR","@id":"https:\/\/peoplesphere.be\/fr\/#\/schema\/logo\/image\/","url":"https:\/\/peoplesphere.be\/fr\/wp-content\/uploads\/2023\/07\/peoplesphere-lgo-new-generik.jpg","contentUrl":"https:\/\/peoplesphere.be\/fr\/wp-content\/uploads\/2023\/07\/peoplesphere-lgo-new-generik.jpg","width":1031,"height":1479,"caption":"Peoplesphere Company srl"},"image":{"@id":"https:\/\/peoplesphere.be\/fr\/#\/schema\/logo\/image\/"},"sameAs":["https:\/\/www.facebook.com\/peoplesphere","https:\/\/twitter.com\/PeoplesphereMag","https:\/\/www.linkedin.com\/company\/7587361?trk","http:\/\/youtube.com\/peoplesphere"]},{"@type":"Person","@id":"https:\/\/peoplesphere.be\/fr\/#\/schema\/person\/7976225ff17988604334abb7b3536a7e","name":"Jean-Paul Erhard","image":{"@type":"ImageObject","inLanguage":"fr-FR","@id":"https:\/\/peoplesphere.be\/fr\/#\/schema\/person\/image\/","url":"https:\/\/secure.gravatar.com\/avatar\/f941e681460179738071629a51574930?s=96&d=mm&r=g","contentUrl":"https:\/\/secure.gravatar.com\/avatar\/f941e681460179738071629a51574930?s=96&d=mm&r=g","caption":"Jean-Paul Erhard"},"url":"https:\/\/peoplesphere.be\/fr\/author\/jpe\/"}]}},"_links":{"self":[{"href":"https:\/\/peoplesphere.be\/fr\/wp-json\/wp\/v2\/posts\/12761"}],"collection":[{"href":"https:\/\/peoplesphere.be\/fr\/wp-json\/wp\/v2\/posts"}],"about":[{"href":"https:\/\/peoplesphere.be\/fr\/wp-json\/wp\/v2\/types\/post"}],"author":[{"embeddable":true,"href":"https:\/\/peoplesphere.be\/fr\/wp-json\/wp\/v2\/users\/2"}],"replies":[{"embeddable":true,"href":"https:\/\/peoplesphere.be\/fr\/wp-json\/wp\/v2\/comments?post=12761"}],"version-history":[{"count":1,"href":"https:\/\/peoplesphere.be\/fr\/wp-json\/wp\/v2\/posts\/12761\/revisions"}],"predecessor-version":[{"id":12762,"href":"https:\/\/peoplesphere.be\/fr\/wp-json\/wp\/v2\/posts\/12761\/revisions\/12762"}],"wp:attachment":[{"href":"https:\/\/peoplesphere.be\/fr\/wp-json\/wp\/v2\/media?parent=12761"}],"wp:term":[{"taxonomy":"category","embeddable":true,"href":"https:\/\/peoplesphere.be\/fr\/wp-json\/wp\/v2\/categories?post=12761"},{"taxonomy":"post_tag","embeddable":true,"href":"https:\/\/peoplesphere.be\/fr\/wp-json\/wp\/v2\/tags?post=12761"}],"curies":[{"name":"wp","href":"https:\/\/api.w.org\/{rel}","templated":true}]}}