









{"id":12800,"date":"2022-04-30T19:36:20","date_gmt":"2022-04-30T17:36:20","guid":{"rendered":"https:\/\/peoplesphere.be\/fr\/?p=12800"},"modified":"2022-04-30T19:36:44","modified_gmt":"2022-04-30T17:36:44","slug":"apres-temps-de-resignation-vient-celui-de-realisation-monde-travail-a-laube-dun-grand-basculement","status":"publish","type":"post","link":"https:\/\/peoplesphere.be\/fr\/apres-temps-de-resignation-vient-celui-de-realisation-monde-travail-a-laube-dun-grand-basculement\/","title":{"rendered":"Apr\u00e8s le temps de la &lsquo;r\u00e9signation&rsquo; vient celui de la &lsquo;r\u00e9alisation&rsquo;: le monde du travail est \u00e0 l&rsquo;aube d&rsquo;un grand basculement."},"content":{"rendered":"<p>Le monde du travail tel que nous l\u2019avons connu ne sera bient\u00f4t plus. La pand\u00e9mie ayant agi comme le catalyseur de profondes transformations, 2022 constitue une ann\u00e9e charni\u00e8re pour les entreprises du monde entier. Sentant le vent du renouveau, ManpowerGroup est all\u00e9 \u00e0 la rencontre de 5000 actifs autour du globe pour d\u00e9crypter ce basculement et aider toutes les parties prenantes actives sur le march\u00e9 du travail \u00e0 prendre, sans plus attendre, le virage. L\u2019\u00e9tude \u2018The Great Realization\u2019 r\u00e9v\u00e8le 20 tendances du monde du travail de demain, autour de quatre grandes th\u00e9matiques : les aspirations des salari\u00e9s, la transformation des entreprises, la p\u00e9nurie des talents, et l\u2019essor des technologies.<!--more--><\/p>\n<p>En 2020, Ant\u00f3nio Guterres, Secr\u00e9taire g\u00e9n\u00e9ral de l\u2019ONU alertait sur le bouleversement qu\u2019allait conna\u00eetre le monde du travail avec la crise. Cette r\u00e9volution s\u2019est confirm\u00e9e et impose aux entreprises du monde entier de se r\u00e9inventer sans plus tarder. L\u2019\u00e9tude \u00ab\u00a0The Great Realization\u00a0\u00bb le souligne bien, <em>\u00ab\u00a0les tendances \u00e0 l\u2019origine de la transformation actuelle n\u2019ont rien de nouveau, mais leur degr\u00e9 d\u2019urgence est in\u00e9dit\u00a0\u00bb<\/em>. L\u2019\u00e9tude permet de mieux cerner les changements n\u00e9cessaires, \u00e0 amorcer sans plus attendre. Les objectifs \u00e0 atteindre ? R\u00e9pondre aux nouvelles attentes des talents pour les attirer et les fid\u00e9liser, prendre le virage du digital et s\u2019inscrire dans une d\u00e9marche responsable socialement et \u00e9cologiquement.<\/p>\n<p><em>\u00ab\u00a0Nos entreprises doivent se transformer, devenir plus agiles, plus r\u00e9silientes, plus durables, plus engag\u00e9es, dans un contexte impr\u00e9vibile et o\u00f9 la concurrence se fait toujours plus forte. Notre \u00e9tude permet \u00e0 chaque organisation de se confronter aux 20 tendances identifi\u00e9es au niveau mondial, pour cr\u00e9er ensuite une nouvelle charte de travail. Ce qui est certain, c\u2019est qu\u2019il n\u2019y a pas de solutions toute faites. C\u2019est par une plus grande \u00e9coute des besoins individuels, une volont\u00e9 de se r\u00e9inventer en continu, une vision claire des enjeux de transitions digitales et environnementales que les entreprises d\u2019aujourd\u2019hui deviendront les leaders de demain\u00a0\u00bb<\/em> affirme S\u00e9bastien Delfosse, Managing Director de ManpowerGroup BeLux.<\/p>\n<p><strong><em>La flexibilit\u00e9 est d\u00e9sormais un must<\/em><\/strong><\/p>\n<p>Sans surprise, l\u2019enqu\u00eate montre combien la flexibilit\u00e9 est d\u00e9sormais profond\u00e9ment ancr\u00e9e dans les attentes des travailleurs qui veulent pouvoir organiser l\u2019\u00e9quilibre entre leur vie professionnelle et leur vie personnelle avec un maximum de libert\u00e9. Alors que le travail hybride devient la norme, cette recherche de flexibilit\u00e9 n\u2019est plus r\u00e9serv\u00e9e \u00e0 certaines de cat\u00e9gories de travailleurs comme dans le pass\u00e9 mais est recherch\u00e9e par tout le monde.<\/p>\n<p>Ainsi l\u2019\u00e9tude r\u00e9v\u00e8le que :<\/p>\n<ul>\n<li>45% des employ\u00e9s souhaitent pouvoir choisir librement leurs horaires de travail;<\/li>\n<li>36% des employ\u00e9s souhaitent avoir davantage de jours de cong\u00e9s;<\/li>\n<li>35% souhaitent pouvoir choisir ais\u00e9mement leur lieu de travail;<\/li>\n<li>4 personnes sur 10 veulent choisir les jours o\u00f9 ils travaillent \u00e0 distance et avoir la flexibilit\u00e9 de changer ces jours chaque semaine.<\/li>\n<\/ul>\n<p><strong><em>A la recherche de bien-\u00eatre au travail et de protection<\/em><\/strong><\/p>\n<p>Au cours de la crise du covid, les individus ont \u00e9galement davantage pris conscience de leur fragilit\u00e9. En cons\u00e9quence, ils recherchent aujourd\u2019hui plus de protection afin de b\u00e2tir leur futur dans la s\u00e9r\u00e9nit\u00e9. Ils veulent que leur employeur fasse preuve d\u2019empathie et se soucie de leur bien-\u00eatre, de leur sant\u00e9 (mentale), de leur s\u00e9curit\u00e9 financi\u00e8re, mais \u00e9galement de leur employabilit\u00e9.<\/p>\n<p>Il ressort que :<\/p>\n<ul>\n<li>49% des travailleurs d\u00e9clarent \u00eatre pr\u00eats \u00e0 changer d&rsquo;entreprise pour un meilleur bien-\u00eatre;<\/li>\n<li>3 employ\u00e9s sur 10 souhaitent pouvoir poser davantage de cong\u00e9 pour pr\u00e9server leur bien-\u00eatre et leur sant\u00e9 mentale;<\/li>\n<li>Un salari\u00e9 sur 4 donne la priorit\u00e9 aux employeurs qui accordent des avantages comme des cong\u00e9s parentaux ou des cong\u00e9s pour les aidants proche;<\/li>\n<li>81% des actifs demandent davantage de formations, une n\u00e9cessit\u00e9 alors que 58% d\u2019entre eux devront acqu\u00e9rir de nouvelles comp\u00e9rences pour exercer leur m\u00e9tier dans le monde de demain.<\/li>\n<\/ul>\n<p><strong><em>Le travail doit \u00eatre porteur de sens<\/em><\/strong><\/p>\n<p>Apr\u00e8s avoir exprim\u00e9 le besoin de s\u2019organiser au quotidien pour obtenir une meilleure qualit\u00e9 de vie, les personnes interrog\u00e9es par ManpowerGroup ont clairement exprim\u00e9 le d\u00e9sir de s\u2019engager collectivement. En effet, un nombre croissant de travailleurs \u2013 qui se sont par ailleurs montr\u00e9s tr\u00e8s concern\u00e9s et motiviv\u00e9s par leur travail \u2013 veulent trouver davantage de sens dans leur travail. Concr\u00e8tement, cela doit se traduire par un fort engagement soci\u00e9tal de la part des entreprises, aussi au niveau environnemental, un engagement port\u00e9 par la direction et le leadership. A l\u2019 inverse, si ces attentes ne sont pas prises en compte, ils n\u2019h\u00e9siteront pas \u00e0 remettre leur d\u00e9mission.<\/p>\n<p>L\u2019enqu\u00eate de ManpowerGroup montre que :<\/p>\n<ul>\n<li>64% des employ\u00e9s veulent contribuer \u00e0 travers leur travail \u00e0 am\u00e9liorer la soci\u00e9t\u00e9;<\/li>\n<li>2 sur 3 souhaitent travailler pour une entreprise dont ils partagent les valeurs;<\/li>\n<li>3 travailleurs sur 4 veulent se sentir motiv\u00e9s et passionn\u00e9s par leur travail;<\/li>\n<li>7 sur 10 pensent que le travail qu&rsquo;ils font est important et souhaitent que leurs contributions \u00eatre reconnues par la direction;<\/li>\n<li>7 employ\u00e9s sur 10 jugent qu\u2019il est important de travailler avec des leaders qui inspirent confiance et que l\u2019on a envie de suivre.<\/li>\n<\/ul>\n<p>ESG, une triple dimension qui gagne en importance dans les plans strat\u00e9giques des entreprises<br \/>\nDans un environnement marqu\u00e9 par des p\u00e9nuries mondiales des talents \u2013 69% des employeurs sond\u00e9s par ManpowerGroup dans le monde (et 83% en Belgique) d\u00e9clarent \u00e9prouver \u00e9prouver des difficult\u00e9s \u00e0 remplir leurs postes vacants \u2013 les entreprises doivent embo\u00eeter le pas. La transition vers les nouveaux m\u00e9tiers notamment li\u00e9s \u00e0 la transformation digitale ne devra pas se faire au d\u00e9triment des valeurs de parit\u00e9, de diversit\u00e9 et de d\u00e9veloppement durable. L\u2019usage des nouvelles technologies associ\u00e9 \u00e0 de nouvelles politiques de gestion des ressources humaines doit servir \u00e0 r\u00e9duire les in\u00e9galit\u00e9s. Des attentes et objectifs partag\u00e9s par les entreprises du monde entier. Comme l\u2019affirment 2 entreprises sond\u00e9es sur 3, le chemin de la transformation sera guid\u00e9 par le fil rouge des ESG (Environnement, Social, Governance). C\u2019est collectivement que les entreprises, \u00e0 travers ces engagements doivent apporter, dans les ann\u00e9es \u00e0 venir, des solutions r\u00e9pondant aux r\u00e9glementations sur la neutralit\u00e9 carbone mais permettant \u00e9galement d\u2019am\u00e9liorer leur impact soci\u00e9tal.<\/p>\n<p>&nbsp;<\/p>\n<p><em>Source: ManpowerGroup<\/em><\/p>\n","protected":false},"excerpt":{"rendered":"<p>Le monde du travail tel que nous l\u2019avons connu ne sera bient\u00f4t plus. La pand\u00e9mie ayant agi comme le catalyseur de profondes transformations, 2022 constitue une ann\u00e9e charni\u00e8re pour les entreprises du monde entier. Sentant le vent du renouveau, ManpowerGroup [&hellip;]<\/p>\n","protected":false},"author":2,"featured_media":0,"comment_status":"closed","ping_status":"open","sticky":false,"template":"","format":"standard","meta":[],"categories":[65,10],"tags":[96,220,3633,371,2963,120],"yoast_head":"<!-- This site is optimized with the Yoast SEO plugin v21.0 - https:\/\/yoast.com\/wordpress\/plugins\/seo\/ -->\n<title>Apr\u00e8s le temps de la &#039;r\u00e9signation&#039; vient celui de la &#039;r\u00e9alisation&#039;: le monde du travail est \u00e0 l&#039;aube d&#039;un grand basculement. - Peoplesphere<\/title>\n<meta name=\"robots\" content=\"index, follow, max-snippet:-1, max-image-preview:large, max-video-preview:-1\" \/>\n<link rel=\"canonical\" href=\"https:\/\/peoplesphere.be\/fr\/apres-temps-de-resignation-vient-celui-de-realisation-monde-travail-a-laube-dun-grand-basculement\/\" \/>\n<meta property=\"og:locale\" content=\"fr_FR\" \/>\n<meta property=\"og:type\" content=\"article\" \/>\n<meta property=\"og:title\" content=\"Apr\u00e8s le temps de la &#039;r\u00e9signation&#039; vient celui de la &#039;r\u00e9alisation&#039;: le monde du travail est \u00e0 l&#039;aube d&#039;un grand basculement. - Peoplesphere\" \/>\n<meta property=\"og:description\" content=\"Le monde du travail tel que nous l\u2019avons connu ne sera bient\u00f4t plus. La pand\u00e9mie ayant agi comme le catalyseur de profondes transformations, 2022 constitue une ann\u00e9e charni\u00e8re pour les entreprises du monde entier. Sentant le vent du renouveau, ManpowerGroup [&hellip;]\" \/>\n<meta property=\"og:url\" content=\"https:\/\/peoplesphere.be\/fr\/apres-temps-de-resignation-vient-celui-de-realisation-monde-travail-a-laube-dun-grand-basculement\/\" \/>\n<meta property=\"og:site_name\" content=\"Peoplesphere\" \/>\n<meta property=\"article:publisher\" content=\"https:\/\/www.facebook.com\/peoplesphere\" \/>\n<meta property=\"article:published_time\" content=\"2022-04-30T17:36:20+00:00\" \/>\n<meta property=\"article:modified_time\" content=\"2022-04-30T17:36:44+00:00\" \/>\n<meta property=\"og:image\" content=\"http:\/\/www.peoplesphere.be\/fr\/wp-content\/uploads\/2016\/07\/facebook-default-posting-1200x628px.jpg\" \/>\n<meta name=\"author\" content=\"Jean-Paul Erhard\" \/>\n<meta name=\"twitter:card\" content=\"summary_large_image\" \/>\n<meta name=\"twitter:creator\" content=\"@PeoplesphereMag\" \/>\n<meta name=\"twitter:site\" content=\"@PeoplesphereMag\" \/>\n<meta name=\"twitter:label1\" content=\"\u00c9crit par\" \/>\n\t<meta name=\"twitter:data1\" content=\"Jean-Paul Erhard\" \/>\n\t<meta name=\"twitter:label2\" content=\"Dur\u00e9e de lecture estim\u00e9e\" \/>\n\t<meta name=\"twitter:data2\" content=\"5 minutes\" \/>\n<script type=\"application\/ld+json\" class=\"yoast-schema-graph\">{\"@context\":\"https:\/\/schema.org\",\"@graph\":[{\"@type\":\"Article\",\"@id\":\"https:\/\/peoplesphere.be\/fr\/apres-temps-de-resignation-vient-celui-de-realisation-monde-travail-a-laube-dun-grand-basculement\/#article\",\"isPartOf\":{\"@id\":\"https:\/\/peoplesphere.be\/fr\/apres-temps-de-resignation-vient-celui-de-realisation-monde-travail-a-laube-dun-grand-basculement\/\"},\"author\":{\"name\":\"Jean-Paul Erhard\",\"@id\":\"https:\/\/peoplesphere.be\/fr\/#\/schema\/person\/7976225ff17988604334abb7b3536a7e\"},\"headline\":\"Apr\u00e8s le temps de la &lsquo;r\u00e9signation&rsquo; vient celui de la &lsquo;r\u00e9alisation&rsquo;: le monde du travail est \u00e0 l&rsquo;aube d&rsquo;un grand basculement.\",\"datePublished\":\"2022-04-30T17:36:20+00:00\",\"dateModified\":\"2022-04-30T17:36:44+00:00\",\"mainEntityOfPage\":{\"@id\":\"https:\/\/peoplesphere.be\/fr\/apres-temps-de-resignation-vient-celui-de-realisation-monde-travail-a-laube-dun-grand-basculement\/\"},\"wordCount\":1090,\"publisher\":{\"@id\":\"https:\/\/peoplesphere.be\/fr\/#organization\"},\"keywords\":[\"bien-\u00eatre\",\"flexibilit\u00e9\",\"impact soci\u00e9tal\",\"manpowergroup\",\"sens au travail\",\"transformation\"],\"articleSection\":[\"Actualit\u00e9s\",\"Digital\"],\"inLanguage\":\"fr-FR\"},{\"@type\":\"WebPage\",\"@id\":\"https:\/\/peoplesphere.be\/fr\/apres-temps-de-resignation-vient-celui-de-realisation-monde-travail-a-laube-dun-grand-basculement\/\",\"url\":\"https:\/\/peoplesphere.be\/fr\/apres-temps-de-resignation-vient-celui-de-realisation-monde-travail-a-laube-dun-grand-basculement\/\",\"name\":\"Apr\u00e8s le temps de la 'r\u00e9signation' vient celui de la 'r\u00e9alisation': le monde du travail est \u00e0 l'aube d'un grand basculement. - Peoplesphere\",\"isPartOf\":{\"@id\":\"https:\/\/peoplesphere.be\/fr\/#website\"},\"datePublished\":\"2022-04-30T17:36:20+00:00\",\"dateModified\":\"2022-04-30T17:36:44+00:00\",\"breadcrumb\":{\"@id\":\"https:\/\/peoplesphere.be\/fr\/apres-temps-de-resignation-vient-celui-de-realisation-monde-travail-a-laube-dun-grand-basculement\/#breadcrumb\"},\"inLanguage\":\"fr-FR\",\"potentialAction\":[{\"@type\":\"ReadAction\",\"target\":[\"https:\/\/peoplesphere.be\/fr\/apres-temps-de-resignation-vient-celui-de-realisation-monde-travail-a-laube-dun-grand-basculement\/\"]}]},{\"@type\":\"BreadcrumbList\",\"@id\":\"https:\/\/peoplesphere.be\/fr\/apres-temps-de-resignation-vient-celui-de-realisation-monde-travail-a-laube-dun-grand-basculement\/#breadcrumb\",\"itemListElement\":[{\"@type\":\"ListItem\",\"position\":1,\"name\":\"Accueil\",\"item\":\"https:\/\/peoplesphere.be\/fr\/\"},{\"@type\":\"ListItem\",\"position\":2,\"name\":\"Apr\u00e8s le temps de la &lsquo;r\u00e9signation&rsquo; vient celui de la &lsquo;r\u00e9alisation&rsquo;: le monde du travail est \u00e0 l&rsquo;aube d&rsquo;un grand basculement.\"}]},{\"@type\":\"WebSite\",\"@id\":\"https:\/\/peoplesphere.be\/fr\/#website\",\"url\":\"https:\/\/peoplesphere.be\/fr\/\",\"name\":\"Peoplesphere\",\"description\":\"The People Managers Magazine\",\"publisher\":{\"@id\":\"https:\/\/peoplesphere.be\/fr\/#organization\"},\"potentialAction\":[{\"@type\":\"SearchAction\",\"target\":{\"@type\":\"EntryPoint\",\"urlTemplate\":\"https:\/\/peoplesphere.be\/fr\/?s={search_term_string}\"},\"query-input\":\"required name=search_term_string\"}],\"inLanguage\":\"fr-FR\"},{\"@type\":\"Organization\",\"@id\":\"https:\/\/peoplesphere.be\/fr\/#organization\",\"name\":\"Peoplesphere Company srl\",\"url\":\"https:\/\/peoplesphere.be\/fr\/\",\"logo\":{\"@type\":\"ImageObject\",\"inLanguage\":\"fr-FR\",\"@id\":\"https:\/\/peoplesphere.be\/fr\/#\/schema\/logo\/image\/\",\"url\":\"https:\/\/peoplesphere.be\/fr\/wp-content\/uploads\/2023\/07\/peoplesphere-lgo-new-generik.jpg\",\"contentUrl\":\"https:\/\/peoplesphere.be\/fr\/wp-content\/uploads\/2023\/07\/peoplesphere-lgo-new-generik.jpg\",\"width\":1031,\"height\":1479,\"caption\":\"Peoplesphere Company srl\"},\"image\":{\"@id\":\"https:\/\/peoplesphere.be\/fr\/#\/schema\/logo\/image\/\"},\"sameAs\":[\"https:\/\/www.facebook.com\/peoplesphere\",\"https:\/\/twitter.com\/PeoplesphereMag\",\"https:\/\/www.linkedin.com\/company\/7587361?trk\",\"http:\/\/youtube.com\/peoplesphere\"]},{\"@type\":\"Person\",\"@id\":\"https:\/\/peoplesphere.be\/fr\/#\/schema\/person\/7976225ff17988604334abb7b3536a7e\",\"name\":\"Jean-Paul Erhard\",\"image\":{\"@type\":\"ImageObject\",\"inLanguage\":\"fr-FR\",\"@id\":\"https:\/\/peoplesphere.be\/fr\/#\/schema\/person\/image\/\",\"url\":\"https:\/\/secure.gravatar.com\/avatar\/f941e681460179738071629a51574930?s=96&d=mm&r=g\",\"contentUrl\":\"https:\/\/secure.gravatar.com\/avatar\/f941e681460179738071629a51574930?s=96&d=mm&r=g\",\"caption\":\"Jean-Paul Erhard\"},\"url\":\"https:\/\/peoplesphere.be\/fr\/author\/jpe\/\"}]}<\/script>\n<!-- \/ Yoast SEO plugin. -->","yoast_head_json":{"title":"Apr\u00e8s le temps de la 'r\u00e9signation' vient celui de la 'r\u00e9alisation': le monde du travail est \u00e0 l'aube d'un grand basculement. - Peoplesphere","robots":{"index":"index","follow":"follow","max-snippet":"max-snippet:-1","max-image-preview":"max-image-preview:large","max-video-preview":"max-video-preview:-1"},"canonical":"https:\/\/peoplesphere.be\/fr\/apres-temps-de-resignation-vient-celui-de-realisation-monde-travail-a-laube-dun-grand-basculement\/","og_locale":"fr_FR","og_type":"article","og_title":"Apr\u00e8s le temps de la 'r\u00e9signation' vient celui de la 'r\u00e9alisation': le monde du travail est \u00e0 l'aube d'un grand basculement. - Peoplesphere","og_description":"Le monde du travail tel que nous l\u2019avons connu ne sera bient\u00f4t plus. La pand\u00e9mie ayant agi comme le catalyseur de profondes transformations, 2022 constitue une ann\u00e9e charni\u00e8re pour les entreprises du monde entier. Sentant le vent du renouveau, ManpowerGroup [&hellip;]","og_url":"https:\/\/peoplesphere.be\/fr\/apres-temps-de-resignation-vient-celui-de-realisation-monde-travail-a-laube-dun-grand-basculement\/","og_site_name":"Peoplesphere","article_publisher":"https:\/\/www.facebook.com\/peoplesphere","article_published_time":"2022-04-30T17:36:20+00:00","article_modified_time":"2022-04-30T17:36:44+00:00","og_image":[{"url":"http:\/\/www.peoplesphere.be\/fr\/wp-content\/uploads\/2016\/07\/facebook-default-posting-1200x628px.jpg"}],"author":"Jean-Paul Erhard","twitter_card":"summary_large_image","twitter_creator":"@PeoplesphereMag","twitter_site":"@PeoplesphereMag","twitter_misc":{"\u00c9crit par":"Jean-Paul Erhard","Dur\u00e9e de lecture estim\u00e9e":"5 minutes"},"schema":{"@context":"https:\/\/schema.org","@graph":[{"@type":"Article","@id":"https:\/\/peoplesphere.be\/fr\/apres-temps-de-resignation-vient-celui-de-realisation-monde-travail-a-laube-dun-grand-basculement\/#article","isPartOf":{"@id":"https:\/\/peoplesphere.be\/fr\/apres-temps-de-resignation-vient-celui-de-realisation-monde-travail-a-laube-dun-grand-basculement\/"},"author":{"name":"Jean-Paul Erhard","@id":"https:\/\/peoplesphere.be\/fr\/#\/schema\/person\/7976225ff17988604334abb7b3536a7e"},"headline":"Apr\u00e8s le temps de la &lsquo;r\u00e9signation&rsquo; vient celui de la &lsquo;r\u00e9alisation&rsquo;: le monde du travail est \u00e0 l&rsquo;aube d&rsquo;un grand basculement.","datePublished":"2022-04-30T17:36:20+00:00","dateModified":"2022-04-30T17:36:44+00:00","mainEntityOfPage":{"@id":"https:\/\/peoplesphere.be\/fr\/apres-temps-de-resignation-vient-celui-de-realisation-monde-travail-a-laube-dun-grand-basculement\/"},"wordCount":1090,"publisher":{"@id":"https:\/\/peoplesphere.be\/fr\/#organization"},"keywords":["bien-\u00eatre","flexibilit\u00e9","impact soci\u00e9tal","manpowergroup","sens au travail","transformation"],"articleSection":["Actualit\u00e9s","Digital"],"inLanguage":"fr-FR"},{"@type":"WebPage","@id":"https:\/\/peoplesphere.be\/fr\/apres-temps-de-resignation-vient-celui-de-realisation-monde-travail-a-laube-dun-grand-basculement\/","url":"https:\/\/peoplesphere.be\/fr\/apres-temps-de-resignation-vient-celui-de-realisation-monde-travail-a-laube-dun-grand-basculement\/","name":"Apr\u00e8s le temps de la 'r\u00e9signation' vient celui de la 'r\u00e9alisation': le monde du travail est \u00e0 l'aube d'un grand basculement. - Peoplesphere","isPartOf":{"@id":"https:\/\/peoplesphere.be\/fr\/#website"},"datePublished":"2022-04-30T17:36:20+00:00","dateModified":"2022-04-30T17:36:44+00:00","breadcrumb":{"@id":"https:\/\/peoplesphere.be\/fr\/apres-temps-de-resignation-vient-celui-de-realisation-monde-travail-a-laube-dun-grand-basculement\/#breadcrumb"},"inLanguage":"fr-FR","potentialAction":[{"@type":"ReadAction","target":["https:\/\/peoplesphere.be\/fr\/apres-temps-de-resignation-vient-celui-de-realisation-monde-travail-a-laube-dun-grand-basculement\/"]}]},{"@type":"BreadcrumbList","@id":"https:\/\/peoplesphere.be\/fr\/apres-temps-de-resignation-vient-celui-de-realisation-monde-travail-a-laube-dun-grand-basculement\/#breadcrumb","itemListElement":[{"@type":"ListItem","position":1,"name":"Accueil","item":"https:\/\/peoplesphere.be\/fr\/"},{"@type":"ListItem","position":2,"name":"Apr\u00e8s le temps de la &lsquo;r\u00e9signation&rsquo; vient celui de la &lsquo;r\u00e9alisation&rsquo;: le monde du travail est \u00e0 l&rsquo;aube d&rsquo;un grand basculement."}]},{"@type":"WebSite","@id":"https:\/\/peoplesphere.be\/fr\/#website","url":"https:\/\/peoplesphere.be\/fr\/","name":"Peoplesphere","description":"The People Managers Magazine","publisher":{"@id":"https:\/\/peoplesphere.be\/fr\/#organization"},"potentialAction":[{"@type":"SearchAction","target":{"@type":"EntryPoint","urlTemplate":"https:\/\/peoplesphere.be\/fr\/?s={search_term_string}"},"query-input":"required name=search_term_string"}],"inLanguage":"fr-FR"},{"@type":"Organization","@id":"https:\/\/peoplesphere.be\/fr\/#organization","name":"Peoplesphere Company srl","url":"https:\/\/peoplesphere.be\/fr\/","logo":{"@type":"ImageObject","inLanguage":"fr-FR","@id":"https:\/\/peoplesphere.be\/fr\/#\/schema\/logo\/image\/","url":"https:\/\/peoplesphere.be\/fr\/wp-content\/uploads\/2023\/07\/peoplesphere-lgo-new-generik.jpg","contentUrl":"https:\/\/peoplesphere.be\/fr\/wp-content\/uploads\/2023\/07\/peoplesphere-lgo-new-generik.jpg","width":1031,"height":1479,"caption":"Peoplesphere Company srl"},"image":{"@id":"https:\/\/peoplesphere.be\/fr\/#\/schema\/logo\/image\/"},"sameAs":["https:\/\/www.facebook.com\/peoplesphere","https:\/\/twitter.com\/PeoplesphereMag","https:\/\/www.linkedin.com\/company\/7587361?trk","http:\/\/youtube.com\/peoplesphere"]},{"@type":"Person","@id":"https:\/\/peoplesphere.be\/fr\/#\/schema\/person\/7976225ff17988604334abb7b3536a7e","name":"Jean-Paul Erhard","image":{"@type":"ImageObject","inLanguage":"fr-FR","@id":"https:\/\/peoplesphere.be\/fr\/#\/schema\/person\/image\/","url":"https:\/\/secure.gravatar.com\/avatar\/f941e681460179738071629a51574930?s=96&d=mm&r=g","contentUrl":"https:\/\/secure.gravatar.com\/avatar\/f941e681460179738071629a51574930?s=96&d=mm&r=g","caption":"Jean-Paul Erhard"},"url":"https:\/\/peoplesphere.be\/fr\/author\/jpe\/"}]}},"_links":{"self":[{"href":"https:\/\/peoplesphere.be\/fr\/wp-json\/wp\/v2\/posts\/12800"}],"collection":[{"href":"https:\/\/peoplesphere.be\/fr\/wp-json\/wp\/v2\/posts"}],"about":[{"href":"https:\/\/peoplesphere.be\/fr\/wp-json\/wp\/v2\/types\/post"}],"author":[{"embeddable":true,"href":"https:\/\/peoplesphere.be\/fr\/wp-json\/wp\/v2\/users\/2"}],"replies":[{"embeddable":true,"href":"https:\/\/peoplesphere.be\/fr\/wp-json\/wp\/v2\/comments?post=12800"}],"version-history":[{"count":2,"href":"https:\/\/peoplesphere.be\/fr\/wp-json\/wp\/v2\/posts\/12800\/revisions"}],"predecessor-version":[{"id":12802,"href":"https:\/\/peoplesphere.be\/fr\/wp-json\/wp\/v2\/posts\/12800\/revisions\/12802"}],"wp:attachment":[{"href":"https:\/\/peoplesphere.be\/fr\/wp-json\/wp\/v2\/media?parent=12800"}],"wp:term":[{"taxonomy":"category","embeddable":true,"href":"https:\/\/peoplesphere.be\/fr\/wp-json\/wp\/v2\/categories?post=12800"},{"taxonomy":"post_tag","embeddable":true,"href":"https:\/\/peoplesphere.be\/fr\/wp-json\/wp\/v2\/tags?post=12800"}],"curies":[{"name":"wp","href":"https:\/\/api.w.org\/{rel}","templated":true}]}}