









{"id":12846,"date":"2022-05-10T07:49:07","date_gmt":"2022-05-10T05:49:07","guid":{"rendered":"https:\/\/peoplesphere.be\/fr\/?p=12846"},"modified":"2022-05-10T07:49:07","modified_gmt":"2022-05-10T05:49:07","slug":"afficher-mettre-oeuvre-vraie-politique-climatique-employeurs-partent-temps-de-retard-guerre-talents","status":"publish","type":"post","link":"https:\/\/peoplesphere.be\/fr\/afficher-mettre-oeuvre-vraie-politique-climatique-employeurs-partent-temps-de-retard-guerre-talents\/","title":{"rendered":"Sans afficher et mettre en oeuvre une vraie politique climatique, les employeurs partent avec un temps de retard dans la guerre des talents."},"content":{"rendered":"<p>Six travailleurs sur dix affirment que la pr\u00e9sence ou l\u2019absence de politique climatique influence leur choix d\u2019un nouvel employeur. Une grande partie des travailleurs belges aimeraient \u00e9galement que leur employeur les aide \u00e0 adopter un mode de vie plus durable, notamment en favorisant l\u2019acc\u00e8s \u00e0 des pr\u00eats verts pour la r\u00e9novation (43 %) ou l\u2019achat d\u2019\u00e9lectricit\u00e9 verte pour leur maison (52 %). Les entreprises qui tiennent compte du climat et de l\u2019environnement ont une longueur d\u2019avance pour gagner la guerre des talents sur le march\u00e9 de l\u2019emploi. <!--more--><\/p>\n<p><em>\u00ab\u00a0Pour la premi\u00e8re fois, nous avons pu \u00e9tablir clairement qu\u2019une politique d\u2019entreprise plus \u00e9cologique peut faire la diff\u00e9rence pour gagner la guerre des talents sur un march\u00e9 de l\u2019emploi restreint\u00a0\u00bb<\/em>, affirment les experts d\u2019Acerta.<\/p>\n<p>Les inondations, les violentes temp\u00eates, les s\u00e9cheresses importantes, les vagues de chaleur et les feux de for\u00eat rendent les effets du changement climatique tr\u00e8s concrets. Tout comme l\u2019ensemble de la soci\u00e9t\u00e9, les entreprises doivent \u00e9galement faire des efforts pour r\u00e9duire l\u2019impact climatique. Mieux encore : les entreprises qui d\u00e9veloppent une politique d\u2019entreprise verte b\u00e9n\u00e9ficient d\u2019un avantage concurrentiel sur le march\u00e9 de l\u2019emploi. En effet, 8 travailleurs sur 10 (79 %) consid\u00e8rent qu\u2019il est tr\u00e8s important que l\u2019entreprise pour laquelle ils travaillent prenne des mesures pour lutter contre le changement climatique. Pr\u00e8s d\u2019un travailleur sur cinq est m\u00eame pr\u00eat \u00e0 quitter son employeur si celui-ci ne fait pas ou pas assez d\u2019efforts en mati\u00e8re de climat.<\/p>\n<p>On constate que les entreprises sous-estiment l\u2019orientation \u00e9cologique de leurs travailleurs. C\u2019est ce qu\u2019a montr\u00e9 une \u00e9tude ant\u00e9rieure r\u00e9alis\u00e9e par Acerta en coop\u00e9ration avec la KU Leuven. Seuls un peu plus de six dirigeants d\u2019entreprise sur dix (64 %) pensent que la question du climat est importante pour leurs travailleurs, alors que 79 % des travailleurs indiquent accorder une (tr\u00e8s) grande importance au fait que leur employeur prenne des mesures pour lutter contre le changement climatique. En outre, les entreprises sont convaincues qu\u2019une approche climatique est particuli\u00e8rement plus soutenue par les jeunes g\u00e9n\u00e9rations, alors que des travailleurs de tous les groupes d\u2019\u00e2ge affirment y accorder de l\u2019importance.<\/p>\n<p>Catherine Langenaeken, experte en r\u00e9mun\u00e9ration, d\u00e9clare : \u00ab\u00a0<em>Le climat est un crit\u00e8re important pour les travailleurs dans le choix d\u2019un employeur. Ce th\u00e8me ne fera que gagner en importance dans les ann\u00e9es \u00e0 venir. En g\u00e9n\u00e9ral, les entreprises travaillent d\u00e9j\u00e0 sur les \u00e9l\u00e9ments de base, comme le recyclage et la mobilit\u00e9 verte. Mais elles peuvent encore aller plus loin. Avec les prix \u00e9lev\u00e9s de l\u2019\u00e9nergie, par exemple, il existe des possibilit\u00e9s pour les entreprises d\u2019attirer et de conserver les travailleurs. \u2009Quatre entreprises sur dix veulent introduire des objectifs climatiques dans leur politique de ressources humaines d\u2019ici deux ans, mais les chiffres montrent qu\u2019il faut agir plus rapidement. Surtout si elles veulent gagner la bataille pour attirer et retenir les meilleurs talents sur un march\u00e9 du travail restreint. Les chiffres montrent que les jeunes travailleurs, mais aussi les quadrag\u00e9naires et les quinquag\u00e9naires, sont tr\u00e8s favorables \u00e0 une politique d\u2019entreprise plus verte. Les employeurs qui r\u00e9fl\u00e9chissent d\u00e8s maintenant \u00e0 l\u2019opportunit\u00e9 et \u00e0 la mani\u00e8re de satisfaire leurs collaborateurs \u00e0 ce niveau ont une longueur d\u2019avance. Ceux qui attendent des incitants ou des objectifs des pouvoirs publics risquent de manquer le coche.\u00a0\u00bb<\/em><\/p>\n<p><strong><em>Les Belges veulent que les employeurs contribuent aux factures d\u2019\u00e9nergie et \u00e0 l\u2019\u00e9nergie verte<\/em><\/strong><\/p>\n<p>Les employeurs se rendent compte que leurs actions en faveur du climat peuvent convaincre des travailleurs de venir travailler pour leur entreprise. 7 entreprises sur 10 (68,7%) sont convaincues qu\u2019une politique climatique favorise les recrutements. Le travailleur belge souhaite surtout que son (futur) employeur fasse des efforts concrets pour l\u2019aider \u00e0 adopter un mode de vie plus durable. Par exemple, 61% des personnes interrog\u00e9es ont manifest\u00e9 leur int\u00e9r\u00eat pour une participation de l\u2019employeur dans leur facture \u00e9nerg\u00e9tique. 43% aimeraient une contribution pour conclure un pr\u00eat de r\u00e9novation \u00e9cologique et 52% pour souscrire un contrat \u00e9nerg\u00e9tique ou effectuer un achat group\u00e9 d\u2019\u00e9nergie verte.<\/p>\n<p>Catherine Langenaeken d\u2019Acerta, indique : \u00ab\u00a0<em>Nous en sommes arriv\u00e9s \u00e0 un point o\u00f9 le climat ne se r\u00e9sume pas \u00e0 la mobilit\u00e9. Les indemnit\u00e9s v\u00e9lo, le verdissement du parc automobile et les \u00e9coch\u00e8ques, par exemple, sont d\u00e9j\u00e0 relativement bien int\u00e9gr\u00e9s dans les entreprises, mais les pr\u00eats \u00e0 la r\u00e9novation, les contributions aux factures d\u2019\u00e9nergie et les achats group\u00e9s d\u2019\u00e9nergie verte vont beaucoup plus loin. Cependant, les entreprises peuvent jouer un r\u00f4le d\u00e9terminant en aidant leurs collaborateurs \u00e0 y travailler. Dans les plans caf\u00e9t\u00e9ria, par exemple, nous voyons \u00e9galement appara\u00eetre de plus en plus d\u2019avantages durables et \u00e9cologiques.\u00a0\u00bb<\/em><\/p>\n<p><strong><em>Le travailleur veut avoir son mot \u00e0 dire sur la politique climatique de son entreprise<\/em><\/strong><\/p>\n<p>Enfin, l\u2019enqu\u00eate r\u00e9v\u00e8le que pr\u00e8s de la moiti\u00e9 des employeurs (45%) n\u2019impliquent pas leurs collaborateurs dans la politique climatique de leur organisation. Or, 46% de l\u2019ensemble des travailleurs interrog\u00e9s indiquent qu\u2019ils aimeraient avoir davantage leur mot \u00e0 dire dans cette politique. Ce sont surtout les travailleurs des cat\u00e9gories d\u2019\u00e2ge de 18-24 ans (70%) et de 25-35 ans (56%) qui souhaitent participer davantage aux choix \u00e9cologiques faits (ou non) par l\u2019entreprise.<\/p>\n<p><em>\u00ab\u00a0Tout commence par un d\u00e9bat ouvert et clair sur une politique RH verte. Il est essentiel d\u2019\u00eatre \u00e0 l\u2019\u00e9coute de ce que les collaborateurs estiment n\u00e9cessaire et de penser en termes de possibilit\u00e9s plut\u00f4t que de limites.\u2009\u00a0\u00bb<\/em><\/p>\n<p>&nbsp;<\/p>\n<p><em>Source: l\u2019analyse pour les employeurs provient de l\u2019enqu\u00eate de panel r\u00e9alis\u00e9e en collaboration avec la KU Leuven, qui s\u2019est d\u00e9roul\u00e9e du 13 janvier au 28 janvier 2022 et \u00e0 laquelle ont particip\u00e9 329 r\u00e9pondants. L\u2019analyse pour les travailleurs provient de l\u2019enqu\u00eate bisannuelle \u00e0 grande \u00e9chelle r\u00e9alis\u00e9e par Acerta et Indiville. L\u2019enqu\u00eate s\u2019est d\u00e9roul\u00e9e du 26 janvier au 9 f\u00e9vrier 2022. 2\u2009032 travailleurs belges y ont particip\u00e9.<\/em><\/p>\n","protected":false},"excerpt":{"rendered":"<p>Six travailleurs sur dix affirment que la pr\u00e9sence ou l\u2019absence de politique climatique influence leur choix d\u2019un nouvel employeur. Une grande partie des travailleurs belges aimeraient \u00e9galement que leur employeur les aide \u00e0 adopter un mode de vie plus durable, [&hellip;]<\/p>\n","protected":false},"author":2,"featured_media":0,"comment_status":"closed","ping_status":"open","sticky":false,"template":"","format":"standard","meta":[],"categories":[65,10],"tags":[271,3639,823,651,218,816],"yoast_head":"<!-- This site is optimized with the Yoast SEO plugin v21.0 - https:\/\/yoast.com\/wordpress\/plugins\/seo\/ -->\n<title>Sans afficher et mettre en oeuvre une vraie politique climatique, les employeurs partent avec un temps de retard dans la guerre des talents. - Peoplesphere<\/title>\n<meta name=\"robots\" content=\"index, follow, max-snippet:-1, max-image-preview:large, max-video-preview:-1\" \/>\n<link rel=\"canonical\" href=\"https:\/\/peoplesphere.be\/fr\/afficher-mettre-oeuvre-vraie-politique-climatique-employeurs-partent-temps-de-retard-guerre-talents\/\" \/>\n<meta property=\"og:locale\" content=\"fr_FR\" \/>\n<meta property=\"og:type\" content=\"article\" \/>\n<meta property=\"og:title\" content=\"Sans afficher et mettre en oeuvre une vraie politique climatique, les employeurs partent avec un temps de retard dans la guerre des talents. - Peoplesphere\" \/>\n<meta property=\"og:description\" content=\"Six travailleurs sur dix affirment que la pr\u00e9sence ou l\u2019absence de politique climatique influence leur choix d\u2019un nouvel employeur. Une grande partie des travailleurs belges aimeraient \u00e9galement que leur employeur les aide \u00e0 adopter un mode de vie plus durable, [&hellip;]\" \/>\n<meta property=\"og:url\" content=\"https:\/\/peoplesphere.be\/fr\/afficher-mettre-oeuvre-vraie-politique-climatique-employeurs-partent-temps-de-retard-guerre-talents\/\" \/>\n<meta property=\"og:site_name\" content=\"Peoplesphere\" \/>\n<meta property=\"article:publisher\" content=\"https:\/\/www.facebook.com\/peoplesphere\" \/>\n<meta property=\"article:published_time\" content=\"2022-05-10T05:49:07+00:00\" \/>\n<meta property=\"og:image\" content=\"http:\/\/www.peoplesphere.be\/fr\/wp-content\/uploads\/2016\/07\/facebook-default-posting-1200x628px.jpg\" \/>\n<meta name=\"author\" content=\"Jean-Paul Erhard\" \/>\n<meta name=\"twitter:card\" content=\"summary_large_image\" \/>\n<meta name=\"twitter:creator\" content=\"@PeoplesphereMag\" \/>\n<meta name=\"twitter:site\" content=\"@PeoplesphereMag\" \/>\n<meta name=\"twitter:label1\" content=\"\u00c9crit par\" \/>\n\t<meta name=\"twitter:data1\" content=\"Jean-Paul Erhard\" \/>\n\t<meta name=\"twitter:label2\" content=\"Dur\u00e9e de lecture estim\u00e9e\" \/>\n\t<meta name=\"twitter:data2\" content=\"5 minutes\" \/>\n<script type=\"application\/ld+json\" class=\"yoast-schema-graph\">{\"@context\":\"https:\/\/schema.org\",\"@graph\":[{\"@type\":\"Article\",\"@id\":\"https:\/\/peoplesphere.be\/fr\/afficher-mettre-oeuvre-vraie-politique-climatique-employeurs-partent-temps-de-retard-guerre-talents\/#article\",\"isPartOf\":{\"@id\":\"https:\/\/peoplesphere.be\/fr\/afficher-mettre-oeuvre-vraie-politique-climatique-employeurs-partent-temps-de-retard-guerre-talents\/\"},\"author\":{\"name\":\"Jean-Paul Erhard\",\"@id\":\"https:\/\/peoplesphere.be\/fr\/#\/schema\/person\/7976225ff17988604334abb7b3536a7e\"},\"headline\":\"Sans afficher et mettre en oeuvre une vraie politique climatique, les employeurs partent avec un temps de retard dans la guerre des talents.\",\"datePublished\":\"2022-05-10T05:49:07+00:00\",\"dateModified\":\"2022-05-10T05:49:07+00:00\",\"mainEntityOfPage\":{\"@id\":\"https:\/\/peoplesphere.be\/fr\/afficher-mettre-oeuvre-vraie-politique-climatique-employeurs-partent-temps-de-retard-guerre-talents\/\"},\"wordCount\":1060,\"publisher\":{\"@id\":\"https:\/\/peoplesphere.be\/fr\/#organization\"},\"keywords\":[\"acerta\",\"co\u00fbt \u00e9nerg\u00e9tique\",\"d\u00e9veloppement durable\",\"environnement\",\"guerre des talents\",\"responsabilit\u00e9 soci\u00e9tale\"],\"articleSection\":[\"Actualit\u00e9s\",\"Digital\"],\"inLanguage\":\"fr-FR\"},{\"@type\":\"WebPage\",\"@id\":\"https:\/\/peoplesphere.be\/fr\/afficher-mettre-oeuvre-vraie-politique-climatique-employeurs-partent-temps-de-retard-guerre-talents\/\",\"url\":\"https:\/\/peoplesphere.be\/fr\/afficher-mettre-oeuvre-vraie-politique-climatique-employeurs-partent-temps-de-retard-guerre-talents\/\",\"name\":\"Sans afficher et mettre en oeuvre une vraie politique climatique, les employeurs partent avec un temps de retard dans la guerre des talents. - Peoplesphere\",\"isPartOf\":{\"@id\":\"https:\/\/peoplesphere.be\/fr\/#website\"},\"datePublished\":\"2022-05-10T05:49:07+00:00\",\"dateModified\":\"2022-05-10T05:49:07+00:00\",\"breadcrumb\":{\"@id\":\"https:\/\/peoplesphere.be\/fr\/afficher-mettre-oeuvre-vraie-politique-climatique-employeurs-partent-temps-de-retard-guerre-talents\/#breadcrumb\"},\"inLanguage\":\"fr-FR\",\"potentialAction\":[{\"@type\":\"ReadAction\",\"target\":[\"https:\/\/peoplesphere.be\/fr\/afficher-mettre-oeuvre-vraie-politique-climatique-employeurs-partent-temps-de-retard-guerre-talents\/\"]}]},{\"@type\":\"BreadcrumbList\",\"@id\":\"https:\/\/peoplesphere.be\/fr\/afficher-mettre-oeuvre-vraie-politique-climatique-employeurs-partent-temps-de-retard-guerre-talents\/#breadcrumb\",\"itemListElement\":[{\"@type\":\"ListItem\",\"position\":1,\"name\":\"Accueil\",\"item\":\"https:\/\/peoplesphere.be\/fr\/\"},{\"@type\":\"ListItem\",\"position\":2,\"name\":\"Sans afficher et mettre en oeuvre une vraie politique climatique, les employeurs partent avec un temps de retard dans la guerre des talents.\"}]},{\"@type\":\"WebSite\",\"@id\":\"https:\/\/peoplesphere.be\/fr\/#website\",\"url\":\"https:\/\/peoplesphere.be\/fr\/\",\"name\":\"Peoplesphere\",\"description\":\"The People Managers Magazine\",\"publisher\":{\"@id\":\"https:\/\/peoplesphere.be\/fr\/#organization\"},\"potentialAction\":[{\"@type\":\"SearchAction\",\"target\":{\"@type\":\"EntryPoint\",\"urlTemplate\":\"https:\/\/peoplesphere.be\/fr\/?s={search_term_string}\"},\"query-input\":\"required name=search_term_string\"}],\"inLanguage\":\"fr-FR\"},{\"@type\":\"Organization\",\"@id\":\"https:\/\/peoplesphere.be\/fr\/#organization\",\"name\":\"Peoplesphere Company srl\",\"url\":\"https:\/\/peoplesphere.be\/fr\/\",\"logo\":{\"@type\":\"ImageObject\",\"inLanguage\":\"fr-FR\",\"@id\":\"https:\/\/peoplesphere.be\/fr\/#\/schema\/logo\/image\/\",\"url\":\"https:\/\/peoplesphere.be\/fr\/wp-content\/uploads\/2023\/07\/peoplesphere-lgo-new-generik.jpg\",\"contentUrl\":\"https:\/\/peoplesphere.be\/fr\/wp-content\/uploads\/2023\/07\/peoplesphere-lgo-new-generik.jpg\",\"width\":1031,\"height\":1479,\"caption\":\"Peoplesphere Company srl\"},\"image\":{\"@id\":\"https:\/\/peoplesphere.be\/fr\/#\/schema\/logo\/image\/\"},\"sameAs\":[\"https:\/\/www.facebook.com\/peoplesphere\",\"https:\/\/twitter.com\/PeoplesphereMag\",\"https:\/\/www.linkedin.com\/company\/7587361?trk\",\"http:\/\/youtube.com\/peoplesphere\"]},{\"@type\":\"Person\",\"@id\":\"https:\/\/peoplesphere.be\/fr\/#\/schema\/person\/7976225ff17988604334abb7b3536a7e\",\"name\":\"Jean-Paul Erhard\",\"image\":{\"@type\":\"ImageObject\",\"inLanguage\":\"fr-FR\",\"@id\":\"https:\/\/peoplesphere.be\/fr\/#\/schema\/person\/image\/\",\"url\":\"https:\/\/secure.gravatar.com\/avatar\/f941e681460179738071629a51574930?s=96&d=mm&r=g\",\"contentUrl\":\"https:\/\/secure.gravatar.com\/avatar\/f941e681460179738071629a51574930?s=96&d=mm&r=g\",\"caption\":\"Jean-Paul Erhard\"},\"url\":\"https:\/\/peoplesphere.be\/fr\/author\/jpe\/\"}]}<\/script>\n<!-- \/ Yoast SEO plugin. -->","yoast_head_json":{"title":"Sans afficher et mettre en oeuvre une vraie politique climatique, les employeurs partent avec un temps de retard dans la guerre des talents. - Peoplesphere","robots":{"index":"index","follow":"follow","max-snippet":"max-snippet:-1","max-image-preview":"max-image-preview:large","max-video-preview":"max-video-preview:-1"},"canonical":"https:\/\/peoplesphere.be\/fr\/afficher-mettre-oeuvre-vraie-politique-climatique-employeurs-partent-temps-de-retard-guerre-talents\/","og_locale":"fr_FR","og_type":"article","og_title":"Sans afficher et mettre en oeuvre une vraie politique climatique, les employeurs partent avec un temps de retard dans la guerre des talents. - Peoplesphere","og_description":"Six travailleurs sur dix affirment que la pr\u00e9sence ou l\u2019absence de politique climatique influence leur choix d\u2019un nouvel employeur. Une grande partie des travailleurs belges aimeraient \u00e9galement que leur employeur les aide \u00e0 adopter un mode de vie plus durable, [&hellip;]","og_url":"https:\/\/peoplesphere.be\/fr\/afficher-mettre-oeuvre-vraie-politique-climatique-employeurs-partent-temps-de-retard-guerre-talents\/","og_site_name":"Peoplesphere","article_publisher":"https:\/\/www.facebook.com\/peoplesphere","article_published_time":"2022-05-10T05:49:07+00:00","og_image":[{"url":"http:\/\/www.peoplesphere.be\/fr\/wp-content\/uploads\/2016\/07\/facebook-default-posting-1200x628px.jpg"}],"author":"Jean-Paul Erhard","twitter_card":"summary_large_image","twitter_creator":"@PeoplesphereMag","twitter_site":"@PeoplesphereMag","twitter_misc":{"\u00c9crit par":"Jean-Paul Erhard","Dur\u00e9e de lecture estim\u00e9e":"5 minutes"},"schema":{"@context":"https:\/\/schema.org","@graph":[{"@type":"Article","@id":"https:\/\/peoplesphere.be\/fr\/afficher-mettre-oeuvre-vraie-politique-climatique-employeurs-partent-temps-de-retard-guerre-talents\/#article","isPartOf":{"@id":"https:\/\/peoplesphere.be\/fr\/afficher-mettre-oeuvre-vraie-politique-climatique-employeurs-partent-temps-de-retard-guerre-talents\/"},"author":{"name":"Jean-Paul Erhard","@id":"https:\/\/peoplesphere.be\/fr\/#\/schema\/person\/7976225ff17988604334abb7b3536a7e"},"headline":"Sans afficher et mettre en oeuvre une vraie politique climatique, les employeurs partent avec un temps de retard dans la guerre des talents.","datePublished":"2022-05-10T05:49:07+00:00","dateModified":"2022-05-10T05:49:07+00:00","mainEntityOfPage":{"@id":"https:\/\/peoplesphere.be\/fr\/afficher-mettre-oeuvre-vraie-politique-climatique-employeurs-partent-temps-de-retard-guerre-talents\/"},"wordCount":1060,"publisher":{"@id":"https:\/\/peoplesphere.be\/fr\/#organization"},"keywords":["acerta","co\u00fbt \u00e9nerg\u00e9tique","d\u00e9veloppement durable","environnement","guerre des talents","responsabilit\u00e9 soci\u00e9tale"],"articleSection":["Actualit\u00e9s","Digital"],"inLanguage":"fr-FR"},{"@type":"WebPage","@id":"https:\/\/peoplesphere.be\/fr\/afficher-mettre-oeuvre-vraie-politique-climatique-employeurs-partent-temps-de-retard-guerre-talents\/","url":"https:\/\/peoplesphere.be\/fr\/afficher-mettre-oeuvre-vraie-politique-climatique-employeurs-partent-temps-de-retard-guerre-talents\/","name":"Sans afficher et mettre en oeuvre une vraie politique climatique, les employeurs partent avec un temps de retard dans la guerre des talents. - Peoplesphere","isPartOf":{"@id":"https:\/\/peoplesphere.be\/fr\/#website"},"datePublished":"2022-05-10T05:49:07+00:00","dateModified":"2022-05-10T05:49:07+00:00","breadcrumb":{"@id":"https:\/\/peoplesphere.be\/fr\/afficher-mettre-oeuvre-vraie-politique-climatique-employeurs-partent-temps-de-retard-guerre-talents\/#breadcrumb"},"inLanguage":"fr-FR","potentialAction":[{"@type":"ReadAction","target":["https:\/\/peoplesphere.be\/fr\/afficher-mettre-oeuvre-vraie-politique-climatique-employeurs-partent-temps-de-retard-guerre-talents\/"]}]},{"@type":"BreadcrumbList","@id":"https:\/\/peoplesphere.be\/fr\/afficher-mettre-oeuvre-vraie-politique-climatique-employeurs-partent-temps-de-retard-guerre-talents\/#breadcrumb","itemListElement":[{"@type":"ListItem","position":1,"name":"Accueil","item":"https:\/\/peoplesphere.be\/fr\/"},{"@type":"ListItem","position":2,"name":"Sans afficher et mettre en oeuvre une vraie politique climatique, les employeurs partent avec un temps de retard dans la guerre des talents."}]},{"@type":"WebSite","@id":"https:\/\/peoplesphere.be\/fr\/#website","url":"https:\/\/peoplesphere.be\/fr\/","name":"Peoplesphere","description":"The People Managers Magazine","publisher":{"@id":"https:\/\/peoplesphere.be\/fr\/#organization"},"potentialAction":[{"@type":"SearchAction","target":{"@type":"EntryPoint","urlTemplate":"https:\/\/peoplesphere.be\/fr\/?s={search_term_string}"},"query-input":"required name=search_term_string"}],"inLanguage":"fr-FR"},{"@type":"Organization","@id":"https:\/\/peoplesphere.be\/fr\/#organization","name":"Peoplesphere Company srl","url":"https:\/\/peoplesphere.be\/fr\/","logo":{"@type":"ImageObject","inLanguage":"fr-FR","@id":"https:\/\/peoplesphere.be\/fr\/#\/schema\/logo\/image\/","url":"https:\/\/peoplesphere.be\/fr\/wp-content\/uploads\/2023\/07\/peoplesphere-lgo-new-generik.jpg","contentUrl":"https:\/\/peoplesphere.be\/fr\/wp-content\/uploads\/2023\/07\/peoplesphere-lgo-new-generik.jpg","width":1031,"height":1479,"caption":"Peoplesphere Company srl"},"image":{"@id":"https:\/\/peoplesphere.be\/fr\/#\/schema\/logo\/image\/"},"sameAs":["https:\/\/www.facebook.com\/peoplesphere","https:\/\/twitter.com\/PeoplesphereMag","https:\/\/www.linkedin.com\/company\/7587361?trk","http:\/\/youtube.com\/peoplesphere"]},{"@type":"Person","@id":"https:\/\/peoplesphere.be\/fr\/#\/schema\/person\/7976225ff17988604334abb7b3536a7e","name":"Jean-Paul Erhard","image":{"@type":"ImageObject","inLanguage":"fr-FR","@id":"https:\/\/peoplesphere.be\/fr\/#\/schema\/person\/image\/","url":"https:\/\/secure.gravatar.com\/avatar\/f941e681460179738071629a51574930?s=96&d=mm&r=g","contentUrl":"https:\/\/secure.gravatar.com\/avatar\/f941e681460179738071629a51574930?s=96&d=mm&r=g","caption":"Jean-Paul Erhard"},"url":"https:\/\/peoplesphere.be\/fr\/author\/jpe\/"}]}},"_links":{"self":[{"href":"https:\/\/peoplesphere.be\/fr\/wp-json\/wp\/v2\/posts\/12846"}],"collection":[{"href":"https:\/\/peoplesphere.be\/fr\/wp-json\/wp\/v2\/posts"}],"about":[{"href":"https:\/\/peoplesphere.be\/fr\/wp-json\/wp\/v2\/types\/post"}],"author":[{"embeddable":true,"href":"https:\/\/peoplesphere.be\/fr\/wp-json\/wp\/v2\/users\/2"}],"replies":[{"embeddable":true,"href":"https:\/\/peoplesphere.be\/fr\/wp-json\/wp\/v2\/comments?post=12846"}],"version-history":[{"count":1,"href":"https:\/\/peoplesphere.be\/fr\/wp-json\/wp\/v2\/posts\/12846\/revisions"}],"predecessor-version":[{"id":12847,"href":"https:\/\/peoplesphere.be\/fr\/wp-json\/wp\/v2\/posts\/12846\/revisions\/12847"}],"wp:attachment":[{"href":"https:\/\/peoplesphere.be\/fr\/wp-json\/wp\/v2\/media?parent=12846"}],"wp:term":[{"taxonomy":"category","embeddable":true,"href":"https:\/\/peoplesphere.be\/fr\/wp-json\/wp\/v2\/categories?post=12846"},{"taxonomy":"post_tag","embeddable":true,"href":"https:\/\/peoplesphere.be\/fr\/wp-json\/wp\/v2\/tags?post=12846"}],"curies":[{"name":"wp","href":"https:\/\/api.w.org\/{rel}","templated":true}]}}