









{"id":12876,"date":"2022-05-16T10:25:10","date_gmt":"2022-05-16T08:25:10","guid":{"rendered":"https:\/\/peoplesphere.be\/fr\/?p=12876"},"modified":"2023-07-31T07:39:32","modified_gmt":"2023-07-31T05:39:32","slug":"trajet-retour-travail-lavant-projet-de-loi-veut-responsabiliser-a-travailleurs-employeurs","status":"publish","type":"post","link":"https:\/\/peoplesphere.be\/fr\/trajet-retour-travail-lavant-projet-de-loi-veut-responsabiliser-a-travailleurs-employeurs\/","title":{"rendered":"Trajet retour au travail: l&rsquo;avant-projet de loi veut responsabiliser \u00e0 la fois les travailleurs et les employeurs."},"content":{"rendered":"<p>Sur proposition du ministre des Affaires sociales Frank Vandenbroucke, le Conseil des ministres a approuv\u00e9, en deuxi\u00e8me lecture, un avant-projet de loi relatif \u00e0 la responsabilisation des travailleurs et des employeurs dans le cadre des \u00ab\u00a0trajets retour au travail\u00a0\u00bb. Le Conseil des ministres a en outre pris connaissance de deux projets d&rsquo;arr\u00eat\u00e9 royal et d&rsquo;un avant-projet de loi concernant ces \u00ab\u00a0trajets retour au travail\u00a0\u00bb.<!--more--><\/p>\n<p>Le \u00ab\u00a0trajet retour au travail\u00a0\u00bb dans l\u2019assurance indemnit\u00e9s des travailleurs salari\u00e9s a pour objectif de soutenir aussi vite que possible le titulaire reconnu incapable de travailler en lui assurant un accompagnement adapt\u00e9 en vue de l\u2019exercice d\u2019une occupation adapt\u00e9e \u00e0 ses possibilit\u00e9s et \u00e0 ses besoins. Cet accompagnement se fera sous la coordination d\u2019un \u00ab\u00a0coordinateur retour au travail\u00a0\u00bb apr\u00e8s un renvoi par le m\u00e9decin-conseil ou apr\u00e8s une demande du titulaire lui-m\u00eame.<\/p>\n<p>Lors du conclave budg\u00e9taire de l\u2019automne 2021, il a \u00e9t\u00e9 d\u00e9cid\u00e9 de responsabiliser les parties concern\u00e9es par ce processus de r\u00e9int\u00e9gration \u00e0 savoir les travailleurs, les employeurs, les mutualit\u00e9s, les r\u00e9gions et les m\u00e9decins. Pour pouvoir effectivement v\u00e9rifier si un \u00ab\u00a0trajet retour au travail\u00a0\u00bb peut d\u00e9buter, une collaboration active du titulaire, reconnu incapable de travailler, avec le m\u00e9decin-conseil et le \u00ab\u00a0coordinateur retour au travail\u00a0\u00bb est en effet indispensable. A cette fin, un avant-projet de loi relatif \u00e0 la responsabilisation des travailleurs dans le cadre des \u00ab\u00a0trajets retour au travail\u00a0\u00bb a \u00e9t\u00e9 \u00e9labor\u00e9, lequel modifiera la loi relative \u00e0 l\u2019assurance obligatoire soins de sant\u00e9 et indemnit\u00e9s. Il a \u00e9t\u00e9 approuv\u00e9 en premi\u00e8re lecture par le Conseil des ministres du 26 novembre 2021. Le texte, soumis aujourd&rsquo;hui en deuxi\u00e8me lecture, a \u00e9t\u00e9 adapt\u00e9 \u00e0 l&rsquo;avis du Conseil d&rsquo;Etat et du Comit\u00e9 de gestion de l\u2019assurance indemnit\u00e9s des travailleurs salari\u00e9s.<\/p>\n<p>L\u2019adoption d\u2019un arr\u00eat\u00e9 royal s\u2019av\u00e8rera \u00e9galement n\u00e9cessaire en vue de parfaire la mise en place de cette responsabilisation des travailleurs, via la modification de l\u2019arr\u00eat\u00e9 royal du 3 juillet 1996 portant ex\u00e9cution de la loi relative \u00e0 l\u2019assurance obligatoire soins de sant\u00e9 et indemnit\u00e9s.<\/p>\n<p>Par ailleurs, si la collaboration du travailleur au \u00ab\u00a0trajet retour au travail\u00a0\u00bb est essentielle, il en est de m\u00eame pour l\u2019employeur. La responsabilisation des employeurs se traduira par l\u2019instauration d\u2019une cotisation de responsabilisation, due par les employeurs entrant dans le champ d\u2019application de la loi du 5 d\u00e9cembre 1968 sur les conventions collectives de travail et les commissions paritaires, dont le nombre de travailleurs entrant en invalidit\u00e9 est substantiellement sup\u00e9rieur \u00e0 la moyenne. Cette cotisation de responsabilisation a \u00e9t\u00e9 instaur\u00e9e par la loi programme du 27 d\u00e9cembre 2021, dispositions entr\u00e9es en vigueur le 1er janvier 2022. Il s\u2019av\u00e8re toutefois encore n\u00e9cessaire de fixer, par arr\u00eat\u00e9 royal, les crit\u00e8res de d\u00e9termination du flux excessif de travailleurs entrant en invalidit\u00e9, et d\u2019apporter certaines pr\u00e9cisions\/ajustements \u00e0 la loi-programme du 27 d\u00e9cembre 2021.<\/p>\n<p>L&rsquo;avant-projet relatif \u00e0 la responsabilisation des travailleurs dans le cadre des \u00ab\u00a0trajets retour au travail\u00a0\u00bb est soumis \u00e0 la signature du Roi en vue du d\u00e9p\u00f4t \u00e0 la Chambre des repr\u00e9sentants.<\/p>\n<p>Le premier projet d&rsquo;arr\u00eat\u00e9 royal est soumis pour avis urgent au Comit\u00e9 de gestion de l\u2019assurance indemnit\u00e9s des travailleurs salari\u00e9s de l&rsquo;INAMI. Les deux derniers projets sont soumis pour avis urgent au Conseil national du Travail. Apr\u00e8s r\u00e9ception des avis, ces trois projets seront pr\u00e9sent\u00e9s pour examen \u00e0 un groupe de travail inter-cabinets, avant d\u2019\u00eatre ensuite pr\u00e9sent\u00e9s au Conseil des ministres.<\/p>\n<p>&nbsp;<\/p>\n<p><em>Source : Cabinet du Vice-Premier ministre et ministre des Affaires sociales et de la Sant\u00e9 publique<br \/>\n<\/em><\/p>\n<ul>\n<li><em>Avant-projet de loi relatif \u00e0 la responsabilisation des travailleurs dans le cadre des \u00ab\u00a0trajets retour au travail\u00a0\u00bb<\/em><\/li>\n<li><em>Projet d\u2019arr\u00eat\u00e9 royal modifiant l\u2019arr\u00eat\u00e9 royal du 3 juillet 1996 portant ex\u00e9cution de la loi relative \u00e0 l\u2019assurance obligatoire soins de sant\u00e9 et indemnit\u00e9s coordonn\u00e9e le 14 juillet 1994<\/em><\/li>\n<li><em>Projet d\u2019arr\u00eat\u00e9 royal pris en ex\u00e9cution de l\u2019article 142, alin\u00e9a 5, de la loi-programme du 27 d\u00e9cembre 2021<\/em><\/li>\n<li><em>Avant-projet de loi modifiant les articles 140 et 142 de la loi-programme du 27 d\u00e9cembre 2021<\/em><\/li>\n<\/ul>\n","protected":false},"excerpt":{"rendered":"<p>Sur proposition du ministre des Affaires sociales Frank Vandenbroucke, le Conseil des ministres a approuv\u00e9, en deuxi\u00e8me lecture, un avant-projet de loi relatif \u00e0 la responsabilisation des travailleurs et des employeurs dans le cadre des \u00ab\u00a0trajets retour au travail\u00a0\u00bb. Le [&hellip;]<\/p>\n","protected":false},"author":2,"featured_media":0,"comment_status":"closed","ping_status":"open","sticky":false,"template":"","format":"standard","meta":[],"categories":[65,10],"tags":[664,3642,639,2269],"yoast_head":"<!-- This site is optimized with the Yoast SEO plugin v21.0 - https:\/\/yoast.com\/wordpress\/plugins\/seo\/ -->\n<title>Trajet retour au travail: l&#039;avant-projet de loi veut responsabiliser \u00e0 la fois les travailleurs et les employeurs. - Peoplesphere<\/title>\n<meta name=\"robots\" content=\"index, follow, max-snippet:-1, max-image-preview:large, max-video-preview:-1\" \/>\n<link rel=\"canonical\" href=\"https:\/\/peoplesphere.be\/fr\/trajet-retour-travail-lavant-projet-de-loi-veut-responsabiliser-a-travailleurs-employeurs\/\" \/>\n<meta property=\"og:locale\" content=\"fr_FR\" \/>\n<meta property=\"og:type\" content=\"article\" \/>\n<meta property=\"og:title\" content=\"Trajet retour au travail: l&#039;avant-projet de loi veut responsabiliser \u00e0 la fois les travailleurs et les employeurs. - Peoplesphere\" \/>\n<meta property=\"og:description\" content=\"Sur proposition du ministre des Affaires sociales Frank Vandenbroucke, le Conseil des ministres a approuv\u00e9, en deuxi\u00e8me lecture, un avant-projet de loi relatif \u00e0 la responsabilisation des travailleurs et des employeurs dans le cadre des \u00ab\u00a0trajets retour au travail\u00a0\u00bb. Le [&hellip;]\" \/>\n<meta property=\"og:url\" content=\"https:\/\/peoplesphere.be\/fr\/trajet-retour-travail-lavant-projet-de-loi-veut-responsabiliser-a-travailleurs-employeurs\/\" \/>\n<meta property=\"og:site_name\" content=\"Peoplesphere\" \/>\n<meta property=\"article:publisher\" content=\"https:\/\/www.facebook.com\/peoplesphere\" \/>\n<meta property=\"article:published_time\" content=\"2022-05-16T08:25:10+00:00\" \/>\n<meta property=\"article:modified_time\" content=\"2023-07-31T05:39:32+00:00\" \/>\n<meta property=\"og:image\" content=\"http:\/\/www.peoplesphere.be\/fr\/wp-content\/uploads\/2016\/07\/facebook-default-posting-1200x628px.jpg\" \/>\n<meta name=\"author\" content=\"Jean-Paul Erhard\" \/>\n<meta name=\"twitter:card\" content=\"summary_large_image\" \/>\n<meta name=\"twitter:creator\" content=\"@PeoplesphereMag\" \/>\n<meta name=\"twitter:site\" content=\"@PeoplesphereMag\" \/>\n<meta name=\"twitter:label1\" content=\"\u00c9crit par\" \/>\n\t<meta name=\"twitter:data1\" content=\"Jean-Paul Erhard\" \/>\n\t<meta name=\"twitter:label2\" content=\"Dur\u00e9e de lecture estim\u00e9e\" \/>\n\t<meta name=\"twitter:data2\" content=\"4 minutes\" \/>\n<script type=\"application\/ld+json\" class=\"yoast-schema-graph\">{\"@context\":\"https:\/\/schema.org\",\"@graph\":[{\"@type\":\"Article\",\"@id\":\"https:\/\/peoplesphere.be\/fr\/trajet-retour-travail-lavant-projet-de-loi-veut-responsabiliser-a-travailleurs-employeurs\/#article\",\"isPartOf\":{\"@id\":\"https:\/\/peoplesphere.be\/fr\/trajet-retour-travail-lavant-projet-de-loi-veut-responsabiliser-a-travailleurs-employeurs\/\"},\"author\":{\"name\":\"Jean-Paul Erhard\",\"@id\":\"https:\/\/peoplesphere.be\/fr\/#\/schema\/person\/7976225ff17988604334abb7b3536a7e\"},\"headline\":\"Trajet retour au travail: l&rsquo;avant-projet de loi veut responsabiliser \u00e0 la fois les travailleurs et les employeurs.\",\"datePublished\":\"2022-05-16T08:25:10+00:00\",\"dateModified\":\"2023-07-31T05:39:32+00:00\",\"mainEntityOfPage\":{\"@id\":\"https:\/\/peoplesphere.be\/fr\/trajet-retour-travail-lavant-projet-de-loi-veut-responsabiliser-a-travailleurs-employeurs\/\"},\"wordCount\":712,\"publisher\":{\"@id\":\"https:\/\/peoplesphere.be\/fr\/#organization\"},\"keywords\":[\"invalidit\u00e9\",\"maladie de longue dur\u00e9e\",\"r\u00e9int\u00e9gration\",\"retour au travail\"],\"articleSection\":[\"Actualit\u00e9s\",\"Digital\"],\"inLanguage\":\"fr-FR\"},{\"@type\":\"WebPage\",\"@id\":\"https:\/\/peoplesphere.be\/fr\/trajet-retour-travail-lavant-projet-de-loi-veut-responsabiliser-a-travailleurs-employeurs\/\",\"url\":\"https:\/\/peoplesphere.be\/fr\/trajet-retour-travail-lavant-projet-de-loi-veut-responsabiliser-a-travailleurs-employeurs\/\",\"name\":\"Trajet retour au travail: l'avant-projet de loi veut responsabiliser \u00e0 la fois les travailleurs et les employeurs. - Peoplesphere\",\"isPartOf\":{\"@id\":\"https:\/\/peoplesphere.be\/fr\/#website\"},\"datePublished\":\"2022-05-16T08:25:10+00:00\",\"dateModified\":\"2023-07-31T05:39:32+00:00\",\"breadcrumb\":{\"@id\":\"https:\/\/peoplesphere.be\/fr\/trajet-retour-travail-lavant-projet-de-loi-veut-responsabiliser-a-travailleurs-employeurs\/#breadcrumb\"},\"inLanguage\":\"fr-FR\",\"potentialAction\":[{\"@type\":\"ReadAction\",\"target\":[\"https:\/\/peoplesphere.be\/fr\/trajet-retour-travail-lavant-projet-de-loi-veut-responsabiliser-a-travailleurs-employeurs\/\"]}]},{\"@type\":\"BreadcrumbList\",\"@id\":\"https:\/\/peoplesphere.be\/fr\/trajet-retour-travail-lavant-projet-de-loi-veut-responsabiliser-a-travailleurs-employeurs\/#breadcrumb\",\"itemListElement\":[{\"@type\":\"ListItem\",\"position\":1,\"name\":\"Accueil\",\"item\":\"https:\/\/peoplesphere.be\/fr\/\"},{\"@type\":\"ListItem\",\"position\":2,\"name\":\"Trajet retour au travail: l&rsquo;avant-projet de loi veut responsabiliser \u00e0 la fois les travailleurs et les employeurs.\"}]},{\"@type\":\"WebSite\",\"@id\":\"https:\/\/peoplesphere.be\/fr\/#website\",\"url\":\"https:\/\/peoplesphere.be\/fr\/\",\"name\":\"Peoplesphere\",\"description\":\"The People Managers Magazine\",\"publisher\":{\"@id\":\"https:\/\/peoplesphere.be\/fr\/#organization\"},\"potentialAction\":[{\"@type\":\"SearchAction\",\"target\":{\"@type\":\"EntryPoint\",\"urlTemplate\":\"https:\/\/peoplesphere.be\/fr\/?s={search_term_string}\"},\"query-input\":\"required name=search_term_string\"}],\"inLanguage\":\"fr-FR\"},{\"@type\":\"Organization\",\"@id\":\"https:\/\/peoplesphere.be\/fr\/#organization\",\"name\":\"Peoplesphere Company srl\",\"url\":\"https:\/\/peoplesphere.be\/fr\/\",\"logo\":{\"@type\":\"ImageObject\",\"inLanguage\":\"fr-FR\",\"@id\":\"https:\/\/peoplesphere.be\/fr\/#\/schema\/logo\/image\/\",\"url\":\"https:\/\/peoplesphere.be\/fr\/wp-content\/uploads\/2023\/07\/peoplesphere-lgo-new-generik.jpg\",\"contentUrl\":\"https:\/\/peoplesphere.be\/fr\/wp-content\/uploads\/2023\/07\/peoplesphere-lgo-new-generik.jpg\",\"width\":1031,\"height\":1479,\"caption\":\"Peoplesphere Company srl\"},\"image\":{\"@id\":\"https:\/\/peoplesphere.be\/fr\/#\/schema\/logo\/image\/\"},\"sameAs\":[\"https:\/\/www.facebook.com\/peoplesphere\",\"https:\/\/twitter.com\/PeoplesphereMag\",\"https:\/\/www.linkedin.com\/company\/7587361?trk\",\"http:\/\/youtube.com\/peoplesphere\"]},{\"@type\":\"Person\",\"@id\":\"https:\/\/peoplesphere.be\/fr\/#\/schema\/person\/7976225ff17988604334abb7b3536a7e\",\"name\":\"Jean-Paul Erhard\",\"image\":{\"@type\":\"ImageObject\",\"inLanguage\":\"fr-FR\",\"@id\":\"https:\/\/peoplesphere.be\/fr\/#\/schema\/person\/image\/\",\"url\":\"https:\/\/secure.gravatar.com\/avatar\/f941e681460179738071629a51574930?s=96&d=mm&r=g\",\"contentUrl\":\"https:\/\/secure.gravatar.com\/avatar\/f941e681460179738071629a51574930?s=96&d=mm&r=g\",\"caption\":\"Jean-Paul Erhard\"},\"url\":\"https:\/\/peoplesphere.be\/fr\/author\/jpe\/\"}]}<\/script>\n<!-- \/ Yoast SEO plugin. -->","yoast_head_json":{"title":"Trajet retour au travail: l'avant-projet de loi veut responsabiliser \u00e0 la fois les travailleurs et les employeurs. - Peoplesphere","robots":{"index":"index","follow":"follow","max-snippet":"max-snippet:-1","max-image-preview":"max-image-preview:large","max-video-preview":"max-video-preview:-1"},"canonical":"https:\/\/peoplesphere.be\/fr\/trajet-retour-travail-lavant-projet-de-loi-veut-responsabiliser-a-travailleurs-employeurs\/","og_locale":"fr_FR","og_type":"article","og_title":"Trajet retour au travail: l'avant-projet de loi veut responsabiliser \u00e0 la fois les travailleurs et les employeurs. - Peoplesphere","og_description":"Sur proposition du ministre des Affaires sociales Frank Vandenbroucke, le Conseil des ministres a approuv\u00e9, en deuxi\u00e8me lecture, un avant-projet de loi relatif \u00e0 la responsabilisation des travailleurs et des employeurs dans le cadre des \u00ab\u00a0trajets retour au travail\u00a0\u00bb. Le [&hellip;]","og_url":"https:\/\/peoplesphere.be\/fr\/trajet-retour-travail-lavant-projet-de-loi-veut-responsabiliser-a-travailleurs-employeurs\/","og_site_name":"Peoplesphere","article_publisher":"https:\/\/www.facebook.com\/peoplesphere","article_published_time":"2022-05-16T08:25:10+00:00","article_modified_time":"2023-07-31T05:39:32+00:00","og_image":[{"url":"http:\/\/www.peoplesphere.be\/fr\/wp-content\/uploads\/2016\/07\/facebook-default-posting-1200x628px.jpg"}],"author":"Jean-Paul Erhard","twitter_card":"summary_large_image","twitter_creator":"@PeoplesphereMag","twitter_site":"@PeoplesphereMag","twitter_misc":{"\u00c9crit par":"Jean-Paul Erhard","Dur\u00e9e de lecture estim\u00e9e":"4 minutes"},"schema":{"@context":"https:\/\/schema.org","@graph":[{"@type":"Article","@id":"https:\/\/peoplesphere.be\/fr\/trajet-retour-travail-lavant-projet-de-loi-veut-responsabiliser-a-travailleurs-employeurs\/#article","isPartOf":{"@id":"https:\/\/peoplesphere.be\/fr\/trajet-retour-travail-lavant-projet-de-loi-veut-responsabiliser-a-travailleurs-employeurs\/"},"author":{"name":"Jean-Paul Erhard","@id":"https:\/\/peoplesphere.be\/fr\/#\/schema\/person\/7976225ff17988604334abb7b3536a7e"},"headline":"Trajet retour au travail: l&rsquo;avant-projet de loi veut responsabiliser \u00e0 la fois les travailleurs et les employeurs.","datePublished":"2022-05-16T08:25:10+00:00","dateModified":"2023-07-31T05:39:32+00:00","mainEntityOfPage":{"@id":"https:\/\/peoplesphere.be\/fr\/trajet-retour-travail-lavant-projet-de-loi-veut-responsabiliser-a-travailleurs-employeurs\/"},"wordCount":712,"publisher":{"@id":"https:\/\/peoplesphere.be\/fr\/#organization"},"keywords":["invalidit\u00e9","maladie de longue dur\u00e9e","r\u00e9int\u00e9gration","retour au travail"],"articleSection":["Actualit\u00e9s","Digital"],"inLanguage":"fr-FR"},{"@type":"WebPage","@id":"https:\/\/peoplesphere.be\/fr\/trajet-retour-travail-lavant-projet-de-loi-veut-responsabiliser-a-travailleurs-employeurs\/","url":"https:\/\/peoplesphere.be\/fr\/trajet-retour-travail-lavant-projet-de-loi-veut-responsabiliser-a-travailleurs-employeurs\/","name":"Trajet retour au travail: l'avant-projet de loi veut responsabiliser \u00e0 la fois les travailleurs et les employeurs. - Peoplesphere","isPartOf":{"@id":"https:\/\/peoplesphere.be\/fr\/#website"},"datePublished":"2022-05-16T08:25:10+00:00","dateModified":"2023-07-31T05:39:32+00:00","breadcrumb":{"@id":"https:\/\/peoplesphere.be\/fr\/trajet-retour-travail-lavant-projet-de-loi-veut-responsabiliser-a-travailleurs-employeurs\/#breadcrumb"},"inLanguage":"fr-FR","potentialAction":[{"@type":"ReadAction","target":["https:\/\/peoplesphere.be\/fr\/trajet-retour-travail-lavant-projet-de-loi-veut-responsabiliser-a-travailleurs-employeurs\/"]}]},{"@type":"BreadcrumbList","@id":"https:\/\/peoplesphere.be\/fr\/trajet-retour-travail-lavant-projet-de-loi-veut-responsabiliser-a-travailleurs-employeurs\/#breadcrumb","itemListElement":[{"@type":"ListItem","position":1,"name":"Accueil","item":"https:\/\/peoplesphere.be\/fr\/"},{"@type":"ListItem","position":2,"name":"Trajet retour au travail: l&rsquo;avant-projet de loi veut responsabiliser \u00e0 la fois les travailleurs et les employeurs."}]},{"@type":"WebSite","@id":"https:\/\/peoplesphere.be\/fr\/#website","url":"https:\/\/peoplesphere.be\/fr\/","name":"Peoplesphere","description":"The People Managers Magazine","publisher":{"@id":"https:\/\/peoplesphere.be\/fr\/#organization"},"potentialAction":[{"@type":"SearchAction","target":{"@type":"EntryPoint","urlTemplate":"https:\/\/peoplesphere.be\/fr\/?s={search_term_string}"},"query-input":"required name=search_term_string"}],"inLanguage":"fr-FR"},{"@type":"Organization","@id":"https:\/\/peoplesphere.be\/fr\/#organization","name":"Peoplesphere Company srl","url":"https:\/\/peoplesphere.be\/fr\/","logo":{"@type":"ImageObject","inLanguage":"fr-FR","@id":"https:\/\/peoplesphere.be\/fr\/#\/schema\/logo\/image\/","url":"https:\/\/peoplesphere.be\/fr\/wp-content\/uploads\/2023\/07\/peoplesphere-lgo-new-generik.jpg","contentUrl":"https:\/\/peoplesphere.be\/fr\/wp-content\/uploads\/2023\/07\/peoplesphere-lgo-new-generik.jpg","width":1031,"height":1479,"caption":"Peoplesphere Company srl"},"image":{"@id":"https:\/\/peoplesphere.be\/fr\/#\/schema\/logo\/image\/"},"sameAs":["https:\/\/www.facebook.com\/peoplesphere","https:\/\/twitter.com\/PeoplesphereMag","https:\/\/www.linkedin.com\/company\/7587361?trk","http:\/\/youtube.com\/peoplesphere"]},{"@type":"Person","@id":"https:\/\/peoplesphere.be\/fr\/#\/schema\/person\/7976225ff17988604334abb7b3536a7e","name":"Jean-Paul Erhard","image":{"@type":"ImageObject","inLanguage":"fr-FR","@id":"https:\/\/peoplesphere.be\/fr\/#\/schema\/person\/image\/","url":"https:\/\/secure.gravatar.com\/avatar\/f941e681460179738071629a51574930?s=96&d=mm&r=g","contentUrl":"https:\/\/secure.gravatar.com\/avatar\/f941e681460179738071629a51574930?s=96&d=mm&r=g","caption":"Jean-Paul Erhard"},"url":"https:\/\/peoplesphere.be\/fr\/author\/jpe\/"}]}},"_links":{"self":[{"href":"https:\/\/peoplesphere.be\/fr\/wp-json\/wp\/v2\/posts\/12876"}],"collection":[{"href":"https:\/\/peoplesphere.be\/fr\/wp-json\/wp\/v2\/posts"}],"about":[{"href":"https:\/\/peoplesphere.be\/fr\/wp-json\/wp\/v2\/types\/post"}],"author":[{"embeddable":true,"href":"https:\/\/peoplesphere.be\/fr\/wp-json\/wp\/v2\/users\/2"}],"replies":[{"embeddable":true,"href":"https:\/\/peoplesphere.be\/fr\/wp-json\/wp\/v2\/comments?post=12876"}],"version-history":[{"count":1,"href":"https:\/\/peoplesphere.be\/fr\/wp-json\/wp\/v2\/posts\/12876\/revisions"}],"predecessor-version":[{"id":12877,"href":"https:\/\/peoplesphere.be\/fr\/wp-json\/wp\/v2\/posts\/12876\/revisions\/12877"}],"wp:attachment":[{"href":"https:\/\/peoplesphere.be\/fr\/wp-json\/wp\/v2\/media?parent=12876"}],"wp:term":[{"taxonomy":"category","embeddable":true,"href":"https:\/\/peoplesphere.be\/fr\/wp-json\/wp\/v2\/categories?post=12876"},{"taxonomy":"post_tag","embeddable":true,"href":"https:\/\/peoplesphere.be\/fr\/wp-json\/wp\/v2\/tags?post=12876"}],"curies":[{"name":"wp","href":"https:\/\/api.w.org\/{rel}","templated":true}]}}