









{"id":12878,"date":"2022-05-16T11:28:39","date_gmt":"2022-05-16T09:28:39","guid":{"rendered":"https:\/\/peoplesphere.be\/fr\/?p=12878"},"modified":"2023-07-29T16:08:16","modified_gmt":"2023-07-29T14:08:16","slug":"vers-explosion-nombre-despaces-de-travail-flexibles-demande-semble-setendre-territoire","status":"publish","type":"post","link":"https:\/\/peoplesphere.be\/fr\/vers-explosion-nombre-despaces-de-travail-flexibles-demande-semble-setendre-territoire\/","title":{"rendered":"Vers une explosion du nombre d&rsquo;espaces de travail flexibles? La demande semble s&rsquo;\u00e9tendre sur tout le territoire."},"content":{"rendered":"<p>IWG, fournisseur mondial d\u2019espaces de travail flexibles, avec des marques telles que Spaces et Regus, a annonc\u00e9 aujourd\u2019hui une expansion consid\u00e9rable de son r\u00e9seau belge. De 46 bureaux d\u00e9j\u00e0 op\u00e9rationnels, IWG veut passer \u00e0 environ 200 bureaux r\u00e9partis dans toute la Belgique dans les 5 prochaines ann\u00e9es.<!--more--><\/p>\n<p>L\u2019expansion concernera toute la Belgique. \u00ab\u00a0<em>Notre ambition est d\u2019ouvrir des bureaux des Ardennes \u00e0 la C\u00f4te. O\u00f9 qu\u2019ils vivent en Belgique, les travailleurs doivent avoir la possibilit\u00e9 de travailler pr\u00e8s de chez eux. C\u2019est cela, le travail hybride : l\u2019\u00e9quilibre entre le t\u00e9l\u00e9travail, \u00e0 domicile ou dans un bureau local, et le travail au si\u00e8ge dans la capitale pour retrouver les coll\u00e8gues quelques jours par semaine ou par mois\u00a0\u00bb,<\/em> explique Mark Dixon, CEO d\u2019IWG. \u00ab\u00a0<em>Nous nous \u00e9tendons partout dans le monde, mais la Belgique est un march\u00e9 important \u00e0 cet \u00e9gard en raison de sa situation centrale.\u00a0\u00bb<br \/>\n<\/em><\/p>\n<p>Cette ann\u00e9e encore, un nouveau bureau Spaces sera ouvert \u00e0 Anvers-Sud et Spaces Gand sera agrandi afin d\u2019offrir plus d\u2019espaces de bureaux. \u00ab\u00a0<em>Nous constatons une \u00e9norme demande d\u2019espaces de travail flexibles \u00e0 Gand. Notre site y est complet et nous allons donc ouvrir des espaces de bureaux suppl\u00e9mentaires avant m\u00eame l\u2019\u00e9t\u00e9 afin de r\u00e9pondre rapidement \u00e0 cette demande croissante\u00a0\u00bb<\/em>, d\u00e9clare William Willems, Regional Manager IWG Belgique &amp; Luxembourg.<\/p>\n<p>IWG note une augmentation de la demande d\u2019espaces de bureaux flexibles, et pas seulement dans des villes de bureaux typiques comme Bruxelles. Des villes comme Hasselt (+63%), Malines (+40%), Herentals (+45%), Courtrai (+42%) et Louvain (+59%) ont vu leur nombre de visiteurs mensuels augmenter en mars par rapport au d\u00e9but de l\u2019ann\u00e9e parce que plus de personnes partagent d\u00e9sormais leur temps entre leur domicile et un lieu de travail local.<\/p>\n<p>\u00ab\u00a0<em>Davantage d\u2019entreprises sont r\u00e9ellement convaincues par le travail hybride et ne veulent plus obliger leurs travailleurs \u00e0 se d\u00e9placer tous les jours jusqu\u2019au si\u00e8ge. Elles leur \u00e9vitent les longs trajets en leur offrant une place dans un bureau plus pr\u00e8s de chez eux. C\u2019est non seulement meilleur pour leur qualit\u00e9 de vie, mais aussi pour le climat\u00a0\u00bb,<\/em> conclut Mark Dixon.<\/p>\n<p>&nbsp;<\/p>\n<p><em>Source : IWG &#8211; Photo &#8211; IWG plc<\/em><\/p>\n","protected":false},"excerpt":{"rendered":"<p>IWG, fournisseur mondial d\u2019espaces de travail flexibles, avec des marques telles que Spaces et Regus, a annonc\u00e9 aujourd\u2019hui une expansion consid\u00e9rable de son r\u00e9seau belge. De 46 bureaux d\u00e9j\u00e0 op\u00e9rationnels, IWG veut passer \u00e0 environ 200 bureaux r\u00e9partis dans toute [&hellip;]<\/p>\n","protected":false},"author":2,"featured_media":12879,"comment_status":"closed","ping_status":"open","sticky":false,"template":"","format":"standard","meta":[],"categories":[65,10],"tags":[3643,220,2661,2651,2361,1110],"yoast_head":"<!-- This site is optimized with the Yoast SEO plugin v21.0 - https:\/\/yoast.com\/wordpress\/plugins\/seo\/ -->\n<title>Vers une explosion du nombre d&#039;espaces de travail flexibles? La demande semble s&#039;\u00e9tendre sur tout le territoire. - Peoplesphere<\/title>\n<meta name=\"robots\" content=\"index, follow, max-snippet:-1, max-image-preview:large, max-video-preview:-1\" \/>\n<link rel=\"canonical\" href=\"https:\/\/peoplesphere.be\/fr\/vers-explosion-nombre-despaces-de-travail-flexibles-demande-semble-setendre-territoire\/\" \/>\n<meta property=\"og:locale\" content=\"fr_FR\" \/>\n<meta property=\"og:type\" content=\"article\" \/>\n<meta property=\"og:title\" content=\"Vers une explosion du nombre d&#039;espaces de travail flexibles? La demande semble s&#039;\u00e9tendre sur tout le territoire. - Peoplesphere\" \/>\n<meta property=\"og:description\" content=\"IWG, fournisseur mondial d\u2019espaces de travail flexibles, avec des marques telles que Spaces et Regus, a annonc\u00e9 aujourd\u2019hui une expansion consid\u00e9rable de son r\u00e9seau belge. De 46 bureaux d\u00e9j\u00e0 op\u00e9rationnels, IWG veut passer \u00e0 environ 200 bureaux r\u00e9partis dans toute [&hellip;]\" \/>\n<meta property=\"og:url\" content=\"https:\/\/peoplesphere.be\/fr\/vers-explosion-nombre-despaces-de-travail-flexibles-demande-semble-setendre-territoire\/\" \/>\n<meta property=\"og:site_name\" content=\"Peoplesphere\" \/>\n<meta property=\"article:publisher\" content=\"https:\/\/www.facebook.com\/peoplesphere\" \/>\n<meta property=\"article:published_time\" content=\"2022-05-16T09:28:39+00:00\" \/>\n<meta property=\"article:modified_time\" content=\"2023-07-29T14:08:16+00:00\" \/>\n<meta property=\"og:image\" content=\"https:\/\/peoplesphere.be\/fr\/wp-content\/uploads\/2022\/05\/a1prrzi4squukoinamnl.jpg\" \/>\n\t<meta property=\"og:image:width\" content=\"1475\" \/>\n\t<meta property=\"og:image:height\" content=\"780\" \/>\n\t<meta property=\"og:image:type\" content=\"image\/jpeg\" \/>\n<meta name=\"author\" content=\"Jean-Paul Erhard\" \/>\n<meta name=\"twitter:card\" content=\"summary_large_image\" \/>\n<meta name=\"twitter:creator\" content=\"@PeoplesphereMag\" \/>\n<meta name=\"twitter:site\" content=\"@PeoplesphereMag\" \/>\n<meta name=\"twitter:label1\" content=\"\u00c9crit par\" \/>\n\t<meta name=\"twitter:data1\" content=\"Jean-Paul Erhard\" \/>\n\t<meta name=\"twitter:label2\" content=\"Dur\u00e9e de lecture estim\u00e9e\" \/>\n\t<meta name=\"twitter:data2\" content=\"2 minutes\" \/>\n<script type=\"application\/ld+json\" class=\"yoast-schema-graph\">{\"@context\":\"https:\/\/schema.org\",\"@graph\":[{\"@type\":\"Article\",\"@id\":\"https:\/\/peoplesphere.be\/fr\/vers-explosion-nombre-despaces-de-travail-flexibles-demande-semble-setendre-territoire\/#article\",\"isPartOf\":{\"@id\":\"https:\/\/peoplesphere.be\/fr\/vers-explosion-nombre-despaces-de-travail-flexibles-demande-semble-setendre-territoire\/\"},\"author\":{\"name\":\"Jean-Paul Erhard\",\"@id\":\"https:\/\/peoplesphere.be\/fr\/#\/schema\/person\/7976225ff17988604334abb7b3536a7e\"},\"headline\":\"Vers une explosion du nombre d&rsquo;espaces de travail flexibles? La demande semble s&rsquo;\u00e9tendre sur tout le territoire.\",\"datePublished\":\"2022-05-16T09:28:39+00:00\",\"dateModified\":\"2023-07-29T14:08:16+00:00\",\"mainEntityOfPage\":{\"@id\":\"https:\/\/peoplesphere.be\/fr\/vers-explosion-nombre-despaces-de-travail-flexibles-demande-semble-setendre-territoire\/\"},\"wordCount\":392,\"publisher\":{\"@id\":\"https:\/\/peoplesphere.be\/fr\/#organization\"},\"keywords\":[\"environnement de traval\",\"flexibilit\u00e9\",\"IWG\",\"Regus\",\"spaces\",\"tiers lieux\"],\"articleSection\":[\"Actualit\u00e9s\",\"Digital\"],\"inLanguage\":\"fr-FR\"},{\"@type\":\"WebPage\",\"@id\":\"https:\/\/peoplesphere.be\/fr\/vers-explosion-nombre-despaces-de-travail-flexibles-demande-semble-setendre-territoire\/\",\"url\":\"https:\/\/peoplesphere.be\/fr\/vers-explosion-nombre-despaces-de-travail-flexibles-demande-semble-setendre-territoire\/\",\"name\":\"Vers une explosion du nombre d'espaces de travail flexibles? La demande semble s'\u00e9tendre sur tout le territoire. - Peoplesphere\",\"isPartOf\":{\"@id\":\"https:\/\/peoplesphere.be\/fr\/#website\"},\"datePublished\":\"2022-05-16T09:28:39+00:00\",\"dateModified\":\"2023-07-29T14:08:16+00:00\",\"breadcrumb\":{\"@id\":\"https:\/\/peoplesphere.be\/fr\/vers-explosion-nombre-despaces-de-travail-flexibles-demande-semble-setendre-territoire\/#breadcrumb\"},\"inLanguage\":\"fr-FR\",\"potentialAction\":[{\"@type\":\"ReadAction\",\"target\":[\"https:\/\/peoplesphere.be\/fr\/vers-explosion-nombre-despaces-de-travail-flexibles-demande-semble-setendre-territoire\/\"]}]},{\"@type\":\"BreadcrumbList\",\"@id\":\"https:\/\/peoplesphere.be\/fr\/vers-explosion-nombre-despaces-de-travail-flexibles-demande-semble-setendre-territoire\/#breadcrumb\",\"itemListElement\":[{\"@type\":\"ListItem\",\"position\":1,\"name\":\"Accueil\",\"item\":\"https:\/\/peoplesphere.be\/fr\/\"},{\"@type\":\"ListItem\",\"position\":2,\"name\":\"Vers une explosion du nombre d&rsquo;espaces de travail flexibles? La demande semble s&rsquo;\u00e9tendre sur tout le territoire.\"}]},{\"@type\":\"WebSite\",\"@id\":\"https:\/\/peoplesphere.be\/fr\/#website\",\"url\":\"https:\/\/peoplesphere.be\/fr\/\",\"name\":\"Peoplesphere\",\"description\":\"The People Managers Magazine\",\"publisher\":{\"@id\":\"https:\/\/peoplesphere.be\/fr\/#organization\"},\"potentialAction\":[{\"@type\":\"SearchAction\",\"target\":{\"@type\":\"EntryPoint\",\"urlTemplate\":\"https:\/\/peoplesphere.be\/fr\/?s={search_term_string}\"},\"query-input\":\"required name=search_term_string\"}],\"inLanguage\":\"fr-FR\"},{\"@type\":\"Organization\",\"@id\":\"https:\/\/peoplesphere.be\/fr\/#organization\",\"name\":\"Peoplesphere Company srl\",\"url\":\"https:\/\/peoplesphere.be\/fr\/\",\"logo\":{\"@type\":\"ImageObject\",\"inLanguage\":\"fr-FR\",\"@id\":\"https:\/\/peoplesphere.be\/fr\/#\/schema\/logo\/image\/\",\"url\":\"https:\/\/peoplesphere.be\/fr\/wp-content\/uploads\/2023\/07\/peoplesphere-lgo-new-generik.jpg\",\"contentUrl\":\"https:\/\/peoplesphere.be\/fr\/wp-content\/uploads\/2023\/07\/peoplesphere-lgo-new-generik.jpg\",\"width\":1031,\"height\":1479,\"caption\":\"Peoplesphere Company srl\"},\"image\":{\"@id\":\"https:\/\/peoplesphere.be\/fr\/#\/schema\/logo\/image\/\"},\"sameAs\":[\"https:\/\/www.facebook.com\/peoplesphere\",\"https:\/\/twitter.com\/PeoplesphereMag\",\"https:\/\/www.linkedin.com\/company\/7587361?trk\",\"http:\/\/youtube.com\/peoplesphere\"]},{\"@type\":\"Person\",\"@id\":\"https:\/\/peoplesphere.be\/fr\/#\/schema\/person\/7976225ff17988604334abb7b3536a7e\",\"name\":\"Jean-Paul Erhard\",\"image\":{\"@type\":\"ImageObject\",\"inLanguage\":\"fr-FR\",\"@id\":\"https:\/\/peoplesphere.be\/fr\/#\/schema\/person\/image\/\",\"url\":\"https:\/\/secure.gravatar.com\/avatar\/f941e681460179738071629a51574930?s=96&d=mm&r=g\",\"contentUrl\":\"https:\/\/secure.gravatar.com\/avatar\/f941e681460179738071629a51574930?s=96&d=mm&r=g\",\"caption\":\"Jean-Paul Erhard\"},\"url\":\"https:\/\/peoplesphere.be\/fr\/author\/jpe\/\"}]}<\/script>\n<!-- \/ Yoast SEO plugin. -->","yoast_head_json":{"title":"Vers une explosion du nombre d'espaces de travail flexibles? La demande semble s'\u00e9tendre sur tout le territoire. - Peoplesphere","robots":{"index":"index","follow":"follow","max-snippet":"max-snippet:-1","max-image-preview":"max-image-preview:large","max-video-preview":"max-video-preview:-1"},"canonical":"https:\/\/peoplesphere.be\/fr\/vers-explosion-nombre-despaces-de-travail-flexibles-demande-semble-setendre-territoire\/","og_locale":"fr_FR","og_type":"article","og_title":"Vers une explosion du nombre d'espaces de travail flexibles? La demande semble s'\u00e9tendre sur tout le territoire. - Peoplesphere","og_description":"IWG, fournisseur mondial d\u2019espaces de travail flexibles, avec des marques telles que Spaces et Regus, a annonc\u00e9 aujourd\u2019hui une expansion consid\u00e9rable de son r\u00e9seau belge. De 46 bureaux d\u00e9j\u00e0 op\u00e9rationnels, IWG veut passer \u00e0 environ 200 bureaux r\u00e9partis dans toute [&hellip;]","og_url":"https:\/\/peoplesphere.be\/fr\/vers-explosion-nombre-despaces-de-travail-flexibles-demande-semble-setendre-territoire\/","og_site_name":"Peoplesphere","article_publisher":"https:\/\/www.facebook.com\/peoplesphere","article_published_time":"2022-05-16T09:28:39+00:00","article_modified_time":"2023-07-29T14:08:16+00:00","og_image":[{"width":1475,"height":780,"url":"https:\/\/peoplesphere.be\/fr\/wp-content\/uploads\/2022\/05\/a1prrzi4squukoinamnl.jpg","type":"image\/jpeg"}],"author":"Jean-Paul Erhard","twitter_card":"summary_large_image","twitter_creator":"@PeoplesphereMag","twitter_site":"@PeoplesphereMag","twitter_misc":{"\u00c9crit par":"Jean-Paul Erhard","Dur\u00e9e de lecture estim\u00e9e":"2 minutes"},"schema":{"@context":"https:\/\/schema.org","@graph":[{"@type":"Article","@id":"https:\/\/peoplesphere.be\/fr\/vers-explosion-nombre-despaces-de-travail-flexibles-demande-semble-setendre-territoire\/#article","isPartOf":{"@id":"https:\/\/peoplesphere.be\/fr\/vers-explosion-nombre-despaces-de-travail-flexibles-demande-semble-setendre-territoire\/"},"author":{"name":"Jean-Paul Erhard","@id":"https:\/\/peoplesphere.be\/fr\/#\/schema\/person\/7976225ff17988604334abb7b3536a7e"},"headline":"Vers une explosion du nombre d&rsquo;espaces de travail flexibles? La demande semble s&rsquo;\u00e9tendre sur tout le territoire.","datePublished":"2022-05-16T09:28:39+00:00","dateModified":"2023-07-29T14:08:16+00:00","mainEntityOfPage":{"@id":"https:\/\/peoplesphere.be\/fr\/vers-explosion-nombre-despaces-de-travail-flexibles-demande-semble-setendre-territoire\/"},"wordCount":392,"publisher":{"@id":"https:\/\/peoplesphere.be\/fr\/#organization"},"keywords":["environnement de traval","flexibilit\u00e9","IWG","Regus","spaces","tiers lieux"],"articleSection":["Actualit\u00e9s","Digital"],"inLanguage":"fr-FR"},{"@type":"WebPage","@id":"https:\/\/peoplesphere.be\/fr\/vers-explosion-nombre-despaces-de-travail-flexibles-demande-semble-setendre-territoire\/","url":"https:\/\/peoplesphere.be\/fr\/vers-explosion-nombre-despaces-de-travail-flexibles-demande-semble-setendre-territoire\/","name":"Vers une explosion du nombre d'espaces de travail flexibles? La demande semble s'\u00e9tendre sur tout le territoire. - Peoplesphere","isPartOf":{"@id":"https:\/\/peoplesphere.be\/fr\/#website"},"datePublished":"2022-05-16T09:28:39+00:00","dateModified":"2023-07-29T14:08:16+00:00","breadcrumb":{"@id":"https:\/\/peoplesphere.be\/fr\/vers-explosion-nombre-despaces-de-travail-flexibles-demande-semble-setendre-territoire\/#breadcrumb"},"inLanguage":"fr-FR","potentialAction":[{"@type":"ReadAction","target":["https:\/\/peoplesphere.be\/fr\/vers-explosion-nombre-despaces-de-travail-flexibles-demande-semble-setendre-territoire\/"]}]},{"@type":"BreadcrumbList","@id":"https:\/\/peoplesphere.be\/fr\/vers-explosion-nombre-despaces-de-travail-flexibles-demande-semble-setendre-territoire\/#breadcrumb","itemListElement":[{"@type":"ListItem","position":1,"name":"Accueil","item":"https:\/\/peoplesphere.be\/fr\/"},{"@type":"ListItem","position":2,"name":"Vers une explosion du nombre d&rsquo;espaces de travail flexibles? La demande semble s&rsquo;\u00e9tendre sur tout le territoire."}]},{"@type":"WebSite","@id":"https:\/\/peoplesphere.be\/fr\/#website","url":"https:\/\/peoplesphere.be\/fr\/","name":"Peoplesphere","description":"The People Managers Magazine","publisher":{"@id":"https:\/\/peoplesphere.be\/fr\/#organization"},"potentialAction":[{"@type":"SearchAction","target":{"@type":"EntryPoint","urlTemplate":"https:\/\/peoplesphere.be\/fr\/?s={search_term_string}"},"query-input":"required name=search_term_string"}],"inLanguage":"fr-FR"},{"@type":"Organization","@id":"https:\/\/peoplesphere.be\/fr\/#organization","name":"Peoplesphere Company srl","url":"https:\/\/peoplesphere.be\/fr\/","logo":{"@type":"ImageObject","inLanguage":"fr-FR","@id":"https:\/\/peoplesphere.be\/fr\/#\/schema\/logo\/image\/","url":"https:\/\/peoplesphere.be\/fr\/wp-content\/uploads\/2023\/07\/peoplesphere-lgo-new-generik.jpg","contentUrl":"https:\/\/peoplesphere.be\/fr\/wp-content\/uploads\/2023\/07\/peoplesphere-lgo-new-generik.jpg","width":1031,"height":1479,"caption":"Peoplesphere Company srl"},"image":{"@id":"https:\/\/peoplesphere.be\/fr\/#\/schema\/logo\/image\/"},"sameAs":["https:\/\/www.facebook.com\/peoplesphere","https:\/\/twitter.com\/PeoplesphereMag","https:\/\/www.linkedin.com\/company\/7587361?trk","http:\/\/youtube.com\/peoplesphere"]},{"@type":"Person","@id":"https:\/\/peoplesphere.be\/fr\/#\/schema\/person\/7976225ff17988604334abb7b3536a7e","name":"Jean-Paul Erhard","image":{"@type":"ImageObject","inLanguage":"fr-FR","@id":"https:\/\/peoplesphere.be\/fr\/#\/schema\/person\/image\/","url":"https:\/\/secure.gravatar.com\/avatar\/f941e681460179738071629a51574930?s=96&d=mm&r=g","contentUrl":"https:\/\/secure.gravatar.com\/avatar\/f941e681460179738071629a51574930?s=96&d=mm&r=g","caption":"Jean-Paul Erhard"},"url":"https:\/\/peoplesphere.be\/fr\/author\/jpe\/"}]}},"_links":{"self":[{"href":"https:\/\/peoplesphere.be\/fr\/wp-json\/wp\/v2\/posts\/12878"}],"collection":[{"href":"https:\/\/peoplesphere.be\/fr\/wp-json\/wp\/v2\/posts"}],"about":[{"href":"https:\/\/peoplesphere.be\/fr\/wp-json\/wp\/v2\/types\/post"}],"author":[{"embeddable":true,"href":"https:\/\/peoplesphere.be\/fr\/wp-json\/wp\/v2\/users\/2"}],"replies":[{"embeddable":true,"href":"https:\/\/peoplesphere.be\/fr\/wp-json\/wp\/v2\/comments?post=12878"}],"version-history":[{"count":1,"href":"https:\/\/peoplesphere.be\/fr\/wp-json\/wp\/v2\/posts\/12878\/revisions"}],"predecessor-version":[{"id":12880,"href":"https:\/\/peoplesphere.be\/fr\/wp-json\/wp\/v2\/posts\/12878\/revisions\/12880"}],"wp:featuredmedia":[{"embeddable":true,"href":"https:\/\/peoplesphere.be\/fr\/wp-json\/wp\/v2\/media\/12879"}],"wp:attachment":[{"href":"https:\/\/peoplesphere.be\/fr\/wp-json\/wp\/v2\/media?parent=12878"}],"wp:term":[{"taxonomy":"category","embeddable":true,"href":"https:\/\/peoplesphere.be\/fr\/wp-json\/wp\/v2\/categories?post=12878"},{"taxonomy":"post_tag","embeddable":true,"href":"https:\/\/peoplesphere.be\/fr\/wp-json\/wp\/v2\/tags?post=12878"}],"curies":[{"name":"wp","href":"https:\/\/api.w.org\/{rel}","templated":true}]}}