









{"id":12956,"date":"2022-06-07T07:40:29","date_gmt":"2022-06-07T05:40:29","guid":{"rendered":"https:\/\/peoplesphere.be\/fr\/?p=12956"},"modified":"2022-06-07T07:40:29","modified_gmt":"2022-06-07T05:40:29","slug":"proposer-environnement-de-travail-equilibre-perspectives-de-carriere-reste-meilleur-moyen-de-freiner-envies-dailleurs","status":"publish","type":"post","link":"https:\/\/peoplesphere.be\/fr\/proposer-environnement-de-travail-equilibre-perspectives-de-carriere-reste-meilleur-moyen-de-freiner-envies-dailleurs\/","title":{"rendered":"Proposer un environnement de travail \u00e9quilibr\u00e9 et des perspectives de carri\u00e8re reste le meilleur moyen de freiner les envies d&rsquo;ailleurs."},"content":{"rendered":"<p>Un travailleur sur deux dans notre pays (49 %) n\u2019a pas du tout postul\u00e9 pour un emploi ni r\u00e9pondu \u00e0 une offre d\u2019emploi au cours des six derniers mois. C\u2019est moins qu\u2019\u00e0 la m\u00eame p\u00e9riode un an plus t\u00f4t (55 %). Ce sont en particulier les travailleurs qui ont le sentiment d\u2019avoir un emploi durable avec, entre autres, des perspectives de carri\u00e8re claires, des formations et une attention sur le bien-\u00eatre mental, qui postulent nettement moins ailleurs. <em>\u00ab\u00a0Ceux qui ont une carri\u00e8re durable se sentent aussi mieux mentalement et sont plus motiv\u00e9s dans leur travail. Les entreprises qui veulent attirer et retenir les meilleurs profils doivent en tenir compte sur un march\u00e9 de l\u2019emploi en p\u00e9nurie\u00a0\u00bb<\/em>, d\u00e9clare Acerta.<!--more--><\/p>\n<p>La guerre des talents fait rage sur le march\u00e9 du travail. La moiti\u00e9 (51 %) des travailleurs belges a postul\u00e9 ou r\u00e9pondu au moins une fois \u00e0 une offre d\u2019emploi au cours des six derniers mois. Cela signifie \u00e9galement que pr\u00e8s de la moiti\u00e9 des Belges ne cherchent pas actuellement un autre emploi, selon les chiffres recueillis par Acerta et StepStone. Ce sont surtout les travailleurs qui estiment avoir une \u00ab\u00a0carri\u00e8re durable\u00a0\u00bb qui postulent sensiblement moins ailleurs. Seuls 41 % des travailleurs ayant une carri\u00e8re durable ont r\u00e9pondu \u00e0 des offres d\u2019emploi au cours des six derniers mois. En revanche, ceux qui estiment que leur carri\u00e8re n\u2019est pas durable sont beaucoup plus dispos\u00e9s \u00e0 postuler pour un emploi : 63 % d\u2019entre eux ont r\u00e9pondu \u00e0 au moins une offre d\u2019emploi au cours des six derniers mois.<\/p>\n<p>Amandine Boseret, experte chez Acerta Consult, explique : \u00ab\u00a0<em>63 % des personnes ne consid\u00e9rant pas leur carri\u00e8re comme durable ont r\u00e9pondu au moins une fois \u00e0 une offre d\u2019emploi au cours des six derniers mois. Selon notre enqu\u00eate, 26 % d\u2019entre elles l\u2019ont m\u00eame fait plus de trois fois. C\u2019est presque le double de ce que l\u2019on observe chez les collaborateurs \u00e0 qui l\u2019on propose des formations et des possibilit\u00e9s de carri\u00e8re, les collaborateurs qui ont donc des perspectives professionnelles et pour qui on accorde une attention au bien-\u00eatre. En effet, il ne faut pas sous-estimer la sant\u00e9 mentale. Les travailleurs actifs dans des entreprises qui se concentrent uniquement sur les r\u00e9sultats sont moins susceptibles d\u2019avoir le sentiment que leur travail est durable.\u00a0\u00bb<\/em><\/p>\n<p><strong><em>Preuve que les carri\u00e8res durables ont eu un impact positif pendant la pand\u00e9mie<\/em><\/strong><\/p>\n<p>La pand\u00e9mie a fait grandir la pression sur les travailleurs. 38 % des Belges actifs estiment que leur bien-\u00eatre mental a diminu\u00e9 depuis le d\u00e9but de la crise sanitaire, et 36 % pensent que leur motivation a diminu\u00e9. Il s\u2019av\u00e8re \u00e9galement qu\u2019un quart d\u2019entre eux ont eu moins d\u2019occasions d\u2019apprendre sur le tas et un quart des travailleurs a aussi senti son bien-\u00eatre physique se d\u00e9t\u00e9riorer. En revanche, dans les entreprises qui s\u2019\u00e9taient d\u00e9j\u00e0 engag\u00e9es ces derni\u00e8res ann\u00e9es en faveur de carri\u00e8res durables pour leur personnel, l\u2019exp\u00e9rience s\u2019est r\u00e9v\u00e9l\u00e9e nettement plus favorable. L\u00e0 aussi, le bien-\u00eatre mental et la motivation ont souffert de la pand\u00e9mie, tout comme les possibilit\u00e9s d\u2019apprentissage et le bien-\u00eatre physique, mais dans une bien moindre mesure.<\/p>\n<p>Killian Cramers, responsable marketing B2C chez StepStone Belgique, explique : \u00ab\u00a0<em>En p\u00e9riode de p\u00e9nurie sur le march\u00e9 de l\u2019emploi, les entreprises sont pr\u00eates \u00e0 tout pour retenir les talents. Pour ce faire, elles offrent \u00e0 leurs collaborateurs une carri\u00e8re avec des perspectives d\u2019avenir. Proposer de carri\u00e8res durables pourrait permettre aux entreprises de gagner la guerre des talents.\u00a0\u00bb<\/em><\/p>\n<p>Amandine Boseret ajoute : \u00ab\u00a0<em>Cela montre que les entreprises qui ont une vision durable de la carri\u00e8re de leurs collaborateurs sont beaucoup plus r\u00e9sistantes aux crises et donc au changement, un ph\u00e9nom\u00e8ne auquel les employeurs devront toujours faire face. En offrant aux collaborateurs une perspective de carri\u00e8re durable, on en fait des collaborateurs plus durables. Notre enqu\u00eate a permis de d\u00e9montrer que ces collaborateurs reconnaissent cet effet positif. Cela fait d\u2019eux des ambassadeurs de leur employeur.\u00a0\u00bb<\/em><\/p>\n<p><strong><em>La sant\u00e9 mentale et un bon \u00e9quilibre entre vie professionnelle et vie priv\u00e9e sont essentiels pour une carri\u00e8re durable<\/em><\/strong><\/p>\n<p>Qu\u2019en est-il de la durabilit\u00e9\u2009? Lorsqu\u2019on leur demande s\u2019ils pensent que l\u2019entreprise pour laquelle ils travaillent est pr\u00eate pour l\u2019avenir, une l\u00e9g\u00e8re majorit\u00e9 (51 %) des travailleurs r\u00e9pond par l\u2019affirmative. \u00c0 la question de savoir si les travailleurs ont d\u00e9j\u00e0 eu une discussion avec leur employeur sur leur avenir personnel, seuls 26 % ont pu donner une r\u00e9ponse positive. Ici aussi, les r\u00e9ponses des travailleurs ayant une carri\u00e8re durable sont plus positives que celles de ceux qui n\u2019ont pas une carri\u00e8re avec une perspective d\u2019avenir claire.<\/p>\n<p>Pour assurer la durabilit\u00e9 de leur carri\u00e8re, les travailleurs se tournent d\u2019abord vers leur employeur, puis vers leur dirigeant et seulement ensuite vers eux-m\u00eames. Voici, par ordre d\u2019importance, les facteurs que les collaborateurs consid\u00e8rent comme tr\u00e8s ou extr\u00eamement importants pour une carri\u00e8re durable :<\/p>\n<ul>\n<li>Une bonne sant\u00e9 mentale : 88 %<\/li>\n<li>Un bon \u00e9quilibre entre vie professionnelle et vie priv\u00e9e : 82 %<\/li>\n<li>Une r\u00e9mun\u00e9ration qui r\u00e9pond aux besoins financiers : 80 %<\/li>\n<li>Une bonne sant\u00e9 physique : 67 %<\/li>\n<li>Des possibilit\u00e9s de d\u00e9veloppement pour continuer \u00e0 occuper cet emploi : 64 %<\/li>\n<\/ul>\n<p>&nbsp;<\/p>\n<p><em>Source: les donn\u00e9es proviennent de l\u2019enqu\u00eate annuelle \u00ab\u2009Talent Pulse\u2009\u00bb r\u00e9alis\u00e9e par ACERTA et StepStone. Cette enqu\u00eate a \u00e9t\u00e9 r\u00e9alis\u00e9e pour la treizi\u00e8me fois en mars 2022 et a touch\u00e9 plus de 3800 travailleurs, dont 87 % d\u2019employ\u00e9s et 13 % d\u2019ouvriers.<\/em><\/p>\n","protected":false},"excerpt":{"rendered":"<p>Un travailleur sur deux dans notre pays (49 %) n\u2019a pas du tout postul\u00e9 pour un emploi ni r\u00e9pondu \u00e0 une offre d\u2019emploi au cours des six derniers mois. C\u2019est moins qu\u2019\u00e0 la m\u00eame p\u00e9riode un an plus t\u00f4t (55 [&hellip;]<\/p>\n","protected":false},"author":2,"featured_media":0,"comment_status":"closed","ping_status":"open","sticky":false,"template":"","format":"standard","meta":[],"categories":[65,10],"tags":[271,3047,3634,647,1379,2319],"yoast_head":"<!-- This site is optimized with the Yoast SEO plugin v21.0 - https:\/\/yoast.com\/wordpress\/plugins\/seo\/ -->\n<title>Proposer un environnement de travail \u00e9quilibr\u00e9 et des perspectives de carri\u00e8re reste le meilleur moyen de freiner les envies d&#039;ailleurs. - Peoplesphere<\/title>\n<meta name=\"robots\" content=\"index, follow, max-snippet:-1, max-image-preview:large, max-video-preview:-1\" \/>\n<link rel=\"canonical\" href=\"https:\/\/peoplesphere.be\/fr\/proposer-environnement-de-travail-equilibre-perspectives-de-carriere-reste-meilleur-moyen-de-freiner-envies-dailleurs\/\" \/>\n<meta property=\"og:locale\" content=\"fr_FR\" \/>\n<meta property=\"og:type\" content=\"article\" \/>\n<meta property=\"og:title\" content=\"Proposer un environnement de travail \u00e9quilibr\u00e9 et des perspectives de carri\u00e8re reste le meilleur moyen de freiner les envies d&#039;ailleurs. - Peoplesphere\" \/>\n<meta property=\"og:description\" content=\"Un travailleur sur deux dans notre pays (49 %) n\u2019a pas du tout postul\u00e9 pour un emploi ni r\u00e9pondu \u00e0 une offre d\u2019emploi au cours des six derniers mois. C\u2019est moins qu\u2019\u00e0 la m\u00eame p\u00e9riode un an plus t\u00f4t (55 [&hellip;]\" \/>\n<meta property=\"og:url\" content=\"https:\/\/peoplesphere.be\/fr\/proposer-environnement-de-travail-equilibre-perspectives-de-carriere-reste-meilleur-moyen-de-freiner-envies-dailleurs\/\" \/>\n<meta property=\"og:site_name\" content=\"Peoplesphere\" \/>\n<meta property=\"article:publisher\" content=\"https:\/\/www.facebook.com\/peoplesphere\" \/>\n<meta property=\"article:published_time\" content=\"2022-06-07T05:40:29+00:00\" \/>\n<meta property=\"og:image\" content=\"http:\/\/www.peoplesphere.be\/fr\/wp-content\/uploads\/2016\/07\/facebook-default-posting-1200x628px.jpg\" \/>\n<meta name=\"author\" content=\"Jean-Paul Erhard\" \/>\n<meta name=\"twitter:card\" content=\"summary_large_image\" \/>\n<meta name=\"twitter:creator\" content=\"@PeoplesphereMag\" \/>\n<meta name=\"twitter:site\" content=\"@PeoplesphereMag\" \/>\n<meta name=\"twitter:label1\" content=\"\u00c9crit par\" \/>\n\t<meta name=\"twitter:data1\" content=\"Jean-Paul Erhard\" \/>\n\t<meta name=\"twitter:label2\" content=\"Dur\u00e9e de lecture estim\u00e9e\" \/>\n\t<meta name=\"twitter:data2\" content=\"5 minutes\" \/>\n<script type=\"application\/ld+json\" class=\"yoast-schema-graph\">{\"@context\":\"https:\/\/schema.org\",\"@graph\":[{\"@type\":\"Article\",\"@id\":\"https:\/\/peoplesphere.be\/fr\/proposer-environnement-de-travail-equilibre-perspectives-de-carriere-reste-meilleur-moyen-de-freiner-envies-dailleurs\/#article\",\"isPartOf\":{\"@id\":\"https:\/\/peoplesphere.be\/fr\/proposer-environnement-de-travail-equilibre-perspectives-de-carriere-reste-meilleur-moyen-de-freiner-envies-dailleurs\/\"},\"author\":{\"name\":\"Jean-Paul Erhard\",\"@id\":\"https:\/\/peoplesphere.be\/fr\/#\/schema\/person\/7976225ff17988604334abb7b3536a7e\"},\"headline\":\"Proposer un environnement de travail \u00e9quilibr\u00e9 et des perspectives de carri\u00e8re reste le meilleur moyen de freiner les envies d&rsquo;ailleurs.\",\"datePublished\":\"2022-06-07T05:40:29+00:00\",\"dateModified\":\"2022-06-07T05:40:29+00:00\",\"mainEntityOfPage\":{\"@id\":\"https:\/\/peoplesphere.be\/fr\/proposer-environnement-de-travail-equilibre-perspectives-de-carriere-reste-meilleur-moyen-de-freiner-envies-dailleurs\/\"},\"wordCount\":982,\"publisher\":{\"@id\":\"https:\/\/peoplesphere.be\/fr\/#organization\"},\"keywords\":[\"acerta\",\"bien-\u00eatre mental\",\"carri\u00e8re durable\",\"\u00e9quilibre priv\u00e9\/professionnel\",\"mobilit\u00e9 professionnelle\",\"Stepstone\"],\"articleSection\":[\"Actualit\u00e9s\",\"Digital\"],\"inLanguage\":\"fr-FR\"},{\"@type\":\"WebPage\",\"@id\":\"https:\/\/peoplesphere.be\/fr\/proposer-environnement-de-travail-equilibre-perspectives-de-carriere-reste-meilleur-moyen-de-freiner-envies-dailleurs\/\",\"url\":\"https:\/\/peoplesphere.be\/fr\/proposer-environnement-de-travail-equilibre-perspectives-de-carriere-reste-meilleur-moyen-de-freiner-envies-dailleurs\/\",\"name\":\"Proposer un environnement de travail \u00e9quilibr\u00e9 et des perspectives de carri\u00e8re reste le meilleur moyen de freiner les envies d'ailleurs. - Peoplesphere\",\"isPartOf\":{\"@id\":\"https:\/\/peoplesphere.be\/fr\/#website\"},\"datePublished\":\"2022-06-07T05:40:29+00:00\",\"dateModified\":\"2022-06-07T05:40:29+00:00\",\"breadcrumb\":{\"@id\":\"https:\/\/peoplesphere.be\/fr\/proposer-environnement-de-travail-equilibre-perspectives-de-carriere-reste-meilleur-moyen-de-freiner-envies-dailleurs\/#breadcrumb\"},\"inLanguage\":\"fr-FR\",\"potentialAction\":[{\"@type\":\"ReadAction\",\"target\":[\"https:\/\/peoplesphere.be\/fr\/proposer-environnement-de-travail-equilibre-perspectives-de-carriere-reste-meilleur-moyen-de-freiner-envies-dailleurs\/\"]}]},{\"@type\":\"BreadcrumbList\",\"@id\":\"https:\/\/peoplesphere.be\/fr\/proposer-environnement-de-travail-equilibre-perspectives-de-carriere-reste-meilleur-moyen-de-freiner-envies-dailleurs\/#breadcrumb\",\"itemListElement\":[{\"@type\":\"ListItem\",\"position\":1,\"name\":\"Accueil\",\"item\":\"https:\/\/peoplesphere.be\/fr\/\"},{\"@type\":\"ListItem\",\"position\":2,\"name\":\"Proposer un environnement de travail \u00e9quilibr\u00e9 et des perspectives de carri\u00e8re reste le meilleur moyen de freiner les envies d&rsquo;ailleurs.\"}]},{\"@type\":\"WebSite\",\"@id\":\"https:\/\/peoplesphere.be\/fr\/#website\",\"url\":\"https:\/\/peoplesphere.be\/fr\/\",\"name\":\"Peoplesphere\",\"description\":\"The People Managers Magazine\",\"publisher\":{\"@id\":\"https:\/\/peoplesphere.be\/fr\/#organization\"},\"potentialAction\":[{\"@type\":\"SearchAction\",\"target\":{\"@type\":\"EntryPoint\",\"urlTemplate\":\"https:\/\/peoplesphere.be\/fr\/?s={search_term_string}\"},\"query-input\":\"required name=search_term_string\"}],\"inLanguage\":\"fr-FR\"},{\"@type\":\"Organization\",\"@id\":\"https:\/\/peoplesphere.be\/fr\/#organization\",\"name\":\"Peoplesphere Company srl\",\"url\":\"https:\/\/peoplesphere.be\/fr\/\",\"logo\":{\"@type\":\"ImageObject\",\"inLanguage\":\"fr-FR\",\"@id\":\"https:\/\/peoplesphere.be\/fr\/#\/schema\/logo\/image\/\",\"url\":\"https:\/\/peoplesphere.be\/fr\/wp-content\/uploads\/2023\/07\/peoplesphere-lgo-new-generik.jpg\",\"contentUrl\":\"https:\/\/peoplesphere.be\/fr\/wp-content\/uploads\/2023\/07\/peoplesphere-lgo-new-generik.jpg\",\"width\":1031,\"height\":1479,\"caption\":\"Peoplesphere Company srl\"},\"image\":{\"@id\":\"https:\/\/peoplesphere.be\/fr\/#\/schema\/logo\/image\/\"},\"sameAs\":[\"https:\/\/www.facebook.com\/peoplesphere\",\"https:\/\/twitter.com\/PeoplesphereMag\",\"https:\/\/www.linkedin.com\/company\/7587361?trk\",\"http:\/\/youtube.com\/peoplesphere\"]},{\"@type\":\"Person\",\"@id\":\"https:\/\/peoplesphere.be\/fr\/#\/schema\/person\/7976225ff17988604334abb7b3536a7e\",\"name\":\"Jean-Paul Erhard\",\"image\":{\"@type\":\"ImageObject\",\"inLanguage\":\"fr-FR\",\"@id\":\"https:\/\/peoplesphere.be\/fr\/#\/schema\/person\/image\/\",\"url\":\"https:\/\/secure.gravatar.com\/avatar\/f941e681460179738071629a51574930?s=96&d=mm&r=g\",\"contentUrl\":\"https:\/\/secure.gravatar.com\/avatar\/f941e681460179738071629a51574930?s=96&d=mm&r=g\",\"caption\":\"Jean-Paul Erhard\"},\"url\":\"https:\/\/peoplesphere.be\/fr\/author\/jpe\/\"}]}<\/script>\n<!-- \/ Yoast SEO plugin. -->","yoast_head_json":{"title":"Proposer un environnement de travail \u00e9quilibr\u00e9 et des perspectives de carri\u00e8re reste le meilleur moyen de freiner les envies d'ailleurs. - Peoplesphere","robots":{"index":"index","follow":"follow","max-snippet":"max-snippet:-1","max-image-preview":"max-image-preview:large","max-video-preview":"max-video-preview:-1"},"canonical":"https:\/\/peoplesphere.be\/fr\/proposer-environnement-de-travail-equilibre-perspectives-de-carriere-reste-meilleur-moyen-de-freiner-envies-dailleurs\/","og_locale":"fr_FR","og_type":"article","og_title":"Proposer un environnement de travail \u00e9quilibr\u00e9 et des perspectives de carri\u00e8re reste le meilleur moyen de freiner les envies d'ailleurs. - Peoplesphere","og_description":"Un travailleur sur deux dans notre pays (49 %) n\u2019a pas du tout postul\u00e9 pour un emploi ni r\u00e9pondu \u00e0 une offre d\u2019emploi au cours des six derniers mois. C\u2019est moins qu\u2019\u00e0 la m\u00eame p\u00e9riode un an plus t\u00f4t (55 [&hellip;]","og_url":"https:\/\/peoplesphere.be\/fr\/proposer-environnement-de-travail-equilibre-perspectives-de-carriere-reste-meilleur-moyen-de-freiner-envies-dailleurs\/","og_site_name":"Peoplesphere","article_publisher":"https:\/\/www.facebook.com\/peoplesphere","article_published_time":"2022-06-07T05:40:29+00:00","og_image":[{"url":"http:\/\/www.peoplesphere.be\/fr\/wp-content\/uploads\/2016\/07\/facebook-default-posting-1200x628px.jpg"}],"author":"Jean-Paul Erhard","twitter_card":"summary_large_image","twitter_creator":"@PeoplesphereMag","twitter_site":"@PeoplesphereMag","twitter_misc":{"\u00c9crit par":"Jean-Paul Erhard","Dur\u00e9e de lecture estim\u00e9e":"5 minutes"},"schema":{"@context":"https:\/\/schema.org","@graph":[{"@type":"Article","@id":"https:\/\/peoplesphere.be\/fr\/proposer-environnement-de-travail-equilibre-perspectives-de-carriere-reste-meilleur-moyen-de-freiner-envies-dailleurs\/#article","isPartOf":{"@id":"https:\/\/peoplesphere.be\/fr\/proposer-environnement-de-travail-equilibre-perspectives-de-carriere-reste-meilleur-moyen-de-freiner-envies-dailleurs\/"},"author":{"name":"Jean-Paul Erhard","@id":"https:\/\/peoplesphere.be\/fr\/#\/schema\/person\/7976225ff17988604334abb7b3536a7e"},"headline":"Proposer un environnement de travail \u00e9quilibr\u00e9 et des perspectives de carri\u00e8re reste le meilleur moyen de freiner les envies d&rsquo;ailleurs.","datePublished":"2022-06-07T05:40:29+00:00","dateModified":"2022-06-07T05:40:29+00:00","mainEntityOfPage":{"@id":"https:\/\/peoplesphere.be\/fr\/proposer-environnement-de-travail-equilibre-perspectives-de-carriere-reste-meilleur-moyen-de-freiner-envies-dailleurs\/"},"wordCount":982,"publisher":{"@id":"https:\/\/peoplesphere.be\/fr\/#organization"},"keywords":["acerta","bien-\u00eatre mental","carri\u00e8re durable","\u00e9quilibre priv\u00e9\/professionnel","mobilit\u00e9 professionnelle","Stepstone"],"articleSection":["Actualit\u00e9s","Digital"],"inLanguage":"fr-FR"},{"@type":"WebPage","@id":"https:\/\/peoplesphere.be\/fr\/proposer-environnement-de-travail-equilibre-perspectives-de-carriere-reste-meilleur-moyen-de-freiner-envies-dailleurs\/","url":"https:\/\/peoplesphere.be\/fr\/proposer-environnement-de-travail-equilibre-perspectives-de-carriere-reste-meilleur-moyen-de-freiner-envies-dailleurs\/","name":"Proposer un environnement de travail \u00e9quilibr\u00e9 et des perspectives de carri\u00e8re reste le meilleur moyen de freiner les envies d'ailleurs. - Peoplesphere","isPartOf":{"@id":"https:\/\/peoplesphere.be\/fr\/#website"},"datePublished":"2022-06-07T05:40:29+00:00","dateModified":"2022-06-07T05:40:29+00:00","breadcrumb":{"@id":"https:\/\/peoplesphere.be\/fr\/proposer-environnement-de-travail-equilibre-perspectives-de-carriere-reste-meilleur-moyen-de-freiner-envies-dailleurs\/#breadcrumb"},"inLanguage":"fr-FR","potentialAction":[{"@type":"ReadAction","target":["https:\/\/peoplesphere.be\/fr\/proposer-environnement-de-travail-equilibre-perspectives-de-carriere-reste-meilleur-moyen-de-freiner-envies-dailleurs\/"]}]},{"@type":"BreadcrumbList","@id":"https:\/\/peoplesphere.be\/fr\/proposer-environnement-de-travail-equilibre-perspectives-de-carriere-reste-meilleur-moyen-de-freiner-envies-dailleurs\/#breadcrumb","itemListElement":[{"@type":"ListItem","position":1,"name":"Accueil","item":"https:\/\/peoplesphere.be\/fr\/"},{"@type":"ListItem","position":2,"name":"Proposer un environnement de travail \u00e9quilibr\u00e9 et des perspectives de carri\u00e8re reste le meilleur moyen de freiner les envies d&rsquo;ailleurs."}]},{"@type":"WebSite","@id":"https:\/\/peoplesphere.be\/fr\/#website","url":"https:\/\/peoplesphere.be\/fr\/","name":"Peoplesphere","description":"The People Managers Magazine","publisher":{"@id":"https:\/\/peoplesphere.be\/fr\/#organization"},"potentialAction":[{"@type":"SearchAction","target":{"@type":"EntryPoint","urlTemplate":"https:\/\/peoplesphere.be\/fr\/?s={search_term_string}"},"query-input":"required name=search_term_string"}],"inLanguage":"fr-FR"},{"@type":"Organization","@id":"https:\/\/peoplesphere.be\/fr\/#organization","name":"Peoplesphere Company srl","url":"https:\/\/peoplesphere.be\/fr\/","logo":{"@type":"ImageObject","inLanguage":"fr-FR","@id":"https:\/\/peoplesphere.be\/fr\/#\/schema\/logo\/image\/","url":"https:\/\/peoplesphere.be\/fr\/wp-content\/uploads\/2023\/07\/peoplesphere-lgo-new-generik.jpg","contentUrl":"https:\/\/peoplesphere.be\/fr\/wp-content\/uploads\/2023\/07\/peoplesphere-lgo-new-generik.jpg","width":1031,"height":1479,"caption":"Peoplesphere Company srl"},"image":{"@id":"https:\/\/peoplesphere.be\/fr\/#\/schema\/logo\/image\/"},"sameAs":["https:\/\/www.facebook.com\/peoplesphere","https:\/\/twitter.com\/PeoplesphereMag","https:\/\/www.linkedin.com\/company\/7587361?trk","http:\/\/youtube.com\/peoplesphere"]},{"@type":"Person","@id":"https:\/\/peoplesphere.be\/fr\/#\/schema\/person\/7976225ff17988604334abb7b3536a7e","name":"Jean-Paul Erhard","image":{"@type":"ImageObject","inLanguage":"fr-FR","@id":"https:\/\/peoplesphere.be\/fr\/#\/schema\/person\/image\/","url":"https:\/\/secure.gravatar.com\/avatar\/f941e681460179738071629a51574930?s=96&d=mm&r=g","contentUrl":"https:\/\/secure.gravatar.com\/avatar\/f941e681460179738071629a51574930?s=96&d=mm&r=g","caption":"Jean-Paul Erhard"},"url":"https:\/\/peoplesphere.be\/fr\/author\/jpe\/"}]}},"_links":{"self":[{"href":"https:\/\/peoplesphere.be\/fr\/wp-json\/wp\/v2\/posts\/12956"}],"collection":[{"href":"https:\/\/peoplesphere.be\/fr\/wp-json\/wp\/v2\/posts"}],"about":[{"href":"https:\/\/peoplesphere.be\/fr\/wp-json\/wp\/v2\/types\/post"}],"author":[{"embeddable":true,"href":"https:\/\/peoplesphere.be\/fr\/wp-json\/wp\/v2\/users\/2"}],"replies":[{"embeddable":true,"href":"https:\/\/peoplesphere.be\/fr\/wp-json\/wp\/v2\/comments?post=12956"}],"version-history":[{"count":1,"href":"https:\/\/peoplesphere.be\/fr\/wp-json\/wp\/v2\/posts\/12956\/revisions"}],"predecessor-version":[{"id":12957,"href":"https:\/\/peoplesphere.be\/fr\/wp-json\/wp\/v2\/posts\/12956\/revisions\/12957"}],"wp:attachment":[{"href":"https:\/\/peoplesphere.be\/fr\/wp-json\/wp\/v2\/media?parent=12956"}],"wp:term":[{"taxonomy":"category","embeddable":true,"href":"https:\/\/peoplesphere.be\/fr\/wp-json\/wp\/v2\/categories?post=12956"},{"taxonomy":"post_tag","embeddable":true,"href":"https:\/\/peoplesphere.be\/fr\/wp-json\/wp\/v2\/tags?post=12956"}],"curies":[{"name":"wp","href":"https:\/\/api.w.org\/{rel}","templated":true}]}}