









{"id":13033,"date":"2022-06-22T16:24:23","date_gmt":"2022-06-22T14:24:23","guid":{"rendered":"https:\/\/peoplesphere.be\/fr\/?p=13033"},"modified":"2022-06-23T08:13:40","modified_gmt":"2022-06-23T06:13:40","slug":"vacances-voiture-de-societe-mieux-vaut-prendre-toutes-precautions-charte-dutilisation","status":"publish","type":"post","link":"https:\/\/peoplesphere.be\/fr\/vacances-voiture-de-societe-mieux-vaut-prendre-toutes-precautions-charte-dutilisation\/","title":{"rendered":"En vacances avec la voiture de soci\u00e9t\u00e9: mieux vaut prendre toutes les pr\u00e9cautions dans une charte d&rsquo;utilisation&#8230;"},"content":{"rendered":"<p>Les vacances d\u2019\u00e9t\u00e9 approchent. Que faire si votre collaborateur part en vacances avec sa voiture de soci\u00e9t\u00e9 et&#8230; a un accident\u2009? Ou souhaite installer un porte-bagages\u2009? Et peut-il utiliser sa carte de carburant \u00e0 l\u2019\u00e9tranger\u2009? Catherine Langenaeken, experte en mobilit\u00e9 chez Acerta Consult, r\u00e9pond \u00e0 quelques questions fr\u00e9quemment pos\u00e9es. Qui est responsable en cas de dommage ou d\u2019accident?<!--more--><\/p>\n<p><em>\u00ab En principe, l\u2019employeur est totalement responsable lorsque le v\u00e9hicule est utilis\u00e9 exclusivement pour l\u2019ex\u00e9cution du travail. Ce n\u2019est que lorsque le collaborateur commet un dol (intention de nuire \u00e0 l\u2019employeur), une faute lourde (ignorer un feu rouge, conduire sous influence, franchir une ligne blanche continue&#8230;), ou lorsqu\u2019il commet r\u00e9guli\u00e8rement des fautes l\u00e9g\u00e8res, que la responsabilit\u00e9 peut passer de l\u2019employeur au travailleur \u00bb<\/em>, dit Catherine Langenaeken.<\/p>\n<p>Elle ajoute : <em>\u00ab Si la voiture de soci\u00e9t\u00e9 est \u00e9galement utilis\u00e9e \u00e0 des fins priv\u00e9es, la responsabilit\u00e9 incombe au collaborateur. Si un accident survient (\u00e0 l\u2019\u00e9tranger), l\u2019employeur sera tenu responsable dans un premier temps, mais les frais seront r\u00e9cup\u00e9r\u00e9s aupr\u00e8s du collaborateur par la suite. \u00bb<\/em><\/p>\n<p><strong><em>Que faire en cas d\u2019accident pendant les vacances?<\/em><\/strong><\/p>\n<p><em>\u00ab\u00a0Si votre collaborateur a un accident avec la voiture pendant ses vacances, la d\u00e9claration d\u2019accident devra se faire comme convenu aupr\u00e8s du service comp\u00e9tent. S\u2019il y a des bless\u00e9s, un proc\u00e8s-verbal devra \u00eatre r\u00e9dig\u00e9\u00a0\u00bb<\/em>, explique Catherine Langenaeken.<\/p>\n<p><strong><em>Quelles sont les options offertes \u00e0 l\u2019employeur?<\/em><\/strong><\/p>\n<p><em>\u00ab\u00a0Il est pr\u00e9f\u00e9rable pour les employeurs d\u2019inclure divers accords dans la car policy concernant : le dommage assur\u00e9 et la franchise \u00e9ventuelle, la proc\u00e9dure \u00e0 suivre (\u00e0 qui faut-il signaler le dommage et dans quel d\u00e9lai\u2009?), accords sur les frais d\u2019\u00e9ventuelles r\u00e9parations \u00e0 l\u2019\u00e9tranger, accords sur la mise \u00e0 disposition d\u2019une voiture de remplacement, etc.\u00a0\u00bb<\/em><\/p>\n<p><strong><em>Et si votre collaborateur veut des options suppl\u00e9mentaires pour sa voiture de soci\u00e9t\u00e9?<\/em><\/strong><\/p>\n<p>Un attelage remorque, un porte-v\u00e9lo ou un coffre de toit&#8230; sont des \u00e9quipements utiles pour une voiture lors de vacances. Quid si votre collaborateur souhaite une option suppl\u00e9mentaire pour sa voiture de soci\u00e9t\u00e9\u2009?<\/p>\n<p>Catherine Langenaeken : \u00ab\u00a0<em>Il faut tout d\u2019abord v\u00e9rifier la car policy, car elle peut d\u00e9j\u00e0 contenir des r\u00e8gles ou des directives concernant l\u2019installation ou les frais. En g\u00e9n\u00e9ral, les options doivent \u00eatre fournies par un concessionnaire agr\u00e9\u00e9. Dans certains cas, ces options ont un impact sur la valeur catalogue et\/ou la d\u00e9duction de la cotisation personnelle du collaborateur. \u00bb Elle ajoute encore : \u00ab Proposez-vous une politique salariale flexible\u2009? Les options ou l\u2019upgrade de la voiture de soci\u00e9t\u00e9 peuvent \u00e9galement \u00eatre financ\u00e9es par le budget de la politique salariale flexible.\u00a0\u00bb<\/em><\/p>\n<p><strong><em>Le collaborateur peut-il temporairement opter pour une autre voiture?<\/em><\/strong><\/p>\n<p>Peut-\u00eatre que la voiture de soci\u00e9t\u00e9 de votre collaborateur est trop petite pour des vacances en famille\u2009? Ou peut-\u00eatre qu\u2019un mod\u00e8le \u00e9lectrique n\u2019est pas id\u00e9al pour les longues distances. Dans ce cas, votre collaborateur peut-il choisir temporairement une autre voiture\u2009? <em>\u00ab\u00a0Oui, c\u2019est possible. Il dispose m\u00eame de deux options \u00bb, <\/em>dit Catherine Langenaeken. \u00ab\u00a0<em>Premi\u00e8re option : en tant qu\u2019organisation, vous pouvez \u00e9ventuellement mettre une voiture de pool \u00e0 disposition pendant la p\u00e9riode de vacances. Un avantage forfaitaire est imput\u00e9 pour l\u2019utilisation personnelle de celle-ci. Les accords d\u2019utilisation sont ensuite inclus dans une politique relative aux voitures de pool.\u00a0<\/em><em>2e option : en tant qu\u2019employeur, vous pouvez \u00e9galement offrir une deuxi\u00e8me voiture de soci\u00e9t\u00e9, m\u00eame si l\u2019une de ces voitures peut \u00eatre utilis\u00e9e \u00e0 des fins priv\u00e9es. Vous devrez, en tant qu\u2019employeur, payer des cotisations de solidarit\u00e9 sur cette deuxi\u00e8me voiture. La deuxi\u00e8me voiture peut \u00e9galement \u00eatre choisie dans le cadre d\u2019une politique salariale flexible.\u00a0\u00bb<\/em><\/p>\n<p><strong><em>Le collaborateur peut-il faire le plein ou recharger le v\u00e9hicule \u00e0 l\u2019\u00e9tranger?<\/em><\/strong><\/p>\n<p>L\u2019utilisation de la carte de carburant ou de recharge peut se limiter ou non \u00e0 la Belgique (avec ou sans le consentement de l\u2019employeur).<\/p>\n<p>Il faut absolument v\u00e9rifier :<\/p>\n<ul>\n<li>les frais sont-ils enti\u00e8rement pris en charge par l\u2019employeur ou le collaborateur\u2009?<\/li>\n<li>une cotisation suppl\u00e9mentaire est-elle due si un certain nombre de kilom\u00e8tres est d\u00e9pass\u00e9\u2009?<\/li>\n<li>une cotisation suppl\u00e9mentaire est-elle due lorsque la carte carburant ou de recharge est utilis\u00e9e \u00e0 l\u2019\u00e9tranger\u2009?<\/li>\n<\/ul>\n<p>Tous ces \u00e9l\u00e9ments sont mentionn\u00e9s dans la politique de carte de carburant ou de recharge.\u00a0Catherine Langenaeken conclut : \u00ab\u00a0<em>La morale de l\u2019histoire : \u00e9tablissez des accords clairs et consignez-les dans une politique relative aux voitures de soci\u00e9t\u00e9. Vous y incluez, entre autres, les accords en mati\u00e8re de responsabilit\u00e9, de dommages, d\u2019options&#8230; Vous pouvez \u00e9ventuellement compl\u00e9ter ce document par une politique relative aux voitures de pool, une politique de carte de carburant ou de recharge pour fixer les accords sur l\u2019utilisation des voitures de pool et les kilom\u00e8tres\/recharges de la voiture \u00e0 l\u2019\u00e9tranger.\u00a0\u00bb<\/em><\/p>\n","protected":false},"excerpt":{"rendered":"<p>Les vacances d\u2019\u00e9t\u00e9 approchent. Que faire si votre collaborateur part en vacances avec sa voiture de soci\u00e9t\u00e9 et&#8230; a un accident\u2009? Ou souhaite installer un porte-bagages\u2009? Et peut-il utiliser sa carte de carburant \u00e0 l\u2019\u00e9tranger\u2009? Catherine Langenaeken, experte en mobilit\u00e9 [&hellip;]<\/p>\n","protected":false},"author":2,"featured_media":13045,"comment_status":"closed","ping_status":"open","sticky":false,"template":"","format":"standard","meta":[],"categories":[65,10],"tags":[271,615,358,6,1189],"yoast_head":"<!-- This site is optimized with the Yoast SEO plugin v21.0 - https:\/\/yoast.com\/wordpress\/plugins\/seo\/ -->\n<title>En vacances avec la voiture de soci\u00e9t\u00e9: mieux vaut prendre toutes les pr\u00e9cautions dans une charte d&#039;utilisation... - Peoplesphere<\/title>\n<meta name=\"robots\" content=\"index, follow, max-snippet:-1, max-image-preview:large, max-video-preview:-1\" \/>\n<link rel=\"canonical\" href=\"https:\/\/peoplesphere.be\/fr\/vacances-voiture-de-societe-mieux-vaut-prendre-toutes-precautions-charte-dutilisation\/\" \/>\n<meta property=\"og:locale\" content=\"fr_FR\" \/>\n<meta property=\"og:type\" content=\"article\" \/>\n<meta property=\"og:title\" content=\"En vacances avec la voiture de soci\u00e9t\u00e9: mieux vaut prendre toutes les pr\u00e9cautions dans une charte d&#039;utilisation... - Peoplesphere\" \/>\n<meta property=\"og:description\" content=\"Les vacances d\u2019\u00e9t\u00e9 approchent. Que faire si votre collaborateur part en vacances avec sa voiture de soci\u00e9t\u00e9 et&#8230; a un accident\u2009? Ou souhaite installer un porte-bagages\u2009? Et peut-il utiliser sa carte de carburant \u00e0 l\u2019\u00e9tranger\u2009? Catherine Langenaeken, experte en mobilit\u00e9 [&hellip;]\" \/>\n<meta property=\"og:url\" content=\"https:\/\/peoplesphere.be\/fr\/vacances-voiture-de-societe-mieux-vaut-prendre-toutes-precautions-charte-dutilisation\/\" \/>\n<meta property=\"og:site_name\" content=\"Peoplesphere\" \/>\n<meta property=\"article:publisher\" content=\"https:\/\/www.facebook.com\/peoplesphere\" \/>\n<meta property=\"article:published_time\" content=\"2022-06-22T14:24:23+00:00\" \/>\n<meta property=\"article:modified_time\" content=\"2022-06-23T06:13:40+00:00\" \/>\n<meta property=\"og:image\" content=\"https:\/\/peoplesphere.be\/fr\/wp-content\/uploads\/2022\/06\/holidayscompanycar.jpg\" \/>\n\t<meta property=\"og:image:width\" content=\"1000\" \/>\n\t<meta property=\"og:image:height\" content=\"523\" \/>\n\t<meta property=\"og:image:type\" content=\"image\/jpeg\" \/>\n<meta name=\"author\" content=\"Jean-Paul Erhard\" \/>\n<meta name=\"twitter:card\" content=\"summary_large_image\" \/>\n<meta name=\"twitter:creator\" content=\"@PeoplesphereMag\" \/>\n<meta name=\"twitter:site\" content=\"@PeoplesphereMag\" \/>\n<meta name=\"twitter:label1\" content=\"\u00c9crit par\" \/>\n\t<meta name=\"twitter:data1\" content=\"Jean-Paul Erhard\" \/>\n\t<meta name=\"twitter:label2\" content=\"Dur\u00e9e de lecture estim\u00e9e\" \/>\n\t<meta name=\"twitter:data2\" content=\"4 minutes\" \/>\n<script type=\"application\/ld+json\" class=\"yoast-schema-graph\">{\"@context\":\"https:\/\/schema.org\",\"@graph\":[{\"@type\":\"Article\",\"@id\":\"https:\/\/peoplesphere.be\/fr\/vacances-voiture-de-societe-mieux-vaut-prendre-toutes-precautions-charte-dutilisation\/#article\",\"isPartOf\":{\"@id\":\"https:\/\/peoplesphere.be\/fr\/vacances-voiture-de-societe-mieux-vaut-prendre-toutes-precautions-charte-dutilisation\/\"},\"author\":{\"name\":\"Jean-Paul Erhard\",\"@id\":\"https:\/\/peoplesphere.be\/fr\/#\/schema\/person\/7976225ff17988604334abb7b3536a7e\"},\"headline\":\"En vacances avec la voiture de soci\u00e9t\u00e9: mieux vaut prendre toutes les pr\u00e9cautions dans une charte d&rsquo;utilisation&#8230;\",\"datePublished\":\"2022-06-22T14:24:23+00:00\",\"dateModified\":\"2022-06-23T06:13:40+00:00\",\"mainEntityOfPage\":{\"@id\":\"https:\/\/peoplesphere.be\/fr\/vacances-voiture-de-societe-mieux-vaut-prendre-toutes-precautions-charte-dutilisation\/\"},\"wordCount\":852,\"publisher\":{\"@id\":\"https:\/\/peoplesphere.be\/fr\/#organization\"},\"keywords\":[\"acerta\",\"fleet\",\"r\u00e9mun\u00e9rations alternatives\",\"Vacances\",\"voiture de soci\u00e9t\u00e9\"],\"articleSection\":[\"Actualit\u00e9s\",\"Digital\"],\"inLanguage\":\"fr-FR\"},{\"@type\":\"WebPage\",\"@id\":\"https:\/\/peoplesphere.be\/fr\/vacances-voiture-de-societe-mieux-vaut-prendre-toutes-precautions-charte-dutilisation\/\",\"url\":\"https:\/\/peoplesphere.be\/fr\/vacances-voiture-de-societe-mieux-vaut-prendre-toutes-precautions-charte-dutilisation\/\",\"name\":\"En vacances avec la voiture de soci\u00e9t\u00e9: mieux vaut prendre toutes les pr\u00e9cautions dans une charte d'utilisation... - Peoplesphere\",\"isPartOf\":{\"@id\":\"https:\/\/peoplesphere.be\/fr\/#website\"},\"datePublished\":\"2022-06-22T14:24:23+00:00\",\"dateModified\":\"2022-06-23T06:13:40+00:00\",\"breadcrumb\":{\"@id\":\"https:\/\/peoplesphere.be\/fr\/vacances-voiture-de-societe-mieux-vaut-prendre-toutes-precautions-charte-dutilisation\/#breadcrumb\"},\"inLanguage\":\"fr-FR\",\"potentialAction\":[{\"@type\":\"ReadAction\",\"target\":[\"https:\/\/peoplesphere.be\/fr\/vacances-voiture-de-societe-mieux-vaut-prendre-toutes-precautions-charte-dutilisation\/\"]}]},{\"@type\":\"BreadcrumbList\",\"@id\":\"https:\/\/peoplesphere.be\/fr\/vacances-voiture-de-societe-mieux-vaut-prendre-toutes-precautions-charte-dutilisation\/#breadcrumb\",\"itemListElement\":[{\"@type\":\"ListItem\",\"position\":1,\"name\":\"Accueil\",\"item\":\"https:\/\/peoplesphere.be\/fr\/\"},{\"@type\":\"ListItem\",\"position\":2,\"name\":\"En vacances avec la voiture de soci\u00e9t\u00e9: mieux vaut prendre toutes les pr\u00e9cautions dans une charte d&rsquo;utilisation&#8230;\"}]},{\"@type\":\"WebSite\",\"@id\":\"https:\/\/peoplesphere.be\/fr\/#website\",\"url\":\"https:\/\/peoplesphere.be\/fr\/\",\"name\":\"Peoplesphere\",\"description\":\"The People Managers Magazine\",\"publisher\":{\"@id\":\"https:\/\/peoplesphere.be\/fr\/#organization\"},\"potentialAction\":[{\"@type\":\"SearchAction\",\"target\":{\"@type\":\"EntryPoint\",\"urlTemplate\":\"https:\/\/peoplesphere.be\/fr\/?s={search_term_string}\"},\"query-input\":\"required name=search_term_string\"}],\"inLanguage\":\"fr-FR\"},{\"@type\":\"Organization\",\"@id\":\"https:\/\/peoplesphere.be\/fr\/#organization\",\"name\":\"Peoplesphere Company srl\",\"url\":\"https:\/\/peoplesphere.be\/fr\/\",\"logo\":{\"@type\":\"ImageObject\",\"inLanguage\":\"fr-FR\",\"@id\":\"https:\/\/peoplesphere.be\/fr\/#\/schema\/logo\/image\/\",\"url\":\"https:\/\/peoplesphere.be\/fr\/wp-content\/uploads\/2023\/07\/peoplesphere-lgo-new-generik.jpg\",\"contentUrl\":\"https:\/\/peoplesphere.be\/fr\/wp-content\/uploads\/2023\/07\/peoplesphere-lgo-new-generik.jpg\",\"width\":1031,\"height\":1479,\"caption\":\"Peoplesphere Company srl\"},\"image\":{\"@id\":\"https:\/\/peoplesphere.be\/fr\/#\/schema\/logo\/image\/\"},\"sameAs\":[\"https:\/\/www.facebook.com\/peoplesphere\",\"https:\/\/twitter.com\/PeoplesphereMag\",\"https:\/\/www.linkedin.com\/company\/7587361?trk\",\"http:\/\/youtube.com\/peoplesphere\"]},{\"@type\":\"Person\",\"@id\":\"https:\/\/peoplesphere.be\/fr\/#\/schema\/person\/7976225ff17988604334abb7b3536a7e\",\"name\":\"Jean-Paul Erhard\",\"image\":{\"@type\":\"ImageObject\",\"inLanguage\":\"fr-FR\",\"@id\":\"https:\/\/peoplesphere.be\/fr\/#\/schema\/person\/image\/\",\"url\":\"https:\/\/secure.gravatar.com\/avatar\/f941e681460179738071629a51574930?s=96&d=mm&r=g\",\"contentUrl\":\"https:\/\/secure.gravatar.com\/avatar\/f941e681460179738071629a51574930?s=96&d=mm&r=g\",\"caption\":\"Jean-Paul Erhard\"},\"url\":\"https:\/\/peoplesphere.be\/fr\/author\/jpe\/\"}]}<\/script>\n<!-- \/ Yoast SEO plugin. -->","yoast_head_json":{"title":"En vacances avec la voiture de soci\u00e9t\u00e9: mieux vaut prendre toutes les pr\u00e9cautions dans une charte d'utilisation... - Peoplesphere","robots":{"index":"index","follow":"follow","max-snippet":"max-snippet:-1","max-image-preview":"max-image-preview:large","max-video-preview":"max-video-preview:-1"},"canonical":"https:\/\/peoplesphere.be\/fr\/vacances-voiture-de-societe-mieux-vaut-prendre-toutes-precautions-charte-dutilisation\/","og_locale":"fr_FR","og_type":"article","og_title":"En vacances avec la voiture de soci\u00e9t\u00e9: mieux vaut prendre toutes les pr\u00e9cautions dans une charte d'utilisation... - Peoplesphere","og_description":"Les vacances d\u2019\u00e9t\u00e9 approchent. Que faire si votre collaborateur part en vacances avec sa voiture de soci\u00e9t\u00e9 et&#8230; a un accident\u2009? Ou souhaite installer un porte-bagages\u2009? Et peut-il utiliser sa carte de carburant \u00e0 l\u2019\u00e9tranger\u2009? Catherine Langenaeken, experte en mobilit\u00e9 [&hellip;]","og_url":"https:\/\/peoplesphere.be\/fr\/vacances-voiture-de-societe-mieux-vaut-prendre-toutes-precautions-charte-dutilisation\/","og_site_name":"Peoplesphere","article_publisher":"https:\/\/www.facebook.com\/peoplesphere","article_published_time":"2022-06-22T14:24:23+00:00","article_modified_time":"2022-06-23T06:13:40+00:00","og_image":[{"width":1000,"height":523,"url":"https:\/\/peoplesphere.be\/fr\/wp-content\/uploads\/2022\/06\/holidayscompanycar.jpg","type":"image\/jpeg"}],"author":"Jean-Paul Erhard","twitter_card":"summary_large_image","twitter_creator":"@PeoplesphereMag","twitter_site":"@PeoplesphereMag","twitter_misc":{"\u00c9crit par":"Jean-Paul Erhard","Dur\u00e9e de lecture estim\u00e9e":"4 minutes"},"schema":{"@context":"https:\/\/schema.org","@graph":[{"@type":"Article","@id":"https:\/\/peoplesphere.be\/fr\/vacances-voiture-de-societe-mieux-vaut-prendre-toutes-precautions-charte-dutilisation\/#article","isPartOf":{"@id":"https:\/\/peoplesphere.be\/fr\/vacances-voiture-de-societe-mieux-vaut-prendre-toutes-precautions-charte-dutilisation\/"},"author":{"name":"Jean-Paul Erhard","@id":"https:\/\/peoplesphere.be\/fr\/#\/schema\/person\/7976225ff17988604334abb7b3536a7e"},"headline":"En vacances avec la voiture de soci\u00e9t\u00e9: mieux vaut prendre toutes les pr\u00e9cautions dans une charte d&rsquo;utilisation&#8230;","datePublished":"2022-06-22T14:24:23+00:00","dateModified":"2022-06-23T06:13:40+00:00","mainEntityOfPage":{"@id":"https:\/\/peoplesphere.be\/fr\/vacances-voiture-de-societe-mieux-vaut-prendre-toutes-precautions-charte-dutilisation\/"},"wordCount":852,"publisher":{"@id":"https:\/\/peoplesphere.be\/fr\/#organization"},"keywords":["acerta","fleet","r\u00e9mun\u00e9rations alternatives","Vacances","voiture de soci\u00e9t\u00e9"],"articleSection":["Actualit\u00e9s","Digital"],"inLanguage":"fr-FR"},{"@type":"WebPage","@id":"https:\/\/peoplesphere.be\/fr\/vacances-voiture-de-societe-mieux-vaut-prendre-toutes-precautions-charte-dutilisation\/","url":"https:\/\/peoplesphere.be\/fr\/vacances-voiture-de-societe-mieux-vaut-prendre-toutes-precautions-charte-dutilisation\/","name":"En vacances avec la voiture de soci\u00e9t\u00e9: mieux vaut prendre toutes les pr\u00e9cautions dans une charte d'utilisation... - Peoplesphere","isPartOf":{"@id":"https:\/\/peoplesphere.be\/fr\/#website"},"datePublished":"2022-06-22T14:24:23+00:00","dateModified":"2022-06-23T06:13:40+00:00","breadcrumb":{"@id":"https:\/\/peoplesphere.be\/fr\/vacances-voiture-de-societe-mieux-vaut-prendre-toutes-precautions-charte-dutilisation\/#breadcrumb"},"inLanguage":"fr-FR","potentialAction":[{"@type":"ReadAction","target":["https:\/\/peoplesphere.be\/fr\/vacances-voiture-de-societe-mieux-vaut-prendre-toutes-precautions-charte-dutilisation\/"]}]},{"@type":"BreadcrumbList","@id":"https:\/\/peoplesphere.be\/fr\/vacances-voiture-de-societe-mieux-vaut-prendre-toutes-precautions-charte-dutilisation\/#breadcrumb","itemListElement":[{"@type":"ListItem","position":1,"name":"Accueil","item":"https:\/\/peoplesphere.be\/fr\/"},{"@type":"ListItem","position":2,"name":"En vacances avec la voiture de soci\u00e9t\u00e9: mieux vaut prendre toutes les pr\u00e9cautions dans une charte d&rsquo;utilisation&#8230;"}]},{"@type":"WebSite","@id":"https:\/\/peoplesphere.be\/fr\/#website","url":"https:\/\/peoplesphere.be\/fr\/","name":"Peoplesphere","description":"The People Managers Magazine","publisher":{"@id":"https:\/\/peoplesphere.be\/fr\/#organization"},"potentialAction":[{"@type":"SearchAction","target":{"@type":"EntryPoint","urlTemplate":"https:\/\/peoplesphere.be\/fr\/?s={search_term_string}"},"query-input":"required name=search_term_string"}],"inLanguage":"fr-FR"},{"@type":"Organization","@id":"https:\/\/peoplesphere.be\/fr\/#organization","name":"Peoplesphere Company srl","url":"https:\/\/peoplesphere.be\/fr\/","logo":{"@type":"ImageObject","inLanguage":"fr-FR","@id":"https:\/\/peoplesphere.be\/fr\/#\/schema\/logo\/image\/","url":"https:\/\/peoplesphere.be\/fr\/wp-content\/uploads\/2023\/07\/peoplesphere-lgo-new-generik.jpg","contentUrl":"https:\/\/peoplesphere.be\/fr\/wp-content\/uploads\/2023\/07\/peoplesphere-lgo-new-generik.jpg","width":1031,"height":1479,"caption":"Peoplesphere Company srl"},"image":{"@id":"https:\/\/peoplesphere.be\/fr\/#\/schema\/logo\/image\/"},"sameAs":["https:\/\/www.facebook.com\/peoplesphere","https:\/\/twitter.com\/PeoplesphereMag","https:\/\/www.linkedin.com\/company\/7587361?trk","http:\/\/youtube.com\/peoplesphere"]},{"@type":"Person","@id":"https:\/\/peoplesphere.be\/fr\/#\/schema\/person\/7976225ff17988604334abb7b3536a7e","name":"Jean-Paul Erhard","image":{"@type":"ImageObject","inLanguage":"fr-FR","@id":"https:\/\/peoplesphere.be\/fr\/#\/schema\/person\/image\/","url":"https:\/\/secure.gravatar.com\/avatar\/f941e681460179738071629a51574930?s=96&d=mm&r=g","contentUrl":"https:\/\/secure.gravatar.com\/avatar\/f941e681460179738071629a51574930?s=96&d=mm&r=g","caption":"Jean-Paul Erhard"},"url":"https:\/\/peoplesphere.be\/fr\/author\/jpe\/"}]}},"_links":{"self":[{"href":"https:\/\/peoplesphere.be\/fr\/wp-json\/wp\/v2\/posts\/13033"}],"collection":[{"href":"https:\/\/peoplesphere.be\/fr\/wp-json\/wp\/v2\/posts"}],"about":[{"href":"https:\/\/peoplesphere.be\/fr\/wp-json\/wp\/v2\/types\/post"}],"author":[{"embeddable":true,"href":"https:\/\/peoplesphere.be\/fr\/wp-json\/wp\/v2\/users\/2"}],"replies":[{"embeddable":true,"href":"https:\/\/peoplesphere.be\/fr\/wp-json\/wp\/v2\/comments?post=13033"}],"version-history":[{"count":2,"href":"https:\/\/peoplesphere.be\/fr\/wp-json\/wp\/v2\/posts\/13033\/revisions"}],"predecessor-version":[{"id":13035,"href":"https:\/\/peoplesphere.be\/fr\/wp-json\/wp\/v2\/posts\/13033\/revisions\/13035"}],"wp:featuredmedia":[{"embeddable":true,"href":"https:\/\/peoplesphere.be\/fr\/wp-json\/wp\/v2\/media\/13045"}],"wp:attachment":[{"href":"https:\/\/peoplesphere.be\/fr\/wp-json\/wp\/v2\/media?parent=13033"}],"wp:term":[{"taxonomy":"category","embeddable":true,"href":"https:\/\/peoplesphere.be\/fr\/wp-json\/wp\/v2\/categories?post=13033"},{"taxonomy":"post_tag","embeddable":true,"href":"https:\/\/peoplesphere.be\/fr\/wp-json\/wp\/v2\/tags?post=13033"}],"curies":[{"name":"wp","href":"https:\/\/api.w.org\/{rel}","templated":true}]}}