









{"id":13092,"date":"2022-07-04T10:26:39","date_gmt":"2022-07-04T08:26:39","guid":{"rendered":"https:\/\/peoplesphere.be\/fr\/?p=13092"},"modified":"2022-07-04T10:26:39","modified_gmt":"2022-07-04T08:26:39","slug":"economie-de-plateforme-belgique-etre-premiers-pays-a-instaurer-loi-statut-demployeur-plateformes-numeriques","status":"publish","type":"post","link":"https:\/\/peoplesphere.be\/fr\/economie-de-plateforme-belgique-etre-premiers-pays-a-instaurer-loi-statut-demployeur-plateformes-numeriques\/","title":{"rendered":"Economie de plateforme: la Belgique devrait \u00eatre un des premiers pays \u00e0 instaurer dans la loi le statut d&#8217;employeur pour les plateformes num\u00e9riques."},"content":{"rendered":"<p>Le nouveau rapport de PwC Legal sur la Gig Economy re\u0301ve\u0300le que, dans une tentative d&rsquo;inte\u0301grer les plateformes nume\u0301riques dans leur cadre juridique traditionnel, les pays europe\u0301ens ont tendance a\u0300 donner aux plateformes nume\u0301riques le statut d&#8217;employeur. Ce faisant, ils cherchent a\u0300 re\u0301duire l&rsquo;ambigui\u0308te\u0301 juridique entourant le statut social et les conditions de travail des \u00ab\u00a0gig workers\u00a0\u00bb. La qualification de ces travailleurs en tant que salarie\u0301s est lourde de conse\u0301quences pour le secteur, dont l&rsquo;ensemble du mode\u0300le e\u0301conomique repose sur la flexibilite\u0301.<!--more--><\/p>\n<p>En de\u0301cembre 2021, la Commission europe\u0301enne a pre\u0301sente\u0301 une proposition de directive visant a\u0300 ame\u0301liorer les conditions de travail des travailleurs de plateformes nume\u0301riques et a\u0300 promouvoir une croissance durable de ces plateformes au sein de l\u2019UE. Les nouvelles re\u0300gles doivent garantir que les personnes travaillant par l\u2019interme\u0301diaire de plateformes de travail nume\u0301riques be\u0301ne\u0301ficient de plus de droits et d\u2019avantages sociaux, non seulement dans le cadre d\u2019une collaboration classique mais e\u0301galement en cas de collaboration utilisant la gestion algorithmique (c&rsquo;est-a\u0300-dire par syste\u0300mes automatise\u0301s qui soutiennent ou remplacent les fonctions de management au travail). Les crite\u0300res que cette proposition introduit pourraient entrai\u0302ner une pre\u0301somption le\u0301gale d&#8217;emploi pour le travailleur, impliquant ainsi que les plateformes nume\u0301riques acquerraient de facto le statut d&#8217;employeur.<\/p>\n<p><strong><em>Du statut d\u2019inde\u0301pendant a\u0300 celui de salarie\u0301<\/em><\/strong><\/p>\n<p>A\u0300 l&rsquo;heure actuelle, la \u00ab gig workforce \u00bb est visiblement active mais apparai\u0302t rarement dans les statistiques officielles et il n&rsquo;existe pas de chiffres sur le nombre de travailleurs de plateformes en activite\u0301 en Belgique. Pourtant, le secteur poursuit sa croissance constante : entre 2016 et 2020, les revenus de l&rsquo;e\u0301conomie de plateforme ont presque quintuple\u0301, passant d&rsquo;une estimation de 3 milliards d&rsquo;euros a\u0300 environ 14 milliards d&rsquo;euros. La le\u0301gislation annonce\u0301e porte toutefois atteinte a\u0300 la flexibilite\u0301 qui est a\u0300 la base des mode\u0300les e\u0301conomiques des plateformes, tant pour les employeurs que pour les travailleurs.<\/p>\n<p>Jessica De Bels, Avocat Employment Law chez PwC Legal, de\u0301clare : \u00ab\u00a0<em>L&rsquo;introduction de la pre\u0301somption d&#8217;emploi pour les travailleurs occupe\u0301s via des plateformes nume\u0301riques dans la le\u0301gislation europe\u0301enne et locale e\u0301branle les fondements de la \u00ab gig economy \u00bb jusqu&rsquo;au plus profond d&rsquo;elle-me\u0302me. Le mode\u0300le e\u0301conomique de la plupart de ces entreprises est centre\u0301 sur l&rsquo;adaptation de la capacite\u0301 de travail aux fluctuations de la demande &#8211; ce qui n&rsquo;est pas conforme aux principes de base d&rsquo;un contrat de travail standard. Des sources estiment qu\u2019entre 4 et 5,5 millions de travailleurs pourraient e\u0302tre requalifie\u0301s comme employe\u0301s. Il sera inte\u0301ressant de voir comment le marche\u0301 du travail et ce secteur de 14 milliards d&rsquo;euros feront face a\u0300 cette re\u0301alite\u0301, si l&rsquo;on en arrive la\u0300.\u00a0\u00bb<br \/>\n<\/em><\/p>\n<p><strong><em>Re\u0301forme belge de la \u00ab gig economy \u00bb<\/em><\/strong><\/p>\n<p>Bien que la directive europe\u0301enne soit encore a\u0300 l&rsquo;e\u0301tat de projet, un certain nombre de pays de l&rsquo;UE suivent la cadence et introduisent une approche similaire dans leur le\u0301gislation nationale, comme les projets de textes du deal pour l\u2019emploi en Belgique et de la loi Rider en Espagne. Le gouvernement fe\u0301de\u0301ral belge a annonce\u0301 une re\u0301forme du marche\u0301 du travail en fe\u0301vrier 2022, et l&rsquo;un des nombreux sujets mentionne\u0301s dans ce projet de loi e\u0301tait le statut social des travailleurs de plateforme.<br \/>\nComme la proposition europe\u0301enne, le projet de loi belge introduit une pre\u0301somption le\u0301gale selon laquelle le travailleur de la plateforme doit e\u0302tre conside\u0301re\u0301 comme un employe\u0301 de la plateforme. Cette pre\u0301somption suit un certain nombre de crite\u0300res. Le le\u0301gislateur belge a ajoute\u0301 trois nouveaux crite\u0300res en plus des cinq crite\u0300res propose\u0301s par la Commission europe\u0301enne. La pre\u0301somption d&#8217;emploi s&rsquo;applique si trois des huit crite\u0300res sont remplis (ou deux des cinq crite\u0300res de l&rsquo;UE).<\/p>\n<p>Pascale Moreau, Associe\u0301e chez PwC Legal, de\u0301clare : \u00ab\u00a0<em>Ce que nous voyons se produire dans l&rsquo;e\u0301conomie de plateforme pourrait e\u0302tre le signe avant-coureur de changements ge\u0301ne\u0301ralise\u0301s sur le marche\u0301 du travail. Si les syste\u0300mes algorithmiques et les syste\u0300mes base\u0301s sur les donne\u0301es qui de\u0301terminent comment nous devons faire notre travail et quand et ou\u0300 nous devons travailler (au-dela\u0300 de l\u2019e\u0301conomie de plateforme) se ge\u0301ne\u0301ralisent sur le marche\u0301 du travail au sens large, nous pourrions entrer dans une nouvelle e\u0300re du marche\u0301 du travail. <\/em><em>Sans aucun doute, cette nouvelle dynamique pourrait conduire a\u0300 des emplois supple\u0301mentaires et a\u0300 une plus grande efficacite\u0301. Mais il y a deux co\u0302te\u0301s a\u0300 chaque me\u0301daille. Les questions de transparence, de culture d&rsquo;entreprise, de dialogue social, de responsabilite\u0301, de pre\u0301juge\u0301s et de vie prive\u0301e, pour n&rsquo;en citer que quelques-unes, devront e\u0302tre re\u0301solues. Si nous voulons que cette nouvelle fac\u0327on de travailler soit durable, nous devons veiller a\u0300 ce que l&rsquo;innovation et la protection aillent de pair.\u00a0\u00bb<\/em><\/p>\n<p>Le 17 juin 2022, le gouvernement fe\u0301de\u0301ral belge a annonce\u0301 e\u0302tre parvenu a\u0300 un accord sur la re\u0301forme du marche\u0301 du travail. En ce qui concerne la \u00ab gig economy \u00bb, il est pre\u0301vu qu&rsquo;un nouveau projet de loi soit introduit et vote\u0301 au parlement fe\u0301de\u0301ral avant la fe\u0302te nationale belge du 21 juillet 2022. Si tel est le cas, la Belgique pourrait e\u0302tre le premier pays a\u0300 mettre en \u0153uvre la (proposition de) directive europe\u0301enne.<\/p>\n<p>&nbsp;<\/p>\n<p><em>Source: PwC Legal &#8211; rapport 2022 sur la Gig Economy<\/em><\/p>\n","protected":false},"excerpt":{"rendered":"<p>Le nouveau rapport de PwC Legal sur la Gig Economy re\u0301ve\u0300le que, dans une tentative d&rsquo;inte\u0301grer les plateformes nume\u0301riques dans leur cadre juridique traditionnel, les pays europe\u0301ens ont tendance a\u0300 donner aux plateformes nume\u0301riques le statut d&#8217;employeur. Ce faisant, ils [&hellip;]<\/p>\n","protected":false},"author":2,"featured_media":13093,"comment_status":"closed","ping_status":"open","sticky":false,"template":"","format":"standard","meta":[],"categories":[65,10],"tags":[557,1619,1011,1017,2342,2343],"yoast_head":"<!-- This site is optimized with the Yoast SEO plugin v21.0 - https:\/\/yoast.com\/wordpress\/plugins\/seo\/ -->\n<title>Economie de plateforme: la Belgique devrait \u00eatre un des premiers pays \u00e0 instaurer dans la loi le statut d&#039;employeur pour les plateformes num\u00e9riques. - Peoplesphere<\/title>\n<meta name=\"robots\" content=\"index, follow, max-snippet:-1, max-image-preview:large, max-video-preview:-1\" \/>\n<link rel=\"canonical\" href=\"https:\/\/peoplesphere.be\/fr\/economie-de-plateforme-belgique-etre-premiers-pays-a-instaurer-loi-statut-demployeur-plateformes-numeriques\/\" \/>\n<meta property=\"og:locale\" content=\"fr_FR\" \/>\n<meta property=\"og:type\" content=\"article\" \/>\n<meta property=\"og:title\" content=\"Economie de plateforme: la Belgique devrait \u00eatre un des premiers pays \u00e0 instaurer dans la loi le statut d&#039;employeur pour les plateformes num\u00e9riques. - Peoplesphere\" \/>\n<meta property=\"og:description\" content=\"Le nouveau rapport de PwC Legal sur la Gig Economy re\u0301ve\u0300le que, dans une tentative d&rsquo;inte\u0301grer les plateformes nume\u0301riques dans leur cadre juridique traditionnel, les pays europe\u0301ens ont tendance a\u0300 donner aux plateformes nume\u0301riques le statut d&#8217;employeur. Ce faisant, ils [&hellip;]\" \/>\n<meta property=\"og:url\" content=\"https:\/\/peoplesphere.be\/fr\/economie-de-plateforme-belgique-etre-premiers-pays-a-instaurer-loi-statut-demployeur-plateformes-numeriques\/\" \/>\n<meta property=\"og:site_name\" content=\"Peoplesphere\" \/>\n<meta property=\"article:publisher\" content=\"https:\/\/www.facebook.com\/peoplesphere\" \/>\n<meta property=\"article:published_time\" content=\"2022-07-04T08:26:39+00:00\" \/>\n<meta property=\"og:image\" content=\"https:\/\/peoplesphere.be\/fr\/wp-content\/uploads\/2022\/07\/gigeconomy.jpg\" \/>\n\t<meta property=\"og:image:width\" content=\"800\" \/>\n\t<meta property=\"og:image:height\" content=\"581\" \/>\n\t<meta property=\"og:image:type\" content=\"image\/jpeg\" \/>\n<meta name=\"author\" content=\"Jean-Paul Erhard\" \/>\n<meta name=\"twitter:card\" content=\"summary_large_image\" \/>\n<meta name=\"twitter:creator\" content=\"@PeoplesphereMag\" \/>\n<meta name=\"twitter:site\" content=\"@PeoplesphereMag\" \/>\n<meta name=\"twitter:label1\" content=\"\u00c9crit par\" \/>\n\t<meta name=\"twitter:data1\" content=\"Jean-Paul Erhard\" \/>\n\t<meta name=\"twitter:label2\" content=\"Dur\u00e9e de lecture estim\u00e9e\" \/>\n\t<meta name=\"twitter:data2\" content=\"5 minutes\" \/>\n<script type=\"application\/ld+json\" class=\"yoast-schema-graph\">{\"@context\":\"https:\/\/schema.org\",\"@graph\":[{\"@type\":\"Article\",\"@id\":\"https:\/\/peoplesphere.be\/fr\/economie-de-plateforme-belgique-etre-premiers-pays-a-instaurer-loi-statut-demployeur-plateformes-numeriques\/#article\",\"isPartOf\":{\"@id\":\"https:\/\/peoplesphere.be\/fr\/economie-de-plateforme-belgique-etre-premiers-pays-a-instaurer-loi-statut-demployeur-plateformes-numeriques\/\"},\"author\":{\"name\":\"Jean-Paul Erhard\",\"@id\":\"https:\/\/peoplesphere.be\/fr\/#\/schema\/person\/7976225ff17988604334abb7b3536a7e\"},\"headline\":\"Economie de plateforme: la Belgique devrait \u00eatre un des premiers pays \u00e0 instaurer dans la loi le statut d&#8217;employeur pour les plateformes num\u00e9riques.\",\"datePublished\":\"2022-07-04T08:26:39+00:00\",\"dateModified\":\"2022-07-04T08:26:39+00:00\",\"mainEntityOfPage\":{\"@id\":\"https:\/\/peoplesphere.be\/fr\/economie-de-plateforme-belgique-etre-premiers-pays-a-instaurer-loi-statut-demployeur-plateformes-numeriques\/\"},\"wordCount\":957,\"publisher\":{\"@id\":\"https:\/\/peoplesphere.be\/fr\/#organization\"},\"keywords\":[\"droit social\",\"\u00e9conomie de plateforme\",\"gig economy\",\"PwC\",\"statut ind\u00e9pendant\",\"statut salari\u00e9\"],\"articleSection\":[\"Actualit\u00e9s\",\"Digital\"],\"inLanguage\":\"fr-FR\"},{\"@type\":\"WebPage\",\"@id\":\"https:\/\/peoplesphere.be\/fr\/economie-de-plateforme-belgique-etre-premiers-pays-a-instaurer-loi-statut-demployeur-plateformes-numeriques\/\",\"url\":\"https:\/\/peoplesphere.be\/fr\/economie-de-plateforme-belgique-etre-premiers-pays-a-instaurer-loi-statut-demployeur-plateformes-numeriques\/\",\"name\":\"Economie de plateforme: la Belgique devrait \u00eatre un des premiers pays \u00e0 instaurer dans la loi le statut d'employeur pour les plateformes num\u00e9riques. - Peoplesphere\",\"isPartOf\":{\"@id\":\"https:\/\/peoplesphere.be\/fr\/#website\"},\"datePublished\":\"2022-07-04T08:26:39+00:00\",\"dateModified\":\"2022-07-04T08:26:39+00:00\",\"breadcrumb\":{\"@id\":\"https:\/\/peoplesphere.be\/fr\/economie-de-plateforme-belgique-etre-premiers-pays-a-instaurer-loi-statut-demployeur-plateformes-numeriques\/#breadcrumb\"},\"inLanguage\":\"fr-FR\",\"potentialAction\":[{\"@type\":\"ReadAction\",\"target\":[\"https:\/\/peoplesphere.be\/fr\/economie-de-plateforme-belgique-etre-premiers-pays-a-instaurer-loi-statut-demployeur-plateformes-numeriques\/\"]}]},{\"@type\":\"BreadcrumbList\",\"@id\":\"https:\/\/peoplesphere.be\/fr\/economie-de-plateforme-belgique-etre-premiers-pays-a-instaurer-loi-statut-demployeur-plateformes-numeriques\/#breadcrumb\",\"itemListElement\":[{\"@type\":\"ListItem\",\"position\":1,\"name\":\"Accueil\",\"item\":\"https:\/\/peoplesphere.be\/fr\/\"},{\"@type\":\"ListItem\",\"position\":2,\"name\":\"Economie de plateforme: la Belgique devrait \u00eatre un des premiers pays \u00e0 instaurer dans la loi le statut d&#8217;employeur pour les plateformes num\u00e9riques.\"}]},{\"@type\":\"WebSite\",\"@id\":\"https:\/\/peoplesphere.be\/fr\/#website\",\"url\":\"https:\/\/peoplesphere.be\/fr\/\",\"name\":\"Peoplesphere\",\"description\":\"The People Managers Magazine\",\"publisher\":{\"@id\":\"https:\/\/peoplesphere.be\/fr\/#organization\"},\"potentialAction\":[{\"@type\":\"SearchAction\",\"target\":{\"@type\":\"EntryPoint\",\"urlTemplate\":\"https:\/\/peoplesphere.be\/fr\/?s={search_term_string}\"},\"query-input\":\"required name=search_term_string\"}],\"inLanguage\":\"fr-FR\"},{\"@type\":\"Organization\",\"@id\":\"https:\/\/peoplesphere.be\/fr\/#organization\",\"name\":\"Peoplesphere Company srl\",\"url\":\"https:\/\/peoplesphere.be\/fr\/\",\"logo\":{\"@type\":\"ImageObject\",\"inLanguage\":\"fr-FR\",\"@id\":\"https:\/\/peoplesphere.be\/fr\/#\/schema\/logo\/image\/\",\"url\":\"https:\/\/peoplesphere.be\/fr\/wp-content\/uploads\/2023\/07\/peoplesphere-lgo-new-generik.jpg\",\"contentUrl\":\"https:\/\/peoplesphere.be\/fr\/wp-content\/uploads\/2023\/07\/peoplesphere-lgo-new-generik.jpg\",\"width\":1031,\"height\":1479,\"caption\":\"Peoplesphere Company srl\"},\"image\":{\"@id\":\"https:\/\/peoplesphere.be\/fr\/#\/schema\/logo\/image\/\"},\"sameAs\":[\"https:\/\/www.facebook.com\/peoplesphere\",\"https:\/\/twitter.com\/PeoplesphereMag\",\"https:\/\/www.linkedin.com\/company\/7587361?trk\",\"http:\/\/youtube.com\/peoplesphere\"]},{\"@type\":\"Person\",\"@id\":\"https:\/\/peoplesphere.be\/fr\/#\/schema\/person\/7976225ff17988604334abb7b3536a7e\",\"name\":\"Jean-Paul Erhard\",\"image\":{\"@type\":\"ImageObject\",\"inLanguage\":\"fr-FR\",\"@id\":\"https:\/\/peoplesphere.be\/fr\/#\/schema\/person\/image\/\",\"url\":\"https:\/\/secure.gravatar.com\/avatar\/f941e681460179738071629a51574930?s=96&d=mm&r=g\",\"contentUrl\":\"https:\/\/secure.gravatar.com\/avatar\/f941e681460179738071629a51574930?s=96&d=mm&r=g\",\"caption\":\"Jean-Paul Erhard\"},\"url\":\"https:\/\/peoplesphere.be\/fr\/author\/jpe\/\"}]}<\/script>\n<!-- \/ Yoast SEO plugin. -->","yoast_head_json":{"title":"Economie de plateforme: la Belgique devrait \u00eatre un des premiers pays \u00e0 instaurer dans la loi le statut d'employeur pour les plateformes num\u00e9riques. - Peoplesphere","robots":{"index":"index","follow":"follow","max-snippet":"max-snippet:-1","max-image-preview":"max-image-preview:large","max-video-preview":"max-video-preview:-1"},"canonical":"https:\/\/peoplesphere.be\/fr\/economie-de-plateforme-belgique-etre-premiers-pays-a-instaurer-loi-statut-demployeur-plateformes-numeriques\/","og_locale":"fr_FR","og_type":"article","og_title":"Economie de plateforme: la Belgique devrait \u00eatre un des premiers pays \u00e0 instaurer dans la loi le statut d'employeur pour les plateformes num\u00e9riques. - Peoplesphere","og_description":"Le nouveau rapport de PwC Legal sur la Gig Economy re\u0301ve\u0300le que, dans une tentative d&rsquo;inte\u0301grer les plateformes nume\u0301riques dans leur cadre juridique traditionnel, les pays europe\u0301ens ont tendance a\u0300 donner aux plateformes nume\u0301riques le statut d&#8217;employeur. Ce faisant, ils [&hellip;]","og_url":"https:\/\/peoplesphere.be\/fr\/economie-de-plateforme-belgique-etre-premiers-pays-a-instaurer-loi-statut-demployeur-plateformes-numeriques\/","og_site_name":"Peoplesphere","article_publisher":"https:\/\/www.facebook.com\/peoplesphere","article_published_time":"2022-07-04T08:26:39+00:00","og_image":[{"width":800,"height":581,"url":"https:\/\/peoplesphere.be\/fr\/wp-content\/uploads\/2022\/07\/gigeconomy.jpg","type":"image\/jpeg"}],"author":"Jean-Paul Erhard","twitter_card":"summary_large_image","twitter_creator":"@PeoplesphereMag","twitter_site":"@PeoplesphereMag","twitter_misc":{"\u00c9crit par":"Jean-Paul Erhard","Dur\u00e9e de lecture estim\u00e9e":"5 minutes"},"schema":{"@context":"https:\/\/schema.org","@graph":[{"@type":"Article","@id":"https:\/\/peoplesphere.be\/fr\/economie-de-plateforme-belgique-etre-premiers-pays-a-instaurer-loi-statut-demployeur-plateformes-numeriques\/#article","isPartOf":{"@id":"https:\/\/peoplesphere.be\/fr\/economie-de-plateforme-belgique-etre-premiers-pays-a-instaurer-loi-statut-demployeur-plateformes-numeriques\/"},"author":{"name":"Jean-Paul Erhard","@id":"https:\/\/peoplesphere.be\/fr\/#\/schema\/person\/7976225ff17988604334abb7b3536a7e"},"headline":"Economie de plateforme: la Belgique devrait \u00eatre un des premiers pays \u00e0 instaurer dans la loi le statut d&#8217;employeur pour les plateformes num\u00e9riques.","datePublished":"2022-07-04T08:26:39+00:00","dateModified":"2022-07-04T08:26:39+00:00","mainEntityOfPage":{"@id":"https:\/\/peoplesphere.be\/fr\/economie-de-plateforme-belgique-etre-premiers-pays-a-instaurer-loi-statut-demployeur-plateformes-numeriques\/"},"wordCount":957,"publisher":{"@id":"https:\/\/peoplesphere.be\/fr\/#organization"},"keywords":["droit social","\u00e9conomie de plateforme","gig economy","PwC","statut ind\u00e9pendant","statut salari\u00e9"],"articleSection":["Actualit\u00e9s","Digital"],"inLanguage":"fr-FR"},{"@type":"WebPage","@id":"https:\/\/peoplesphere.be\/fr\/economie-de-plateforme-belgique-etre-premiers-pays-a-instaurer-loi-statut-demployeur-plateformes-numeriques\/","url":"https:\/\/peoplesphere.be\/fr\/economie-de-plateforme-belgique-etre-premiers-pays-a-instaurer-loi-statut-demployeur-plateformes-numeriques\/","name":"Economie de plateforme: la Belgique devrait \u00eatre un des premiers pays \u00e0 instaurer dans la loi le statut d'employeur pour les plateformes num\u00e9riques. - Peoplesphere","isPartOf":{"@id":"https:\/\/peoplesphere.be\/fr\/#website"},"datePublished":"2022-07-04T08:26:39+00:00","dateModified":"2022-07-04T08:26:39+00:00","breadcrumb":{"@id":"https:\/\/peoplesphere.be\/fr\/economie-de-plateforme-belgique-etre-premiers-pays-a-instaurer-loi-statut-demployeur-plateformes-numeriques\/#breadcrumb"},"inLanguage":"fr-FR","potentialAction":[{"@type":"ReadAction","target":["https:\/\/peoplesphere.be\/fr\/economie-de-plateforme-belgique-etre-premiers-pays-a-instaurer-loi-statut-demployeur-plateformes-numeriques\/"]}]},{"@type":"BreadcrumbList","@id":"https:\/\/peoplesphere.be\/fr\/economie-de-plateforme-belgique-etre-premiers-pays-a-instaurer-loi-statut-demployeur-plateformes-numeriques\/#breadcrumb","itemListElement":[{"@type":"ListItem","position":1,"name":"Accueil","item":"https:\/\/peoplesphere.be\/fr\/"},{"@type":"ListItem","position":2,"name":"Economie de plateforme: la Belgique devrait \u00eatre un des premiers pays \u00e0 instaurer dans la loi le statut d&#8217;employeur pour les plateformes num\u00e9riques."}]},{"@type":"WebSite","@id":"https:\/\/peoplesphere.be\/fr\/#website","url":"https:\/\/peoplesphere.be\/fr\/","name":"Peoplesphere","description":"The People Managers Magazine","publisher":{"@id":"https:\/\/peoplesphere.be\/fr\/#organization"},"potentialAction":[{"@type":"SearchAction","target":{"@type":"EntryPoint","urlTemplate":"https:\/\/peoplesphere.be\/fr\/?s={search_term_string}"},"query-input":"required name=search_term_string"}],"inLanguage":"fr-FR"},{"@type":"Organization","@id":"https:\/\/peoplesphere.be\/fr\/#organization","name":"Peoplesphere Company srl","url":"https:\/\/peoplesphere.be\/fr\/","logo":{"@type":"ImageObject","inLanguage":"fr-FR","@id":"https:\/\/peoplesphere.be\/fr\/#\/schema\/logo\/image\/","url":"https:\/\/peoplesphere.be\/fr\/wp-content\/uploads\/2023\/07\/peoplesphere-lgo-new-generik.jpg","contentUrl":"https:\/\/peoplesphere.be\/fr\/wp-content\/uploads\/2023\/07\/peoplesphere-lgo-new-generik.jpg","width":1031,"height":1479,"caption":"Peoplesphere Company srl"},"image":{"@id":"https:\/\/peoplesphere.be\/fr\/#\/schema\/logo\/image\/"},"sameAs":["https:\/\/www.facebook.com\/peoplesphere","https:\/\/twitter.com\/PeoplesphereMag","https:\/\/www.linkedin.com\/company\/7587361?trk","http:\/\/youtube.com\/peoplesphere"]},{"@type":"Person","@id":"https:\/\/peoplesphere.be\/fr\/#\/schema\/person\/7976225ff17988604334abb7b3536a7e","name":"Jean-Paul Erhard","image":{"@type":"ImageObject","inLanguage":"fr-FR","@id":"https:\/\/peoplesphere.be\/fr\/#\/schema\/person\/image\/","url":"https:\/\/secure.gravatar.com\/avatar\/f941e681460179738071629a51574930?s=96&d=mm&r=g","contentUrl":"https:\/\/secure.gravatar.com\/avatar\/f941e681460179738071629a51574930?s=96&d=mm&r=g","caption":"Jean-Paul Erhard"},"url":"https:\/\/peoplesphere.be\/fr\/author\/jpe\/"}]}},"_links":{"self":[{"href":"https:\/\/peoplesphere.be\/fr\/wp-json\/wp\/v2\/posts\/13092"}],"collection":[{"href":"https:\/\/peoplesphere.be\/fr\/wp-json\/wp\/v2\/posts"}],"about":[{"href":"https:\/\/peoplesphere.be\/fr\/wp-json\/wp\/v2\/types\/post"}],"author":[{"embeddable":true,"href":"https:\/\/peoplesphere.be\/fr\/wp-json\/wp\/v2\/users\/2"}],"replies":[{"embeddable":true,"href":"https:\/\/peoplesphere.be\/fr\/wp-json\/wp\/v2\/comments?post=13092"}],"version-history":[{"count":1,"href":"https:\/\/peoplesphere.be\/fr\/wp-json\/wp\/v2\/posts\/13092\/revisions"}],"predecessor-version":[{"id":13094,"href":"https:\/\/peoplesphere.be\/fr\/wp-json\/wp\/v2\/posts\/13092\/revisions\/13094"}],"wp:featuredmedia":[{"embeddable":true,"href":"https:\/\/peoplesphere.be\/fr\/wp-json\/wp\/v2\/media\/13093"}],"wp:attachment":[{"href":"https:\/\/peoplesphere.be\/fr\/wp-json\/wp\/v2\/media?parent=13092"}],"wp:term":[{"taxonomy":"category","embeddable":true,"href":"https:\/\/peoplesphere.be\/fr\/wp-json\/wp\/v2\/categories?post=13092"},{"taxonomy":"post_tag","embeddable":true,"href":"https:\/\/peoplesphere.be\/fr\/wp-json\/wp\/v2\/tags?post=13092"}],"curies":[{"name":"wp","href":"https:\/\/api.w.org\/{rel}","templated":true}]}}