









{"id":13163,"date":"2022-07-20T13:33:43","date_gmt":"2022-07-20T11:33:43","guid":{"rendered":"https:\/\/peoplesphere.be\/fr\/?p=13163"},"modified":"2022-07-20T13:33:43","modified_gmt":"2022-07-20T11:33:43","slug":"de-nominations-sein-conseils-dadministration-belges-2021-relatif-status-quo-a-laube-dun-grand-renouvellement","status":"publish","type":"post","link":"https:\/\/peoplesphere.be\/fr\/de-nominations-sein-conseils-dadministration-belges-2021-relatif-status-quo-a-laube-dun-grand-renouvellement\/","title":{"rendered":"Peu de nominations au sein des conseils d\u2019administration belges en 2021: un relatif status quo \u00e0 l\u2019aube d\u2019un grand \u00ab\u00a0renouvellement\u00a0\u00bb?"},"content":{"rendered":"<p>Avec seulement 13 nouvelles nominations au sein des CA du Bel 20, notre pays a connu un relatif status quo l\u2019ann\u00e9e derni\u00e8re. Si les donn\u00e9es de cette \u00e9dition sont d\u00e8s lors \u00e0 relativiser puisqu\u2019elles sont peu repr\u00e9sentatives en valeur absolue, elles permettent cependant de d\u00e9gager des tendances pour l\u2019ann\u00e9e 2021\u2026 et pour le futur des CA. Sont notamment \u00e0 noter : un boom de la valorisation de l\u2019exp\u00e9rience COO, un premier mandat pour la moiti\u00e9 des nouveaux administrateurs ainsi qu\u2019une ouverture aux talents internationaux, mais toujours aucune exp\u00e9rience en \u2018Sustainability\u2019.<!--more--><\/p>\n<p>Acteur international en mati\u00e8re d\u2019Executive Search et de Leadership Consulting pour dirigeants, Heidrick &amp; Struggles publie la sixi\u00e8me \u00e9dition de son \u2018Board Monitor\u2019. Ce barom\u00e8tre europ\u00e9en permet au cabinet d\u2019analyser l\u2019\u00e9volution globale du profil des nouveaux membres des conseils d\u2019administration. Pour la troisi\u00e8me fois, ce rapport inclut la Belgique, aux c\u00f4t\u00e9s de 13 autres pays tels que la France, l\u2019Allemagne et des pays scandinaves.<\/p>\n<p><strong><em>Un retour aux valeurs s\u00fbres<\/em><\/strong><\/p>\n<p>Un \u00e2ge moyen de 57,5 ans, un ratio de 69% d\u2019hommes, une forte valorisation de l\u2019exp\u00e9rience C-Suite (54% d\u2019(ex) CEOs et 15% d\u2019(ex) CFOs). De prime abord, les rares nominations \u00e0 noter pour 2021 au sein des CA du Bel 20 sont \u00e0 l\u2019image du climat social et \u00e9conomique actuel : en cette p\u00e9riode de crises et d\u2019incertitudes, la prise de risque est limit\u00e9e autant que possible et les entreprises ont tendance \u00e0 revenir aux \u00ab fondamentaux \u00bb.<\/p>\n<p>Evolution tout de m\u00eame int\u00e9ressante lorsqu\u2019on examine de plus pr\u00e8s l\u2019exp\u00e9rience C-Suite : davantage de Chief Operating Officers (COOs) ont \u00e9t\u00e9 propuls\u00e9s vers les conseils d\u2019administration. On observe ainsi une forte hausse de ce profil depuis l\u2019an dernier : de 17% en 2020, ce chiffre a grimp\u00e9 jusqu\u2019\u00e0 31% en 2021. Les COOs repr\u00e9sentent donc environ 1 nomination sur 3 dans les profils 2021.<\/p>\n<p><em>\u00ab Entre hausses des prix et p\u00e9nuries, l\u2019approvisionnement en mati\u00e8res premi\u00e8res a \u00e9t\u00e9 compl\u00e8tement chamboul\u00e9 depuis d\u00e9but 2021. La vision strat\u00e9gique de l&rsquo;ensemble de la cha\u00eene d&rsquo;approvisionnement mondiale d\u00e9tenue par les COOs est actuellement tr\u00e8s pr\u00e9cieuse pour les conseils d\u2019administration, et continuera \u00e0 l\u2019\u00eatre dans les ann\u00e9es \u00e0 venir \u00bb<\/em>, pr\u00e9cise Marie-H\u00e9l\u00e8ne De Coster, Partner-in-Charge d\u2019Heidrick &amp; Struggles Belux.<\/p>\n<p><strong><em>Une premi\u00e8re exp\u00e9rience pour la moiti\u00e9 des nouveaux administrateurs<\/em><\/strong><\/p>\n<p>Si le Bel 20 a, dans une certaine mesure, jou\u00e9 la carte de la s\u00e9curit\u00e9, il serait cependant r\u00e9ducteur d\u2019en conclure qu\u2019aucune chance n\u2019a \u00e9t\u00e9 laiss\u00e9e \u00e0 de nouveaux arrivants. Cette \u00e9dition du Board Monitor montre ainsi que pr\u00e8s de la moiti\u00e9 (46%) des nouveaux membres des CA du Bel 20 n\u2019avaient jamais exerc\u00e9 une telle fonction auparavant. En outre, une majorit\u00e9 (69%) des nouveaux mandats ont \u00e9t\u00e9 attribu\u00e9s \u00e0 des profils encore actifs sur le march\u00e9 du travail \u2013 ce qui donne certainement un caract\u00e8re tr\u00e8s dynamique aux boards.<\/p>\n<p>Par ailleurs, notre pays se d\u00e9marque, cette ann\u00e9e encore, par la place laiss\u00e9e aux talents internationaux. Avec 62% de \u2018non-nationals\u2019 (un r\u00e9sultat \u00e9gal\u00e9 par les Pays-Bas), la Belgique se hisse \u00e0 la deuxi\u00e8me place. Seule la Suisse fait \u00ab mieux \u00bb avec 68%.<\/p>\n<p><em>\u00ab\u00a0Il est tr\u00e8s positif de voir que de petits pays comme la Belgique, les Pays-Bas ou la Suisse continuent, d\u2019ann\u00e9e en ann\u00e9e, d\u2019attirer \u2013 et de r\u00e9ussir \u00e0 garder sur leur territoire \u2013 des talents internationaux\u00a0\u00bb,<\/em> ajoute Marie-H\u00e9l\u00e8ne De Coster.<\/p>\n<p><strong><em>Sustainability : une nouvelle \u00e8re pour les conseils d\u2019administration ?<\/em><\/strong><\/p>\n<p>Un certain int\u00e9r\u00eat \u00e9tait ressorti du dernier rapport pour de \u00ab nouveaux \u00bb types d\u2019expertise : 17% des nouveaux administrateurs belges pouvaient se targuer d\u2019une exp\u00e9rience en cybers\u00e9curit\u00e9 et 8% en Diversity &amp; Inclusion (D&amp;I). Cette ann\u00e9e, ces deux crit\u00e8res sont retomb\u00e9s \u00e0 0%. Un pourcentage qui est \u00e9galement partag\u00e9 par le crit\u00e8re \u2018Sustainability\u2019\u2026 pour la deuxi\u00e8me ann\u00e9e cons\u00e9cutive.<\/p>\n<p><em>\u00ab Si les conseils d\u2019administration ont d\u00e9j\u00e0 pu faire le \u00ab plein \u00bb d\u2019exp\u00e9riences en cybers\u00e9curit\u00e9 et D&amp;I, la durabilit\u00e9 reste certainement un point d\u2019attention pour le futur. Il s\u2019agit l\u00e0 d\u2019une pr\u00e9occupation majeure de notre soci\u00e9t\u00e9, tant au niveau politique, \u00e9conomique que priv\u00e9. De nombreux mandats au sein des CA du Bel 20 arrivent \u00e0 \u00e9ch\u00e9ance dans les prochaines ann\u00e9es. C\u2019est clairement une opportunit\u00e9 que devraient saisir tous les conseils d\u2019administrations belges pour investir dans cette comp\u00e9tence fondamentale pour l\u2019avenir \u00bb<\/em>, conclut Marie-H\u00e9l\u00e8ne De Coster.<\/p>\n<p>&nbsp;<\/p>\n<p><em>Source: Heidrick &amp; Struggles &#8211; Board Monitor Europe<\/em><\/p>\n","protected":false},"excerpt":{"rendered":"<p>Avec seulement 13 nouvelles nominations au sein des CA du Bel 20, notre pays a connu un relatif status quo l\u2019ann\u00e9e derni\u00e8re. Si les donn\u00e9es de cette \u00e9dition sont d\u00e8s lors \u00e0 relativiser puisqu\u2019elles sont peu repr\u00e9sentatives en valeur absolue, [&hellip;]<\/p>\n","protected":false},"author":2,"featured_media":0,"comment_status":"closed","ping_status":"open","sticky":false,"template":"","format":"standard","meta":[],"categories":[65,10],"tags":[116,823,269,189,72],"yoast_head":"<!-- This site is optimized with the Yoast SEO plugin v21.0 - https:\/\/yoast.com\/wordpress\/plugins\/seo\/ -->\n<title>Peu de nominations au sein des conseils d\u2019administration belges en 2021: un relatif status quo \u00e0 l\u2019aube d\u2019un grand &quot;renouvellement&quot;? - Peoplesphere<\/title>\n<meta name=\"robots\" content=\"index, follow, max-snippet:-1, max-image-preview:large, max-video-preview:-1\" \/>\n<link rel=\"canonical\" href=\"https:\/\/peoplesphere.be\/fr\/de-nominations-sein-conseils-dadministration-belges-2021-relatif-status-quo-a-laube-dun-grand-renouvellement\/\" \/>\n<meta property=\"og:locale\" content=\"fr_FR\" \/>\n<meta property=\"og:type\" content=\"article\" \/>\n<meta property=\"og:title\" content=\"Peu de nominations au sein des conseils d\u2019administration belges en 2021: un relatif status quo \u00e0 l\u2019aube d\u2019un grand &quot;renouvellement&quot;? - Peoplesphere\" \/>\n<meta property=\"og:description\" content=\"Avec seulement 13 nouvelles nominations au sein des CA du Bel 20, notre pays a connu un relatif status quo l\u2019ann\u00e9e derni\u00e8re. Si les donn\u00e9es de cette \u00e9dition sont d\u00e8s lors \u00e0 relativiser puisqu\u2019elles sont peu repr\u00e9sentatives en valeur absolue, [&hellip;]\" \/>\n<meta property=\"og:url\" content=\"https:\/\/peoplesphere.be\/fr\/de-nominations-sein-conseils-dadministration-belges-2021-relatif-status-quo-a-laube-dun-grand-renouvellement\/\" \/>\n<meta property=\"og:site_name\" content=\"Peoplesphere\" \/>\n<meta property=\"article:publisher\" content=\"https:\/\/www.facebook.com\/peoplesphere\" \/>\n<meta property=\"article:published_time\" content=\"2022-07-20T11:33:43+00:00\" \/>\n<meta property=\"og:image\" content=\"http:\/\/www.peoplesphere.be\/fr\/wp-content\/uploads\/2016\/07\/facebook-default-posting-1200x628px.jpg\" \/>\n<meta name=\"author\" content=\"Jean-Paul Erhard\" \/>\n<meta name=\"twitter:card\" content=\"summary_large_image\" \/>\n<meta name=\"twitter:creator\" content=\"@PeoplesphereMag\" \/>\n<meta name=\"twitter:site\" content=\"@PeoplesphereMag\" \/>\n<meta name=\"twitter:label1\" content=\"\u00c9crit par\" \/>\n\t<meta name=\"twitter:data1\" content=\"Jean-Paul Erhard\" \/>\n\t<meta name=\"twitter:label2\" content=\"Dur\u00e9e de lecture estim\u00e9e\" \/>\n\t<meta name=\"twitter:data2\" content=\"4 minutes\" \/>\n<script type=\"application\/ld+json\" class=\"yoast-schema-graph\">{\"@context\":\"https:\/\/schema.org\",\"@graph\":[{\"@type\":\"Article\",\"@id\":\"https:\/\/peoplesphere.be\/fr\/de-nominations-sein-conseils-dadministration-belges-2021-relatif-status-quo-a-laube-dun-grand-renouvellement\/#article\",\"isPartOf\":{\"@id\":\"https:\/\/peoplesphere.be\/fr\/de-nominations-sein-conseils-dadministration-belges-2021-relatif-status-quo-a-laube-dun-grand-renouvellement\/\"},\"author\":{\"name\":\"Jean-Paul Erhard\",\"@id\":\"https:\/\/peoplesphere.be\/fr\/#\/schema\/person\/7976225ff17988604334abb7b3536a7e\"},\"headline\":\"Peu de nominations au sein des conseils d\u2019administration belges en 2021: un relatif status quo \u00e0 l\u2019aube d\u2019un grand \u00ab\u00a0renouvellement\u00a0\u00bb?\",\"datePublished\":\"2022-07-20T11:33:43+00:00\",\"dateModified\":\"2022-07-20T11:33:43+00:00\",\"mainEntityOfPage\":{\"@id\":\"https:\/\/peoplesphere.be\/fr\/de-nominations-sein-conseils-dadministration-belges-2021-relatif-status-quo-a-laube-dun-grand-renouvellement\/\"},\"wordCount\":790,\"publisher\":{\"@id\":\"https:\/\/peoplesphere.be\/fr\/#organization\"},\"keywords\":[\"comp\u00e9tences\",\"d\u00e9veloppement durable\",\"gouvernance\",\"leadership\",\"recrutement\"],\"articleSection\":[\"Actualit\u00e9s\",\"Digital\"],\"inLanguage\":\"fr-FR\"},{\"@type\":\"WebPage\",\"@id\":\"https:\/\/peoplesphere.be\/fr\/de-nominations-sein-conseils-dadministration-belges-2021-relatif-status-quo-a-laube-dun-grand-renouvellement\/\",\"url\":\"https:\/\/peoplesphere.be\/fr\/de-nominations-sein-conseils-dadministration-belges-2021-relatif-status-quo-a-laube-dun-grand-renouvellement\/\",\"name\":\"Peu de nominations au sein des conseils d\u2019administration belges en 2021: un relatif status quo \u00e0 l\u2019aube d\u2019un grand \\\"renouvellement\\\"? - Peoplesphere\",\"isPartOf\":{\"@id\":\"https:\/\/peoplesphere.be\/fr\/#website\"},\"datePublished\":\"2022-07-20T11:33:43+00:00\",\"dateModified\":\"2022-07-20T11:33:43+00:00\",\"breadcrumb\":{\"@id\":\"https:\/\/peoplesphere.be\/fr\/de-nominations-sein-conseils-dadministration-belges-2021-relatif-status-quo-a-laube-dun-grand-renouvellement\/#breadcrumb\"},\"inLanguage\":\"fr-FR\",\"potentialAction\":[{\"@type\":\"ReadAction\",\"target\":[\"https:\/\/peoplesphere.be\/fr\/de-nominations-sein-conseils-dadministration-belges-2021-relatif-status-quo-a-laube-dun-grand-renouvellement\/\"]}]},{\"@type\":\"BreadcrumbList\",\"@id\":\"https:\/\/peoplesphere.be\/fr\/de-nominations-sein-conseils-dadministration-belges-2021-relatif-status-quo-a-laube-dun-grand-renouvellement\/#breadcrumb\",\"itemListElement\":[{\"@type\":\"ListItem\",\"position\":1,\"name\":\"Accueil\",\"item\":\"https:\/\/peoplesphere.be\/fr\/\"},{\"@type\":\"ListItem\",\"position\":2,\"name\":\"Peu de nominations au sein des conseils d\u2019administration belges en 2021: un relatif status quo \u00e0 l\u2019aube d\u2019un grand \u00ab\u00a0renouvellement\u00a0\u00bb?\"}]},{\"@type\":\"WebSite\",\"@id\":\"https:\/\/peoplesphere.be\/fr\/#website\",\"url\":\"https:\/\/peoplesphere.be\/fr\/\",\"name\":\"Peoplesphere\",\"description\":\"The People Managers Magazine\",\"publisher\":{\"@id\":\"https:\/\/peoplesphere.be\/fr\/#organization\"},\"potentialAction\":[{\"@type\":\"SearchAction\",\"target\":{\"@type\":\"EntryPoint\",\"urlTemplate\":\"https:\/\/peoplesphere.be\/fr\/?s={search_term_string}\"},\"query-input\":\"required name=search_term_string\"}],\"inLanguage\":\"fr-FR\"},{\"@type\":\"Organization\",\"@id\":\"https:\/\/peoplesphere.be\/fr\/#organization\",\"name\":\"Peoplesphere Company srl\",\"url\":\"https:\/\/peoplesphere.be\/fr\/\",\"logo\":{\"@type\":\"ImageObject\",\"inLanguage\":\"fr-FR\",\"@id\":\"https:\/\/peoplesphere.be\/fr\/#\/schema\/logo\/image\/\",\"url\":\"https:\/\/peoplesphere.be\/fr\/wp-content\/uploads\/2023\/07\/peoplesphere-lgo-new-generik.jpg\",\"contentUrl\":\"https:\/\/peoplesphere.be\/fr\/wp-content\/uploads\/2023\/07\/peoplesphere-lgo-new-generik.jpg\",\"width\":1031,\"height\":1479,\"caption\":\"Peoplesphere Company srl\"},\"image\":{\"@id\":\"https:\/\/peoplesphere.be\/fr\/#\/schema\/logo\/image\/\"},\"sameAs\":[\"https:\/\/www.facebook.com\/peoplesphere\",\"https:\/\/twitter.com\/PeoplesphereMag\",\"https:\/\/www.linkedin.com\/company\/7587361?trk\",\"http:\/\/youtube.com\/peoplesphere\"]},{\"@type\":\"Person\",\"@id\":\"https:\/\/peoplesphere.be\/fr\/#\/schema\/person\/7976225ff17988604334abb7b3536a7e\",\"name\":\"Jean-Paul Erhard\",\"image\":{\"@type\":\"ImageObject\",\"inLanguage\":\"fr-FR\",\"@id\":\"https:\/\/peoplesphere.be\/fr\/#\/schema\/person\/image\/\",\"url\":\"https:\/\/secure.gravatar.com\/avatar\/f941e681460179738071629a51574930?s=96&d=mm&r=g\",\"contentUrl\":\"https:\/\/secure.gravatar.com\/avatar\/f941e681460179738071629a51574930?s=96&d=mm&r=g\",\"caption\":\"Jean-Paul Erhard\"},\"url\":\"https:\/\/peoplesphere.be\/fr\/author\/jpe\/\"}]}<\/script>\n<!-- \/ Yoast SEO plugin. -->","yoast_head_json":{"title":"Peu de nominations au sein des conseils d\u2019administration belges en 2021: un relatif status quo \u00e0 l\u2019aube d\u2019un grand \"renouvellement\"? - Peoplesphere","robots":{"index":"index","follow":"follow","max-snippet":"max-snippet:-1","max-image-preview":"max-image-preview:large","max-video-preview":"max-video-preview:-1"},"canonical":"https:\/\/peoplesphere.be\/fr\/de-nominations-sein-conseils-dadministration-belges-2021-relatif-status-quo-a-laube-dun-grand-renouvellement\/","og_locale":"fr_FR","og_type":"article","og_title":"Peu de nominations au sein des conseils d\u2019administration belges en 2021: un relatif status quo \u00e0 l\u2019aube d\u2019un grand \"renouvellement\"? - Peoplesphere","og_description":"Avec seulement 13 nouvelles nominations au sein des CA du Bel 20, notre pays a connu un relatif status quo l\u2019ann\u00e9e derni\u00e8re. Si les donn\u00e9es de cette \u00e9dition sont d\u00e8s lors \u00e0 relativiser puisqu\u2019elles sont peu repr\u00e9sentatives en valeur absolue, [&hellip;]","og_url":"https:\/\/peoplesphere.be\/fr\/de-nominations-sein-conseils-dadministration-belges-2021-relatif-status-quo-a-laube-dun-grand-renouvellement\/","og_site_name":"Peoplesphere","article_publisher":"https:\/\/www.facebook.com\/peoplesphere","article_published_time":"2022-07-20T11:33:43+00:00","og_image":[{"url":"http:\/\/www.peoplesphere.be\/fr\/wp-content\/uploads\/2016\/07\/facebook-default-posting-1200x628px.jpg"}],"author":"Jean-Paul Erhard","twitter_card":"summary_large_image","twitter_creator":"@PeoplesphereMag","twitter_site":"@PeoplesphereMag","twitter_misc":{"\u00c9crit par":"Jean-Paul Erhard","Dur\u00e9e de lecture estim\u00e9e":"4 minutes"},"schema":{"@context":"https:\/\/schema.org","@graph":[{"@type":"Article","@id":"https:\/\/peoplesphere.be\/fr\/de-nominations-sein-conseils-dadministration-belges-2021-relatif-status-quo-a-laube-dun-grand-renouvellement\/#article","isPartOf":{"@id":"https:\/\/peoplesphere.be\/fr\/de-nominations-sein-conseils-dadministration-belges-2021-relatif-status-quo-a-laube-dun-grand-renouvellement\/"},"author":{"name":"Jean-Paul Erhard","@id":"https:\/\/peoplesphere.be\/fr\/#\/schema\/person\/7976225ff17988604334abb7b3536a7e"},"headline":"Peu de nominations au sein des conseils d\u2019administration belges en 2021: un relatif status quo \u00e0 l\u2019aube d\u2019un grand \u00ab\u00a0renouvellement\u00a0\u00bb?","datePublished":"2022-07-20T11:33:43+00:00","dateModified":"2022-07-20T11:33:43+00:00","mainEntityOfPage":{"@id":"https:\/\/peoplesphere.be\/fr\/de-nominations-sein-conseils-dadministration-belges-2021-relatif-status-quo-a-laube-dun-grand-renouvellement\/"},"wordCount":790,"publisher":{"@id":"https:\/\/peoplesphere.be\/fr\/#organization"},"keywords":["comp\u00e9tences","d\u00e9veloppement durable","gouvernance","leadership","recrutement"],"articleSection":["Actualit\u00e9s","Digital"],"inLanguage":"fr-FR"},{"@type":"WebPage","@id":"https:\/\/peoplesphere.be\/fr\/de-nominations-sein-conseils-dadministration-belges-2021-relatif-status-quo-a-laube-dun-grand-renouvellement\/","url":"https:\/\/peoplesphere.be\/fr\/de-nominations-sein-conseils-dadministration-belges-2021-relatif-status-quo-a-laube-dun-grand-renouvellement\/","name":"Peu de nominations au sein des conseils d\u2019administration belges en 2021: un relatif status quo \u00e0 l\u2019aube d\u2019un grand \"renouvellement\"? - Peoplesphere","isPartOf":{"@id":"https:\/\/peoplesphere.be\/fr\/#website"},"datePublished":"2022-07-20T11:33:43+00:00","dateModified":"2022-07-20T11:33:43+00:00","breadcrumb":{"@id":"https:\/\/peoplesphere.be\/fr\/de-nominations-sein-conseils-dadministration-belges-2021-relatif-status-quo-a-laube-dun-grand-renouvellement\/#breadcrumb"},"inLanguage":"fr-FR","potentialAction":[{"@type":"ReadAction","target":["https:\/\/peoplesphere.be\/fr\/de-nominations-sein-conseils-dadministration-belges-2021-relatif-status-quo-a-laube-dun-grand-renouvellement\/"]}]},{"@type":"BreadcrumbList","@id":"https:\/\/peoplesphere.be\/fr\/de-nominations-sein-conseils-dadministration-belges-2021-relatif-status-quo-a-laube-dun-grand-renouvellement\/#breadcrumb","itemListElement":[{"@type":"ListItem","position":1,"name":"Accueil","item":"https:\/\/peoplesphere.be\/fr\/"},{"@type":"ListItem","position":2,"name":"Peu de nominations au sein des conseils d\u2019administration belges en 2021: un relatif status quo \u00e0 l\u2019aube d\u2019un grand \u00ab\u00a0renouvellement\u00a0\u00bb?"}]},{"@type":"WebSite","@id":"https:\/\/peoplesphere.be\/fr\/#website","url":"https:\/\/peoplesphere.be\/fr\/","name":"Peoplesphere","description":"The People Managers Magazine","publisher":{"@id":"https:\/\/peoplesphere.be\/fr\/#organization"},"potentialAction":[{"@type":"SearchAction","target":{"@type":"EntryPoint","urlTemplate":"https:\/\/peoplesphere.be\/fr\/?s={search_term_string}"},"query-input":"required name=search_term_string"}],"inLanguage":"fr-FR"},{"@type":"Organization","@id":"https:\/\/peoplesphere.be\/fr\/#organization","name":"Peoplesphere Company srl","url":"https:\/\/peoplesphere.be\/fr\/","logo":{"@type":"ImageObject","inLanguage":"fr-FR","@id":"https:\/\/peoplesphere.be\/fr\/#\/schema\/logo\/image\/","url":"https:\/\/peoplesphere.be\/fr\/wp-content\/uploads\/2023\/07\/peoplesphere-lgo-new-generik.jpg","contentUrl":"https:\/\/peoplesphere.be\/fr\/wp-content\/uploads\/2023\/07\/peoplesphere-lgo-new-generik.jpg","width":1031,"height":1479,"caption":"Peoplesphere Company srl"},"image":{"@id":"https:\/\/peoplesphere.be\/fr\/#\/schema\/logo\/image\/"},"sameAs":["https:\/\/www.facebook.com\/peoplesphere","https:\/\/twitter.com\/PeoplesphereMag","https:\/\/www.linkedin.com\/company\/7587361?trk","http:\/\/youtube.com\/peoplesphere"]},{"@type":"Person","@id":"https:\/\/peoplesphere.be\/fr\/#\/schema\/person\/7976225ff17988604334abb7b3536a7e","name":"Jean-Paul Erhard","image":{"@type":"ImageObject","inLanguage":"fr-FR","@id":"https:\/\/peoplesphere.be\/fr\/#\/schema\/person\/image\/","url":"https:\/\/secure.gravatar.com\/avatar\/f941e681460179738071629a51574930?s=96&d=mm&r=g","contentUrl":"https:\/\/secure.gravatar.com\/avatar\/f941e681460179738071629a51574930?s=96&d=mm&r=g","caption":"Jean-Paul Erhard"},"url":"https:\/\/peoplesphere.be\/fr\/author\/jpe\/"}]}},"_links":{"self":[{"href":"https:\/\/peoplesphere.be\/fr\/wp-json\/wp\/v2\/posts\/13163"}],"collection":[{"href":"https:\/\/peoplesphere.be\/fr\/wp-json\/wp\/v2\/posts"}],"about":[{"href":"https:\/\/peoplesphere.be\/fr\/wp-json\/wp\/v2\/types\/post"}],"author":[{"embeddable":true,"href":"https:\/\/peoplesphere.be\/fr\/wp-json\/wp\/v2\/users\/2"}],"replies":[{"embeddable":true,"href":"https:\/\/peoplesphere.be\/fr\/wp-json\/wp\/v2\/comments?post=13163"}],"version-history":[{"count":1,"href":"https:\/\/peoplesphere.be\/fr\/wp-json\/wp\/v2\/posts\/13163\/revisions"}],"predecessor-version":[{"id":13164,"href":"https:\/\/peoplesphere.be\/fr\/wp-json\/wp\/v2\/posts\/13163\/revisions\/13164"}],"wp:attachment":[{"href":"https:\/\/peoplesphere.be\/fr\/wp-json\/wp\/v2\/media?parent=13163"}],"wp:term":[{"taxonomy":"category","embeddable":true,"href":"https:\/\/peoplesphere.be\/fr\/wp-json\/wp\/v2\/categories?post=13163"},{"taxonomy":"post_tag","embeddable":true,"href":"https:\/\/peoplesphere.be\/fr\/wp-json\/wp\/v2\/tags?post=13163"}],"curies":[{"name":"wp","href":"https:\/\/api.w.org\/{rel}","templated":true}]}}