









{"id":13226,"date":"2022-08-03T14:43:33","date_gmt":"2022-08-03T12:43:33","guid":{"rendered":"https:\/\/peoplesphere.be\/fr\/?p=13226"},"modified":"2023-07-28T14:57:15","modified_gmt":"2023-07-28T12:57:15","slug":"traditionnelle-hausse-saisonniere-nombre-de-demandeurs-demploi-wallonie-153-de-jeunes-plus-inscrits-forem","status":"publish","type":"post","link":"https:\/\/peoplesphere.be\/fr\/traditionnelle-hausse-saisonniere-nombre-de-demandeurs-demploi-wallonie-153-de-jeunes-plus-inscrits-forem\/","title":{"rendered":"Traditionnelle hausse saisonni\u00e8re du nombre de demandeurs d&#8217;emploi en Wallonie: 15,3 % de jeunes en plus inscrits au Forem."},"content":{"rendered":"<p>Le nombre de demandeurs d\u2019emploi inoccup\u00e9s (DEI) a augment\u00e9 de 2,9% entre juillet 2021 et juillet 2022, ce qui porte ce nombre \u00e0 213.611. Cette augmentation d\u00e9coule en partie de l\u2019arriv\u00e9e massive de jeunes ayant achev\u00e9 leurs \u00e9tudes et s\u2019inscrivant au Forem afin de b\u00e9n\u00e9ficier de l\u2019accompagnement des conseillers, auxquels s\u2019ajoutent les travailleurs temporaires de l\u2019enseignement. Cette hausse s\u2019explique \u00e9galement par des modifications de nature administrative et l\u00e9gislative li\u00e9es au nouvel accompagnement des demandeurs d\u2019emploi de Wallonie. Le nombre de demandeurs d\u2019emploi demandeurs d\u2019allocations continue quant \u00e0 lui de baisser (- 5,0%).<!--more--><\/p>\n<p>Fin juillet 2022, le nombre de demandeurs d\u2019emploi inoccup\u00e9s (DEI) en Wallonie comprend 127.964 demandeurs d\u2019emploi demandeurs d\u2019allocations (dont 1.510 en Communaut\u00e9 germanophone) et 37.619 jeunes en stage d\u2019insertion professionnelle (dont 203 en Communaut\u00e9 germanophone). S\u2019y ajoutent 25.865 demandeurs d\u2019emploi inscrits obligatoirement et 22.163 demandeurs d\u2019emploi inscrits librement.<\/p>\n<p><strong><em>Au total, la Wallonie compte 213.611 DEI \u00e0 fin juillet 2022 :<\/em><\/strong><\/p>\n<p>51% sont des hommes ;<br \/>\n18% sont \u00e2g\u00e9s de moins de 25 ans, 25% ont 50 ans et plus ;<br \/>\n43% sont au plus dipl\u00f4m\u00e9s de l\u2019enseignement secondaire du 2e degr\u00e9 ;<br \/>\n26% sont inoccup\u00e9s depuis moins de six mois et 43% depuis deux ans et plus.<\/p>\n<p>Ils repr\u00e9sentent 13,3% de la population active wallonne. Notons que ce taux de la demande d\u2019emploi est inf\u00e9rieur \u00e0 celui de juillet 2020 (13,7%) mais l\u00e9g\u00e8rement sup\u00e9rieur \u00e0 celui de 2021 (12,9%).<\/p>\n<p><strong><em>18.552 demandeurs d\u2019emploi inoccup\u00e9s (DEI) de plus qu\u2019en juin (\u00e9cart mensuel)<\/em><\/strong><\/p>\n<p>Comme chaque ann\u00e9e, entre fin juin et juillet 2022, le nombre de DE demandeurs d\u2019allocations (DEDA) et de jeunes en stage d\u2019insertion professionnelle (JSI) augmente fortement. En effet, durant le mois de juillet, les inscriptions au Forem sont nombreuses. D\u2019une part, des jeunes gens qui ont achev\u00e9 leurs \u00e9tudes vont d\u00e9buter leur stage d\u2019insertion professionnelle ; d\u2019autre part, des travailleurs temporaires de l\u2019enseignement viennent s\u2019inscrire apr\u00e8s la fin de l\u2019ann\u00e9e acad\u00e9mique. Cette ann\u00e9e, cette augmentation s\u2019\u00e9l\u00e8ve \u00e0 16.297 personnes, soit + 10,9%. Le nombre de DE inscrits obligatoirement augmente de 0,9% et celui des DE inscrits librement croit de 10,1%.<\/p>\n<p><strong><em>6.071 demandeurs d\u2019emploi inoccup\u00e9s (DEI) de plus qu\u2019\u00e0 fin juillet 2021 (\u00e9cart annuel)<\/em><\/strong><\/p>\n<p>Globalement, le nombre de DEI augmente de 2,9%. En termes absolus, cela repr\u00e9sente une hausse nette de 6.071 personnes par rapport \u00e0 juillet 2021. N\u00e9anmoins, deux cat\u00e9gories parmi les DEI s\u2019inscrivent fortement \u00e0 la baisse apr\u00e8s un an : les demandeurs d\u2019emploi demandeurs d\u2019allocations, avec &#8211; 5,0% (soit un recul net de 6.769 personnes), ainsi que les DE inscrits obligatoirement avec &#8211; 13,2% (soit un recul de 3.931 personnes).<\/p>\n<p>L\u2019effectif des jeunes inscrits au Forem au terme de leurs \u00e9tudes conna\u00eet pour sa part une hausse de 15,3% par rapport \u00e0 l\u2019an dernier, soit 4.992 personnes de plus. Enfin, le nombre de personnes librement inscrites dans la demande d\u2019emploi augmente de 11.779 unit\u00e9s \u00e0 un an d\u2019\u00e9cart (+ 113,4%), en raison du maintien de leur inscription depuis le 1er janvier. Cette nouvelle hausse du nombre de DEI inscrits librement d\u00e9coule de modifications administrative et l\u00e9gislative li\u00e9es au nouvel accompagnement des demandeurs d\u2019emploi.<\/p>\n<p>Notons que les personnes inoccup\u00e9es depuis un an \u00e0 moins de deux ans voient leur nombre baisser par rapport \u00e0 l\u2019an dernier : &#8211; 11,5% entre juillet 2021 et juillet 2022. Les autres cat\u00e9gories \u00e9voluent \u00e0 la hausse : + 4,7% pour la cat\u00e9gorie des moins de six mois ; + 7,0% parmi les personnes inoccup\u00e9es depuis six mois \u00e0 moins d\u2019un an ; + 7,3% de personnes inoccup\u00e9es depuis deux \u00e0 moins de cinq ans et + 7,4% de personnes comptant cinq ans ou plus d\u2019inoccupation.<\/p>\n<p>Les DEI \u00e2g\u00e9s de 50 ans et plus continuent de diminuer (- 1,7%). Les autres classes d\u2019\u00e2ge connaissent une augmentation \u00e0 un an d\u2019\u00e9cart : + 5,7% entre 30 et moins de 40 ans ; + 5,0% pour les moins de 25 ans et + 4,6% pour les 25 \u00e0 moins de 30 ans.<\/p>\n<p><strong><em>Diffusion des offres : 21 % d\u2019opportunit\u00e9s d\u2019emploi de plus \u00e0 un an d\u2019\u00e9cart<\/em><\/strong><\/p>\n<p>Au cours du mois de juillet 2022, le Forem a diffus\u00e9 43.605 offres d\u2019emploi (hors celles \u00e9manant des autres Services publics belges de l\u2019Emploi). Les postes \u00e0 pourvoir peuvent se situer en Wallonie comme en dehors.<\/p>\n<p>Les besoins de recrutement s\u2019inscrivent toujours \u00e0 la hausse par rapport au m\u00eame mois de l\u2019ann\u00e9e derni\u00e8re (21% d\u2019opportunit\u00e9s d\u2019emploi de plus entre juillet 2021 et 2022). Citons l\u2019augmentation du nombre de propositions de recrutement dans les secteurs suivants :<\/p>\n<ul>\n<li>l\u2019administration publique, avec + 24% par rapport \u00e0 juillet 2021, pour 1.141 postes diffus\u00e9s en juillet 2022 ;<\/li>\n<li>l\u2019industrie manufacturi\u00e8re (+ 11%), avec toutefois des besoins variables selon les branches d\u2019activit\u00e9s (par exemple 356 postes en fabrication de mat\u00e9riel de transport, + 31% ; ou 1.177 postes dans les industries agricoles et alimentaires, + 23%) ; dont certaines en recul (par exemple 577 postes dans l\u2019industrie chimique, &#8211; 6%, ou 547 postes en m\u00e9tallurgie \/ travail des m\u00e9taux, &#8211; 20%) ;<\/li>\n<li>le secteur de la sant\u00e9 et de l\u2019action sociale, avec + 9%, 2.136 postes en juillet 2022 ;<\/li>\n<li>le secteur agricole, \u00e9galement, avec + 9% par rapport \u00e0 juillet 2021, pour 590 postes.<\/li>\n<\/ul>\n<p>&nbsp;<\/p>\n<p><em>Source: Forem<\/em><\/p>\n","protected":false},"excerpt":{"rendered":"<p>Le nombre de demandeurs d\u2019emploi inoccup\u00e9s (DEI) a augment\u00e9 de 2,9% entre juillet 2021 et juillet 2022, ce qui porte ce nombre \u00e0 213.611. Cette augmentation d\u00e9coule en partie de l\u2019arriv\u00e9e massive de jeunes ayant achev\u00e9 leurs \u00e9tudes et s\u2019inscrivant [&hellip;]<\/p>\n","protected":false},"author":2,"featured_media":0,"comment_status":"closed","ping_status":"open","sticky":false,"template":"","format":"standard","meta":[],"categories":[65,10],"tags":[653,331,3688,703],"yoast_head":"<!-- This site is optimized with the Yoast SEO plugin v21.0 - https:\/\/yoast.com\/wordpress\/plugins\/seo\/ -->\n<title>Traditionnelle hausse saisonni\u00e8re du nombre de demandeurs d&#039;emploi en Wallonie: 15,3 % de jeunes en plus inscrits au Forem. - Peoplesphere<\/title>\n<meta name=\"robots\" content=\"index, follow, max-snippet:-1, max-image-preview:large, max-video-preview:-1\" \/>\n<link rel=\"canonical\" href=\"https:\/\/peoplesphere.be\/fr\/traditionnelle-hausse-saisonniere-nombre-de-demandeurs-demploi-wallonie-153-de-jeunes-plus-inscrits-forem\/\" \/>\n<meta property=\"og:locale\" content=\"fr_FR\" \/>\n<meta property=\"og:type\" content=\"article\" \/>\n<meta property=\"og:title\" content=\"Traditionnelle hausse saisonni\u00e8re du nombre de demandeurs d&#039;emploi en Wallonie: 15,3 % de jeunes en plus inscrits au Forem. - Peoplesphere\" \/>\n<meta property=\"og:description\" content=\"Le nombre de demandeurs d\u2019emploi inoccup\u00e9s (DEI) a augment\u00e9 de 2,9% entre juillet 2021 et juillet 2022, ce qui porte ce nombre \u00e0 213.611. Cette augmentation d\u00e9coule en partie de l\u2019arriv\u00e9e massive de jeunes ayant achev\u00e9 leurs \u00e9tudes et s\u2019inscrivant [&hellip;]\" \/>\n<meta property=\"og:url\" content=\"https:\/\/peoplesphere.be\/fr\/traditionnelle-hausse-saisonniere-nombre-de-demandeurs-demploi-wallonie-153-de-jeunes-plus-inscrits-forem\/\" \/>\n<meta property=\"og:site_name\" content=\"Peoplesphere\" \/>\n<meta property=\"article:publisher\" content=\"https:\/\/www.facebook.com\/peoplesphere\" \/>\n<meta property=\"article:published_time\" content=\"2022-08-03T12:43:33+00:00\" \/>\n<meta property=\"article:modified_time\" content=\"2023-07-28T12:57:15+00:00\" \/>\n<meta property=\"og:image\" content=\"http:\/\/www.peoplesphere.be\/fr\/wp-content\/uploads\/2016\/07\/facebook-default-posting-1200x628px.jpg\" \/>\n<meta name=\"author\" content=\"Jean-Paul Erhard\" \/>\n<meta name=\"twitter:card\" content=\"summary_large_image\" \/>\n<meta name=\"twitter:creator\" content=\"@PeoplesphereMag\" \/>\n<meta name=\"twitter:site\" content=\"@PeoplesphereMag\" \/>\n<meta name=\"twitter:label1\" content=\"\u00c9crit par\" \/>\n\t<meta name=\"twitter:data1\" content=\"Jean-Paul Erhard\" \/>\n\t<meta name=\"twitter:label2\" content=\"Dur\u00e9e de lecture estim\u00e9e\" \/>\n\t<meta name=\"twitter:data2\" content=\"5 minutes\" \/>\n<script type=\"application\/ld+json\" class=\"yoast-schema-graph\">{\"@context\":\"https:\/\/schema.org\",\"@graph\":[{\"@type\":\"Article\",\"@id\":\"https:\/\/peoplesphere.be\/fr\/traditionnelle-hausse-saisonniere-nombre-de-demandeurs-demploi-wallonie-153-de-jeunes-plus-inscrits-forem\/#article\",\"isPartOf\":{\"@id\":\"https:\/\/peoplesphere.be\/fr\/traditionnelle-hausse-saisonniere-nombre-de-demandeurs-demploi-wallonie-153-de-jeunes-plus-inscrits-forem\/\"},\"author\":{\"name\":\"Jean-Paul Erhard\",\"@id\":\"https:\/\/peoplesphere.be\/fr\/#\/schema\/person\/7976225ff17988604334abb7b3536a7e\"},\"headline\":\"Traditionnelle hausse saisonni\u00e8re du nombre de demandeurs d&#8217;emploi en Wallonie: 15,3 % de jeunes en plus inscrits au Forem.\",\"datePublished\":\"2022-08-03T12:43:33+00:00\",\"dateModified\":\"2023-07-28T12:57:15+00:00\",\"mainEntityOfPage\":{\"@id\":\"https:\/\/peoplesphere.be\/fr\/traditionnelle-hausse-saisonniere-nombre-de-demandeurs-demploi-wallonie-153-de-jeunes-plus-inscrits-forem\/\"},\"wordCount\":838,\"publisher\":{\"@id\":\"https:\/\/peoplesphere.be\/fr\/#organization\"},\"keywords\":[\"demandeurs d'emploi\",\"forem\",\"mach\u00e9 de l'emploi\",\"taux de ch\u00f4mage\"],\"articleSection\":[\"Actualit\u00e9s\",\"Digital\"],\"inLanguage\":\"fr-FR\"},{\"@type\":\"WebPage\",\"@id\":\"https:\/\/peoplesphere.be\/fr\/traditionnelle-hausse-saisonniere-nombre-de-demandeurs-demploi-wallonie-153-de-jeunes-plus-inscrits-forem\/\",\"url\":\"https:\/\/peoplesphere.be\/fr\/traditionnelle-hausse-saisonniere-nombre-de-demandeurs-demploi-wallonie-153-de-jeunes-plus-inscrits-forem\/\",\"name\":\"Traditionnelle hausse saisonni\u00e8re du nombre de demandeurs d'emploi en Wallonie: 15,3 % de jeunes en plus inscrits au Forem. - Peoplesphere\",\"isPartOf\":{\"@id\":\"https:\/\/peoplesphere.be\/fr\/#website\"},\"datePublished\":\"2022-08-03T12:43:33+00:00\",\"dateModified\":\"2023-07-28T12:57:15+00:00\",\"breadcrumb\":{\"@id\":\"https:\/\/peoplesphere.be\/fr\/traditionnelle-hausse-saisonniere-nombre-de-demandeurs-demploi-wallonie-153-de-jeunes-plus-inscrits-forem\/#breadcrumb\"},\"inLanguage\":\"fr-FR\",\"potentialAction\":[{\"@type\":\"ReadAction\",\"target\":[\"https:\/\/peoplesphere.be\/fr\/traditionnelle-hausse-saisonniere-nombre-de-demandeurs-demploi-wallonie-153-de-jeunes-plus-inscrits-forem\/\"]}]},{\"@type\":\"BreadcrumbList\",\"@id\":\"https:\/\/peoplesphere.be\/fr\/traditionnelle-hausse-saisonniere-nombre-de-demandeurs-demploi-wallonie-153-de-jeunes-plus-inscrits-forem\/#breadcrumb\",\"itemListElement\":[{\"@type\":\"ListItem\",\"position\":1,\"name\":\"Accueil\",\"item\":\"https:\/\/peoplesphere.be\/fr\/\"},{\"@type\":\"ListItem\",\"position\":2,\"name\":\"Traditionnelle hausse saisonni\u00e8re du nombre de demandeurs d&#8217;emploi en Wallonie: 15,3 % de jeunes en plus inscrits au Forem.\"}]},{\"@type\":\"WebSite\",\"@id\":\"https:\/\/peoplesphere.be\/fr\/#website\",\"url\":\"https:\/\/peoplesphere.be\/fr\/\",\"name\":\"Peoplesphere\",\"description\":\"The People Managers Magazine\",\"publisher\":{\"@id\":\"https:\/\/peoplesphere.be\/fr\/#organization\"},\"potentialAction\":[{\"@type\":\"SearchAction\",\"target\":{\"@type\":\"EntryPoint\",\"urlTemplate\":\"https:\/\/peoplesphere.be\/fr\/?s={search_term_string}\"},\"query-input\":\"required name=search_term_string\"}],\"inLanguage\":\"fr-FR\"},{\"@type\":\"Organization\",\"@id\":\"https:\/\/peoplesphere.be\/fr\/#organization\",\"name\":\"Peoplesphere Company srl\",\"url\":\"https:\/\/peoplesphere.be\/fr\/\",\"logo\":{\"@type\":\"ImageObject\",\"inLanguage\":\"fr-FR\",\"@id\":\"https:\/\/peoplesphere.be\/fr\/#\/schema\/logo\/image\/\",\"url\":\"https:\/\/peoplesphere.be\/fr\/wp-content\/uploads\/2023\/07\/peoplesphere-lgo-new-generik.jpg\",\"contentUrl\":\"https:\/\/peoplesphere.be\/fr\/wp-content\/uploads\/2023\/07\/peoplesphere-lgo-new-generik.jpg\",\"width\":1031,\"height\":1479,\"caption\":\"Peoplesphere Company srl\"},\"image\":{\"@id\":\"https:\/\/peoplesphere.be\/fr\/#\/schema\/logo\/image\/\"},\"sameAs\":[\"https:\/\/www.facebook.com\/peoplesphere\",\"https:\/\/twitter.com\/PeoplesphereMag\",\"https:\/\/www.linkedin.com\/company\/7587361?trk\",\"http:\/\/youtube.com\/peoplesphere\"]},{\"@type\":\"Person\",\"@id\":\"https:\/\/peoplesphere.be\/fr\/#\/schema\/person\/7976225ff17988604334abb7b3536a7e\",\"name\":\"Jean-Paul Erhard\",\"image\":{\"@type\":\"ImageObject\",\"inLanguage\":\"fr-FR\",\"@id\":\"https:\/\/peoplesphere.be\/fr\/#\/schema\/person\/image\/\",\"url\":\"https:\/\/secure.gravatar.com\/avatar\/f941e681460179738071629a51574930?s=96&d=mm&r=g\",\"contentUrl\":\"https:\/\/secure.gravatar.com\/avatar\/f941e681460179738071629a51574930?s=96&d=mm&r=g\",\"caption\":\"Jean-Paul Erhard\"},\"url\":\"https:\/\/peoplesphere.be\/fr\/author\/jpe\/\"}]}<\/script>\n<!-- \/ Yoast SEO plugin. -->","yoast_head_json":{"title":"Traditionnelle hausse saisonni\u00e8re du nombre de demandeurs d'emploi en Wallonie: 15,3 % de jeunes en plus inscrits au Forem. - Peoplesphere","robots":{"index":"index","follow":"follow","max-snippet":"max-snippet:-1","max-image-preview":"max-image-preview:large","max-video-preview":"max-video-preview:-1"},"canonical":"https:\/\/peoplesphere.be\/fr\/traditionnelle-hausse-saisonniere-nombre-de-demandeurs-demploi-wallonie-153-de-jeunes-plus-inscrits-forem\/","og_locale":"fr_FR","og_type":"article","og_title":"Traditionnelle hausse saisonni\u00e8re du nombre de demandeurs d'emploi en Wallonie: 15,3 % de jeunes en plus inscrits au Forem. - Peoplesphere","og_description":"Le nombre de demandeurs d\u2019emploi inoccup\u00e9s (DEI) a augment\u00e9 de 2,9% entre juillet 2021 et juillet 2022, ce qui porte ce nombre \u00e0 213.611. Cette augmentation d\u00e9coule en partie de l\u2019arriv\u00e9e massive de jeunes ayant achev\u00e9 leurs \u00e9tudes et s\u2019inscrivant [&hellip;]","og_url":"https:\/\/peoplesphere.be\/fr\/traditionnelle-hausse-saisonniere-nombre-de-demandeurs-demploi-wallonie-153-de-jeunes-plus-inscrits-forem\/","og_site_name":"Peoplesphere","article_publisher":"https:\/\/www.facebook.com\/peoplesphere","article_published_time":"2022-08-03T12:43:33+00:00","article_modified_time":"2023-07-28T12:57:15+00:00","og_image":[{"url":"http:\/\/www.peoplesphere.be\/fr\/wp-content\/uploads\/2016\/07\/facebook-default-posting-1200x628px.jpg"}],"author":"Jean-Paul Erhard","twitter_card":"summary_large_image","twitter_creator":"@PeoplesphereMag","twitter_site":"@PeoplesphereMag","twitter_misc":{"\u00c9crit par":"Jean-Paul Erhard","Dur\u00e9e de lecture estim\u00e9e":"5 minutes"},"schema":{"@context":"https:\/\/schema.org","@graph":[{"@type":"Article","@id":"https:\/\/peoplesphere.be\/fr\/traditionnelle-hausse-saisonniere-nombre-de-demandeurs-demploi-wallonie-153-de-jeunes-plus-inscrits-forem\/#article","isPartOf":{"@id":"https:\/\/peoplesphere.be\/fr\/traditionnelle-hausse-saisonniere-nombre-de-demandeurs-demploi-wallonie-153-de-jeunes-plus-inscrits-forem\/"},"author":{"name":"Jean-Paul Erhard","@id":"https:\/\/peoplesphere.be\/fr\/#\/schema\/person\/7976225ff17988604334abb7b3536a7e"},"headline":"Traditionnelle hausse saisonni\u00e8re du nombre de demandeurs d&#8217;emploi en Wallonie: 15,3 % de jeunes en plus inscrits au Forem.","datePublished":"2022-08-03T12:43:33+00:00","dateModified":"2023-07-28T12:57:15+00:00","mainEntityOfPage":{"@id":"https:\/\/peoplesphere.be\/fr\/traditionnelle-hausse-saisonniere-nombre-de-demandeurs-demploi-wallonie-153-de-jeunes-plus-inscrits-forem\/"},"wordCount":838,"publisher":{"@id":"https:\/\/peoplesphere.be\/fr\/#organization"},"keywords":["demandeurs d'emploi","forem","mach\u00e9 de l'emploi","taux de ch\u00f4mage"],"articleSection":["Actualit\u00e9s","Digital"],"inLanguage":"fr-FR"},{"@type":"WebPage","@id":"https:\/\/peoplesphere.be\/fr\/traditionnelle-hausse-saisonniere-nombre-de-demandeurs-demploi-wallonie-153-de-jeunes-plus-inscrits-forem\/","url":"https:\/\/peoplesphere.be\/fr\/traditionnelle-hausse-saisonniere-nombre-de-demandeurs-demploi-wallonie-153-de-jeunes-plus-inscrits-forem\/","name":"Traditionnelle hausse saisonni\u00e8re du nombre de demandeurs d'emploi en Wallonie: 15,3 % de jeunes en plus inscrits au Forem. - Peoplesphere","isPartOf":{"@id":"https:\/\/peoplesphere.be\/fr\/#website"},"datePublished":"2022-08-03T12:43:33+00:00","dateModified":"2023-07-28T12:57:15+00:00","breadcrumb":{"@id":"https:\/\/peoplesphere.be\/fr\/traditionnelle-hausse-saisonniere-nombre-de-demandeurs-demploi-wallonie-153-de-jeunes-plus-inscrits-forem\/#breadcrumb"},"inLanguage":"fr-FR","potentialAction":[{"@type":"ReadAction","target":["https:\/\/peoplesphere.be\/fr\/traditionnelle-hausse-saisonniere-nombre-de-demandeurs-demploi-wallonie-153-de-jeunes-plus-inscrits-forem\/"]}]},{"@type":"BreadcrumbList","@id":"https:\/\/peoplesphere.be\/fr\/traditionnelle-hausse-saisonniere-nombre-de-demandeurs-demploi-wallonie-153-de-jeunes-plus-inscrits-forem\/#breadcrumb","itemListElement":[{"@type":"ListItem","position":1,"name":"Accueil","item":"https:\/\/peoplesphere.be\/fr\/"},{"@type":"ListItem","position":2,"name":"Traditionnelle hausse saisonni\u00e8re du nombre de demandeurs d&#8217;emploi en Wallonie: 15,3 % de jeunes en plus inscrits au Forem."}]},{"@type":"WebSite","@id":"https:\/\/peoplesphere.be\/fr\/#website","url":"https:\/\/peoplesphere.be\/fr\/","name":"Peoplesphere","description":"The People Managers Magazine","publisher":{"@id":"https:\/\/peoplesphere.be\/fr\/#organization"},"potentialAction":[{"@type":"SearchAction","target":{"@type":"EntryPoint","urlTemplate":"https:\/\/peoplesphere.be\/fr\/?s={search_term_string}"},"query-input":"required name=search_term_string"}],"inLanguage":"fr-FR"},{"@type":"Organization","@id":"https:\/\/peoplesphere.be\/fr\/#organization","name":"Peoplesphere Company srl","url":"https:\/\/peoplesphere.be\/fr\/","logo":{"@type":"ImageObject","inLanguage":"fr-FR","@id":"https:\/\/peoplesphere.be\/fr\/#\/schema\/logo\/image\/","url":"https:\/\/peoplesphere.be\/fr\/wp-content\/uploads\/2023\/07\/peoplesphere-lgo-new-generik.jpg","contentUrl":"https:\/\/peoplesphere.be\/fr\/wp-content\/uploads\/2023\/07\/peoplesphere-lgo-new-generik.jpg","width":1031,"height":1479,"caption":"Peoplesphere Company srl"},"image":{"@id":"https:\/\/peoplesphere.be\/fr\/#\/schema\/logo\/image\/"},"sameAs":["https:\/\/www.facebook.com\/peoplesphere","https:\/\/twitter.com\/PeoplesphereMag","https:\/\/www.linkedin.com\/company\/7587361?trk","http:\/\/youtube.com\/peoplesphere"]},{"@type":"Person","@id":"https:\/\/peoplesphere.be\/fr\/#\/schema\/person\/7976225ff17988604334abb7b3536a7e","name":"Jean-Paul Erhard","image":{"@type":"ImageObject","inLanguage":"fr-FR","@id":"https:\/\/peoplesphere.be\/fr\/#\/schema\/person\/image\/","url":"https:\/\/secure.gravatar.com\/avatar\/f941e681460179738071629a51574930?s=96&d=mm&r=g","contentUrl":"https:\/\/secure.gravatar.com\/avatar\/f941e681460179738071629a51574930?s=96&d=mm&r=g","caption":"Jean-Paul Erhard"},"url":"https:\/\/peoplesphere.be\/fr\/author\/jpe\/"}]}},"_links":{"self":[{"href":"https:\/\/peoplesphere.be\/fr\/wp-json\/wp\/v2\/posts\/13226"}],"collection":[{"href":"https:\/\/peoplesphere.be\/fr\/wp-json\/wp\/v2\/posts"}],"about":[{"href":"https:\/\/peoplesphere.be\/fr\/wp-json\/wp\/v2\/types\/post"}],"author":[{"embeddable":true,"href":"https:\/\/peoplesphere.be\/fr\/wp-json\/wp\/v2\/users\/2"}],"replies":[{"embeddable":true,"href":"https:\/\/peoplesphere.be\/fr\/wp-json\/wp\/v2\/comments?post=13226"}],"version-history":[{"count":1,"href":"https:\/\/peoplesphere.be\/fr\/wp-json\/wp\/v2\/posts\/13226\/revisions"}],"predecessor-version":[{"id":13227,"href":"https:\/\/peoplesphere.be\/fr\/wp-json\/wp\/v2\/posts\/13226\/revisions\/13227"}],"wp:attachment":[{"href":"https:\/\/peoplesphere.be\/fr\/wp-json\/wp\/v2\/media?parent=13226"}],"wp:term":[{"taxonomy":"category","embeddable":true,"href":"https:\/\/peoplesphere.be\/fr\/wp-json\/wp\/v2\/categories?post=13226"},{"taxonomy":"post_tag","embeddable":true,"href":"https:\/\/peoplesphere.be\/fr\/wp-json\/wp\/v2\/tags?post=13226"}],"curies":[{"name":"wp","href":"https:\/\/api.w.org\/{rel}","templated":true}]}}