









{"id":13238,"date":"2022-08-10T09:10:32","date_gmt":"2022-08-10T07:10:32","guid":{"rendered":"https:\/\/peoplesphere.be\/fr\/?p=13238"},"modified":"2023-07-29T11:19:41","modified_gmt":"2023-07-29T09:19:41","slug":"savez-lapprentissage-adaptatif-augmente-lengagement-de-76-participez-a-lafterwork-organise-myskillcamp-21-09-savoir-davantage","status":"publish","type":"post","link":"https:\/\/peoplesphere.be\/fr\/savez-lapprentissage-adaptatif-augmente-lengagement-de-76-participez-a-lafterwork-organise-myskillcamp-21-09-savoir-davantage\/","title":{"rendered":"Savez-vous que l\u2019apprentissage adaptatif augmente l&rsquo;engagement de 76 %? Participez \u00e0 l\u2019afterwork organis\u00e9 par Myskillcamp le 21\/09 pour en savoir davantage."},"content":{"rendered":"<p>Parmi toutes les avanc\u00e9es technologiques r\u00e9alis\u00e9es par le secteur de l&rsquo;\u00e9ducation au cours des 10 derni\u00e8res ann\u00e9es, l&rsquo;\u00e9l\u00e9ment qui a le plus d&rsquo;impact est quelque chose d&rsquo;aussi simple que la personnalisation. Cela semble \u00e9trange, n&rsquo;est-ce pas? Et pourtant, c\u2019est bien le cas ! L&rsquo;engagement dans une formation bas\u00e9e sur l&rsquo;apprentissage adaptatif apr\u00e8s trois mois se chiffre \u00e0 un incroyable 76%! <a href=\"https:\/\/info.myskillcamp.com\/en\/afterwork-brussels?utm_source=newsletter&amp;utm_medium=peoplesphere\">Rendez-vous le 21 septembre prochain \u00e0 LLN pour d\u00e9couvrir l&rsquo;importance de l&rsquo;apprentissage adaptatif lors d&rsquo;un afterwork interactif.<\/a><!--more--><\/p>\n<p>En regardant d&rsquo;autres secteurs du monde d&rsquo;aujourd&rsquo;hui, la personnalisation est partout, et elle n&rsquo;est pas seulement appr\u00e9ci\u00e9e, elle est attendue.<br \/>\nIl appara\u00eet que 74% des consommateurs sont frustr\u00e9s lorsqu&rsquo;ils re\u00e7oivent du contenu non personnalis\u00e9, tandis que les e-mails personnalis\u00e9s re\u00e7oivent des taux d&rsquo;ouverture 29% plus \u00e9lev\u00e9s et des taux de clics 41% plus \u00e9lev\u00e9s.<br \/>\nSans parler des niveaux de personnalisation dans l&rsquo;industrie du divertissement, comme les recommandations Netflix et Amazon Prime, entre autres et pour ne nommer que ces deux acteurs.<\/p>\n<p>Mais en mati\u00e8re d&rsquo;apprentissage, comment les entreprises peuvent-elles utiliser l&rsquo;adaptabilit\u00e9 pour am\u00e9liorer l\u2019engagement, la r\u00e9tention et leur retour sur investissement afin d\u2019appr\u00e9hender un sujet aussi vaste et controvers\u00e9 que l\u2019apprentissage et le d\u00e9veloppement de savoirs et savoir-faire mobilisables ?<br \/>\nDe surcro\u00eet, comment les entreprises peuvent-elles y parvenir \u00e0 grande \u00e9chelle ?<\/p>\n<p><strong><em>Comprendre l&rsquo;apprentissage adaptatif<\/em><\/strong><\/p>\n<p>L&rsquo;apprentissage adaptatif signifie offrir des exp\u00e9riences d&rsquo;apprentissage personnalis\u00e9es qui r\u00e9pondent aux besoins uniques d&rsquo;un apprenant gr\u00e2ce \u00e0 une r\u00e9troaction continue, des parcours d&rsquo;apprentissage et des ressources dynamiques et continuellement adapt\u00e9es. Cette m\u00e9thode contraste fortement avec les exp\u00e9riences d&rsquo;apprentissage \u00ab \u00e0 taille unique \u00bb du pass\u00e9.<br \/>\nEn termes d&rsquo;edtech (\u201cEducational Technology\u201d ou \u201ctechnologie de l\u2019apprentissage\u201d), cela implique des algorithmes intelligents qui prennent les donn\u00e9es des apprenants et les utilisent pour faire des recommandations sur les cours \u00e0 suivre qui correspondent aux d\u00e9sirs et aux besoins de chacun. Il peut prendre en compte les r\u00f4les professionnels, l&rsquo;anciennet\u00e9, le style d&rsquo;apprentissage, la vitesse d&rsquo;apprentissage et les int\u00e9r\u00eats des cours pour cr\u00e9er une exp\u00e9rience d&rsquo;apprentissage vraiment personnalis\u00e9e.<\/p>\n<p><strong><em>L&rsquo;approche par comp\u00e9tences<\/em><\/strong><\/p>\n<p>La mise en place de cette nouvelle strat\u00e9gie d&rsquo;apprentissage, requiert un niveau de planification en amont de la part des acteurs comp\u00e9tents dans l&rsquo;entreprise pour que le projet soit un succ\u00e8s et, surtout, pour embarquer dans la mission les bons interlocuteurs et sponsors au sein des comit\u00e9s de direction.<\/p>\n<p>Pour ce faire, une approche bas\u00e9e sur les comp\u00e9tences est fortement recommand\u00e9e.<\/p>\n<p style=\"font-weight: 400;\">En commen\u00e7ant par clarifier celles n\u00e9cessaires pour chaque r\u00f4le et famille de fonctions (c\u2019est-\u00e0-dire en constituant une forme de r\u00e9f\u00e9rentiel de comp\u00e9tences) ainsi que le degr\u00e9 de ma\u00eetrise de ces comp\u00e9tences attendu pour chaque fonction, vous pouvez cartographier les lacunes au sein de l&rsquo;entreprise, au niveau du d\u00e9partement, de l\u2019\u00e9quipe et ce jusqu\u2019au niveau individuel.<\/p>\n<p>Sur cette base, il devient alors possible de faire correspondre \u00e0 chaque besoin (ou envie) manifeste de formation le contenu qui est le mieux adapt\u00e9 pour y r\u00e9pondre. L\u2019exp\u00e9rience n\u2019est pas faite de la seule suggestion de cours, il s\u2019agit de parcours d\u2019apprentissage, puisant parmi les contenus les plus en phase avec le besoin, les organisant, les \u00e9tageant, afin de permettre le perfectionnement ou recyclage attendu.<\/p>\n<p>Cette fa\u00e7on de proc\u00e9der vous garantit un suivi fin tant des besoins que des progr\u00e8s et de veiller \u00e0 la bonne r\u00e9tention des acquis. Le degr\u00e9 de granularisation permet, en effet, de mesurer avec pr\u00e9cision, et de l\u2019ajuster au degr\u00e9 le plus optimal, l\u2019ad\u00e9quation et la personnalisation des parcours de formation propos\u00e9s au personnel \u00e0 former, tant en termes de contenus que de niveau de comp\u00e9tences attendu.<\/p>\n<p><strong><em>Rendre possible l&rsquo;apprentissage adaptatif<\/em><\/strong><\/p>\n<p>\u00c0 l&rsquo;heure actuelle, personnaliser chaque exp\u00e9rience d&rsquo;apprentissage \u00e0 grande \u00e9chelle avec l&rsquo;aide de l&rsquo;IA peut ressembler \u00e0 un concept abstrait. Illustrons cela avec l&rsquo;aide de la plateforme myskillcamp. En mati\u00e8re d&rsquo;apprentissage adaptatif, deux \u00e9l\u00e9ments sont essentiels : les parcours d&rsquo;apprentissage et les capacit\u00e9s de r\u00e9tention.<\/p>\n<p>Les parcours d&rsquo;apprentissage adaptatifs offrent aux apprenants un parcours personnalis\u00e9 et continuellement adapt\u00e9 d&rsquo;un cours \u00e0 l&rsquo;autre. Les apprenants d\u00e9veloppent ainsi leurs connaissances et leurs comp\u00e9tences tout en b\u00e9n\u00e9ficiant d&rsquo;un algorithme qui comprend leurs besoins et leurs int\u00e9r\u00eats.<\/p>\n<p>Pour am\u00e9liorer les capacit\u00e9s de r\u00e9tention, des messages automatis\u00e9s et des rappels de cours poussent les apprenants \u00e0 reprendre leurs cours \u00e0 des moments et \u00e0 des intervalles optimis\u00e9s en fonction des recommandations de l&rsquo;IA.<\/p>\n<p>Les parcours d&rsquo;apprentissage adaptatifs et les capacit\u00e9s de r\u00e9tention sont extr\u00eamement b\u00e9n\u00e9fiques pour les apprenants et les entreprises, car apr\u00e8s trois mois, les apprenants atteignent le r\u00e9sultat d&rsquo;apprentissage souhait\u00e9 37 % plus rapidement et la r\u00e9tention des connaissances est augment\u00e9e de 46 %.<\/p>\n<p><strong><em>Mise \u00e0 l&rsquo;\u00e9chelle et rapports<\/em><\/strong><\/p>\n<p>Alors que les algorithmes d&rsquo;apprentissage adaptatif prennent en charge une grande partie de la personnalisation de l\u2019exp\u00e9rience, le reporting reste une composante essentielle du processus.<\/p>\n<p><img decoding=\"async\" loading=\"lazy\" src=\"https:\/\/lh4.googleusercontent.com\/Vgw_67aJLFGt-zIdQvJ-rAlNYDo0yvzj7_QTfbQGT6i4L4UoGwlUT6V77a2i7Mk4geS2ad0mnKHrX5nPyZj_UlVGtpBMOgm0Ts2V1BRg67DesY_70MesgN1gXR6lSlYexUMo8sW66Oqu8AbUd2p9wyA\" width=\"409\" height=\"360\" \/><\/p>\n<p>Encore une fois, en prenant la plateforme myskillcamp comme exemple, les administrateurs (tels que les responsables L&amp;D d&rsquo;une entreprise, les chefs de d\u00e9partement et les formateurs) peuvent acc\u00e9der aux rapports de tous les apprenants, cours, comp\u00e9tences de mani\u00e8re granulaire. Cela permet aux entreprises de voir les lacunes en mati\u00e8re de comp\u00e9tences combl\u00e9es, les taux de r\u00e9ussite des cours et les taux d&rsquo;engagement,donnant ainsi la possibilit\u00e9 de s&rsquo;am\u00e9liorer constamment, de reproduire les succ\u00e8s et d&rsquo;\u00e9voluer davantage.<\/p>\n<p><strong><em>Int\u00e9grer l&rsquo;apprentissage adaptatif dans la vie professionnelle<\/em><\/strong><\/p>\n<p>Du point de vue des responsables L&amp;D, une partie de l&rsquo;int\u00e9gration de l&rsquo;apprentissage adaptatif dans la vie des apprenants commence souvent au niveau C. Heureusement, avec les statistiques d&rsquo;optimisation du temps, de ROL et d&rsquo;engagement des utilisateurs, l&rsquo;apprentissage adaptatif permet d&rsquo;\u00e9conomiser de l&rsquo;argent car il y a 49% d&rsquo;\u00e9checs en moins dans les \u00e9valuations post-apprentissage, ce qui signifie un processus d&rsquo;apprentissage plus rapide dans l&rsquo;ensemble.<\/p>\n<p>L&rsquo;int\u00e9gration de l&rsquo;apprentissage adaptatif dans la vie des apprenants n\u00e9cessite une autre tactique de personnalisation ; permettre aux apprenants d&rsquo;apprendre de n&rsquo;importe o\u00f9 et n&rsquo;importe quand. C&rsquo;est pourquoi myskillcamp offre aux apprenants la possibilit\u00e9 d&rsquo;acc\u00e9der \u00e0 la formation depuis leur t\u00e9l\u00e9phone via l&rsquo;application, ainsi que de t\u00e9l\u00e9charger tout le contenu d&rsquo;apprentissage pour les consulter hors ligne. Parce qu&rsquo;\u00eatre vraiment adaptatif, c&rsquo;est r\u00e9aliser qu&rsquo;une personne peut vouloir commencer \u00e0 apprendre apr\u00e8s le travail, un week-end ou pendant le trajet, il est donc essentiel d&rsquo;\u00eatre disponible et int\u00e9gr\u00e9 dans la r\u00e9alit\u00e9 de chacun.<\/p>\n<p><strong><em>Essayez l&rsquo;apprentissage adaptatif<\/em><\/strong><\/p>\n<p>Pourquoi ne pas essayer le pouvoir de l&rsquo;apprentissage adaptatif par vous-m\u00eame? Myskillcamp vous donne la possibilit\u00e9 d&rsquo;obtenir des parcours d&rsquo;apprentissage adaptatifs pr\u00eats \u00e0 l&#8217;emploi dans les comp\u00e9tences les plus susceptibles de manquer au sein de votre entreprise.<\/p>\n<p><strong><em>Pourquoi participer \u00e0 cette table ronde?<\/em><\/strong><\/p>\n<p>Le monde de l\u2019entreprise est en constante \u00e9volution et le besoin d\u2019adaptation et d\u2019individualisation sont constants \u00e9galement. Une pression constante est exerc\u00e9e sur les collaborateurs et les business leaders qui doivent sans cesse chercher un \u00e9quilibre entre la croissance et la profitabilit\u00e9 de leur business et les besoins de leurs collaborateurs.<\/p>\n<ul>\n<li>Et si la \u201ccomp\u00e9tence\u201d \u00e9tait le d\u00e9nominateur commun qui permet d\u2019allier \u00e9panouissement personnel, sentiment de contribution \u00e0 l\u2019effort collectif et performance de l\u2019organisation ?<\/li>\n<li>Et si au travers de la comp\u00e9tence, les besoins de l\u2019individu et de l\u2019organisation se rencontraient ?<\/li>\n<li>Et si l&rsquo;apprentissage adaptatif \u00e9tait la cl\u00e9 pour maintenir un haut niveau d\u2019engagement de l\u2019apprenant, un haut niveau de d\u00e9veloppement de nouvelles comp\u00e9tences et d\u00e8s lors g\u00e9n\u00e9rer des r\u00e9sultats durables pour l\u2019organisation ?<\/li>\n<\/ul>\n<p><a href=\"https:\/\/info.myskillcamp.com\/en\/afterwork-brussels?utm_source=newsletter&amp;utm_medium=peoplesphere\">Rejoignez-nous pour un afterwork interactif.<\/a> Et d\u00e9couvrez l&rsquo;importance de l&rsquo;apprentissage adaptatif lors d\u2019une table ronde collaborative suivie d\u2019un networking cocktail<\/p>\n","protected":false},"excerpt":{"rendered":"<p>Parmi toutes les avanc\u00e9es technologiques r\u00e9alis\u00e9es par le secteur de l&rsquo;\u00e9ducation au cours des 10 derni\u00e8res ann\u00e9es, l&rsquo;\u00e9l\u00e9ment qui a le plus d&rsquo;impact est quelque chose d&rsquo;aussi simple que la personnalisation. Cela semble \u00e9trange, n&rsquo;est-ce pas? Et pourtant, c\u2019est bien [&hellip;]<\/p>\n","protected":false},"author":2,"featured_media":13239,"comment_status":"closed","ping_status":"open","sticky":false,"template":"","format":"standard","meta":[],"categories":[65,67,10,8],"tags":[3692,116,48,51,2390],"yoast_head":"<!-- This site is optimized with the Yoast SEO plugin v21.0 - https:\/\/yoast.com\/wordpress\/plugins\/seo\/ -->\n<title>Savez-vous que l\u2019apprentissage adaptatif augmente l&#039;engagement de 76 %? Participez \u00e0 l\u2019afterwork organis\u00e9 par Myskillcamp le 21\/09 pour en savoir davantage. - Peoplesphere<\/title>\n<meta name=\"robots\" content=\"index, follow, max-snippet:-1, max-image-preview:large, max-video-preview:-1\" \/>\n<link rel=\"canonical\" href=\"https:\/\/peoplesphere.be\/fr\/savez-lapprentissage-adaptatif-augmente-lengagement-de-76-participez-a-lafterwork-organise-myskillcamp-21-09-savoir-davantage\/\" \/>\n<meta property=\"og:locale\" content=\"fr_FR\" \/>\n<meta property=\"og:type\" content=\"article\" \/>\n<meta property=\"og:title\" content=\"Savez-vous que l\u2019apprentissage adaptatif augmente l&#039;engagement de 76 %? Participez \u00e0 l\u2019afterwork organis\u00e9 par Myskillcamp le 21\/09 pour en savoir davantage. - Peoplesphere\" \/>\n<meta property=\"og:description\" content=\"Parmi toutes les avanc\u00e9es technologiques r\u00e9alis\u00e9es par le secteur de l&rsquo;\u00e9ducation au cours des 10 derni\u00e8res ann\u00e9es, l&rsquo;\u00e9l\u00e9ment qui a le plus d&rsquo;impact est quelque chose d&rsquo;aussi simple que la personnalisation. Cela semble \u00e9trange, n&rsquo;est-ce pas? Et pourtant, c\u2019est bien [&hellip;]\" \/>\n<meta property=\"og:url\" content=\"https:\/\/peoplesphere.be\/fr\/savez-lapprentissage-adaptatif-augmente-lengagement-de-76-participez-a-lafterwork-organise-myskillcamp-21-09-savoir-davantage\/\" \/>\n<meta property=\"og:site_name\" content=\"Peoplesphere\" \/>\n<meta property=\"article:publisher\" content=\"https:\/\/www.facebook.com\/peoplesphere\" \/>\n<meta property=\"article:published_time\" content=\"2022-08-10T07:10:32+00:00\" \/>\n<meta property=\"article:modified_time\" content=\"2023-07-29T09:19:41+00:00\" \/>\n<meta property=\"og:image\" content=\"https:\/\/peoplesphere.be\/fr\/wp-content\/uploads\/2022\/08\/Afterwork-image.jpg\" \/>\n\t<meta property=\"og:image:width\" content=\"1000\" \/>\n\t<meta property=\"og:image:height\" content=\"667\" \/>\n\t<meta property=\"og:image:type\" content=\"image\/jpeg\" \/>\n<meta name=\"author\" content=\"Jean-Paul Erhard\" \/>\n<meta name=\"twitter:card\" content=\"summary_large_image\" \/>\n<meta name=\"twitter:creator\" content=\"@PeoplesphereMag\" \/>\n<meta name=\"twitter:site\" content=\"@PeoplesphereMag\" \/>\n<meta name=\"twitter:label1\" content=\"\u00c9crit par\" \/>\n\t<meta name=\"twitter:data1\" content=\"Jean-Paul Erhard\" \/>\n\t<meta name=\"twitter:label2\" content=\"Dur\u00e9e de lecture estim\u00e9e\" \/>\n\t<meta name=\"twitter:data2\" content=\"7 minutes\" \/>\n<script type=\"application\/ld+json\" class=\"yoast-schema-graph\">{\"@context\":\"https:\/\/schema.org\",\"@graph\":[{\"@type\":\"Article\",\"@id\":\"https:\/\/peoplesphere.be\/fr\/savez-lapprentissage-adaptatif-augmente-lengagement-de-76-participez-a-lafterwork-organise-myskillcamp-21-09-savoir-davantage\/#article\",\"isPartOf\":{\"@id\":\"https:\/\/peoplesphere.be\/fr\/savez-lapprentissage-adaptatif-augmente-lengagement-de-76-participez-a-lafterwork-organise-myskillcamp-21-09-savoir-davantage\/\"},\"author\":{\"name\":\"Jean-Paul Erhard\",\"@id\":\"https:\/\/peoplesphere.be\/fr\/#\/schema\/person\/7976225ff17988604334abb7b3536a7e\"},\"headline\":\"Savez-vous que l\u2019apprentissage adaptatif augmente l&rsquo;engagement de 76 %? Participez \u00e0 l\u2019afterwork organis\u00e9 par Myskillcamp le 21\/09 pour en savoir davantage.\",\"datePublished\":\"2022-08-10T07:10:32+00:00\",\"dateModified\":\"2023-07-29T09:19:41+00:00\",\"mainEntityOfPage\":{\"@id\":\"https:\/\/peoplesphere.be\/fr\/savez-lapprentissage-adaptatif-augmente-lengagement-de-76-participez-a-lafterwork-organise-myskillcamp-21-09-savoir-davantage\/\"},\"wordCount\":1349,\"publisher\":{\"@id\":\"https:\/\/peoplesphere.be\/fr\/#organization\"},\"keywords\":[\"apprentissage adaptatif\",\"comp\u00e9tences\",\"Formation\",\"Learning\",\"MySkillCamp\"],\"articleSection\":[\"Actualit\u00e9s\",\"Calendrier\",\"Digital\",\"Events\"],\"inLanguage\":\"fr-FR\"},{\"@type\":\"WebPage\",\"@id\":\"https:\/\/peoplesphere.be\/fr\/savez-lapprentissage-adaptatif-augmente-lengagement-de-76-participez-a-lafterwork-organise-myskillcamp-21-09-savoir-davantage\/\",\"url\":\"https:\/\/peoplesphere.be\/fr\/savez-lapprentissage-adaptatif-augmente-lengagement-de-76-participez-a-lafterwork-organise-myskillcamp-21-09-savoir-davantage\/\",\"name\":\"Savez-vous que l\u2019apprentissage adaptatif augmente l'engagement de 76 %? Participez \u00e0 l\u2019afterwork organis\u00e9 par Myskillcamp le 21\/09 pour en savoir davantage. - Peoplesphere\",\"isPartOf\":{\"@id\":\"https:\/\/peoplesphere.be\/fr\/#website\"},\"datePublished\":\"2022-08-10T07:10:32+00:00\",\"dateModified\":\"2023-07-29T09:19:41+00:00\",\"breadcrumb\":{\"@id\":\"https:\/\/peoplesphere.be\/fr\/savez-lapprentissage-adaptatif-augmente-lengagement-de-76-participez-a-lafterwork-organise-myskillcamp-21-09-savoir-davantage\/#breadcrumb\"},\"inLanguage\":\"fr-FR\",\"potentialAction\":[{\"@type\":\"ReadAction\",\"target\":[\"https:\/\/peoplesphere.be\/fr\/savez-lapprentissage-adaptatif-augmente-lengagement-de-76-participez-a-lafterwork-organise-myskillcamp-21-09-savoir-davantage\/\"]}]},{\"@type\":\"BreadcrumbList\",\"@id\":\"https:\/\/peoplesphere.be\/fr\/savez-lapprentissage-adaptatif-augmente-lengagement-de-76-participez-a-lafterwork-organise-myskillcamp-21-09-savoir-davantage\/#breadcrumb\",\"itemListElement\":[{\"@type\":\"ListItem\",\"position\":1,\"name\":\"Accueil\",\"item\":\"https:\/\/peoplesphere.be\/fr\/\"},{\"@type\":\"ListItem\",\"position\":2,\"name\":\"Savez-vous que l\u2019apprentissage adaptatif augmente l&rsquo;engagement de 76 %? Participez \u00e0 l\u2019afterwork organis\u00e9 par Myskillcamp le 21\/09 pour en savoir davantage.\"}]},{\"@type\":\"WebSite\",\"@id\":\"https:\/\/peoplesphere.be\/fr\/#website\",\"url\":\"https:\/\/peoplesphere.be\/fr\/\",\"name\":\"Peoplesphere\",\"description\":\"The People Managers Magazine\",\"publisher\":{\"@id\":\"https:\/\/peoplesphere.be\/fr\/#organization\"},\"potentialAction\":[{\"@type\":\"SearchAction\",\"target\":{\"@type\":\"EntryPoint\",\"urlTemplate\":\"https:\/\/peoplesphere.be\/fr\/?s={search_term_string}\"},\"query-input\":\"required name=search_term_string\"}],\"inLanguage\":\"fr-FR\"},{\"@type\":\"Organization\",\"@id\":\"https:\/\/peoplesphere.be\/fr\/#organization\",\"name\":\"Peoplesphere Company srl\",\"url\":\"https:\/\/peoplesphere.be\/fr\/\",\"logo\":{\"@type\":\"ImageObject\",\"inLanguage\":\"fr-FR\",\"@id\":\"https:\/\/peoplesphere.be\/fr\/#\/schema\/logo\/image\/\",\"url\":\"https:\/\/peoplesphere.be\/fr\/wp-content\/uploads\/2023\/07\/peoplesphere-lgo-new-generik.jpg\",\"contentUrl\":\"https:\/\/peoplesphere.be\/fr\/wp-content\/uploads\/2023\/07\/peoplesphere-lgo-new-generik.jpg\",\"width\":1031,\"height\":1479,\"caption\":\"Peoplesphere Company srl\"},\"image\":{\"@id\":\"https:\/\/peoplesphere.be\/fr\/#\/schema\/logo\/image\/\"},\"sameAs\":[\"https:\/\/www.facebook.com\/peoplesphere\",\"https:\/\/twitter.com\/PeoplesphereMag\",\"https:\/\/www.linkedin.com\/company\/7587361?trk\",\"http:\/\/youtube.com\/peoplesphere\"]},{\"@type\":\"Person\",\"@id\":\"https:\/\/peoplesphere.be\/fr\/#\/schema\/person\/7976225ff17988604334abb7b3536a7e\",\"name\":\"Jean-Paul Erhard\",\"image\":{\"@type\":\"ImageObject\",\"inLanguage\":\"fr-FR\",\"@id\":\"https:\/\/peoplesphere.be\/fr\/#\/schema\/person\/image\/\",\"url\":\"https:\/\/secure.gravatar.com\/avatar\/f941e681460179738071629a51574930?s=96&d=mm&r=g\",\"contentUrl\":\"https:\/\/secure.gravatar.com\/avatar\/f941e681460179738071629a51574930?s=96&d=mm&r=g\",\"caption\":\"Jean-Paul Erhard\"},\"url\":\"https:\/\/peoplesphere.be\/fr\/author\/jpe\/\"}]}<\/script>\n<!-- \/ Yoast SEO plugin. -->","yoast_head_json":{"title":"Savez-vous que l\u2019apprentissage adaptatif augmente l'engagement de 76 %? Participez \u00e0 l\u2019afterwork organis\u00e9 par Myskillcamp le 21\/09 pour en savoir davantage. - Peoplesphere","robots":{"index":"index","follow":"follow","max-snippet":"max-snippet:-1","max-image-preview":"max-image-preview:large","max-video-preview":"max-video-preview:-1"},"canonical":"https:\/\/peoplesphere.be\/fr\/savez-lapprentissage-adaptatif-augmente-lengagement-de-76-participez-a-lafterwork-organise-myskillcamp-21-09-savoir-davantage\/","og_locale":"fr_FR","og_type":"article","og_title":"Savez-vous que l\u2019apprentissage adaptatif augmente l'engagement de 76 %? Participez \u00e0 l\u2019afterwork organis\u00e9 par Myskillcamp le 21\/09 pour en savoir davantage. - Peoplesphere","og_description":"Parmi toutes les avanc\u00e9es technologiques r\u00e9alis\u00e9es par le secteur de l&rsquo;\u00e9ducation au cours des 10 derni\u00e8res ann\u00e9es, l&rsquo;\u00e9l\u00e9ment qui a le plus d&rsquo;impact est quelque chose d&rsquo;aussi simple que la personnalisation. Cela semble \u00e9trange, n&rsquo;est-ce pas? Et pourtant, c\u2019est bien [&hellip;]","og_url":"https:\/\/peoplesphere.be\/fr\/savez-lapprentissage-adaptatif-augmente-lengagement-de-76-participez-a-lafterwork-organise-myskillcamp-21-09-savoir-davantage\/","og_site_name":"Peoplesphere","article_publisher":"https:\/\/www.facebook.com\/peoplesphere","article_published_time":"2022-08-10T07:10:32+00:00","article_modified_time":"2023-07-29T09:19:41+00:00","og_image":[{"width":1000,"height":667,"url":"https:\/\/peoplesphere.be\/fr\/wp-content\/uploads\/2022\/08\/Afterwork-image.jpg","type":"image\/jpeg"}],"author":"Jean-Paul Erhard","twitter_card":"summary_large_image","twitter_creator":"@PeoplesphereMag","twitter_site":"@PeoplesphereMag","twitter_misc":{"\u00c9crit par":"Jean-Paul Erhard","Dur\u00e9e de lecture estim\u00e9e":"7 minutes"},"schema":{"@context":"https:\/\/schema.org","@graph":[{"@type":"Article","@id":"https:\/\/peoplesphere.be\/fr\/savez-lapprentissage-adaptatif-augmente-lengagement-de-76-participez-a-lafterwork-organise-myskillcamp-21-09-savoir-davantage\/#article","isPartOf":{"@id":"https:\/\/peoplesphere.be\/fr\/savez-lapprentissage-adaptatif-augmente-lengagement-de-76-participez-a-lafterwork-organise-myskillcamp-21-09-savoir-davantage\/"},"author":{"name":"Jean-Paul Erhard","@id":"https:\/\/peoplesphere.be\/fr\/#\/schema\/person\/7976225ff17988604334abb7b3536a7e"},"headline":"Savez-vous que l\u2019apprentissage adaptatif augmente l&rsquo;engagement de 76 %? Participez \u00e0 l\u2019afterwork organis\u00e9 par Myskillcamp le 21\/09 pour en savoir davantage.","datePublished":"2022-08-10T07:10:32+00:00","dateModified":"2023-07-29T09:19:41+00:00","mainEntityOfPage":{"@id":"https:\/\/peoplesphere.be\/fr\/savez-lapprentissage-adaptatif-augmente-lengagement-de-76-participez-a-lafterwork-organise-myskillcamp-21-09-savoir-davantage\/"},"wordCount":1349,"publisher":{"@id":"https:\/\/peoplesphere.be\/fr\/#organization"},"keywords":["apprentissage adaptatif","comp\u00e9tences","Formation","Learning","MySkillCamp"],"articleSection":["Actualit\u00e9s","Calendrier","Digital","Events"],"inLanguage":"fr-FR"},{"@type":"WebPage","@id":"https:\/\/peoplesphere.be\/fr\/savez-lapprentissage-adaptatif-augmente-lengagement-de-76-participez-a-lafterwork-organise-myskillcamp-21-09-savoir-davantage\/","url":"https:\/\/peoplesphere.be\/fr\/savez-lapprentissage-adaptatif-augmente-lengagement-de-76-participez-a-lafterwork-organise-myskillcamp-21-09-savoir-davantage\/","name":"Savez-vous que l\u2019apprentissage adaptatif augmente l'engagement de 76 %? Participez \u00e0 l\u2019afterwork organis\u00e9 par Myskillcamp le 21\/09 pour en savoir davantage. - Peoplesphere","isPartOf":{"@id":"https:\/\/peoplesphere.be\/fr\/#website"},"datePublished":"2022-08-10T07:10:32+00:00","dateModified":"2023-07-29T09:19:41+00:00","breadcrumb":{"@id":"https:\/\/peoplesphere.be\/fr\/savez-lapprentissage-adaptatif-augmente-lengagement-de-76-participez-a-lafterwork-organise-myskillcamp-21-09-savoir-davantage\/#breadcrumb"},"inLanguage":"fr-FR","potentialAction":[{"@type":"ReadAction","target":["https:\/\/peoplesphere.be\/fr\/savez-lapprentissage-adaptatif-augmente-lengagement-de-76-participez-a-lafterwork-organise-myskillcamp-21-09-savoir-davantage\/"]}]},{"@type":"BreadcrumbList","@id":"https:\/\/peoplesphere.be\/fr\/savez-lapprentissage-adaptatif-augmente-lengagement-de-76-participez-a-lafterwork-organise-myskillcamp-21-09-savoir-davantage\/#breadcrumb","itemListElement":[{"@type":"ListItem","position":1,"name":"Accueil","item":"https:\/\/peoplesphere.be\/fr\/"},{"@type":"ListItem","position":2,"name":"Savez-vous que l\u2019apprentissage adaptatif augmente l&rsquo;engagement de 76 %? Participez \u00e0 l\u2019afterwork organis\u00e9 par Myskillcamp le 21\/09 pour en savoir davantage."}]},{"@type":"WebSite","@id":"https:\/\/peoplesphere.be\/fr\/#website","url":"https:\/\/peoplesphere.be\/fr\/","name":"Peoplesphere","description":"The People Managers Magazine","publisher":{"@id":"https:\/\/peoplesphere.be\/fr\/#organization"},"potentialAction":[{"@type":"SearchAction","target":{"@type":"EntryPoint","urlTemplate":"https:\/\/peoplesphere.be\/fr\/?s={search_term_string}"},"query-input":"required name=search_term_string"}],"inLanguage":"fr-FR"},{"@type":"Organization","@id":"https:\/\/peoplesphere.be\/fr\/#organization","name":"Peoplesphere Company srl","url":"https:\/\/peoplesphere.be\/fr\/","logo":{"@type":"ImageObject","inLanguage":"fr-FR","@id":"https:\/\/peoplesphere.be\/fr\/#\/schema\/logo\/image\/","url":"https:\/\/peoplesphere.be\/fr\/wp-content\/uploads\/2023\/07\/peoplesphere-lgo-new-generik.jpg","contentUrl":"https:\/\/peoplesphere.be\/fr\/wp-content\/uploads\/2023\/07\/peoplesphere-lgo-new-generik.jpg","width":1031,"height":1479,"caption":"Peoplesphere Company srl"},"image":{"@id":"https:\/\/peoplesphere.be\/fr\/#\/schema\/logo\/image\/"},"sameAs":["https:\/\/www.facebook.com\/peoplesphere","https:\/\/twitter.com\/PeoplesphereMag","https:\/\/www.linkedin.com\/company\/7587361?trk","http:\/\/youtube.com\/peoplesphere"]},{"@type":"Person","@id":"https:\/\/peoplesphere.be\/fr\/#\/schema\/person\/7976225ff17988604334abb7b3536a7e","name":"Jean-Paul Erhard","image":{"@type":"ImageObject","inLanguage":"fr-FR","@id":"https:\/\/peoplesphere.be\/fr\/#\/schema\/person\/image\/","url":"https:\/\/secure.gravatar.com\/avatar\/f941e681460179738071629a51574930?s=96&d=mm&r=g","contentUrl":"https:\/\/secure.gravatar.com\/avatar\/f941e681460179738071629a51574930?s=96&d=mm&r=g","caption":"Jean-Paul Erhard"},"url":"https:\/\/peoplesphere.be\/fr\/author\/jpe\/"}]}},"_links":{"self":[{"href":"https:\/\/peoplesphere.be\/fr\/wp-json\/wp\/v2\/posts\/13238"}],"collection":[{"href":"https:\/\/peoplesphere.be\/fr\/wp-json\/wp\/v2\/posts"}],"about":[{"href":"https:\/\/peoplesphere.be\/fr\/wp-json\/wp\/v2\/types\/post"}],"author":[{"embeddable":true,"href":"https:\/\/peoplesphere.be\/fr\/wp-json\/wp\/v2\/users\/2"}],"replies":[{"embeddable":true,"href":"https:\/\/peoplesphere.be\/fr\/wp-json\/wp\/v2\/comments?post=13238"}],"version-history":[{"count":2,"href":"https:\/\/peoplesphere.be\/fr\/wp-json\/wp\/v2\/posts\/13238\/revisions"}],"predecessor-version":[{"id":14776,"href":"https:\/\/peoplesphere.be\/fr\/wp-json\/wp\/v2\/posts\/13238\/revisions\/14776"}],"wp:featuredmedia":[{"embeddable":true,"href":"https:\/\/peoplesphere.be\/fr\/wp-json\/wp\/v2\/media\/13239"}],"wp:attachment":[{"href":"https:\/\/peoplesphere.be\/fr\/wp-json\/wp\/v2\/media?parent=13238"}],"wp:term":[{"taxonomy":"category","embeddable":true,"href":"https:\/\/peoplesphere.be\/fr\/wp-json\/wp\/v2\/categories?post=13238"},{"taxonomy":"post_tag","embeddable":true,"href":"https:\/\/peoplesphere.be\/fr\/wp-json\/wp\/v2\/tags?post=13238"}],"curies":[{"name":"wp","href":"https:\/\/api.w.org\/{rel}","templated":true}]}}