









{"id":13251,"date":"2022-08-11T08:01:09","date_gmt":"2022-08-11T06:01:09","guid":{"rendered":"https:\/\/peoplesphere.be\/fr\/?p=13251"},"modified":"2023-07-29T11:18:21","modified_gmt":"2023-07-29T09:18:21","slug":"point-gestion-jours-de-conge-milieu-de-lete-travailleurs-reprennent-habitudes-quasi-similaires-a-lavant-covid","status":"publish","type":"post","link":"https:\/\/peoplesphere.be\/fr\/point-gestion-jours-de-conge-milieu-de-lete-travailleurs-reprennent-habitudes-quasi-similaires-a-lavant-covid\/","title":{"rendered":"Le point sur la gestion des jours de cong\u00e9 au milieu de l&rsquo;\u00e9t\u00e9: les travailleurs reprennent des habitudes quasi similaires \u00e0 l&rsquo;avant-covid."},"content":{"rendered":"<p>Au cours des sept premiers mois de 2022, les travailleurs belges ont \u00e0 nouveau pris plus de vacances que pendant les deux ann\u00e9es pr\u00e9c\u00e9dentes marqu\u00e9es par le coronavirus : 5% de l&rsquo;ensemble des heures ouvrables. Pourtant, nous continuons \u00e0 utiliser nos vacances avec plus de parcimonie qu&rsquo;avant la pand\u00e9mie. La plus forte augmentation du nombre de jours de vacances pris concerne les jeunes travailleurs entre 25 et 30 ans. Cette cat\u00e9gorie, souvent de jeunes parents, h\u00e9site \u00e0 nouveau moins longtemps \u00e0 prendre des vacances.<!--more--><\/p>\n<p>Telles sont les constatations du prestataire de services RH Acerta sur la base des heures de vacances r\u00e9elles enregistr\u00e9es des quatre derni\u00e8res ann\u00e9es de plus de 260.000 travailleurs actifs aupr\u00e8s de plus de 40.000 employeurs en Belgique. Il convient de souligner que le secteur de la construction reprend des vacances comme avant.<br \/>\nLes projets de vacances tendent \u00e0 nouveau vers la normale, mais n\u2019y sont pas encore tout \u00e0 fait.<\/p>\n<p>Ces deux derni\u00e8res ann\u00e9es, la prise de vacances a \u00e9t\u00e9 rythm\u00e9e par les mesures li\u00e9es au coronavirus. Aujourd&rsquo;hui, \u00e0 la moiti\u00e9 des vacances d&rsquo;\u00e9t\u00e9 de 2022, les vacances semblent revenir \u00e0 la normale : 5% des heures ouvrables pour la p\u00e9riode janvier-juillet sont enregistr\u00e9s comme des vacances, ce qui repr\u00e9sente une nouvelle augmentation tendant \u00e0 rattraper le niveau d\u2019avant la pand\u00e9mie. Cela montre que les travailleurs ont \u00e0 nouveau pris plus de vacances pendant la p\u00e9riode janvier-juillet que lors des derni\u00e8res ann\u00e9es marqu\u00e9es par le coronavirus, mais toujours moins qu&rsquo;avant la crise (en 2019). \u00c0 ce moment-l\u00e0, la part des vacances s\u2019\u00e9levait \u00e0 5,2 % ; 2022 reste donc encore 0,2 % en dessous de ce que nous pouvons consid\u00e9rer comme la moyenne \u00ab normale \u00bb.<\/p>\n<p>Nathalie Florent, experte vacances chez Acerta Consult : \u00ab\u00a0<em>Juillet est le mois de vacances le plus populaire. Les chiffres \u00e0 la fin du mois de juillet nous donnent donc d\u00e9j\u00e0 une bonne id\u00e9e de la fa\u00e7on dont les travailleurs g\u00e8rent leurs vacances cette ann\u00e9e. Le mois suivant, ao\u00fbt, sera \u00e9galement un mois charg\u00e9 de vacances. Les heures de vacances diminueront ensuite, pour enregistrer un nouveau un pic en d\u00e9cembre. \u00c9tant donn\u00e9 que, comme chaque ann\u00e9e, toutes les vacances l\u00e9gales de 2022 devront \u00eatre prises avant le 31 d\u00e9cembre, nous recommandons aux employeurs et aux travailleurs de planifier le solde des vacances en temps voulu, en particulier pour la p\u00e9riode populaire des vacances de No\u00ebl, mais aussi pour celles d&rsquo;automne.\u00a0\u00bb<\/em><\/p>\n<p><strong><em>Ce sont surtout les jeunes travailleurs\/parents qui n\u2019attendent pas apr\u00e8s deux ans de (risque de) coronavirus<\/em><\/strong><\/p>\n<p>Le groupe des plus jeunes travailleurs est g\u00e9n\u00e9ralement le plus \u00e9conome en mati\u00e8re de vacances, et il ne d\u00e9roge pas \u00e0 la r\u00e8gle en 2022. Cependant, dans le groupe des 25 \u00e0 35 ans, on observe nettement plus d\u2019enthousiasme \u00e0 ne pas reporter les vacances cette ann\u00e9e : par rapport \u00e0 l&rsquo;ann\u00e9e derni\u00e8re, le nombre d&rsquo;heures de vacances des 25 \u00e0 29 ans est sensiblement plus \u00e9lev\u00e9 (+10,3%). \u00c0 l&rsquo;exception de la cat\u00e9gorie des 60-64 ans, tous les travailleurs continuent de g\u00e9rer leurs vacances avec plus de parcimonie qu&rsquo;en 2019, avant la pand\u00e9mie.<\/p>\n<p>Nathalie Florent ajoute : \u00ab\u00a0<em>Cette tranche d&rsquo;\u00e2ge, qui inclut \u00e9galement la plupart des parents de jeunes enfants, n\u2019a pas attendu pour prendre des vacances. Et c\u2019est compr\u00e9hensible, apr\u00e8s deux ann\u00e9es de mois d&rsquo;\u00e9t\u00e9 o\u00f9 le coronavirus a continu\u00e9 de planer au-dessus de nous comme une \u00e9p\u00e9e de Damocl\u00e8s. Les travailleurs attendaient alors tandis qu\u2019\u00e0 l\u2019heure actuelle, ils profitent vite de la libert\u00e9 nouvellement acquise, car on ne sait jamais&#8230;\u00a0\u00bb<\/em><\/p>\n<p><strong><em>Retour \u00e0 la normale pour les vacances dans la construction<\/em><\/strong><\/p>\n<p>Un secteur se distingue si l&rsquo;on examine le nombre d&rsquo;heures de vacances : celui de la construction. Au cours du premier semestre, les vacances y repr\u00e9sentaient 8,8% des heures ouvrables, une part nettement sup\u00e9rieure \u00e0 la moyenne de 5,0% et un taux qui se rapproche du pourcentage de 2019, avant la crise du coronavirus.<\/p>\n<p>Et Nathalie Florent de conclure : \u00ab\u00a0<em>Nous remarquons un retour \u00e0 la normale pour les vacances dans le secteur de la construction en 2022. Il s&rsquo;agit du secteur dans lequel les vacances sont convenues collectivement. Si cet accord n\u2019est pas une obligation, il est bien observ\u00e9. En effet, il est tr\u00e8s difficile pour ce secteur que chacun d\u00e9cide de ses propres vacances, car les activit\u00e9s sont tr\u00e8s li\u00e9es, tant au sein des entreprises de construction qu&rsquo;entre elles. C&rsquo;est pourquoi nous assistons ici \u00e0 un retour \u00e0 la normale plus rapide : tout le monde dans le secteur suit la m\u00eame tendance.\u00a0\u00bb<\/em><\/p>\n<p>&nbsp;<\/p>\n<p><em>Source: Acerta &#8211; les donn\u00e9es recueillies sont bas\u00e9es sur les donn\u00e9es r\u00e9elles (heures de vacances enregistr\u00e9es pour 2019, 2020 et 2021 et jusqu\u2019au 31 juillet pour 2022) d\u2019un ensemble de 260.000 travailleurs en service aupr\u00e8s de plus de 40.000 employeurs du secteur priv\u00e9, auquel appartiennent tant des PME que des grandes entreprises.<\/em><\/p>\n","protected":false},"excerpt":{"rendered":"<p>Au cours des sept premiers mois de 2022, les travailleurs belges ont \u00e0 nouveau pris plus de vacances que pendant les deux ann\u00e9es pr\u00e9c\u00e9dentes marqu\u00e9es par le coronavirus : 5% de l&rsquo;ensemble des heures ouvrables. Pourtant, nous continuons \u00e0 utiliser [&hellip;]<\/p>\n","protected":false},"author":2,"featured_media":0,"comment_status":"closed","ping_status":"open","sticky":false,"template":"","format":"standard","meta":[],"categories":[65,10],"tags":[271,96,1935,6],"yoast_head":"<!-- This site is optimized with the Yoast SEO plugin v21.0 - https:\/\/yoast.com\/wordpress\/plugins\/seo\/ -->\n<title>Le point sur la gestion des jours de cong\u00e9 au milieu de l&#039;\u00e9t\u00e9: les travailleurs reprennent des habitudes quasi similaires \u00e0 l&#039;avant-covid. - Peoplesphere<\/title>\n<meta name=\"robots\" content=\"index, follow, max-snippet:-1, max-image-preview:large, max-video-preview:-1\" \/>\n<link rel=\"canonical\" href=\"https:\/\/peoplesphere.be\/fr\/point-gestion-jours-de-conge-milieu-de-lete-travailleurs-reprennent-habitudes-quasi-similaires-a-lavant-covid\/\" \/>\n<meta property=\"og:locale\" content=\"fr_FR\" \/>\n<meta property=\"og:type\" content=\"article\" \/>\n<meta property=\"og:title\" content=\"Le point sur la gestion des jours de cong\u00e9 au milieu de l&#039;\u00e9t\u00e9: les travailleurs reprennent des habitudes quasi similaires \u00e0 l&#039;avant-covid. - Peoplesphere\" \/>\n<meta property=\"og:description\" content=\"Au cours des sept premiers mois de 2022, les travailleurs belges ont \u00e0 nouveau pris plus de vacances que pendant les deux ann\u00e9es pr\u00e9c\u00e9dentes marqu\u00e9es par le coronavirus : 5% de l&rsquo;ensemble des heures ouvrables. Pourtant, nous continuons \u00e0 utiliser [&hellip;]\" \/>\n<meta property=\"og:url\" content=\"https:\/\/peoplesphere.be\/fr\/point-gestion-jours-de-conge-milieu-de-lete-travailleurs-reprennent-habitudes-quasi-similaires-a-lavant-covid\/\" \/>\n<meta property=\"og:site_name\" content=\"Peoplesphere\" \/>\n<meta property=\"article:publisher\" content=\"https:\/\/www.facebook.com\/peoplesphere\" \/>\n<meta property=\"article:published_time\" content=\"2022-08-11T06:01:09+00:00\" \/>\n<meta property=\"article:modified_time\" content=\"2023-07-29T09:18:21+00:00\" \/>\n<meta property=\"og:image\" content=\"http:\/\/www.peoplesphere.be\/fr\/wp-content\/uploads\/2016\/07\/facebook-default-posting-1200x628px.jpg\" \/>\n<meta name=\"author\" content=\"Jean-Paul Erhard\" \/>\n<meta name=\"twitter:card\" content=\"summary_large_image\" \/>\n<meta name=\"twitter:creator\" content=\"@PeoplesphereMag\" \/>\n<meta name=\"twitter:site\" content=\"@PeoplesphereMag\" \/>\n<meta name=\"twitter:label1\" content=\"\u00c9crit par\" \/>\n\t<meta name=\"twitter:data1\" content=\"Jean-Paul Erhard\" \/>\n\t<meta name=\"twitter:label2\" content=\"Dur\u00e9e de lecture estim\u00e9e\" \/>\n\t<meta name=\"twitter:data2\" content=\"5 minutes\" \/>\n<script type=\"application\/ld+json\" class=\"yoast-schema-graph\">{\"@context\":\"https:\/\/schema.org\",\"@graph\":[{\"@type\":\"Article\",\"@id\":\"https:\/\/peoplesphere.be\/fr\/point-gestion-jours-de-conge-milieu-de-lete-travailleurs-reprennent-habitudes-quasi-similaires-a-lavant-covid\/#article\",\"isPartOf\":{\"@id\":\"https:\/\/peoplesphere.be\/fr\/point-gestion-jours-de-conge-milieu-de-lete-travailleurs-reprennent-habitudes-quasi-similaires-a-lavant-covid\/\"},\"author\":{\"name\":\"Jean-Paul Erhard\",\"@id\":\"https:\/\/peoplesphere.be\/fr\/#\/schema\/person\/7976225ff17988604334abb7b3536a7e\"},\"headline\":\"Le point sur la gestion des jours de cong\u00e9 au milieu de l&rsquo;\u00e9t\u00e9: les travailleurs reprennent des habitudes quasi similaires \u00e0 l&rsquo;avant-covid.\",\"datePublished\":\"2022-08-11T06:01:09+00:00\",\"dateModified\":\"2023-07-29T09:18:21+00:00\",\"mainEntityOfPage\":{\"@id\":\"https:\/\/peoplesphere.be\/fr\/point-gestion-jours-de-conge-milieu-de-lete-travailleurs-reprennent-habitudes-quasi-similaires-a-lavant-covid\/\"},\"wordCount\":831,\"publisher\":{\"@id\":\"https:\/\/peoplesphere.be\/fr\/#organization\"},\"keywords\":[\"acerta\",\"bien-\u00eatre\",\"jours de cong\u00e9\",\"Vacances\"],\"articleSection\":[\"Actualit\u00e9s\",\"Digital\"],\"inLanguage\":\"fr-FR\"},{\"@type\":\"WebPage\",\"@id\":\"https:\/\/peoplesphere.be\/fr\/point-gestion-jours-de-conge-milieu-de-lete-travailleurs-reprennent-habitudes-quasi-similaires-a-lavant-covid\/\",\"url\":\"https:\/\/peoplesphere.be\/fr\/point-gestion-jours-de-conge-milieu-de-lete-travailleurs-reprennent-habitudes-quasi-similaires-a-lavant-covid\/\",\"name\":\"Le point sur la gestion des jours de cong\u00e9 au milieu de l'\u00e9t\u00e9: les travailleurs reprennent des habitudes quasi similaires \u00e0 l'avant-covid. - Peoplesphere\",\"isPartOf\":{\"@id\":\"https:\/\/peoplesphere.be\/fr\/#website\"},\"datePublished\":\"2022-08-11T06:01:09+00:00\",\"dateModified\":\"2023-07-29T09:18:21+00:00\",\"breadcrumb\":{\"@id\":\"https:\/\/peoplesphere.be\/fr\/point-gestion-jours-de-conge-milieu-de-lete-travailleurs-reprennent-habitudes-quasi-similaires-a-lavant-covid\/#breadcrumb\"},\"inLanguage\":\"fr-FR\",\"potentialAction\":[{\"@type\":\"ReadAction\",\"target\":[\"https:\/\/peoplesphere.be\/fr\/point-gestion-jours-de-conge-milieu-de-lete-travailleurs-reprennent-habitudes-quasi-similaires-a-lavant-covid\/\"]}]},{\"@type\":\"BreadcrumbList\",\"@id\":\"https:\/\/peoplesphere.be\/fr\/point-gestion-jours-de-conge-milieu-de-lete-travailleurs-reprennent-habitudes-quasi-similaires-a-lavant-covid\/#breadcrumb\",\"itemListElement\":[{\"@type\":\"ListItem\",\"position\":1,\"name\":\"Accueil\",\"item\":\"https:\/\/peoplesphere.be\/fr\/\"},{\"@type\":\"ListItem\",\"position\":2,\"name\":\"Le point sur la gestion des jours de cong\u00e9 au milieu de l&rsquo;\u00e9t\u00e9: les travailleurs reprennent des habitudes quasi similaires \u00e0 l&rsquo;avant-covid.\"}]},{\"@type\":\"WebSite\",\"@id\":\"https:\/\/peoplesphere.be\/fr\/#website\",\"url\":\"https:\/\/peoplesphere.be\/fr\/\",\"name\":\"Peoplesphere\",\"description\":\"The People Managers Magazine\",\"publisher\":{\"@id\":\"https:\/\/peoplesphere.be\/fr\/#organization\"},\"potentialAction\":[{\"@type\":\"SearchAction\",\"target\":{\"@type\":\"EntryPoint\",\"urlTemplate\":\"https:\/\/peoplesphere.be\/fr\/?s={search_term_string}\"},\"query-input\":\"required name=search_term_string\"}],\"inLanguage\":\"fr-FR\"},{\"@type\":\"Organization\",\"@id\":\"https:\/\/peoplesphere.be\/fr\/#organization\",\"name\":\"Peoplesphere Company srl\",\"url\":\"https:\/\/peoplesphere.be\/fr\/\",\"logo\":{\"@type\":\"ImageObject\",\"inLanguage\":\"fr-FR\",\"@id\":\"https:\/\/peoplesphere.be\/fr\/#\/schema\/logo\/image\/\",\"url\":\"https:\/\/peoplesphere.be\/fr\/wp-content\/uploads\/2023\/07\/peoplesphere-lgo-new-generik.jpg\",\"contentUrl\":\"https:\/\/peoplesphere.be\/fr\/wp-content\/uploads\/2023\/07\/peoplesphere-lgo-new-generik.jpg\",\"width\":1031,\"height\":1479,\"caption\":\"Peoplesphere Company srl\"},\"image\":{\"@id\":\"https:\/\/peoplesphere.be\/fr\/#\/schema\/logo\/image\/\"},\"sameAs\":[\"https:\/\/www.facebook.com\/peoplesphere\",\"https:\/\/twitter.com\/PeoplesphereMag\",\"https:\/\/www.linkedin.com\/company\/7587361?trk\",\"http:\/\/youtube.com\/peoplesphere\"]},{\"@type\":\"Person\",\"@id\":\"https:\/\/peoplesphere.be\/fr\/#\/schema\/person\/7976225ff17988604334abb7b3536a7e\",\"name\":\"Jean-Paul Erhard\",\"image\":{\"@type\":\"ImageObject\",\"inLanguage\":\"fr-FR\",\"@id\":\"https:\/\/peoplesphere.be\/fr\/#\/schema\/person\/image\/\",\"url\":\"https:\/\/secure.gravatar.com\/avatar\/f941e681460179738071629a51574930?s=96&d=mm&r=g\",\"contentUrl\":\"https:\/\/secure.gravatar.com\/avatar\/f941e681460179738071629a51574930?s=96&d=mm&r=g\",\"caption\":\"Jean-Paul Erhard\"},\"url\":\"https:\/\/peoplesphere.be\/fr\/author\/jpe\/\"}]}<\/script>\n<!-- \/ Yoast SEO plugin. -->","yoast_head_json":{"title":"Le point sur la gestion des jours de cong\u00e9 au milieu de l'\u00e9t\u00e9: les travailleurs reprennent des habitudes quasi similaires \u00e0 l'avant-covid. - Peoplesphere","robots":{"index":"index","follow":"follow","max-snippet":"max-snippet:-1","max-image-preview":"max-image-preview:large","max-video-preview":"max-video-preview:-1"},"canonical":"https:\/\/peoplesphere.be\/fr\/point-gestion-jours-de-conge-milieu-de-lete-travailleurs-reprennent-habitudes-quasi-similaires-a-lavant-covid\/","og_locale":"fr_FR","og_type":"article","og_title":"Le point sur la gestion des jours de cong\u00e9 au milieu de l'\u00e9t\u00e9: les travailleurs reprennent des habitudes quasi similaires \u00e0 l'avant-covid. - Peoplesphere","og_description":"Au cours des sept premiers mois de 2022, les travailleurs belges ont \u00e0 nouveau pris plus de vacances que pendant les deux ann\u00e9es pr\u00e9c\u00e9dentes marqu\u00e9es par le coronavirus : 5% de l&rsquo;ensemble des heures ouvrables. Pourtant, nous continuons \u00e0 utiliser [&hellip;]","og_url":"https:\/\/peoplesphere.be\/fr\/point-gestion-jours-de-conge-milieu-de-lete-travailleurs-reprennent-habitudes-quasi-similaires-a-lavant-covid\/","og_site_name":"Peoplesphere","article_publisher":"https:\/\/www.facebook.com\/peoplesphere","article_published_time":"2022-08-11T06:01:09+00:00","article_modified_time":"2023-07-29T09:18:21+00:00","og_image":[{"url":"http:\/\/www.peoplesphere.be\/fr\/wp-content\/uploads\/2016\/07\/facebook-default-posting-1200x628px.jpg"}],"author":"Jean-Paul Erhard","twitter_card":"summary_large_image","twitter_creator":"@PeoplesphereMag","twitter_site":"@PeoplesphereMag","twitter_misc":{"\u00c9crit par":"Jean-Paul Erhard","Dur\u00e9e de lecture estim\u00e9e":"5 minutes"},"schema":{"@context":"https:\/\/schema.org","@graph":[{"@type":"Article","@id":"https:\/\/peoplesphere.be\/fr\/point-gestion-jours-de-conge-milieu-de-lete-travailleurs-reprennent-habitudes-quasi-similaires-a-lavant-covid\/#article","isPartOf":{"@id":"https:\/\/peoplesphere.be\/fr\/point-gestion-jours-de-conge-milieu-de-lete-travailleurs-reprennent-habitudes-quasi-similaires-a-lavant-covid\/"},"author":{"name":"Jean-Paul Erhard","@id":"https:\/\/peoplesphere.be\/fr\/#\/schema\/person\/7976225ff17988604334abb7b3536a7e"},"headline":"Le point sur la gestion des jours de cong\u00e9 au milieu de l&rsquo;\u00e9t\u00e9: les travailleurs reprennent des habitudes quasi similaires \u00e0 l&rsquo;avant-covid.","datePublished":"2022-08-11T06:01:09+00:00","dateModified":"2023-07-29T09:18:21+00:00","mainEntityOfPage":{"@id":"https:\/\/peoplesphere.be\/fr\/point-gestion-jours-de-conge-milieu-de-lete-travailleurs-reprennent-habitudes-quasi-similaires-a-lavant-covid\/"},"wordCount":831,"publisher":{"@id":"https:\/\/peoplesphere.be\/fr\/#organization"},"keywords":["acerta","bien-\u00eatre","jours de cong\u00e9","Vacances"],"articleSection":["Actualit\u00e9s","Digital"],"inLanguage":"fr-FR"},{"@type":"WebPage","@id":"https:\/\/peoplesphere.be\/fr\/point-gestion-jours-de-conge-milieu-de-lete-travailleurs-reprennent-habitudes-quasi-similaires-a-lavant-covid\/","url":"https:\/\/peoplesphere.be\/fr\/point-gestion-jours-de-conge-milieu-de-lete-travailleurs-reprennent-habitudes-quasi-similaires-a-lavant-covid\/","name":"Le point sur la gestion des jours de cong\u00e9 au milieu de l'\u00e9t\u00e9: les travailleurs reprennent des habitudes quasi similaires \u00e0 l'avant-covid. - Peoplesphere","isPartOf":{"@id":"https:\/\/peoplesphere.be\/fr\/#website"},"datePublished":"2022-08-11T06:01:09+00:00","dateModified":"2023-07-29T09:18:21+00:00","breadcrumb":{"@id":"https:\/\/peoplesphere.be\/fr\/point-gestion-jours-de-conge-milieu-de-lete-travailleurs-reprennent-habitudes-quasi-similaires-a-lavant-covid\/#breadcrumb"},"inLanguage":"fr-FR","potentialAction":[{"@type":"ReadAction","target":["https:\/\/peoplesphere.be\/fr\/point-gestion-jours-de-conge-milieu-de-lete-travailleurs-reprennent-habitudes-quasi-similaires-a-lavant-covid\/"]}]},{"@type":"BreadcrumbList","@id":"https:\/\/peoplesphere.be\/fr\/point-gestion-jours-de-conge-milieu-de-lete-travailleurs-reprennent-habitudes-quasi-similaires-a-lavant-covid\/#breadcrumb","itemListElement":[{"@type":"ListItem","position":1,"name":"Accueil","item":"https:\/\/peoplesphere.be\/fr\/"},{"@type":"ListItem","position":2,"name":"Le point sur la gestion des jours de cong\u00e9 au milieu de l&rsquo;\u00e9t\u00e9: les travailleurs reprennent des habitudes quasi similaires \u00e0 l&rsquo;avant-covid."}]},{"@type":"WebSite","@id":"https:\/\/peoplesphere.be\/fr\/#website","url":"https:\/\/peoplesphere.be\/fr\/","name":"Peoplesphere","description":"The People Managers Magazine","publisher":{"@id":"https:\/\/peoplesphere.be\/fr\/#organization"},"potentialAction":[{"@type":"SearchAction","target":{"@type":"EntryPoint","urlTemplate":"https:\/\/peoplesphere.be\/fr\/?s={search_term_string}"},"query-input":"required name=search_term_string"}],"inLanguage":"fr-FR"},{"@type":"Organization","@id":"https:\/\/peoplesphere.be\/fr\/#organization","name":"Peoplesphere Company srl","url":"https:\/\/peoplesphere.be\/fr\/","logo":{"@type":"ImageObject","inLanguage":"fr-FR","@id":"https:\/\/peoplesphere.be\/fr\/#\/schema\/logo\/image\/","url":"https:\/\/peoplesphere.be\/fr\/wp-content\/uploads\/2023\/07\/peoplesphere-lgo-new-generik.jpg","contentUrl":"https:\/\/peoplesphere.be\/fr\/wp-content\/uploads\/2023\/07\/peoplesphere-lgo-new-generik.jpg","width":1031,"height":1479,"caption":"Peoplesphere Company srl"},"image":{"@id":"https:\/\/peoplesphere.be\/fr\/#\/schema\/logo\/image\/"},"sameAs":["https:\/\/www.facebook.com\/peoplesphere","https:\/\/twitter.com\/PeoplesphereMag","https:\/\/www.linkedin.com\/company\/7587361?trk","http:\/\/youtube.com\/peoplesphere"]},{"@type":"Person","@id":"https:\/\/peoplesphere.be\/fr\/#\/schema\/person\/7976225ff17988604334abb7b3536a7e","name":"Jean-Paul Erhard","image":{"@type":"ImageObject","inLanguage":"fr-FR","@id":"https:\/\/peoplesphere.be\/fr\/#\/schema\/person\/image\/","url":"https:\/\/secure.gravatar.com\/avatar\/f941e681460179738071629a51574930?s=96&d=mm&r=g","contentUrl":"https:\/\/secure.gravatar.com\/avatar\/f941e681460179738071629a51574930?s=96&d=mm&r=g","caption":"Jean-Paul Erhard"},"url":"https:\/\/peoplesphere.be\/fr\/author\/jpe\/"}]}},"_links":{"self":[{"href":"https:\/\/peoplesphere.be\/fr\/wp-json\/wp\/v2\/posts\/13251"}],"collection":[{"href":"https:\/\/peoplesphere.be\/fr\/wp-json\/wp\/v2\/posts"}],"about":[{"href":"https:\/\/peoplesphere.be\/fr\/wp-json\/wp\/v2\/types\/post"}],"author":[{"embeddable":true,"href":"https:\/\/peoplesphere.be\/fr\/wp-json\/wp\/v2\/users\/2"}],"replies":[{"embeddable":true,"href":"https:\/\/peoplesphere.be\/fr\/wp-json\/wp\/v2\/comments?post=13251"}],"version-history":[{"count":3,"href":"https:\/\/peoplesphere.be\/fr\/wp-json\/wp\/v2\/posts\/13251\/revisions"}],"predecessor-version":[{"id":13278,"href":"https:\/\/peoplesphere.be\/fr\/wp-json\/wp\/v2\/posts\/13251\/revisions\/13278"}],"wp:attachment":[{"href":"https:\/\/peoplesphere.be\/fr\/wp-json\/wp\/v2\/media?parent=13251"}],"wp:term":[{"taxonomy":"category","embeddable":true,"href":"https:\/\/peoplesphere.be\/fr\/wp-json\/wp\/v2\/categories?post=13251"},{"taxonomy":"post_tag","embeddable":true,"href":"https:\/\/peoplesphere.be\/fr\/wp-json\/wp\/v2\/tags?post=13251"}],"curies":[{"name":"wp","href":"https:\/\/api.w.org\/{rel}","templated":true}]}}