









{"id":13257,"date":"2022-08-15T07:47:26","date_gmt":"2022-08-15T05:47:26","guid":{"rendered":"https:\/\/peoplesphere.be\/fr\/?p=13257"},"modified":"2022-08-15T07:47:26","modified_gmt":"2022-08-15T05:47:26","slug":"conjoncture-economique-defavorable-ne-freine-ardeurs-independants-debutants","status":"publish","type":"post","link":"https:\/\/peoplesphere.be\/fr\/conjoncture-economique-defavorable-ne-freine-ardeurs-independants-debutants\/","title":{"rendered":"La conjoncture \u00e9conomique d\u00e9favorable ne freine pas les ardeurs des ind\u00e9pendants d\u00e9butants."},"content":{"rendered":"<p>L\u2019administration, la tarification et la recherche de nouveaux clients constituent les plus grands d\u00e9fis \u00e0 relever selon les ind\u00e9pendants d\u00e9butants. Pour la premi\u00e8re fois, la hausse des co\u00fbts de l\u2019\u00e9nergie inqui\u00e8te \u00e9galement les jeunes entrepreneurs. Selon l&rsquo;enqu\u00eate biennale men\u00e9e par l\u2019entreprise de services RH Acerta aupr\u00e8s de plus de 1000 ind\u00e9pendants belges ayant lanc\u00e9 leur activit\u00e9 il y a un an et demi, 90 % d\u2019entre eux envisagent l\u2019avenir de mani\u00e8re positive. Et ce, malgr\u00e9 l\u2019incertitude \u00e9conomique qui r\u00e8gne actuellement et tous les d\u00e9fis auxquels ils sont confront\u00e9s.<!--more--><\/p>\n<p>Tous les deux ans, Acerta recueille les obstacles et les d\u00e9fis auxquels sont confront\u00e9s les ind\u00e9pendants d\u00e9butants dans l\u2019Indicateur. Cette ann\u00e9e, l\u2019administration (39 %), la tarification (32%) et la recherche de clients (30%) composent le trio de t\u00eate.<\/p>\n<p>Les difficult\u00e9s que rencontrent les entrepreneurs en mati\u00e8re de tarification sont dues \u00e0 la situation que nous connaissons aujourd\u2019hui sur le march\u00e9 des prix de l\u2019\u00e9nergie. Interrog\u00e9s explicitement sur l\u2019impact de la hausse des co\u00fbts de l\u2019\u00e9nergie sur leur entreprise, plus de la moiti\u00e9 (53%) des ind\u00e9pendants d\u00e9butants admettent que ces co\u00fbts ont un impact mod\u00e9r\u00e9, voire (tr\u00e8s) important. 21% vont m\u00eame jusqu\u2019\u00e0 penser qu\u2019ils devront peut-\u00eatre cesser leurs activit\u00e9s pour cette raison. 6% estiment d\u2019ailleurs qu\u2019un tel arr\u00eat est (tr\u00e8s) probable.<\/p>\n<p>Nadine Morren, Directrice Service \u00e0 la Client\u00e8le chez Acerta, explique : <em>\u00ab\u00a0Les ind\u00e9pendants continuent de consid\u00e9rer la charge administrative comme le principal obstacle auquel ils doivent faire face. Les t\u00e2ches administratives ne disparaissent pas apr\u00e8s le lancement de l\u2019activit\u00e9 ind\u00e9pendante, mais se poursuivent avec l\u2019organisation des livraisons, le suivi des d\u00e9biteurs, etc. Certaines proc\u00e9dures sont, par ailleurs, relativement lourdes. L\u2019administration demeure d\u00e8s lors un v\u00e9ritable d\u00e9fi. Depuis le d\u00e9but de cette ann\u00e9e, la hausse des prix de l\u2019\u00e9nergie et l\u2019inflation constituent de nouveaux d\u00e9fis. Ces nouvelles difficult\u00e9s multiplient non seulement les co\u00fbts des ind\u00e9pendants, mais emp\u00eachent \u00e9galement la plupart d\u2019entre eux de d\u00e9terminer ce qui constitue un prix raisonnable pour leur produit ou service. Nous constatons en effet que la tarification est source de maux de t\u00eate pour bien des ind\u00e9pendants.\u00a0\u00bb<\/em><\/p>\n<p><strong><em>90 % des ind\u00e9pendants d\u00e9butants positifs quant \u00e0 l\u2019avenir<\/em><\/strong><\/p>\n<p>Malgr\u00e9 tous les obstacles et les d\u00e9fis li\u00e9s au lancement de leurs activit\u00e9s, les ind\u00e9pendants qui se lancent dans l\u2019aventure sont optimistes quant \u00e0 l\u2019avenir : 68% se disent \u00ab\u2009plut\u00f4t positifs\u2009\u00bb et 22% sont m\u00eame \u00ab\u2009tr\u00e8s positifs\u2009\u00bb. 9% voient toutefois l\u2019avenir plut\u00f4t n\u00e9gativement, et 1% tr\u00e8s n\u00e9gativement.<\/p>\n<p>Nadine Morren d\u2019Acerta poursuit <em>: \u00ab\u00a0Cela illustre l\u2019enthousiasme et la d\u00e9termination typiques de ceux qui voient un avenir pour eux en tant qu\u2019ind\u00e9pendants. Se lancer comme ind\u00e9pendant est un choix conscient. Il faut \u00eatre motiv\u00e9 pour sauter le pas. Pour beaucoup, cette motivation positive l\u2019emporte sur tout ce qui pourrait \u00eatre per\u00e7u comme n\u00e9gatif. Un ind\u00e9pendant (d\u00e9butant) en activit\u00e9 principale ne se laissera pas facilement d\u00e9courager, semble-t-il.\u00a0\u00bb<\/em><\/p>\n<p>&nbsp;<\/p>\n<p><em>Source : Acerta &#8211; l\u2019Indicateur est une enqu\u00eate men\u00e9e aupr\u00e8s d\u2019ind\u00e9pendants d\u00e9butants pour prendre le pouls des starters concernant une s\u00e9rie de th\u00e8mes cl\u00e9s. Cette quatri\u00e8me \u00e9dition s\u2019est d\u00e9roul\u00e9e du 16 mai au 5 juin 2022 aupr\u00e8s d\u2019ind\u00e9pendants ayant d\u00e9marr\u00e9 leur activit\u00e9 \u00e0 partir du 1er janvier 2021 (d\u00e9marrage depuis un an et demi). Au total, 1100 personnes ont particip\u00e9. Les \u00e9ditions pr\u00e9c\u00e9dentes ont eu lieu en 2017, 2018 et 2020.<\/em><\/p>\n","protected":false},"excerpt":{"rendered":"<p>L\u2019administration, la tarification et la recherche de nouveaux clients constituent les plus grands d\u00e9fis \u00e0 relever selon les ind\u00e9pendants d\u00e9butants. Pour la premi\u00e8re fois, la hausse des co\u00fbts de l\u2019\u00e9nergie inqui\u00e8te \u00e9galement les jeunes entrepreneurs. Selon l&rsquo;enqu\u00eate biennale men\u00e9e par [&hellip;]<\/p>\n","protected":false},"author":2,"featured_media":0,"comment_status":"closed","ping_status":"open","sticky":false,"template":"","format":"standard","meta":[],"categories":[65,10],"tags":[804,750,285],"yoast_head":"<!-- This site is optimized with the Yoast SEO plugin v21.0 - https:\/\/yoast.com\/wordpress\/plugins\/seo\/ -->\n<title>La conjoncture \u00e9conomique d\u00e9favorable ne freine pas les ardeurs des ind\u00e9pendants d\u00e9butants. - Peoplesphere<\/title>\n<meta name=\"robots\" content=\"index, follow, max-snippet:-1, max-image-preview:large, max-video-preview:-1\" \/>\n<link rel=\"canonical\" href=\"https:\/\/peoplesphere.be\/fr\/conjoncture-economique-defavorable-ne-freine-ardeurs-independants-debutants\/\" \/>\n<meta property=\"og:locale\" content=\"fr_FR\" \/>\n<meta property=\"og:type\" content=\"article\" \/>\n<meta property=\"og:title\" content=\"La conjoncture \u00e9conomique d\u00e9favorable ne freine pas les ardeurs des ind\u00e9pendants d\u00e9butants. - Peoplesphere\" \/>\n<meta property=\"og:description\" content=\"L\u2019administration, la tarification et la recherche de nouveaux clients constituent les plus grands d\u00e9fis \u00e0 relever selon les ind\u00e9pendants d\u00e9butants. Pour la premi\u00e8re fois, la hausse des co\u00fbts de l\u2019\u00e9nergie inqui\u00e8te \u00e9galement les jeunes entrepreneurs. Selon l&rsquo;enqu\u00eate biennale men\u00e9e par [&hellip;]\" \/>\n<meta property=\"og:url\" content=\"https:\/\/peoplesphere.be\/fr\/conjoncture-economique-defavorable-ne-freine-ardeurs-independants-debutants\/\" \/>\n<meta property=\"og:site_name\" content=\"Peoplesphere\" \/>\n<meta property=\"article:publisher\" content=\"https:\/\/www.facebook.com\/peoplesphere\" \/>\n<meta property=\"article:published_time\" content=\"2022-08-15T05:47:26+00:00\" \/>\n<meta property=\"og:image\" content=\"http:\/\/www.peoplesphere.be\/fr\/wp-content\/uploads\/2016\/07\/facebook-default-posting-1200x628px.jpg\" \/>\n<meta name=\"author\" content=\"Jean-Paul Erhard\" \/>\n<meta name=\"twitter:card\" content=\"summary_large_image\" \/>\n<meta name=\"twitter:creator\" content=\"@PeoplesphereMag\" \/>\n<meta name=\"twitter:site\" content=\"@PeoplesphereMag\" \/>\n<meta name=\"twitter:label1\" content=\"\u00c9crit par\" \/>\n\t<meta name=\"twitter:data1\" content=\"Jean-Paul Erhard\" \/>\n\t<meta name=\"twitter:label2\" content=\"Dur\u00e9e de lecture estim\u00e9e\" \/>\n\t<meta name=\"twitter:data2\" content=\"3 minutes\" \/>\n<script type=\"application\/ld+json\" class=\"yoast-schema-graph\">{\"@context\":\"https:\/\/schema.org\",\"@graph\":[{\"@type\":\"Article\",\"@id\":\"https:\/\/peoplesphere.be\/fr\/conjoncture-economique-defavorable-ne-freine-ardeurs-independants-debutants\/#article\",\"isPartOf\":{\"@id\":\"https:\/\/peoplesphere.be\/fr\/conjoncture-economique-defavorable-ne-freine-ardeurs-independants-debutants\/\"},\"author\":{\"name\":\"Jean-Paul Erhard\",\"@id\":\"https:\/\/peoplesphere.be\/fr\/#\/schema\/person\/7976225ff17988604334abb7b3536a7e\"},\"headline\":\"La conjoncture \u00e9conomique d\u00e9favorable ne freine pas les ardeurs des ind\u00e9pendants d\u00e9butants.\",\"datePublished\":\"2022-08-15T05:47:26+00:00\",\"dateModified\":\"2022-08-15T05:47:26+00:00\",\"mainEntityOfPage\":{\"@id\":\"https:\/\/peoplesphere.be\/fr\/conjoncture-economique-defavorable-ne-freine-ardeurs-independants-debutants\/\"},\"wordCount\":641,\"publisher\":{\"@id\":\"https:\/\/peoplesphere.be\/fr\/#organization\"},\"keywords\":[\"conjoncture\",\"co\u00fbt de la vie\",\"ind\u00e9pendants\"],\"articleSection\":[\"Actualit\u00e9s\",\"Digital\"],\"inLanguage\":\"fr-FR\"},{\"@type\":\"WebPage\",\"@id\":\"https:\/\/peoplesphere.be\/fr\/conjoncture-economique-defavorable-ne-freine-ardeurs-independants-debutants\/\",\"url\":\"https:\/\/peoplesphere.be\/fr\/conjoncture-economique-defavorable-ne-freine-ardeurs-independants-debutants\/\",\"name\":\"La conjoncture \u00e9conomique d\u00e9favorable ne freine pas les ardeurs des ind\u00e9pendants d\u00e9butants. - Peoplesphere\",\"isPartOf\":{\"@id\":\"https:\/\/peoplesphere.be\/fr\/#website\"},\"datePublished\":\"2022-08-15T05:47:26+00:00\",\"dateModified\":\"2022-08-15T05:47:26+00:00\",\"breadcrumb\":{\"@id\":\"https:\/\/peoplesphere.be\/fr\/conjoncture-economique-defavorable-ne-freine-ardeurs-independants-debutants\/#breadcrumb\"},\"inLanguage\":\"fr-FR\",\"potentialAction\":[{\"@type\":\"ReadAction\",\"target\":[\"https:\/\/peoplesphere.be\/fr\/conjoncture-economique-defavorable-ne-freine-ardeurs-independants-debutants\/\"]}]},{\"@type\":\"BreadcrumbList\",\"@id\":\"https:\/\/peoplesphere.be\/fr\/conjoncture-economique-defavorable-ne-freine-ardeurs-independants-debutants\/#breadcrumb\",\"itemListElement\":[{\"@type\":\"ListItem\",\"position\":1,\"name\":\"Accueil\",\"item\":\"https:\/\/peoplesphere.be\/fr\/\"},{\"@type\":\"ListItem\",\"position\":2,\"name\":\"La conjoncture \u00e9conomique d\u00e9favorable ne freine pas les ardeurs des ind\u00e9pendants d\u00e9butants.\"}]},{\"@type\":\"WebSite\",\"@id\":\"https:\/\/peoplesphere.be\/fr\/#website\",\"url\":\"https:\/\/peoplesphere.be\/fr\/\",\"name\":\"Peoplesphere\",\"description\":\"The People Managers Magazine\",\"publisher\":{\"@id\":\"https:\/\/peoplesphere.be\/fr\/#organization\"},\"potentialAction\":[{\"@type\":\"SearchAction\",\"target\":{\"@type\":\"EntryPoint\",\"urlTemplate\":\"https:\/\/peoplesphere.be\/fr\/?s={search_term_string}\"},\"query-input\":\"required name=search_term_string\"}],\"inLanguage\":\"fr-FR\"},{\"@type\":\"Organization\",\"@id\":\"https:\/\/peoplesphere.be\/fr\/#organization\",\"name\":\"Peoplesphere Company srl\",\"url\":\"https:\/\/peoplesphere.be\/fr\/\",\"logo\":{\"@type\":\"ImageObject\",\"inLanguage\":\"fr-FR\",\"@id\":\"https:\/\/peoplesphere.be\/fr\/#\/schema\/logo\/image\/\",\"url\":\"https:\/\/peoplesphere.be\/fr\/wp-content\/uploads\/2023\/07\/peoplesphere-lgo-new-generik.jpg\",\"contentUrl\":\"https:\/\/peoplesphere.be\/fr\/wp-content\/uploads\/2023\/07\/peoplesphere-lgo-new-generik.jpg\",\"width\":1031,\"height\":1479,\"caption\":\"Peoplesphere Company srl\"},\"image\":{\"@id\":\"https:\/\/peoplesphere.be\/fr\/#\/schema\/logo\/image\/\"},\"sameAs\":[\"https:\/\/www.facebook.com\/peoplesphere\",\"https:\/\/twitter.com\/PeoplesphereMag\",\"https:\/\/www.linkedin.com\/company\/7587361?trk\",\"http:\/\/youtube.com\/peoplesphere\"]},{\"@type\":\"Person\",\"@id\":\"https:\/\/peoplesphere.be\/fr\/#\/schema\/person\/7976225ff17988604334abb7b3536a7e\",\"name\":\"Jean-Paul Erhard\",\"image\":{\"@type\":\"ImageObject\",\"inLanguage\":\"fr-FR\",\"@id\":\"https:\/\/peoplesphere.be\/fr\/#\/schema\/person\/image\/\",\"url\":\"https:\/\/secure.gravatar.com\/avatar\/f941e681460179738071629a51574930?s=96&d=mm&r=g\",\"contentUrl\":\"https:\/\/secure.gravatar.com\/avatar\/f941e681460179738071629a51574930?s=96&d=mm&r=g\",\"caption\":\"Jean-Paul Erhard\"},\"url\":\"https:\/\/peoplesphere.be\/fr\/author\/jpe\/\"}]}<\/script>\n<!-- \/ Yoast SEO plugin. -->","yoast_head_json":{"title":"La conjoncture \u00e9conomique d\u00e9favorable ne freine pas les ardeurs des ind\u00e9pendants d\u00e9butants. - Peoplesphere","robots":{"index":"index","follow":"follow","max-snippet":"max-snippet:-1","max-image-preview":"max-image-preview:large","max-video-preview":"max-video-preview:-1"},"canonical":"https:\/\/peoplesphere.be\/fr\/conjoncture-economique-defavorable-ne-freine-ardeurs-independants-debutants\/","og_locale":"fr_FR","og_type":"article","og_title":"La conjoncture \u00e9conomique d\u00e9favorable ne freine pas les ardeurs des ind\u00e9pendants d\u00e9butants. - Peoplesphere","og_description":"L\u2019administration, la tarification et la recherche de nouveaux clients constituent les plus grands d\u00e9fis \u00e0 relever selon les ind\u00e9pendants d\u00e9butants. Pour la premi\u00e8re fois, la hausse des co\u00fbts de l\u2019\u00e9nergie inqui\u00e8te \u00e9galement les jeunes entrepreneurs. Selon l&rsquo;enqu\u00eate biennale men\u00e9e par [&hellip;]","og_url":"https:\/\/peoplesphere.be\/fr\/conjoncture-economique-defavorable-ne-freine-ardeurs-independants-debutants\/","og_site_name":"Peoplesphere","article_publisher":"https:\/\/www.facebook.com\/peoplesphere","article_published_time":"2022-08-15T05:47:26+00:00","og_image":[{"url":"http:\/\/www.peoplesphere.be\/fr\/wp-content\/uploads\/2016\/07\/facebook-default-posting-1200x628px.jpg"}],"author":"Jean-Paul Erhard","twitter_card":"summary_large_image","twitter_creator":"@PeoplesphereMag","twitter_site":"@PeoplesphereMag","twitter_misc":{"\u00c9crit par":"Jean-Paul Erhard","Dur\u00e9e de lecture estim\u00e9e":"3 minutes"},"schema":{"@context":"https:\/\/schema.org","@graph":[{"@type":"Article","@id":"https:\/\/peoplesphere.be\/fr\/conjoncture-economique-defavorable-ne-freine-ardeurs-independants-debutants\/#article","isPartOf":{"@id":"https:\/\/peoplesphere.be\/fr\/conjoncture-economique-defavorable-ne-freine-ardeurs-independants-debutants\/"},"author":{"name":"Jean-Paul Erhard","@id":"https:\/\/peoplesphere.be\/fr\/#\/schema\/person\/7976225ff17988604334abb7b3536a7e"},"headline":"La conjoncture \u00e9conomique d\u00e9favorable ne freine pas les ardeurs des ind\u00e9pendants d\u00e9butants.","datePublished":"2022-08-15T05:47:26+00:00","dateModified":"2022-08-15T05:47:26+00:00","mainEntityOfPage":{"@id":"https:\/\/peoplesphere.be\/fr\/conjoncture-economique-defavorable-ne-freine-ardeurs-independants-debutants\/"},"wordCount":641,"publisher":{"@id":"https:\/\/peoplesphere.be\/fr\/#organization"},"keywords":["conjoncture","co\u00fbt de la vie","ind\u00e9pendants"],"articleSection":["Actualit\u00e9s","Digital"],"inLanguage":"fr-FR"},{"@type":"WebPage","@id":"https:\/\/peoplesphere.be\/fr\/conjoncture-economique-defavorable-ne-freine-ardeurs-independants-debutants\/","url":"https:\/\/peoplesphere.be\/fr\/conjoncture-economique-defavorable-ne-freine-ardeurs-independants-debutants\/","name":"La conjoncture \u00e9conomique d\u00e9favorable ne freine pas les ardeurs des ind\u00e9pendants d\u00e9butants. - Peoplesphere","isPartOf":{"@id":"https:\/\/peoplesphere.be\/fr\/#website"},"datePublished":"2022-08-15T05:47:26+00:00","dateModified":"2022-08-15T05:47:26+00:00","breadcrumb":{"@id":"https:\/\/peoplesphere.be\/fr\/conjoncture-economique-defavorable-ne-freine-ardeurs-independants-debutants\/#breadcrumb"},"inLanguage":"fr-FR","potentialAction":[{"@type":"ReadAction","target":["https:\/\/peoplesphere.be\/fr\/conjoncture-economique-defavorable-ne-freine-ardeurs-independants-debutants\/"]}]},{"@type":"BreadcrumbList","@id":"https:\/\/peoplesphere.be\/fr\/conjoncture-economique-defavorable-ne-freine-ardeurs-independants-debutants\/#breadcrumb","itemListElement":[{"@type":"ListItem","position":1,"name":"Accueil","item":"https:\/\/peoplesphere.be\/fr\/"},{"@type":"ListItem","position":2,"name":"La conjoncture \u00e9conomique d\u00e9favorable ne freine pas les ardeurs des ind\u00e9pendants d\u00e9butants."}]},{"@type":"WebSite","@id":"https:\/\/peoplesphere.be\/fr\/#website","url":"https:\/\/peoplesphere.be\/fr\/","name":"Peoplesphere","description":"The People Managers Magazine","publisher":{"@id":"https:\/\/peoplesphere.be\/fr\/#organization"},"potentialAction":[{"@type":"SearchAction","target":{"@type":"EntryPoint","urlTemplate":"https:\/\/peoplesphere.be\/fr\/?s={search_term_string}"},"query-input":"required name=search_term_string"}],"inLanguage":"fr-FR"},{"@type":"Organization","@id":"https:\/\/peoplesphere.be\/fr\/#organization","name":"Peoplesphere Company srl","url":"https:\/\/peoplesphere.be\/fr\/","logo":{"@type":"ImageObject","inLanguage":"fr-FR","@id":"https:\/\/peoplesphere.be\/fr\/#\/schema\/logo\/image\/","url":"https:\/\/peoplesphere.be\/fr\/wp-content\/uploads\/2023\/07\/peoplesphere-lgo-new-generik.jpg","contentUrl":"https:\/\/peoplesphere.be\/fr\/wp-content\/uploads\/2023\/07\/peoplesphere-lgo-new-generik.jpg","width":1031,"height":1479,"caption":"Peoplesphere Company srl"},"image":{"@id":"https:\/\/peoplesphere.be\/fr\/#\/schema\/logo\/image\/"},"sameAs":["https:\/\/www.facebook.com\/peoplesphere","https:\/\/twitter.com\/PeoplesphereMag","https:\/\/www.linkedin.com\/company\/7587361?trk","http:\/\/youtube.com\/peoplesphere"]},{"@type":"Person","@id":"https:\/\/peoplesphere.be\/fr\/#\/schema\/person\/7976225ff17988604334abb7b3536a7e","name":"Jean-Paul Erhard","image":{"@type":"ImageObject","inLanguage":"fr-FR","@id":"https:\/\/peoplesphere.be\/fr\/#\/schema\/person\/image\/","url":"https:\/\/secure.gravatar.com\/avatar\/f941e681460179738071629a51574930?s=96&d=mm&r=g","contentUrl":"https:\/\/secure.gravatar.com\/avatar\/f941e681460179738071629a51574930?s=96&d=mm&r=g","caption":"Jean-Paul Erhard"},"url":"https:\/\/peoplesphere.be\/fr\/author\/jpe\/"}]}},"_links":{"self":[{"href":"https:\/\/peoplesphere.be\/fr\/wp-json\/wp\/v2\/posts\/13257"}],"collection":[{"href":"https:\/\/peoplesphere.be\/fr\/wp-json\/wp\/v2\/posts"}],"about":[{"href":"https:\/\/peoplesphere.be\/fr\/wp-json\/wp\/v2\/types\/post"}],"author":[{"embeddable":true,"href":"https:\/\/peoplesphere.be\/fr\/wp-json\/wp\/v2\/users\/2"}],"replies":[{"embeddable":true,"href":"https:\/\/peoplesphere.be\/fr\/wp-json\/wp\/v2\/comments?post=13257"}],"version-history":[{"count":1,"href":"https:\/\/peoplesphere.be\/fr\/wp-json\/wp\/v2\/posts\/13257\/revisions"}],"predecessor-version":[{"id":13258,"href":"https:\/\/peoplesphere.be\/fr\/wp-json\/wp\/v2\/posts\/13257\/revisions\/13258"}],"wp:attachment":[{"href":"https:\/\/peoplesphere.be\/fr\/wp-json\/wp\/v2\/media?parent=13257"}],"wp:term":[{"taxonomy":"category","embeddable":true,"href":"https:\/\/peoplesphere.be\/fr\/wp-json\/wp\/v2\/categories?post=13257"},{"taxonomy":"post_tag","embeddable":true,"href":"https:\/\/peoplesphere.be\/fr\/wp-json\/wp\/v2\/tags?post=13257"}],"curies":[{"name":"wp","href":"https:\/\/api.w.org\/{rel}","templated":true}]}}