









{"id":13269,"date":"2022-08-18T12:25:06","date_gmt":"2022-08-18T10:25:06","guid":{"rendered":"https:\/\/peoplesphere.be\/fr\/?p=13269"},"modified":"2023-07-29T10:37:25","modified_gmt":"2023-07-29T08:37:25","slug":"diminution-nombre-dheures-travaillees-evolution-concerne-priorite-femmes-hommes-formes","status":"publish","type":"post","link":"https:\/\/peoplesphere.be\/fr\/diminution-nombre-dheures-travaillees-evolution-concerne-priorite-femmes-hommes-formes\/","title":{"rendered":"Diminution du nombre d&rsquo;heures travaill\u00e9es: une \u00e9volution qui concerne en priorit\u00e9 les femmes et les hommes moins form\u00e9s."},"content":{"rendered":"<p>D\u2019apr\u00e8s les comptes nationaux (publication de 2021), l\u2019emploi en Belgique est rest\u00e9 constant entre 2019 et 2020, mais le nombre d\u2019heures travaill\u00e9es a baiss\u00e9 de 8,5% sur cette m\u00eame p\u00e9riode. Cette baisse contraste par rapport \u00e0 la croissance annuelle moyenne de 1,5% du nombre d\u2019heures travaill\u00e9es observ\u00e9e sur la p\u00e9riode 2015-2019. Ces chiffres globaux masquent toutefois de grandes diff\u00e9rences entre les groupes de travailleurs.<!--more--><\/p>\n<p>En juin 2022, le BFP a mis \u00e0 jour sa base de donn\u00e9es d\u00e9taill\u00e9es sur l\u2019emploi en Belgique pour la p\u00e9riode 1999-2020. Cette base de donn\u00e9es ventile l\u2019emploi int\u00e9rieur (= le nombre de personnes travaillant sur le territoire belge) le volume de travail (= le nombre d\u2019heures travaill\u00e9es) et les co\u00fbts salariaux par branche d\u2019activit\u00e9, tels que publi\u00e9s dans les comptes nationaux, par sexe, tranche d&rsquo;\u00e2ge et niveau d\u2019\u00e9tudes.<\/p>\n<p>En 2020, le nombre d\u2019heures travaill\u00e9es a baiss\u00e9 plus nettement parmi les titulaires d\u2019un dipl\u00f4me de l\u2019enseignement primaire ou secondaire (-12% pour les deux cat\u00e9gories). La baisse du volume de travail chez les personnes dipl\u00f4m\u00e9es de l\u2019enseignement sup\u00e9rieur se limite \u00e0 6 % (type court) et \u00e0 3% (type long ou universitaire).<\/p>\n<p>Les \u00e9carts de croissance en 2020 entre les niveaux varient de -14% (enseignement primaire ou secondaire) \u00e0 -1% (les plus qualifi\u00e9s) chez les femmes et de -12% \u00e0 -4% chez les hommes. Ces \u00e9volutions ont des causes multiples. La baisse du nombre d&rsquo;heures travaill\u00e9es en 2020 est bien s\u00fbr li\u00e9e aux confinements d\u00e9cr\u00e9t\u00e9s lors de la crise Covid et au ralentissement \u00e9conomique observ\u00e9 cette ann\u00e9e-l\u00e0. Outre le fait que ce sont surtout les branches avec beaucoup de travailleurs peu qualifi\u00e9s (comme l\u2019Horeca, certains commerces de d\u00e9tail, les services sportifs, r\u00e9cr\u00e9atifs et de loisir) qui ont \u00e9t\u00e9 touch\u00e9es par la crise, l\u2019extension du t\u00e9l\u00e9travail (plus facile \u00e0 exercer par les plus qualifi\u00e9s) comme alternative \u00e0 l\u2019arr\u00eat du travail a contribu\u00e9 \u00e0 ces \u00e9carts entre les niveaux d\u2019\u00e9tudes. Dans le m\u00eame temps, ces \u00e9carts s&rsquo;inscrivent dans une tendance historique o\u00f9 les plus qualifi\u00e9s r\u00e9alisent une part toujours plus grande du volume de travail.<\/p>\n<p>Malgr\u00e9 un recul des heures travaill\u00e9es de respectivement 14% et 11% en 2020, ce sont toujours les femmes et les hommes dipl\u00f4m\u00e9s de l\u2019enseignement secondaire sup\u00e9rieur qui r\u00e9alisent le plus grand volume de travail (32% pour les femmes et 41% pour les hommes).<\/p>\n<p><strong><em>L\u2019\u00e9volution chez les salari\u00e9s et les ind\u00e9pendants<\/em><\/strong><\/p>\n<p>La croissance nulle macro\u00e9conomique de l\u2019emploi entre ces deux ann\u00e9es cache des diff\u00e9rences entre les statuts. Alors que le nombre d\u2019ind\u00e9pendants a augment\u00e9 de resp. 1,4% et 1,9% chez les femmes et les hommes, le nombre de salari\u00e9s a baiss\u00e9 de 0,2% et 0,6%. Dans chacun de ces groupes, les diff\u00e9rences sont encore plus marqu\u00e9es entre les niveaux d\u2019\u00e9tudes.<\/p>\n<p>Dans l\u2019ensemble de l\u2019\u00e9conomie, le nombre d\u2019heures travaill\u00e9es a recul\u00e9 de 8,5% en 2020, tandis que le nombre de personnes occup\u00e9e s\u2019est maintenu. Les mesures de soutien temporaires mises en place pour les salari\u00e9s (ch\u00f4mage temporaire) et les ind\u00e9pendants (droit passerelle) ont contribu\u00e9 \u00e0 ce que ces travailleurs conservent leur statut, m\u00eame s\u2019ils ont d\u00fb interrompre leur activit\u00e9 durant les confinements.<\/p>\n<p>Le recul du nombre d\u2019heures travaill\u00e9es en 2020 a \u00e9t\u00e9 plus marqu\u00e9 chez les ind\u00e9pendants que chez les salari\u00e9s. Compte tenu du sexe et du statut, la baisse du nombre d\u2019heures travaill\u00e9es est la plus faible chez les dipl\u00f4m\u00e9s de l\u2019enseignement sup\u00e9rieur de type long, puis de type court. Les deux niveaux les moins qualifi\u00e9s enregistrent le recul le plus marqu\u00e9 de leur volume de travail. Il diminue d\u2019au moins 9%. La baisse la plus forte intervient chez les femmes ind\u00e9pendantes titulaires d\u2019un dipl\u00f4me de l\u2019enseignement secondaire inf\u00e9rieur ou sup\u00e9rieur (-26% et -28% resp.).<\/p>\n<p>Nous constatons que l\u2019activit\u00e9 des titulaires d\u2019un dipl\u00f4me de l\u2019enseignement secondaire s\u2019est fortement r\u00e9duite en 2020, au niveau de l\u2019emploi, mais davantage au niveau du volume de travail. On observe des \u00e9carts d\u2019\u00e9volution entre les moins et les plus qualifi\u00e9s dans tous les groupes \u00e9tudi\u00e9s, mais ils sont plus marqu\u00e9s pour les femmes et les ind\u00e9pendants. Le nombre total d\u2019heures travaill\u00e9es en 2020 a diminu\u00e9 plus fortement pour les ind\u00e9pendants que pour les salari\u00e9s.<\/p>\n<p>&nbsp;<\/p>\n<p><em>Source: Bureau du Plan &#8211; La mise \u00e0 jour r\u00e9cente de la base de donn\u00e9es \u00ab \u00c9valuation qualitative de l\u2019emploi : donn\u00e9es 1999-2020 \u00bb permet d\u2019estimer l\u2019\u00e9volution de l\u2019emploi, du volume de travail et des co\u00fbts salariaux par branche d\u2019activit\u00e9, sexe, tranche d\u2019\u00e2ge, niveau d\u2019\u00e9tudes et statut (ind\u00e9pendant ou salari\u00e9). Ce fact sheet met en particulier l\u2019accent sur l\u2019\u00e9volution par niveau d\u2019\u00e9tudes entre 2019 et 2020, ann\u00e9e marqu\u00e9e par la pand\u00e9mie. Les diff\u00e9rences entre les femmes et les hommes et entre les salari\u00e9s et les ind\u00e9pendants sont \u00e9galement pr\u00e9sent\u00e9es.<\/em><\/p>\n","protected":false},"excerpt":{"rendered":"<p>D\u2019apr\u00e8s les comptes nationaux (publication de 2021), l\u2019emploi en Belgique est rest\u00e9 constant entre 2019 et 2020, mais le nombre d\u2019heures travaill\u00e9es a baiss\u00e9 de 8,5% sur cette m\u00eame p\u00e9riode. Cette baisse contraste par rapport \u00e0 la croissance annuelle moyenne [&hellip;]<\/p>\n","protected":false},"author":2,"featured_media":13270,"comment_status":"closed","ping_status":"open","sticky":false,"template":"","format":"standard","meta":[],"categories":[65,10],"tags":[926,49,551,292,48,2622],"yoast_head":"<!-- This site is optimized with the Yoast SEO plugin v21.0 - https:\/\/yoast.com\/wordpress\/plugins\/seo\/ -->\n<title>Diminution du nombre d&#039;heures travaill\u00e9es: une \u00e9volution qui concerne en priorit\u00e9 les femmes et les hommes moins form\u00e9s. - Peoplesphere<\/title>\n<meta name=\"robots\" content=\"index, follow, max-snippet:-1, max-image-preview:large, max-video-preview:-1\" \/>\n<link rel=\"canonical\" href=\"https:\/\/peoplesphere.be\/fr\/diminution-nombre-dheures-travaillees-evolution-concerne-priorite-femmes-hommes-formes\/\" \/>\n<meta property=\"og:locale\" content=\"fr_FR\" \/>\n<meta property=\"og:type\" content=\"article\" \/>\n<meta property=\"og:title\" content=\"Diminution du nombre d&#039;heures travaill\u00e9es: une \u00e9volution qui concerne en priorit\u00e9 les femmes et les hommes moins form\u00e9s. - Peoplesphere\" \/>\n<meta property=\"og:description\" content=\"D\u2019apr\u00e8s les comptes nationaux (publication de 2021), l\u2019emploi en Belgique est rest\u00e9 constant entre 2019 et 2020, mais le nombre d\u2019heures travaill\u00e9es a baiss\u00e9 de 8,5% sur cette m\u00eame p\u00e9riode. Cette baisse contraste par rapport \u00e0 la croissance annuelle moyenne [&hellip;]\" \/>\n<meta property=\"og:url\" content=\"https:\/\/peoplesphere.be\/fr\/diminution-nombre-dheures-travaillees-evolution-concerne-priorite-femmes-hommes-formes\/\" \/>\n<meta property=\"og:site_name\" content=\"Peoplesphere\" \/>\n<meta property=\"article:publisher\" content=\"https:\/\/www.facebook.com\/peoplesphere\" \/>\n<meta property=\"article:published_time\" content=\"2022-08-18T10:25:06+00:00\" \/>\n<meta property=\"article:modified_time\" content=\"2023-07-29T08:37:25+00:00\" \/>\n<meta property=\"og:image\" content=\"https:\/\/peoplesphere.be\/fr\/wp-content\/uploads\/2022\/08\/20220819workingtime.jpg\" \/>\n\t<meta property=\"og:image:width\" content=\"1200\" \/>\n\t<meta property=\"og:image:height\" content=\"547\" \/>\n\t<meta property=\"og:image:type\" content=\"image\/jpeg\" \/>\n<meta name=\"author\" content=\"Jean-Paul Erhard\" \/>\n<meta name=\"twitter:card\" content=\"summary_large_image\" \/>\n<meta name=\"twitter:creator\" content=\"@PeoplesphereMag\" \/>\n<meta name=\"twitter:site\" content=\"@PeoplesphereMag\" \/>\n<meta name=\"twitter:label1\" content=\"\u00c9crit par\" \/>\n\t<meta name=\"twitter:data1\" content=\"Jean-Paul Erhard\" \/>\n\t<meta name=\"twitter:label2\" content=\"Dur\u00e9e de lecture estim\u00e9e\" \/>\n\t<meta name=\"twitter:data2\" content=\"4 minutes\" \/>\n<script type=\"application\/ld+json\" class=\"yoast-schema-graph\">{\"@context\":\"https:\/\/schema.org\",\"@graph\":[{\"@type\":\"Article\",\"@id\":\"https:\/\/peoplesphere.be\/fr\/diminution-nombre-dheures-travaillees-evolution-concerne-priorite-femmes-hommes-formes\/#article\",\"isPartOf\":{\"@id\":\"https:\/\/peoplesphere.be\/fr\/diminution-nombre-dheures-travaillees-evolution-concerne-priorite-femmes-hommes-formes\/\"},\"author\":{\"name\":\"Jean-Paul Erhard\",\"@id\":\"https:\/\/peoplesphere.be\/fr\/#\/schema\/person\/7976225ff17988604334abb7b3536a7e\"},\"headline\":\"Diminution du nombre d&rsquo;heures travaill\u00e9es: une \u00e9volution qui concerne en priorit\u00e9 les femmes et les hommes moins form\u00e9s.\",\"datePublished\":\"2022-08-18T10:25:06+00:00\",\"dateModified\":\"2023-07-29T08:37:25+00:00\",\"mainEntityOfPage\":{\"@id\":\"https:\/\/peoplesphere.be\/fr\/diminution-nombre-dheures-travaillees-evolution-concerne-priorite-femmes-hommes-formes\/\"},\"wordCount\":887,\"publisher\":{\"@id\":\"https:\/\/peoplesphere.be\/fr\/#organization\"},\"keywords\":[\"bureau du plan\",\"Education\",\"\u00e9galit\u00e9 des chances\",\"\u00e9galit\u00e9 des genres\",\"Formation\",\"volume de travail\"],\"articleSection\":[\"Actualit\u00e9s\",\"Digital\"],\"inLanguage\":\"fr-FR\"},{\"@type\":\"WebPage\",\"@id\":\"https:\/\/peoplesphere.be\/fr\/diminution-nombre-dheures-travaillees-evolution-concerne-priorite-femmes-hommes-formes\/\",\"url\":\"https:\/\/peoplesphere.be\/fr\/diminution-nombre-dheures-travaillees-evolution-concerne-priorite-femmes-hommes-formes\/\",\"name\":\"Diminution du nombre d'heures travaill\u00e9es: une \u00e9volution qui concerne en priorit\u00e9 les femmes et les hommes moins form\u00e9s. - Peoplesphere\",\"isPartOf\":{\"@id\":\"https:\/\/peoplesphere.be\/fr\/#website\"},\"datePublished\":\"2022-08-18T10:25:06+00:00\",\"dateModified\":\"2023-07-29T08:37:25+00:00\",\"breadcrumb\":{\"@id\":\"https:\/\/peoplesphere.be\/fr\/diminution-nombre-dheures-travaillees-evolution-concerne-priorite-femmes-hommes-formes\/#breadcrumb\"},\"inLanguage\":\"fr-FR\",\"potentialAction\":[{\"@type\":\"ReadAction\",\"target\":[\"https:\/\/peoplesphere.be\/fr\/diminution-nombre-dheures-travaillees-evolution-concerne-priorite-femmes-hommes-formes\/\"]}]},{\"@type\":\"BreadcrumbList\",\"@id\":\"https:\/\/peoplesphere.be\/fr\/diminution-nombre-dheures-travaillees-evolution-concerne-priorite-femmes-hommes-formes\/#breadcrumb\",\"itemListElement\":[{\"@type\":\"ListItem\",\"position\":1,\"name\":\"Accueil\",\"item\":\"https:\/\/peoplesphere.be\/fr\/\"},{\"@type\":\"ListItem\",\"position\":2,\"name\":\"Diminution du nombre d&rsquo;heures travaill\u00e9es: une \u00e9volution qui concerne en priorit\u00e9 les femmes et les hommes moins form\u00e9s.\"}]},{\"@type\":\"WebSite\",\"@id\":\"https:\/\/peoplesphere.be\/fr\/#website\",\"url\":\"https:\/\/peoplesphere.be\/fr\/\",\"name\":\"Peoplesphere\",\"description\":\"The People Managers Magazine\",\"publisher\":{\"@id\":\"https:\/\/peoplesphere.be\/fr\/#organization\"},\"potentialAction\":[{\"@type\":\"SearchAction\",\"target\":{\"@type\":\"EntryPoint\",\"urlTemplate\":\"https:\/\/peoplesphere.be\/fr\/?s={search_term_string}\"},\"query-input\":\"required name=search_term_string\"}],\"inLanguage\":\"fr-FR\"},{\"@type\":\"Organization\",\"@id\":\"https:\/\/peoplesphere.be\/fr\/#organization\",\"name\":\"Peoplesphere Company srl\",\"url\":\"https:\/\/peoplesphere.be\/fr\/\",\"logo\":{\"@type\":\"ImageObject\",\"inLanguage\":\"fr-FR\",\"@id\":\"https:\/\/peoplesphere.be\/fr\/#\/schema\/logo\/image\/\",\"url\":\"https:\/\/peoplesphere.be\/fr\/wp-content\/uploads\/2023\/07\/peoplesphere-lgo-new-generik.jpg\",\"contentUrl\":\"https:\/\/peoplesphere.be\/fr\/wp-content\/uploads\/2023\/07\/peoplesphere-lgo-new-generik.jpg\",\"width\":1031,\"height\":1479,\"caption\":\"Peoplesphere Company srl\"},\"image\":{\"@id\":\"https:\/\/peoplesphere.be\/fr\/#\/schema\/logo\/image\/\"},\"sameAs\":[\"https:\/\/www.facebook.com\/peoplesphere\",\"https:\/\/twitter.com\/PeoplesphereMag\",\"https:\/\/www.linkedin.com\/company\/7587361?trk\",\"http:\/\/youtube.com\/peoplesphere\"]},{\"@type\":\"Person\",\"@id\":\"https:\/\/peoplesphere.be\/fr\/#\/schema\/person\/7976225ff17988604334abb7b3536a7e\",\"name\":\"Jean-Paul Erhard\",\"image\":{\"@type\":\"ImageObject\",\"inLanguage\":\"fr-FR\",\"@id\":\"https:\/\/peoplesphere.be\/fr\/#\/schema\/person\/image\/\",\"url\":\"https:\/\/secure.gravatar.com\/avatar\/f941e681460179738071629a51574930?s=96&d=mm&r=g\",\"contentUrl\":\"https:\/\/secure.gravatar.com\/avatar\/f941e681460179738071629a51574930?s=96&d=mm&r=g\",\"caption\":\"Jean-Paul Erhard\"},\"url\":\"https:\/\/peoplesphere.be\/fr\/author\/jpe\/\"}]}<\/script>\n<!-- \/ Yoast SEO plugin. -->","yoast_head_json":{"title":"Diminution du nombre d'heures travaill\u00e9es: une \u00e9volution qui concerne en priorit\u00e9 les femmes et les hommes moins form\u00e9s. - Peoplesphere","robots":{"index":"index","follow":"follow","max-snippet":"max-snippet:-1","max-image-preview":"max-image-preview:large","max-video-preview":"max-video-preview:-1"},"canonical":"https:\/\/peoplesphere.be\/fr\/diminution-nombre-dheures-travaillees-evolution-concerne-priorite-femmes-hommes-formes\/","og_locale":"fr_FR","og_type":"article","og_title":"Diminution du nombre d'heures travaill\u00e9es: une \u00e9volution qui concerne en priorit\u00e9 les femmes et les hommes moins form\u00e9s. - Peoplesphere","og_description":"D\u2019apr\u00e8s les comptes nationaux (publication de 2021), l\u2019emploi en Belgique est rest\u00e9 constant entre 2019 et 2020, mais le nombre d\u2019heures travaill\u00e9es a baiss\u00e9 de 8,5% sur cette m\u00eame p\u00e9riode. Cette baisse contraste par rapport \u00e0 la croissance annuelle moyenne [&hellip;]","og_url":"https:\/\/peoplesphere.be\/fr\/diminution-nombre-dheures-travaillees-evolution-concerne-priorite-femmes-hommes-formes\/","og_site_name":"Peoplesphere","article_publisher":"https:\/\/www.facebook.com\/peoplesphere","article_published_time":"2022-08-18T10:25:06+00:00","article_modified_time":"2023-07-29T08:37:25+00:00","og_image":[{"width":1200,"height":547,"url":"https:\/\/peoplesphere.be\/fr\/wp-content\/uploads\/2022\/08\/20220819workingtime.jpg","type":"image\/jpeg"}],"author":"Jean-Paul Erhard","twitter_card":"summary_large_image","twitter_creator":"@PeoplesphereMag","twitter_site":"@PeoplesphereMag","twitter_misc":{"\u00c9crit par":"Jean-Paul Erhard","Dur\u00e9e de lecture estim\u00e9e":"4 minutes"},"schema":{"@context":"https:\/\/schema.org","@graph":[{"@type":"Article","@id":"https:\/\/peoplesphere.be\/fr\/diminution-nombre-dheures-travaillees-evolution-concerne-priorite-femmes-hommes-formes\/#article","isPartOf":{"@id":"https:\/\/peoplesphere.be\/fr\/diminution-nombre-dheures-travaillees-evolution-concerne-priorite-femmes-hommes-formes\/"},"author":{"name":"Jean-Paul Erhard","@id":"https:\/\/peoplesphere.be\/fr\/#\/schema\/person\/7976225ff17988604334abb7b3536a7e"},"headline":"Diminution du nombre d&rsquo;heures travaill\u00e9es: une \u00e9volution qui concerne en priorit\u00e9 les femmes et les hommes moins form\u00e9s.","datePublished":"2022-08-18T10:25:06+00:00","dateModified":"2023-07-29T08:37:25+00:00","mainEntityOfPage":{"@id":"https:\/\/peoplesphere.be\/fr\/diminution-nombre-dheures-travaillees-evolution-concerne-priorite-femmes-hommes-formes\/"},"wordCount":887,"publisher":{"@id":"https:\/\/peoplesphere.be\/fr\/#organization"},"keywords":["bureau du plan","Education","\u00e9galit\u00e9 des chances","\u00e9galit\u00e9 des genres","Formation","volume de travail"],"articleSection":["Actualit\u00e9s","Digital"],"inLanguage":"fr-FR"},{"@type":"WebPage","@id":"https:\/\/peoplesphere.be\/fr\/diminution-nombre-dheures-travaillees-evolution-concerne-priorite-femmes-hommes-formes\/","url":"https:\/\/peoplesphere.be\/fr\/diminution-nombre-dheures-travaillees-evolution-concerne-priorite-femmes-hommes-formes\/","name":"Diminution du nombre d'heures travaill\u00e9es: une \u00e9volution qui concerne en priorit\u00e9 les femmes et les hommes moins form\u00e9s. - Peoplesphere","isPartOf":{"@id":"https:\/\/peoplesphere.be\/fr\/#website"},"datePublished":"2022-08-18T10:25:06+00:00","dateModified":"2023-07-29T08:37:25+00:00","breadcrumb":{"@id":"https:\/\/peoplesphere.be\/fr\/diminution-nombre-dheures-travaillees-evolution-concerne-priorite-femmes-hommes-formes\/#breadcrumb"},"inLanguage":"fr-FR","potentialAction":[{"@type":"ReadAction","target":["https:\/\/peoplesphere.be\/fr\/diminution-nombre-dheures-travaillees-evolution-concerne-priorite-femmes-hommes-formes\/"]}]},{"@type":"BreadcrumbList","@id":"https:\/\/peoplesphere.be\/fr\/diminution-nombre-dheures-travaillees-evolution-concerne-priorite-femmes-hommes-formes\/#breadcrumb","itemListElement":[{"@type":"ListItem","position":1,"name":"Accueil","item":"https:\/\/peoplesphere.be\/fr\/"},{"@type":"ListItem","position":2,"name":"Diminution du nombre d&rsquo;heures travaill\u00e9es: une \u00e9volution qui concerne en priorit\u00e9 les femmes et les hommes moins form\u00e9s."}]},{"@type":"WebSite","@id":"https:\/\/peoplesphere.be\/fr\/#website","url":"https:\/\/peoplesphere.be\/fr\/","name":"Peoplesphere","description":"The People Managers Magazine","publisher":{"@id":"https:\/\/peoplesphere.be\/fr\/#organization"},"potentialAction":[{"@type":"SearchAction","target":{"@type":"EntryPoint","urlTemplate":"https:\/\/peoplesphere.be\/fr\/?s={search_term_string}"},"query-input":"required name=search_term_string"}],"inLanguage":"fr-FR"},{"@type":"Organization","@id":"https:\/\/peoplesphere.be\/fr\/#organization","name":"Peoplesphere Company srl","url":"https:\/\/peoplesphere.be\/fr\/","logo":{"@type":"ImageObject","inLanguage":"fr-FR","@id":"https:\/\/peoplesphere.be\/fr\/#\/schema\/logo\/image\/","url":"https:\/\/peoplesphere.be\/fr\/wp-content\/uploads\/2023\/07\/peoplesphere-lgo-new-generik.jpg","contentUrl":"https:\/\/peoplesphere.be\/fr\/wp-content\/uploads\/2023\/07\/peoplesphere-lgo-new-generik.jpg","width":1031,"height":1479,"caption":"Peoplesphere Company srl"},"image":{"@id":"https:\/\/peoplesphere.be\/fr\/#\/schema\/logo\/image\/"},"sameAs":["https:\/\/www.facebook.com\/peoplesphere","https:\/\/twitter.com\/PeoplesphereMag","https:\/\/www.linkedin.com\/company\/7587361?trk","http:\/\/youtube.com\/peoplesphere"]},{"@type":"Person","@id":"https:\/\/peoplesphere.be\/fr\/#\/schema\/person\/7976225ff17988604334abb7b3536a7e","name":"Jean-Paul Erhard","image":{"@type":"ImageObject","inLanguage":"fr-FR","@id":"https:\/\/peoplesphere.be\/fr\/#\/schema\/person\/image\/","url":"https:\/\/secure.gravatar.com\/avatar\/f941e681460179738071629a51574930?s=96&d=mm&r=g","contentUrl":"https:\/\/secure.gravatar.com\/avatar\/f941e681460179738071629a51574930?s=96&d=mm&r=g","caption":"Jean-Paul Erhard"},"url":"https:\/\/peoplesphere.be\/fr\/author\/jpe\/"}]}},"_links":{"self":[{"href":"https:\/\/peoplesphere.be\/fr\/wp-json\/wp\/v2\/posts\/13269"}],"collection":[{"href":"https:\/\/peoplesphere.be\/fr\/wp-json\/wp\/v2\/posts"}],"about":[{"href":"https:\/\/peoplesphere.be\/fr\/wp-json\/wp\/v2\/types\/post"}],"author":[{"embeddable":true,"href":"https:\/\/peoplesphere.be\/fr\/wp-json\/wp\/v2\/users\/2"}],"replies":[{"embeddable":true,"href":"https:\/\/peoplesphere.be\/fr\/wp-json\/wp\/v2\/comments?post=13269"}],"version-history":[{"count":1,"href":"https:\/\/peoplesphere.be\/fr\/wp-json\/wp\/v2\/posts\/13269\/revisions"}],"predecessor-version":[{"id":13271,"href":"https:\/\/peoplesphere.be\/fr\/wp-json\/wp\/v2\/posts\/13269\/revisions\/13271"}],"wp:featuredmedia":[{"embeddable":true,"href":"https:\/\/peoplesphere.be\/fr\/wp-json\/wp\/v2\/media\/13270"}],"wp:attachment":[{"href":"https:\/\/peoplesphere.be\/fr\/wp-json\/wp\/v2\/media?parent=13269"}],"wp:term":[{"taxonomy":"category","embeddable":true,"href":"https:\/\/peoplesphere.be\/fr\/wp-json\/wp\/v2\/categories?post=13269"},{"taxonomy":"post_tag","embeddable":true,"href":"https:\/\/peoplesphere.be\/fr\/wp-json\/wp\/v2\/tags?post=13269"}],"curies":[{"name":"wp","href":"https:\/\/api.w.org\/{rel}","templated":true}]}}