









{"id":13272,"date":"2022-08-18T17:04:13","date_gmt":"2022-08-18T15:04:13","guid":{"rendered":"https:\/\/peoplesphere.be\/fr\/?p=13272"},"modified":"2022-08-18T17:04:13","modified_gmt":"2022-08-18T15:04:13","slug":"participez-seminaire-consacre-aux-nouveaux-enjeux-juridiques-manageriaux-de-mobilite-22-septembre-8h30","status":"publish","type":"post","link":"https:\/\/peoplesphere.be\/fr\/participez-seminaire-consacre-aux-nouveaux-enjeux-juridiques-manageriaux-de-mobilite-22-septembre-8h30\/","title":{"rendered":"Participez au s\u00e9minaire consacr\u00e9 aux nouveaux enjeux juridiques et manag\u00e9riaux de la mobilit\u00e9, le 22 septembre d\u00e8s 8h30"},"content":{"rendered":"<p>Au sein de l\u2019entreprise, la mobilit\u00e9 englobe de multiples facettes : la mobilit\u00e9 intra-entreprise nationale et internationale, la mobilit\u00e9 douce des travailleurs, la mobilit\u00e9 facilit\u00e9e pour les personnes handicap\u00e9es.\u00a0Il en est de m\u00eame avec la notion de flexibilit\u00e9: des horaires, du t\u00e9l\u00e9travail, des formes alternatives de r\u00e9mun\u00e9rations\u2026 Le s\u00e9minaire pr\u00e9sentiel et distanciel organis\u00e9 le 22 septembre prochain chez BECI (Avenue Louise 500 \u00e0 1050 Bruxelles) tentera de r\u00e9pondre aux questions pos\u00e9es \u00e0 la fois sur les plans juridique, manag\u00e9rial et de la concertation sociale.<!--more--><\/p>\n<p>Mais comment les managers, DRH et travailleurs int\u00e8grent ces nouvelles dimensions dans le quotidien de l\u2019entreprise ?<\/p>\n<p>Est-ce que ces nouveaux modes de cadre de travail participent mieux \u00e0 la comp\u00e9titivit\u00e9 des entreprises et au d\u00e9veloppement du bien-\u00eatre des travailleurs ou s\u2019agit-il de miroirs aux alouettes ?<\/p>\n<p>Quels sont les cadres juridiques existants ? Quels sont les d\u00e9fis manag\u00e9riaux d\u2019aujourd\u2019hui et de demain ?<\/p>\n<p>Plus pr\u00e9cis\u00e9ment une s\u00e9rie de nouvelles questions se posent :<\/p>\n<ul>\n<li>Quels sont les enjeux de la mobilit\u00e9 pour les entreprises et leur personnel ?<\/li>\n<li>Qu\u2019est-ce qu\u2019une d\u00e9marche \u00e9cocitoyenne de la mobilit\u00e9 ?<\/li>\n<li>Heure de pointe et horaire flexible<\/li>\n<li>Les nouvelles organisations et espaces de travail (NWOW) entre travail participatif et espace collaboratif &#8211; Ville et Campagne<\/li>\n<li>Le t\u00e9l\u00e9travail<\/li>\n<li>Le package mobilit\u00e9 au sein des entreprises<\/li>\n<li>Plan cafeteria \u2013 avantages non r\u00e9currents li\u00e9s aux r\u00e9sultats \u2013 salary sacrifice<\/li>\n<li>Mobilit\u00e9 \u2013 risques psychosociaux \u2013 lutte contre le burn-out.<\/li>\n<li>L\u2019intervention dans le poste de travail des personnes \u00e0 mobilit\u00e9 r\u00e9duite<\/li>\n<\/ul>\n<p>La conf\u00e9rence mise en place en partenariat avec Peoplesphere, BECI et SD Worx sera l\u2019occasion de faire le point au niveau juridique et manag\u00e9rial sur toutes ces questions et enjeux pour demain.<\/p>\n<p><strong><em>PROGRAMME<\/em><\/strong><\/p>\n<p>8h30 : Accueil<br \/>\n9h00 : D\u00e9but des travaux<br \/>\n9h15 : Introduction \u00ab\u00a0La mobilit\u00e9 d\u2019aujourd\u2019hui et de demain : le d\u00e9fi actuel des entreprises\u00a0\u00bb &#8211; Olivier Willocx, CEO, BECI<\/p>\n<p><strong><em>Partie 1 : la mobilit\u00e9 sous l\u2019angle des r\u00e8gles de droit social et de droit fiscal<\/em><\/strong><\/p>\n<p>9h30 : Questions choisies en droit social &#8211; Fr\u00e9d\u00e9ric Robert, avocat sp\u00e9cialis\u00e9 en droit social<br \/>\n10h00 : L\u2019optimisation salariale des plans de mobilit\u00e9 &#8211; Nicolas Tancredi, avocat au barreau du Brabant wallon, et Alexia van Zuylen, Legal Consultant PME, SD Worx<\/p>\n<p><strong><em>Partie 2 : La mobilit\u00e9 en entreprise : regards crois\u00e9s RH et syndicat<\/em><\/strong><\/p>\n<p>10h30 : L\u2019application concr\u00e8te en entreprise : dialogue entre le RH &#8211; Jean-Paul Erhard, Managing Partner Peoplesphere Company, et Olivier Valentin, secr\u00e9taire national de la CGSLB<br \/>\n11h00 : Pause-caf\u00e9<\/p>\n<p><strong><em>Partie 3 : Retours d\u2019exp\u00e9rience<\/em><\/strong><\/p>\n<p>11h15 : Retours d\u2019exp\u00e9rience d\u2019entreprises qui proposent des plans mobilit\u00e9 innovants<br \/>\n11h45 : Table ronde<br \/>\n12h15 : Echanges avec la salle<br \/>\n12h30 : Conclusions<br \/>\n12h45 : Lunch<\/p>\n<p><strong><em>FORMATION PERMANENTE<\/em><\/strong><br \/>\n&#8211; Avocats.be : 3 points<br \/>\n&#8211; Liberform octroie une prime \u00e0 la formation pour les avocats qui cotisent \u00e0 la CP 336 (www.liberform.be \u2013 info@liberform.be)<br \/>\n&#8211; IFJ : L\u2019Institut de formation judiciaire ne prend pas en charge les frais \u00e9ventuels des personnes qui s\u2019inscrivent mais ne sont pas effectivement pr\u00e9sentes. Il est toutefois permis de se faire remplacer par un coll\u00e8gue qui signe la liste de pr\u00e9sence mentionnant son nom et sa fonction \u00e0 c\u00f4t\u00e9 du nom du coll\u00e8gue remplac\u00e9.<br \/>\nUne attestation de pr\u00e9sence sera envoy\u00e9e par email apr\u00e8s v\u00e9rification de la pr\u00e9sence effective du participant.<\/p>\n<p><strong><em>CONNEXION &#8211;<\/em><\/strong> Les informations pratiques pour la connexion seront envoy\u00e9es aux participants 3 jours avant le webinaire.<\/p>\n<p><strong><em>INSCRIPTION &#8211;<\/em><\/strong> Tarif unique de 165 euros htva pour participation en pr\u00e9sentiel ou en distanciel. Inscrivez sans tarder en compl\u00e9tant le formulaire ci dessous :<\/p>\n\n<div class=\"wpcf7 no-js\" id=\"wpcf7-f13274-o1\" lang=\"fr-FR\" dir=\"ltr\">\n<div class=\"screen-reader-response\"><p role=\"status\" aria-live=\"polite\" aria-atomic=\"true\"><\/p> <ul><\/ul><\/div>\n<form action=\"\/fr\/wp-json\/wp\/v2\/posts\/13272#wpcf7-f13274-o1\" method=\"post\" class=\"wpcf7-form init\" aria-label=\"Formulaire de contact\" novalidate=\"novalidate\" data-status=\"init\">\n<div style=\"display: none;\">\n<input type=\"hidden\" name=\"_wpcf7\" value=\"13274\" \/>\n<input type=\"hidden\" name=\"_wpcf7_version\" value=\"5.7.7\" \/>\n<input type=\"hidden\" name=\"_wpcf7_locale\" value=\"fr_FR\" \/>\n<input type=\"hidden\" name=\"_wpcf7_unit_tag\" value=\"wpcf7-f13274-o1\" \/>\n<input type=\"hidden\" name=\"_wpcf7_container_post\" value=\"0\" \/>\n<input type=\"hidden\" name=\"_wpcf7_posted_data_hash\" value=\"\" \/>\n<\/div>\n<p><span class=\"wpcf7-form-control-wrap\" data-name=\"checkbox-612\"><span class=\"wpcf7-form-control wpcf7-checkbox wpcf7-validates-as-required\"><span class=\"wpcf7-list-item first last\"><input type=\"checkbox\" name=\"checkbox-612[]\" value=\"Participation au s\u00e9minaire (pr\u00e9sentiel) - 165\u20ac\" \/><span class=\"wpcf7-list-item-label\">Participation au s\u00e9minaire (pr\u00e9sentiel) - 165\u20ac<\/span><\/span><\/span><\/span><br \/>\n<span class=\"wpcf7-form-control-wrap\" data-name=\"checkbox-612\"><span class=\"wpcf7-form-control wpcf7-checkbox wpcf7-validates-as-required\"><span class=\"wpcf7-list-item first last\"><input type=\"checkbox\" name=\"checkbox-612[]\" value=\"Participation au webinaire (distanciel) - 165\u20ac\" \/><span class=\"wpcf7-list-item-label\">Participation au webinaire (distanciel) - 165\u20ac<\/span><\/span><\/span><\/span>\n<\/p>\n<p><label> Nom<br \/>\n<span class=\"wpcf7-form-control-wrap\" data-name=\"your-name\"><input size=\"40\" class=\"wpcf7-form-control wpcf7-text wpcf7-validates-as-required\" aria-required=\"true\" aria-invalid=\"false\" value=\"\" type=\"text\" name=\"your-name\" \/><\/span> <\/label>\n<\/p>\n<p><label> Pr\u00e9nom<br \/>\n<span class=\"wpcf7-form-control-wrap\" data-name=\"your-firstname\"><input size=\"40\" class=\"wpcf7-form-control wpcf7-text wpcf7-validates-as-required\" aria-required=\"true\" aria-invalid=\"false\" value=\"\" type=\"text\" name=\"your-firstname\" \/><\/span> <\/label>\n<\/p>\n<p><label> Fonction<br \/>\n<span class=\"wpcf7-form-control-wrap\" data-name=\"your-function\"><input size=\"40\" class=\"wpcf7-form-control wpcf7-text\" aria-invalid=\"false\" value=\"\" type=\"text\" name=\"your-function\" \/><\/span> <\/label>\n<\/p>\n<p><label> Soci\u00e9t\u00e9<br \/>\n<span class=\"wpcf7-form-control-wrap\" data-name=\"your-company\"><input size=\"40\" class=\"wpcf7-form-control wpcf7-text wpcf7-validates-as-required\" aria-required=\"true\" aria-invalid=\"false\" value=\"\" type=\"text\" name=\"your-company\" \/><\/span> <\/label>\n<\/p>\n<p><label> Adresse<br \/>\n<span class=\"wpcf7-form-control-wrap\" data-name=\"your-adress\"><input size=\"40\" class=\"wpcf7-form-control wpcf7-text\" aria-invalid=\"false\" value=\"\" type=\"text\" name=\"your-adress\" \/><\/span> <\/label>\n<\/p>\n<p><label> Code postal<br \/>\n<span class=\"wpcf7-form-control-wrap\" data-name=\"your-code\"><input size=\"40\" class=\"wpcf7-form-control wpcf7-text\" aria-invalid=\"false\" value=\"\" type=\"text\" name=\"your-code\" \/><\/span> <\/label>\n<\/p>\n<p><label> Ville<br \/>\n<span class=\"wpcf7-form-control-wrap\" data-name=\"your-town\"><input size=\"40\" class=\"wpcf7-form-control wpcf7-text\" aria-invalid=\"false\" value=\"\" type=\"text\" name=\"your-town\" \/><\/span> <\/label>\n<\/p>\n<p><label> Num\u00e9ro TVA<br \/>\n<span class=\"wpcf7-form-control-wrap\" data-name=\"your-vatnumber\"><input size=\"40\" class=\"wpcf7-form-control wpcf7-text wpcf7-validates-as-required\" aria-required=\"true\" aria-invalid=\"false\" value=\"\" type=\"text\" name=\"your-vatnumber\" \/><\/span> <\/label>\n<\/p>\n<p><label> T\u00e9l\u00e9phone<br \/>\n<span class=\"wpcf7-form-control-wrap\" data-name=\"your-phone\"><input size=\"40\" class=\"wpcf7-form-control wpcf7-text\" aria-invalid=\"false\" value=\"\" type=\"text\" name=\"your-phone\" \/><\/span> <\/label>\n<\/p>\n<p><label> E-mail<br \/>\n<span class=\"wpcf7-form-control-wrap\" data-name=\"your-email\"><input size=\"40\" class=\"wpcf7-form-control wpcf7-text wpcf7-email wpcf7-validates-as-required wpcf7-validates-as-email\" aria-required=\"true\" aria-invalid=\"false\" value=\"\" type=\"email\" name=\"your-email\" \/><\/span> <\/label>\n<\/p>\n<p><input class=\"wpcf7-form-control has-spinner wpcf7-submit\" type=\"submit\" value=\"Envoyer\" \/>\n<\/p><p style=\"display: none !important;\"><label>&#916;<textarea name=\"_wpcf7_ak_hp_textarea\" cols=\"45\" rows=\"8\" maxlength=\"100\"><\/textarea><\/label><input type=\"hidden\" id=\"ak_js_1\" name=\"_wpcf7_ak_js\" value=\"10\"\/><script>document.getElementById( \"ak_js_1\" ).setAttribute( \"value\", ( new Date() ).getTime() );<\/script><\/p><div class=\"wpcf7-response-output\" aria-hidden=\"true\"><\/div>\n<\/form>\n<\/div>\n\n","protected":false},"excerpt":{"rendered":"<p>Au sein de l\u2019entreprise, la mobilit\u00e9 englobe de multiples facettes : la mobilit\u00e9 intra-entreprise nationale et internationale, la mobilit\u00e9 douce des travailleurs, la mobilit\u00e9 facilit\u00e9e pour les personnes handicap\u00e9es.\u00a0Il en est de m\u00eame avec la notion de flexibilit\u00e9: des horaires, [&hellip;]<\/p>\n","protected":false},"author":2,"featured_media":13275,"comment_status":"closed","ping_status":"open","sticky":false,"template":"","format":"standard","meta":[],"categories":[65,67,10,8],"tags":[557,183,136],"yoast_head":"<!-- This site is optimized with the Yoast SEO plugin v21.0 - https:\/\/yoast.com\/wordpress\/plugins\/seo\/ -->\n<title>Participez au s\u00e9minaire consacr\u00e9 aux nouveaux enjeux juridiques et manag\u00e9riaux de la mobilit\u00e9, le 22 septembre d\u00e8s 8h30 - Peoplesphere<\/title>\n<meta name=\"robots\" content=\"index, follow, max-snippet:-1, max-image-preview:large, max-video-preview:-1\" \/>\n<link rel=\"canonical\" href=\"https:\/\/peoplesphere.be\/fr\/participez-seminaire-consacre-aux-nouveaux-enjeux-juridiques-manageriaux-de-mobilite-22-septembre-8h30\/\" \/>\n<meta property=\"og:locale\" content=\"fr_FR\" \/>\n<meta property=\"og:type\" content=\"article\" \/>\n<meta property=\"og:title\" content=\"Participez au s\u00e9minaire consacr\u00e9 aux nouveaux enjeux juridiques et manag\u00e9riaux de la mobilit\u00e9, le 22 septembre d\u00e8s 8h30 - Peoplesphere\" \/>\n<meta property=\"og:description\" content=\"Au sein de l\u2019entreprise, la mobilit\u00e9 englobe de multiples facettes : la mobilit\u00e9 intra-entreprise nationale et internationale, la mobilit\u00e9 douce des travailleurs, la mobilit\u00e9 facilit\u00e9e pour les personnes handicap\u00e9es.\u00a0Il en est de m\u00eame avec la notion de flexibilit\u00e9: des horaires, [&hellip;]\" \/>\n<meta property=\"og:url\" content=\"https:\/\/peoplesphere.be\/fr\/participez-seminaire-consacre-aux-nouveaux-enjeux-juridiques-manageriaux-de-mobilite-22-septembre-8h30\/\" \/>\n<meta property=\"og:site_name\" content=\"Peoplesphere\" \/>\n<meta property=\"article:publisher\" content=\"https:\/\/www.facebook.com\/peoplesphere\" \/>\n<meta property=\"article:published_time\" content=\"2022-08-18T15:04:13+00:00\" \/>\n<meta property=\"og:image\" content=\"https:\/\/peoplesphere.be\/fr\/wp-content\/uploads\/2022\/08\/FORMMOBILIT\u00e91.png\" \/>\n\t<meta property=\"og:image:width\" content=\"1300\" \/>\n\t<meta property=\"og:image:height\" content=\"680\" \/>\n\t<meta property=\"og:image:type\" content=\"image\/png\" \/>\n<meta name=\"author\" content=\"Jean-Paul Erhard\" \/>\n<meta name=\"twitter:card\" content=\"summary_large_image\" \/>\n<meta name=\"twitter:creator\" content=\"@PeoplesphereMag\" \/>\n<meta name=\"twitter:site\" content=\"@PeoplesphereMag\" \/>\n<meta name=\"twitter:label1\" content=\"\u00c9crit par\" \/>\n\t<meta name=\"twitter:data1\" content=\"Jean-Paul Erhard\" \/>\n\t<meta name=\"twitter:label2\" content=\"Dur\u00e9e de lecture estim\u00e9e\" \/>\n\t<meta name=\"twitter:data2\" content=\"3 minutes\" \/>\n<script type=\"application\/ld+json\" class=\"yoast-schema-graph\">{\"@context\":\"https:\/\/schema.org\",\"@graph\":[{\"@type\":\"Article\",\"@id\":\"https:\/\/peoplesphere.be\/fr\/participez-seminaire-consacre-aux-nouveaux-enjeux-juridiques-manageriaux-de-mobilite-22-septembre-8h30\/#article\",\"isPartOf\":{\"@id\":\"https:\/\/peoplesphere.be\/fr\/participez-seminaire-consacre-aux-nouveaux-enjeux-juridiques-manageriaux-de-mobilite-22-septembre-8h30\/\"},\"author\":{\"name\":\"Jean-Paul Erhard\",\"@id\":\"https:\/\/peoplesphere.be\/fr\/#\/schema\/person\/7976225ff17988604334abb7b3536a7e\"},\"headline\":\"Participez au s\u00e9minaire consacr\u00e9 aux nouveaux enjeux juridiques et manag\u00e9riaux de la mobilit\u00e9, le 22 septembre d\u00e8s 8h30\",\"datePublished\":\"2022-08-18T15:04:13+00:00\",\"dateModified\":\"2022-08-18T15:04:13+00:00\",\"mainEntityOfPage\":{\"@id\":\"https:\/\/peoplesphere.be\/fr\/participez-seminaire-consacre-aux-nouveaux-enjeux-juridiques-manageriaux-de-mobilite-22-septembre-8h30\/\"},\"wordCount\":640,\"publisher\":{\"@id\":\"https:\/\/peoplesphere.be\/fr\/#organization\"},\"keywords\":[\"droit social\",\"management\",\"mobilit\u00e9\"],\"articleSection\":[\"Actualit\u00e9s\",\"Calendrier\",\"Digital\",\"Events\"],\"inLanguage\":\"fr-FR\"},{\"@type\":\"WebPage\",\"@id\":\"https:\/\/peoplesphere.be\/fr\/participez-seminaire-consacre-aux-nouveaux-enjeux-juridiques-manageriaux-de-mobilite-22-septembre-8h30\/\",\"url\":\"https:\/\/peoplesphere.be\/fr\/participez-seminaire-consacre-aux-nouveaux-enjeux-juridiques-manageriaux-de-mobilite-22-septembre-8h30\/\",\"name\":\"Participez au s\u00e9minaire consacr\u00e9 aux nouveaux enjeux juridiques et manag\u00e9riaux de la mobilit\u00e9, le 22 septembre d\u00e8s 8h30 - Peoplesphere\",\"isPartOf\":{\"@id\":\"https:\/\/peoplesphere.be\/fr\/#website\"},\"datePublished\":\"2022-08-18T15:04:13+00:00\",\"dateModified\":\"2022-08-18T15:04:13+00:00\",\"breadcrumb\":{\"@id\":\"https:\/\/peoplesphere.be\/fr\/participez-seminaire-consacre-aux-nouveaux-enjeux-juridiques-manageriaux-de-mobilite-22-septembre-8h30\/#breadcrumb\"},\"inLanguage\":\"fr-FR\",\"potentialAction\":[{\"@type\":\"ReadAction\",\"target\":[\"https:\/\/peoplesphere.be\/fr\/participez-seminaire-consacre-aux-nouveaux-enjeux-juridiques-manageriaux-de-mobilite-22-septembre-8h30\/\"]}]},{\"@type\":\"BreadcrumbList\",\"@id\":\"https:\/\/peoplesphere.be\/fr\/participez-seminaire-consacre-aux-nouveaux-enjeux-juridiques-manageriaux-de-mobilite-22-septembre-8h30\/#breadcrumb\",\"itemListElement\":[{\"@type\":\"ListItem\",\"position\":1,\"name\":\"Accueil\",\"item\":\"https:\/\/peoplesphere.be\/fr\/\"},{\"@type\":\"ListItem\",\"position\":2,\"name\":\"Participez au s\u00e9minaire consacr\u00e9 aux nouveaux enjeux juridiques et manag\u00e9riaux de la mobilit\u00e9, le 22 septembre d\u00e8s 8h30\"}]},{\"@type\":\"WebSite\",\"@id\":\"https:\/\/peoplesphere.be\/fr\/#website\",\"url\":\"https:\/\/peoplesphere.be\/fr\/\",\"name\":\"Peoplesphere\",\"description\":\"The People Managers Magazine\",\"publisher\":{\"@id\":\"https:\/\/peoplesphere.be\/fr\/#organization\"},\"potentialAction\":[{\"@type\":\"SearchAction\",\"target\":{\"@type\":\"EntryPoint\",\"urlTemplate\":\"https:\/\/peoplesphere.be\/fr\/?s={search_term_string}\"},\"query-input\":\"required name=search_term_string\"}],\"inLanguage\":\"fr-FR\"},{\"@type\":\"Organization\",\"@id\":\"https:\/\/peoplesphere.be\/fr\/#organization\",\"name\":\"Peoplesphere Company srl\",\"url\":\"https:\/\/peoplesphere.be\/fr\/\",\"logo\":{\"@type\":\"ImageObject\",\"inLanguage\":\"fr-FR\",\"@id\":\"https:\/\/peoplesphere.be\/fr\/#\/schema\/logo\/image\/\",\"url\":\"https:\/\/peoplesphere.be\/fr\/wp-content\/uploads\/2023\/07\/peoplesphere-lgo-new-generik.jpg\",\"contentUrl\":\"https:\/\/peoplesphere.be\/fr\/wp-content\/uploads\/2023\/07\/peoplesphere-lgo-new-generik.jpg\",\"width\":1031,\"height\":1479,\"caption\":\"Peoplesphere Company srl\"},\"image\":{\"@id\":\"https:\/\/peoplesphere.be\/fr\/#\/schema\/logo\/image\/\"},\"sameAs\":[\"https:\/\/www.facebook.com\/peoplesphere\",\"https:\/\/twitter.com\/PeoplesphereMag\",\"https:\/\/www.linkedin.com\/company\/7587361?trk\",\"http:\/\/youtube.com\/peoplesphere\"]},{\"@type\":\"Person\",\"@id\":\"https:\/\/peoplesphere.be\/fr\/#\/schema\/person\/7976225ff17988604334abb7b3536a7e\",\"name\":\"Jean-Paul Erhard\",\"image\":{\"@type\":\"ImageObject\",\"inLanguage\":\"fr-FR\",\"@id\":\"https:\/\/peoplesphere.be\/fr\/#\/schema\/person\/image\/\",\"url\":\"https:\/\/secure.gravatar.com\/avatar\/f941e681460179738071629a51574930?s=96&d=mm&r=g\",\"contentUrl\":\"https:\/\/secure.gravatar.com\/avatar\/f941e681460179738071629a51574930?s=96&d=mm&r=g\",\"caption\":\"Jean-Paul Erhard\"},\"url\":\"https:\/\/peoplesphere.be\/fr\/author\/jpe\/\"}]}<\/script>\n<!-- \/ Yoast SEO plugin. -->","yoast_head_json":{"title":"Participez au s\u00e9minaire consacr\u00e9 aux nouveaux enjeux juridiques et manag\u00e9riaux de la mobilit\u00e9, le 22 septembre d\u00e8s 8h30 - Peoplesphere","robots":{"index":"index","follow":"follow","max-snippet":"max-snippet:-1","max-image-preview":"max-image-preview:large","max-video-preview":"max-video-preview:-1"},"canonical":"https:\/\/peoplesphere.be\/fr\/participez-seminaire-consacre-aux-nouveaux-enjeux-juridiques-manageriaux-de-mobilite-22-septembre-8h30\/","og_locale":"fr_FR","og_type":"article","og_title":"Participez au s\u00e9minaire consacr\u00e9 aux nouveaux enjeux juridiques et manag\u00e9riaux de la mobilit\u00e9, le 22 septembre d\u00e8s 8h30 - Peoplesphere","og_description":"Au sein de l\u2019entreprise, la mobilit\u00e9 englobe de multiples facettes : la mobilit\u00e9 intra-entreprise nationale et internationale, la mobilit\u00e9 douce des travailleurs, la mobilit\u00e9 facilit\u00e9e pour les personnes handicap\u00e9es.\u00a0Il en est de m\u00eame avec la notion de flexibilit\u00e9: des horaires, [&hellip;]","og_url":"https:\/\/peoplesphere.be\/fr\/participez-seminaire-consacre-aux-nouveaux-enjeux-juridiques-manageriaux-de-mobilite-22-septembre-8h30\/","og_site_name":"Peoplesphere","article_publisher":"https:\/\/www.facebook.com\/peoplesphere","article_published_time":"2022-08-18T15:04:13+00:00","og_image":[{"width":1300,"height":680,"url":"https:\/\/peoplesphere.be\/fr\/wp-content\/uploads\/2022\/08\/FORMMOBILIT\u00e91.png","type":"image\/png"}],"author":"Jean-Paul Erhard","twitter_card":"summary_large_image","twitter_creator":"@PeoplesphereMag","twitter_site":"@PeoplesphereMag","twitter_misc":{"\u00c9crit par":"Jean-Paul Erhard","Dur\u00e9e de lecture estim\u00e9e":"3 minutes"},"schema":{"@context":"https:\/\/schema.org","@graph":[{"@type":"Article","@id":"https:\/\/peoplesphere.be\/fr\/participez-seminaire-consacre-aux-nouveaux-enjeux-juridiques-manageriaux-de-mobilite-22-septembre-8h30\/#article","isPartOf":{"@id":"https:\/\/peoplesphere.be\/fr\/participez-seminaire-consacre-aux-nouveaux-enjeux-juridiques-manageriaux-de-mobilite-22-septembre-8h30\/"},"author":{"name":"Jean-Paul Erhard","@id":"https:\/\/peoplesphere.be\/fr\/#\/schema\/person\/7976225ff17988604334abb7b3536a7e"},"headline":"Participez au s\u00e9minaire consacr\u00e9 aux nouveaux enjeux juridiques et manag\u00e9riaux de la mobilit\u00e9, le 22 septembre d\u00e8s 8h30","datePublished":"2022-08-18T15:04:13+00:00","dateModified":"2022-08-18T15:04:13+00:00","mainEntityOfPage":{"@id":"https:\/\/peoplesphere.be\/fr\/participez-seminaire-consacre-aux-nouveaux-enjeux-juridiques-manageriaux-de-mobilite-22-septembre-8h30\/"},"wordCount":640,"publisher":{"@id":"https:\/\/peoplesphere.be\/fr\/#organization"},"keywords":["droit social","management","mobilit\u00e9"],"articleSection":["Actualit\u00e9s","Calendrier","Digital","Events"],"inLanguage":"fr-FR"},{"@type":"WebPage","@id":"https:\/\/peoplesphere.be\/fr\/participez-seminaire-consacre-aux-nouveaux-enjeux-juridiques-manageriaux-de-mobilite-22-septembre-8h30\/","url":"https:\/\/peoplesphere.be\/fr\/participez-seminaire-consacre-aux-nouveaux-enjeux-juridiques-manageriaux-de-mobilite-22-septembre-8h30\/","name":"Participez au s\u00e9minaire consacr\u00e9 aux nouveaux enjeux juridiques et manag\u00e9riaux de la mobilit\u00e9, le 22 septembre d\u00e8s 8h30 - Peoplesphere","isPartOf":{"@id":"https:\/\/peoplesphere.be\/fr\/#website"},"datePublished":"2022-08-18T15:04:13+00:00","dateModified":"2022-08-18T15:04:13+00:00","breadcrumb":{"@id":"https:\/\/peoplesphere.be\/fr\/participez-seminaire-consacre-aux-nouveaux-enjeux-juridiques-manageriaux-de-mobilite-22-septembre-8h30\/#breadcrumb"},"inLanguage":"fr-FR","potentialAction":[{"@type":"ReadAction","target":["https:\/\/peoplesphere.be\/fr\/participez-seminaire-consacre-aux-nouveaux-enjeux-juridiques-manageriaux-de-mobilite-22-septembre-8h30\/"]}]},{"@type":"BreadcrumbList","@id":"https:\/\/peoplesphere.be\/fr\/participez-seminaire-consacre-aux-nouveaux-enjeux-juridiques-manageriaux-de-mobilite-22-septembre-8h30\/#breadcrumb","itemListElement":[{"@type":"ListItem","position":1,"name":"Accueil","item":"https:\/\/peoplesphere.be\/fr\/"},{"@type":"ListItem","position":2,"name":"Participez au s\u00e9minaire consacr\u00e9 aux nouveaux enjeux juridiques et manag\u00e9riaux de la mobilit\u00e9, le 22 septembre d\u00e8s 8h30"}]},{"@type":"WebSite","@id":"https:\/\/peoplesphere.be\/fr\/#website","url":"https:\/\/peoplesphere.be\/fr\/","name":"Peoplesphere","description":"The People Managers Magazine","publisher":{"@id":"https:\/\/peoplesphere.be\/fr\/#organization"},"potentialAction":[{"@type":"SearchAction","target":{"@type":"EntryPoint","urlTemplate":"https:\/\/peoplesphere.be\/fr\/?s={search_term_string}"},"query-input":"required name=search_term_string"}],"inLanguage":"fr-FR"},{"@type":"Organization","@id":"https:\/\/peoplesphere.be\/fr\/#organization","name":"Peoplesphere Company srl","url":"https:\/\/peoplesphere.be\/fr\/","logo":{"@type":"ImageObject","inLanguage":"fr-FR","@id":"https:\/\/peoplesphere.be\/fr\/#\/schema\/logo\/image\/","url":"https:\/\/peoplesphere.be\/fr\/wp-content\/uploads\/2023\/07\/peoplesphere-lgo-new-generik.jpg","contentUrl":"https:\/\/peoplesphere.be\/fr\/wp-content\/uploads\/2023\/07\/peoplesphere-lgo-new-generik.jpg","width":1031,"height":1479,"caption":"Peoplesphere Company srl"},"image":{"@id":"https:\/\/peoplesphere.be\/fr\/#\/schema\/logo\/image\/"},"sameAs":["https:\/\/www.facebook.com\/peoplesphere","https:\/\/twitter.com\/PeoplesphereMag","https:\/\/www.linkedin.com\/company\/7587361?trk","http:\/\/youtube.com\/peoplesphere"]},{"@type":"Person","@id":"https:\/\/peoplesphere.be\/fr\/#\/schema\/person\/7976225ff17988604334abb7b3536a7e","name":"Jean-Paul Erhard","image":{"@type":"ImageObject","inLanguage":"fr-FR","@id":"https:\/\/peoplesphere.be\/fr\/#\/schema\/person\/image\/","url":"https:\/\/secure.gravatar.com\/avatar\/f941e681460179738071629a51574930?s=96&d=mm&r=g","contentUrl":"https:\/\/secure.gravatar.com\/avatar\/f941e681460179738071629a51574930?s=96&d=mm&r=g","caption":"Jean-Paul Erhard"},"url":"https:\/\/peoplesphere.be\/fr\/author\/jpe\/"}]}},"_links":{"self":[{"href":"https:\/\/peoplesphere.be\/fr\/wp-json\/wp\/v2\/posts\/13272"}],"collection":[{"href":"https:\/\/peoplesphere.be\/fr\/wp-json\/wp\/v2\/posts"}],"about":[{"href":"https:\/\/peoplesphere.be\/fr\/wp-json\/wp\/v2\/types\/post"}],"author":[{"embeddable":true,"href":"https:\/\/peoplesphere.be\/fr\/wp-json\/wp\/v2\/users\/2"}],"replies":[{"embeddable":true,"href":"https:\/\/peoplesphere.be\/fr\/wp-json\/wp\/v2\/comments?post=13272"}],"version-history":[{"count":2,"href":"https:\/\/peoplesphere.be\/fr\/wp-json\/wp\/v2\/posts\/13272\/revisions"}],"predecessor-version":[{"id":13277,"href":"https:\/\/peoplesphere.be\/fr\/wp-json\/wp\/v2\/posts\/13272\/revisions\/13277"}],"wp:featuredmedia":[{"embeddable":true,"href":"https:\/\/peoplesphere.be\/fr\/wp-json\/wp\/v2\/media\/13275"}],"wp:attachment":[{"href":"https:\/\/peoplesphere.be\/fr\/wp-json\/wp\/v2\/media?parent=13272"}],"wp:term":[{"taxonomy":"category","embeddable":true,"href":"https:\/\/peoplesphere.be\/fr\/wp-json\/wp\/v2\/categories?post=13272"},{"taxonomy":"post_tag","embeddable":true,"href":"https:\/\/peoplesphere.be\/fr\/wp-json\/wp\/v2\/tags?post=13272"}],"curies":[{"name":"wp","href":"https:\/\/api.w.org\/{rel}","templated":true}]}}