









{"id":13393,"date":"2022-09-14T13:14:45","date_gmt":"2022-09-14T11:14:45","guid":{"rendered":"https:\/\/peoplesphere.be\/fr\/?p=13393"},"modified":"2022-09-14T13:16:51","modified_gmt":"2022-09-14T11:16:51","slug":"avantages-extra-legaux-lies-a-mobilite-voitures-de-societe-toujours-plus-presentes-offres-demploi","status":"publish","type":"post","link":"https:\/\/peoplesphere.be\/fr\/avantages-extra-legaux-lies-a-mobilite-voitures-de-societe-toujours-plus-presentes-offres-demploi\/","title":{"rendered":"Avantages extra-l\u00e9gaux li\u00e9s \u00e0 la mobilit\u00e9: les voitures de soci\u00e9t\u00e9 toujours plus pr\u00e9sentes dans les offres d&#8217;emploi."},"content":{"rendered":"<p>Dans le cadre de la semaine de la mobilit\u00e9, Indeed a \u00e9tudi\u00e9 les offres d&#8217;emploi belges depuis avril 2019 pour savoir quels avantages li\u00e9s \u00e0 la mobilit\u00e9 les employeurs proposent. Avec un tiers d&rsquo;offres d&#8217;emploi suppl\u00e9mentaires avec voiture de fonction en trois ansa voiture de soci\u00e9t\u00e9 reste reine dans la liste des avantages extra-l\u00e9gaux. La Belgique reste le pays par excellence o\u00f9 la voiture de fonction fait partie des avantages sociaux: un emploi sur cinq offre un quatre-roues \u00e0 ses futurs employ\u00e9s.<!--more--><\/p>\n<p>La r\u00e9glementation relative aux indemnit\u00e9s de transport public est fixe. Pourtant, pr\u00e8s de 5% des offres d&#8217;emploi le mentionnent en tant que suppl\u00e9ment. Au printemps 2019, cela a \u00e9t\u00e9 mentionn\u00e9 dans un peu moins de 2 % des offres d&#8217;emploi.<\/p>\n<p>La voiture de fonction reste l&rsquo;arme de pr\u00e9dilection dans la bataille pour les bons employ\u00e9s. Des chiffres r\u00e9cents montrent qu&rsquo;un peu plus d&rsquo;un quart des employ\u00e9s belges sous contrat \u00e0 dur\u00e9e ind\u00e9termin\u00e9e conduisent d\u00e9sormais une voiture de soci\u00e9t\u00e9. Le nombre d&#8217;emplois qui incluent une voiture de soci\u00e9t\u00e9 dans le paquet salarial est \u00e9galement en hausse. Actuellement, 20% de toutes les offres d&#8217;emploi incluent une voiture de soci\u00e9t\u00e9. C&rsquo;est un peu plus qu&rsquo;au printemps 2019, o\u00f9 il \u00e9tait d&rsquo;un peu plus de 18 %.<\/p>\n<p>Ce sont surtout les employeurs flamands qui offrent une voiture de soci\u00e9t\u00e9. 86% des offres d&#8217;emploi avec voiture de soci\u00e9t\u00e9 proviennent d&rsquo;un employeur flamand, contre seulement 6% d&rsquo;un employeur wallon et 8% d&rsquo;un employeur bruxellois.<\/p>\n<p>Il y a plus d&rsquo;un tiers d&#8217;emplois suppl\u00e9mentaires offrant une voiture de fonction par rapport au printemps 2019. Bien que le nombre d&rsquo;offres d&#8217;emploi avec voiture provienne le moins des entreprises de la r\u00e9gion de Bruxelles, c&rsquo;est l\u00e0 que la croissance est la plus forte, avec pr\u00e8s d&rsquo;un quart. En Flandre et en Wallonie, le nombre reste pratiquement inchang\u00e9.<\/p>\n<p>Nous avons \u00e9galement v\u00e9rifi\u00e9 la fr\u00e9quence \u00e0 laquelle les employeurs belges offrent des avantages sociaux li\u00e9s au v\u00e9lo, allant d&rsquo;une allocation v\u00e9lo \u00e0 une intervention pour l&rsquo;achat d&rsquo;un v\u00e9lo \u00e9lectrique. Il s&rsquo;av\u00e8re que depuis le printemps 2019, les employeurs belges jouent un solide rattrapage. Il y a maintenant pr\u00e8s de quatre fois plus d&rsquo;offres d&#8217;emploi qui incluent un suppl\u00e9ment pour le v\u00e9lo dans la r\u00e9mun\u00e9ration. Cette part reste toutefois tr\u00e8s modeste, puisqu&rsquo;elle repr\u00e9sente 2,25 % du nombre total d&rsquo;offres d&#8217;emploi.<\/p>\n<p><em>\u00ab\u00a0La mobilit\u00e9 reste un facteur important pour les employ\u00e9s. D&rsquo;un c\u00f4t\u00e9, le travail \u00e0 domicile est la nouvelle normalit\u00e9, mais en m\u00eame temps, nous constatons que nous retombons dans nos habitudes d&rsquo;avant la crise. Toujours en ce qui concerne cette mobilit\u00e9 : les embouteillages sont de retour au m\u00eame niveau qu&rsquo;en 2019. En ce sens, il n&rsquo;est donc pas surprenant que le nombre des offres d&#8217;emploi assorties d&rsquo;une voiture de fonction continue d&rsquo;augmenter. Une voiture de fonction reste une arme importante pour s\u00e9duire les candidats, en particulier lorsqu&rsquo;ils doivent faire des trajets plus longs\u00a0\u00bb<\/em>, explique Kelly Oude Veldhuis d&rsquo;Indeed.<\/p>\n","protected":false},"excerpt":{"rendered":"<p>Dans le cadre de la semaine de la mobilit\u00e9, Indeed a \u00e9tudi\u00e9 les offres d&#8217;emploi belges depuis avril 2019 pour savoir quels avantages li\u00e9s \u00e0 la mobilit\u00e9 les employeurs proposent. Avec un tiers d&rsquo;offres d&#8217;emploi suppl\u00e9mentaires avec voiture de fonction [&hellip;]<\/p>\n","protected":false},"author":2,"featured_media":0,"comment_status":"closed","ping_status":"open","sticky":false,"template":"","format":"standard","meta":[],"categories":[65,10],"tags":[562,615,72,2700],"yoast_head":"<!-- This site is optimized with the Yoast SEO plugin v21.0 - https:\/\/yoast.com\/wordpress\/plugins\/seo\/ -->\n<title>Avantages extra-l\u00e9gaux li\u00e9s \u00e0 la mobilit\u00e9: les voitures de soci\u00e9t\u00e9 toujours plus pr\u00e9sentes dans les offres d&#039;emploi. - Peoplesphere<\/title>\n<meta name=\"robots\" content=\"index, follow, max-snippet:-1, max-image-preview:large, max-video-preview:-1\" \/>\n<link rel=\"canonical\" href=\"https:\/\/peoplesphere.be\/fr\/avantages-extra-legaux-lies-a-mobilite-voitures-de-societe-toujours-plus-presentes-offres-demploi\/\" \/>\n<meta property=\"og:locale\" content=\"fr_FR\" \/>\n<meta property=\"og:type\" content=\"article\" \/>\n<meta property=\"og:title\" content=\"Avantages extra-l\u00e9gaux li\u00e9s \u00e0 la mobilit\u00e9: les voitures de soci\u00e9t\u00e9 toujours plus pr\u00e9sentes dans les offres d&#039;emploi. - Peoplesphere\" \/>\n<meta property=\"og:description\" content=\"Dans le cadre de la semaine de la mobilit\u00e9, Indeed a \u00e9tudi\u00e9 les offres d&#8217;emploi belges depuis avril 2019 pour savoir quels avantages li\u00e9s \u00e0 la mobilit\u00e9 les employeurs proposent. Avec un tiers d&rsquo;offres d&#8217;emploi suppl\u00e9mentaires avec voiture de fonction [&hellip;]\" \/>\n<meta property=\"og:url\" content=\"https:\/\/peoplesphere.be\/fr\/avantages-extra-legaux-lies-a-mobilite-voitures-de-societe-toujours-plus-presentes-offres-demploi\/\" \/>\n<meta property=\"og:site_name\" content=\"Peoplesphere\" \/>\n<meta property=\"article:publisher\" content=\"https:\/\/www.facebook.com\/peoplesphere\" \/>\n<meta property=\"article:published_time\" content=\"2022-09-14T11:14:45+00:00\" \/>\n<meta property=\"article:modified_time\" content=\"2022-09-14T11:16:51+00:00\" \/>\n<meta property=\"og:image\" content=\"http:\/\/www.peoplesphere.be\/fr\/wp-content\/uploads\/2016\/07\/facebook-default-posting-1200x628px.jpg\" \/>\n<meta name=\"author\" content=\"Jean-Paul Erhard\" \/>\n<meta name=\"twitter:card\" content=\"summary_large_image\" \/>\n<meta name=\"twitter:creator\" content=\"@PeoplesphereMag\" \/>\n<meta name=\"twitter:site\" content=\"@PeoplesphereMag\" \/>\n<meta name=\"twitter:label1\" content=\"\u00c9crit par\" \/>\n\t<meta name=\"twitter:data1\" content=\"Jean-Paul Erhard\" \/>\n\t<meta name=\"twitter:label2\" content=\"Dur\u00e9e de lecture estim\u00e9e\" \/>\n\t<meta name=\"twitter:data2\" content=\"2 minutes\" \/>\n<script type=\"application\/ld+json\" class=\"yoast-schema-graph\">{\"@context\":\"https:\/\/schema.org\",\"@graph\":[{\"@type\":\"Article\",\"@id\":\"https:\/\/peoplesphere.be\/fr\/avantages-extra-legaux-lies-a-mobilite-voitures-de-societe-toujours-plus-presentes-offres-demploi\/#article\",\"isPartOf\":{\"@id\":\"https:\/\/peoplesphere.be\/fr\/avantages-extra-legaux-lies-a-mobilite-voitures-de-societe-toujours-plus-presentes-offres-demploi\/\"},\"author\":{\"name\":\"Jean-Paul Erhard\",\"@id\":\"https:\/\/peoplesphere.be\/fr\/#\/schema\/person\/7976225ff17988604334abb7b3536a7e\"},\"headline\":\"Avantages extra-l\u00e9gaux li\u00e9s \u00e0 la mobilit\u00e9: les voitures de soci\u00e9t\u00e9 toujours plus pr\u00e9sentes dans les offres d&#8217;emploi.\",\"datePublished\":\"2022-09-14T11:14:45+00:00\",\"dateModified\":\"2022-09-14T11:16:51+00:00\",\"mainEntityOfPage\":{\"@id\":\"https:\/\/peoplesphere.be\/fr\/avantages-extra-legaux-lies-a-mobilite-voitures-de-societe-toujours-plus-presentes-offres-demploi\/\"},\"wordCount\":518,\"publisher\":{\"@id\":\"https:\/\/peoplesphere.be\/fr\/#organization\"},\"keywords\":[\"avantages extra-l\u00e9gaux\",\"fleet\",\"recrutement\",\"semaine de la mobilit\u00e9\"],\"articleSection\":[\"Actualit\u00e9s\",\"Digital\"],\"inLanguage\":\"fr-FR\"},{\"@type\":\"WebPage\",\"@id\":\"https:\/\/peoplesphere.be\/fr\/avantages-extra-legaux-lies-a-mobilite-voitures-de-societe-toujours-plus-presentes-offres-demploi\/\",\"url\":\"https:\/\/peoplesphere.be\/fr\/avantages-extra-legaux-lies-a-mobilite-voitures-de-societe-toujours-plus-presentes-offres-demploi\/\",\"name\":\"Avantages extra-l\u00e9gaux li\u00e9s \u00e0 la mobilit\u00e9: les voitures de soci\u00e9t\u00e9 toujours plus pr\u00e9sentes dans les offres d'emploi. - Peoplesphere\",\"isPartOf\":{\"@id\":\"https:\/\/peoplesphere.be\/fr\/#website\"},\"datePublished\":\"2022-09-14T11:14:45+00:00\",\"dateModified\":\"2022-09-14T11:16:51+00:00\",\"breadcrumb\":{\"@id\":\"https:\/\/peoplesphere.be\/fr\/avantages-extra-legaux-lies-a-mobilite-voitures-de-societe-toujours-plus-presentes-offres-demploi\/#breadcrumb\"},\"inLanguage\":\"fr-FR\",\"potentialAction\":[{\"@type\":\"ReadAction\",\"target\":[\"https:\/\/peoplesphere.be\/fr\/avantages-extra-legaux-lies-a-mobilite-voitures-de-societe-toujours-plus-presentes-offres-demploi\/\"]}]},{\"@type\":\"BreadcrumbList\",\"@id\":\"https:\/\/peoplesphere.be\/fr\/avantages-extra-legaux-lies-a-mobilite-voitures-de-societe-toujours-plus-presentes-offres-demploi\/#breadcrumb\",\"itemListElement\":[{\"@type\":\"ListItem\",\"position\":1,\"name\":\"Accueil\",\"item\":\"https:\/\/peoplesphere.be\/fr\/\"},{\"@type\":\"ListItem\",\"position\":2,\"name\":\"Avantages extra-l\u00e9gaux li\u00e9s \u00e0 la mobilit\u00e9: les voitures de soci\u00e9t\u00e9 toujours plus pr\u00e9sentes dans les offres d&#8217;emploi.\"}]},{\"@type\":\"WebSite\",\"@id\":\"https:\/\/peoplesphere.be\/fr\/#website\",\"url\":\"https:\/\/peoplesphere.be\/fr\/\",\"name\":\"Peoplesphere\",\"description\":\"The People Managers Magazine\",\"publisher\":{\"@id\":\"https:\/\/peoplesphere.be\/fr\/#organization\"},\"potentialAction\":[{\"@type\":\"SearchAction\",\"target\":{\"@type\":\"EntryPoint\",\"urlTemplate\":\"https:\/\/peoplesphere.be\/fr\/?s={search_term_string}\"},\"query-input\":\"required name=search_term_string\"}],\"inLanguage\":\"fr-FR\"},{\"@type\":\"Organization\",\"@id\":\"https:\/\/peoplesphere.be\/fr\/#organization\",\"name\":\"Peoplesphere Company srl\",\"url\":\"https:\/\/peoplesphere.be\/fr\/\",\"logo\":{\"@type\":\"ImageObject\",\"inLanguage\":\"fr-FR\",\"@id\":\"https:\/\/peoplesphere.be\/fr\/#\/schema\/logo\/image\/\",\"url\":\"https:\/\/peoplesphere.be\/fr\/wp-content\/uploads\/2023\/07\/peoplesphere-lgo-new-generik.jpg\",\"contentUrl\":\"https:\/\/peoplesphere.be\/fr\/wp-content\/uploads\/2023\/07\/peoplesphere-lgo-new-generik.jpg\",\"width\":1031,\"height\":1479,\"caption\":\"Peoplesphere Company srl\"},\"image\":{\"@id\":\"https:\/\/peoplesphere.be\/fr\/#\/schema\/logo\/image\/\"},\"sameAs\":[\"https:\/\/www.facebook.com\/peoplesphere\",\"https:\/\/twitter.com\/PeoplesphereMag\",\"https:\/\/www.linkedin.com\/company\/7587361?trk\",\"http:\/\/youtube.com\/peoplesphere\"]},{\"@type\":\"Person\",\"@id\":\"https:\/\/peoplesphere.be\/fr\/#\/schema\/person\/7976225ff17988604334abb7b3536a7e\",\"name\":\"Jean-Paul Erhard\",\"image\":{\"@type\":\"ImageObject\",\"inLanguage\":\"fr-FR\",\"@id\":\"https:\/\/peoplesphere.be\/fr\/#\/schema\/person\/image\/\",\"url\":\"https:\/\/secure.gravatar.com\/avatar\/f941e681460179738071629a51574930?s=96&d=mm&r=g\",\"contentUrl\":\"https:\/\/secure.gravatar.com\/avatar\/f941e681460179738071629a51574930?s=96&d=mm&r=g\",\"caption\":\"Jean-Paul Erhard\"},\"url\":\"https:\/\/peoplesphere.be\/fr\/author\/jpe\/\"}]}<\/script>\n<!-- \/ Yoast SEO plugin. -->","yoast_head_json":{"title":"Avantages extra-l\u00e9gaux li\u00e9s \u00e0 la mobilit\u00e9: les voitures de soci\u00e9t\u00e9 toujours plus pr\u00e9sentes dans les offres d'emploi. - Peoplesphere","robots":{"index":"index","follow":"follow","max-snippet":"max-snippet:-1","max-image-preview":"max-image-preview:large","max-video-preview":"max-video-preview:-1"},"canonical":"https:\/\/peoplesphere.be\/fr\/avantages-extra-legaux-lies-a-mobilite-voitures-de-societe-toujours-plus-presentes-offres-demploi\/","og_locale":"fr_FR","og_type":"article","og_title":"Avantages extra-l\u00e9gaux li\u00e9s \u00e0 la mobilit\u00e9: les voitures de soci\u00e9t\u00e9 toujours plus pr\u00e9sentes dans les offres d'emploi. - Peoplesphere","og_description":"Dans le cadre de la semaine de la mobilit\u00e9, Indeed a \u00e9tudi\u00e9 les offres d&#8217;emploi belges depuis avril 2019 pour savoir quels avantages li\u00e9s \u00e0 la mobilit\u00e9 les employeurs proposent. Avec un tiers d&rsquo;offres d&#8217;emploi suppl\u00e9mentaires avec voiture de fonction [&hellip;]","og_url":"https:\/\/peoplesphere.be\/fr\/avantages-extra-legaux-lies-a-mobilite-voitures-de-societe-toujours-plus-presentes-offres-demploi\/","og_site_name":"Peoplesphere","article_publisher":"https:\/\/www.facebook.com\/peoplesphere","article_published_time":"2022-09-14T11:14:45+00:00","article_modified_time":"2022-09-14T11:16:51+00:00","og_image":[{"url":"http:\/\/www.peoplesphere.be\/fr\/wp-content\/uploads\/2016\/07\/facebook-default-posting-1200x628px.jpg"}],"author":"Jean-Paul Erhard","twitter_card":"summary_large_image","twitter_creator":"@PeoplesphereMag","twitter_site":"@PeoplesphereMag","twitter_misc":{"\u00c9crit par":"Jean-Paul Erhard","Dur\u00e9e de lecture estim\u00e9e":"2 minutes"},"schema":{"@context":"https:\/\/schema.org","@graph":[{"@type":"Article","@id":"https:\/\/peoplesphere.be\/fr\/avantages-extra-legaux-lies-a-mobilite-voitures-de-societe-toujours-plus-presentes-offres-demploi\/#article","isPartOf":{"@id":"https:\/\/peoplesphere.be\/fr\/avantages-extra-legaux-lies-a-mobilite-voitures-de-societe-toujours-plus-presentes-offres-demploi\/"},"author":{"name":"Jean-Paul Erhard","@id":"https:\/\/peoplesphere.be\/fr\/#\/schema\/person\/7976225ff17988604334abb7b3536a7e"},"headline":"Avantages extra-l\u00e9gaux li\u00e9s \u00e0 la mobilit\u00e9: les voitures de soci\u00e9t\u00e9 toujours plus pr\u00e9sentes dans les offres d&#8217;emploi.","datePublished":"2022-09-14T11:14:45+00:00","dateModified":"2022-09-14T11:16:51+00:00","mainEntityOfPage":{"@id":"https:\/\/peoplesphere.be\/fr\/avantages-extra-legaux-lies-a-mobilite-voitures-de-societe-toujours-plus-presentes-offres-demploi\/"},"wordCount":518,"publisher":{"@id":"https:\/\/peoplesphere.be\/fr\/#organization"},"keywords":["avantages extra-l\u00e9gaux","fleet","recrutement","semaine de la mobilit\u00e9"],"articleSection":["Actualit\u00e9s","Digital"],"inLanguage":"fr-FR"},{"@type":"WebPage","@id":"https:\/\/peoplesphere.be\/fr\/avantages-extra-legaux-lies-a-mobilite-voitures-de-societe-toujours-plus-presentes-offres-demploi\/","url":"https:\/\/peoplesphere.be\/fr\/avantages-extra-legaux-lies-a-mobilite-voitures-de-societe-toujours-plus-presentes-offres-demploi\/","name":"Avantages extra-l\u00e9gaux li\u00e9s \u00e0 la mobilit\u00e9: les voitures de soci\u00e9t\u00e9 toujours plus pr\u00e9sentes dans les offres d'emploi. - Peoplesphere","isPartOf":{"@id":"https:\/\/peoplesphere.be\/fr\/#website"},"datePublished":"2022-09-14T11:14:45+00:00","dateModified":"2022-09-14T11:16:51+00:00","breadcrumb":{"@id":"https:\/\/peoplesphere.be\/fr\/avantages-extra-legaux-lies-a-mobilite-voitures-de-societe-toujours-plus-presentes-offres-demploi\/#breadcrumb"},"inLanguage":"fr-FR","potentialAction":[{"@type":"ReadAction","target":["https:\/\/peoplesphere.be\/fr\/avantages-extra-legaux-lies-a-mobilite-voitures-de-societe-toujours-plus-presentes-offres-demploi\/"]}]},{"@type":"BreadcrumbList","@id":"https:\/\/peoplesphere.be\/fr\/avantages-extra-legaux-lies-a-mobilite-voitures-de-societe-toujours-plus-presentes-offres-demploi\/#breadcrumb","itemListElement":[{"@type":"ListItem","position":1,"name":"Accueil","item":"https:\/\/peoplesphere.be\/fr\/"},{"@type":"ListItem","position":2,"name":"Avantages extra-l\u00e9gaux li\u00e9s \u00e0 la mobilit\u00e9: les voitures de soci\u00e9t\u00e9 toujours plus pr\u00e9sentes dans les offres d&#8217;emploi."}]},{"@type":"WebSite","@id":"https:\/\/peoplesphere.be\/fr\/#website","url":"https:\/\/peoplesphere.be\/fr\/","name":"Peoplesphere","description":"The People Managers Magazine","publisher":{"@id":"https:\/\/peoplesphere.be\/fr\/#organization"},"potentialAction":[{"@type":"SearchAction","target":{"@type":"EntryPoint","urlTemplate":"https:\/\/peoplesphere.be\/fr\/?s={search_term_string}"},"query-input":"required name=search_term_string"}],"inLanguage":"fr-FR"},{"@type":"Organization","@id":"https:\/\/peoplesphere.be\/fr\/#organization","name":"Peoplesphere Company srl","url":"https:\/\/peoplesphere.be\/fr\/","logo":{"@type":"ImageObject","inLanguage":"fr-FR","@id":"https:\/\/peoplesphere.be\/fr\/#\/schema\/logo\/image\/","url":"https:\/\/peoplesphere.be\/fr\/wp-content\/uploads\/2023\/07\/peoplesphere-lgo-new-generik.jpg","contentUrl":"https:\/\/peoplesphere.be\/fr\/wp-content\/uploads\/2023\/07\/peoplesphere-lgo-new-generik.jpg","width":1031,"height":1479,"caption":"Peoplesphere Company srl"},"image":{"@id":"https:\/\/peoplesphere.be\/fr\/#\/schema\/logo\/image\/"},"sameAs":["https:\/\/www.facebook.com\/peoplesphere","https:\/\/twitter.com\/PeoplesphereMag","https:\/\/www.linkedin.com\/company\/7587361?trk","http:\/\/youtube.com\/peoplesphere"]},{"@type":"Person","@id":"https:\/\/peoplesphere.be\/fr\/#\/schema\/person\/7976225ff17988604334abb7b3536a7e","name":"Jean-Paul Erhard","image":{"@type":"ImageObject","inLanguage":"fr-FR","@id":"https:\/\/peoplesphere.be\/fr\/#\/schema\/person\/image\/","url":"https:\/\/secure.gravatar.com\/avatar\/f941e681460179738071629a51574930?s=96&d=mm&r=g","contentUrl":"https:\/\/secure.gravatar.com\/avatar\/f941e681460179738071629a51574930?s=96&d=mm&r=g","caption":"Jean-Paul Erhard"},"url":"https:\/\/peoplesphere.be\/fr\/author\/jpe\/"}]}},"_links":{"self":[{"href":"https:\/\/peoplesphere.be\/fr\/wp-json\/wp\/v2\/posts\/13393"}],"collection":[{"href":"https:\/\/peoplesphere.be\/fr\/wp-json\/wp\/v2\/posts"}],"about":[{"href":"https:\/\/peoplesphere.be\/fr\/wp-json\/wp\/v2\/types\/post"}],"author":[{"embeddable":true,"href":"https:\/\/peoplesphere.be\/fr\/wp-json\/wp\/v2\/users\/2"}],"replies":[{"embeddable":true,"href":"https:\/\/peoplesphere.be\/fr\/wp-json\/wp\/v2\/comments?post=13393"}],"version-history":[{"count":1,"href":"https:\/\/peoplesphere.be\/fr\/wp-json\/wp\/v2\/posts\/13393\/revisions"}],"predecessor-version":[{"id":13394,"href":"https:\/\/peoplesphere.be\/fr\/wp-json\/wp\/v2\/posts\/13393\/revisions\/13394"}],"wp:attachment":[{"href":"https:\/\/peoplesphere.be\/fr\/wp-json\/wp\/v2\/media?parent=13393"}],"wp:term":[{"taxonomy":"category","embeddable":true,"href":"https:\/\/peoplesphere.be\/fr\/wp-json\/wp\/v2\/categories?post=13393"},{"taxonomy":"post_tag","embeddable":true,"href":"https:\/\/peoplesphere.be\/fr\/wp-json\/wp\/v2\/tags?post=13393"}],"curies":[{"name":"wp","href":"https:\/\/api.w.org\/{rel}","templated":true}]}}