









{"id":13399,"date":"2022-09-14T13:50:15","date_gmt":"2022-09-14T11:50:15","guid":{"rendered":"https:\/\/peoplesphere.be\/fr\/?p=13399"},"modified":"2022-09-15T03:50:39","modified_gmt":"2022-09-15T01:50:39","slug":"deplacements-domicile-lieu-de-travail-differences-entre-regions-saccentuent","status":"publish","type":"post","link":"https:\/\/peoplesphere.be\/fr\/deplacements-domicile-lieu-de-travail-differences-entre-regions-saccentuent\/","title":{"rendered":"D\u00e9placements domicile\/lieu de travail: les diff\u00e9rences entre r\u00e9gions s&rsquo;accentuent."},"content":{"rendered":"<p>En vue de la Semaine internationale de la mobilit\u00e9 (16-22 septembre), SD Worx a men\u00e9 une enqu\u00eate sur les d\u00e9placements du domicile vers le lieu de travail dans 10 pays. Un travailleur belge sur cinq fait la navette pendant plus de deux heures par jour, ce qui fait de la Belgique l&rsquo;un des plus navetteurs d&rsquo;Europe, avec l&rsquo;Italie, la France, l&rsquo;Allemagne, le Royaume-Uni et l&rsquo;Espagne. Bien qu&rsquo;en Belgique, la population active travaille principalement dans sa propre province, les Belges font partie du groupe de t\u00eate europ\u00e9en avec la plus grande distance domicile-lieu de travail parcourue, m\u00eame si d\u00e9sormais, un Belge sur trois fait la navette moins de trois jours par semaine gr\u00e2ce au t\u00e9l\u00e9travail.<!--more--><\/p>\n<p>Dans tous les pays \u00e9tudi\u00e9s, la voiture personnelle tient toujours la corde. En Flandre, le v\u00e9lo est en hausse, mais nous ne sommes pas encore au niveau des Pays-Bas. \u00c0 Bruxelles, les transports publics (m\u00e9tro, tram et bus) sont num\u00e9ros un pour les d\u00e9placements domicile-travail. Entre-temps, nous savons qu&rsquo;un Belge sur trois peut limiter ces d\u00e9placements-l\u00e0 \u00e0 moins de trois jours par semaine gr\u00e2ce au t\u00e9l\u00e9travail.<\/p>\n<p><strong><em>Les \u00ab\u00a0grands navetteurs\u00a0\u00bb font plus de deux heures de trajet par jour<\/em><\/strong><\/p>\n<p>Vingt pour cent des travailleurs belges sont des \u00ab\u00a0\u00bbrands navetteurs\u00a0\u00bb d\u2019apr\u00e8s une enqu\u00eate men\u00e9e par SD Worx dans 10 pays europ\u00e9ens. L&rsquo;Espagne compte \u00e9galement 20 % de \u00ab\u00a0grands navetteurs\u00a0\u00bb En Italie, en Allemagne, en France et au Royaume-Uni, pr\u00e8s d&rsquo;un quart des travailleurs perdent plus de deux heures par jour sur la route. La moiti\u00e9 des Belges passent plus de 45 minutes par jour entre leur domicile et leur lieu de travail. Cette situation contraste avec celle des travailleurs en Finlande et en Su\u00e8de : l\u00e0-bas, la moiti\u00e9 d&rsquo;entre eux passent moins de 30 minutes dans les transports pour se rendre au travail. Seul un travailleur sur dix (11%) y passe plus de deux heures.<\/p>\n<p><strong><em>La moiti\u00e9 des Belges vivent \u00e0 moins de 10 km de leur lieu de travail<\/em><\/strong><\/p>\n<p>La distance domicile-travail n\u2019explique pas tout. La Belgique figure dans le peloton de t\u00eate des pays o\u00f9 les distances parcourues sont les plus grandes, avec l&rsquo;Italie, l&rsquo;Espagne et, \u00e9tonnamment, les Pays-Bas, o\u00f9la moiti\u00e9 des travailleurs ont un trajet quotidien de pr\u00e8s de 20 km. La moiti\u00e9 des personnes interrog\u00e9es vivent malgr\u00e9 tout \u00e0 moins de 10 km de leur lieu de travail. Contre un quart, vivant \u00e0 plus de 20 km de leur entreprise (avec parfois un trajet quotidien de 40 km ou plus). Les travailleurs du Royaume-Uni, de France et d&rsquo;Allemagne vivent g\u00e9n\u00e9ralement plus pr\u00e8s de leur lieu de travail, mais passent plus de temps dans les transports. En Finlande, en Norv\u00e8ge et en Su\u00e8de, les travailleurs y vivent encore plus pr\u00e8s avec la moiti\u00e9 d&rsquo;entre eux qui n\u2019ont que 5 km \u00e0 parcourir pour aller travailler (trajet de 10 km maximum).<\/p>\n<p><strong><em>Un Belge sur trois fait moins de trois jours de trajet gr\u00e2ce au t\u00e9l\u00e9travail<\/em><\/strong><\/p>\n<p><em>\u00ab\u00a0La distance domicile-travail n&rsquo;explique pas tout. La majorit\u00e9 des Belges travaillent dans la m\u00eame province que celle o\u00f9 ils habitent, mais l&rsquo;intensit\u00e9 du trafic joue \u00e9galement un r\u00f4le\u00a0\u00bb<\/em> explique Val\u00e9rie t\u2019Serstevens, conseill\u00e8re juridique chez SD Worx. \u00ab\u00a0<em>Afin de r\u00e9partir le trafic domicile-travail, diverses formes de flexibilit\u00e9 telles que les horaires flexibles ou le travail \u00e0 domicile restent importantes. Le t\u00e9l\u00e9travail et l&rsquo;utilisation d&rsquo;heures variables dans les entreprises permettent aux travailleurs de choisir eux-m\u00eames le moment o\u00f9 ils d\u00e9marrent vers le travail. En soi, cela r\u00e9duit les embouteillages, mais permet aussi aux collaborateurs de les \u00e9viter. En mars, un Belge sur cinq (20 %) a d\u00e9clar\u00e9 ne plus faire la navette entre son domicile et son lieu de travail. Nous sortions de la p\u00e9riode hivernale o\u00f9 le t\u00e9l\u00e9travail \u00e9tait encore recommand\u00e9. Un Belge sur sept (14%) n&rsquo;est par ailleurs all\u00e9 au travail qu&rsquo;un ou deux jours \u00e0 cette p\u00e9riode. En d&rsquo;autres termes, un Belge sur trois (34%) a limit\u00e9 ses d\u00e9placements domicile-travail \u00e0 moins de trois jours par semaine. Se d\u00e9placer moins, c\u2019est possible. D\u00e8s lors, il y a plus de place sur la route pour ceux qui n\u2019ont pas le choix de se rendre sur le lieu de travail, comme les travailleurs dans les magasins, les soins de sant\u00e9s ou la production, par exemple.\u00a0\u00bb<br \/>\n<\/em><\/p>\n<p><strong><em>La voiture personnelle est la plus utilis\u00e9e pour les d\u00e9placements domicile-travail, sauf \u00e0 Bruxelles.<\/em><\/strong><\/p>\n<p>En Flandre et en Wallonie, l&rsquo;utilisation de la voiture priv\u00e9e d\u00e9passe de loin les autres moyens de transport (avec respectivement 39,2% et 54,7%), si l&rsquo;on consid\u00e8re le premier choix dans le top 5. En Flandre, le v\u00e9lo priv\u00e9 et le v\u00e9lo \u00e9lectrique arrivent nettement en deuxi\u00e8me position avec respectivement 14% et 7,6%, repr\u00e9sentant ensemble pr\u00e8s de 22%. Autrement dit, un Flamand sur cinq indique le v\u00e9lo comme premier choix dans son top 5. En Wallonie, la marche arrive en deuxi\u00e8me position (8,8%). Le v\u00e9lo priv\u00e9 ou le v\u00e9lo \u00e9lectrique reste encore tr\u00e8s limit\u00e9 (2,2% et 1%).<\/p>\n<p>A Bruxelles aussi, la possession d&rsquo;un v\u00e9lo ou d&rsquo;un v\u00e9lo \u00e9lectrique, utilis\u00e9 comme principal moyen de d\u00e9placement, reste encore tr\u00e8s limit\u00e9e (4% et 1%). Le m\u00e9tro, le tram et le bus y sont les moyens de transport les plus populaires (23,7 %), suivis de pr\u00e8s par la \u00ab\u00a0voiture personnelle\u00a0\u00bb (21,2 %) puis par le trajet \u00e0 pied (10,5 %).<\/p>\n<p>Les chiffres sont plus \u00e9lev\u00e9s si l&rsquo;on tient compte de la combinaison des moyens de transport. En Belgique, un travailleur sur dix (9,8 %) place le v\u00e9lo \u00e9lectrique dans ses cinq principaux modes de d\u00e9placements actuels. Aux Pays-Bas, ce chiffre est de 13,8 %. La proportion de Belges et de N\u00e9erlandais poss\u00e9dant un v\u00e9lo \u00e9lectrique fourni par l&#8217;employeur est similaire : respectivement 3,2% et 3,9%. Un N\u00e9erlandais sur trois (33,8%) place la bicyclette ordinaire dans son top 5 ; en Belgique, ce pourcentage passe \u00e0 17,8%.<\/p>\n<p>La sp\u00e9cialiste poursuit : \u00ab\u00a0<em>En Flandre, le v\u00e9lo est en hausse, m\u00eame si nous ne sommes pas encore au niveau des Pays-Bas. L&rsquo;int\u00e9r\u00eat accru pour les v\u00e9los d&rsquo;entreprise est clairement perceptible. Cela est certainement d\u00fb au traitement parafiscal int\u00e9ressant des v\u00e9los d&rsquo;entreprise en Belgique. La location de bicyclettes par l&rsquo;interm\u00e9diaire de l&#8217;employeur est tr\u00e8s avantageuse. Apr\u00e8s tout, lorsqu&rsquo;un travailleur utilise un v\u00e9lo de location pour ses d\u00e9placements domicile travail, il est totalement exon\u00e9r\u00e9 d&rsquo;imp\u00f4ts. \u00c0 la fin du bail, le travailleur peut reprendre le v\u00e9lo s\u2019il le souhaite.\u00a0\u00bb<br \/>\n<\/em><\/p>\n<p><em>\u00ab\u00a0En ce qui concerne les v\u00e9los \u00e9lectriques, nous faisons presque aussi bien que les Pays-Bas, surtout en combinaison avec un autre moyen de transport. En Belgique, un travailleur sur dix (9,8 %) place le v\u00e9lo \u00e9lectrique parmi ses cinq principaux moyens de transport, et 3,2 % le v\u00e9lo d&rsquo;entreprise. En ce qui concerne l&rsquo;utilisation des transports en commun \u00ab\u00a0m\u00e9tro, tram, bus\u00a0\u00bb, la r\u00e9gion de Bruxelles, avec 24 %, se situe au m\u00eame niveau que, par exemple, Oslo (Norv\u00e8ge, 25 %), Stockholm (r\u00e9gion I\u00e4n en Su\u00e8de, 23 %) et Helsinki (r\u00e9gion Uusimaa en Finlande, 21 %), mais reste en de\u00e7\u00e0 de Berlin (Allemagne), qui est la championne de l&rsquo;utilisation de ceux-ci avec 37 %\u00a0\u00bb<\/em> conclut Val\u00e9rie t\u2019Serstevens de SD Worx.<\/p>\n<p>&nbsp;<\/p>\n<p><em>Source: l\u2019enqu\u00eate a \u00e9t\u00e9 men\u00e9e en mars 2022 en Belgique, en France, en Allemagne, aux Pays-Bas, au Royaume-Uni, en Espagne, en Italie, en Norv\u00e8ge, en Finlande et en Su\u00e8de. Au total, 10.119 travailleurs ont \u00e9t\u00e9 interrog\u00e9s. L\u2019\u00e9chantillon est repr\u00e9sentatif des march\u00e9s de l\u2019emploi sp\u00e9cifiques locaux et pr\u00e9sente la m\u00eame composition selon le sexe, l&rsquo;\u00e2ge et le dipl\u00f4me par rapport \u00e0 la population active au sein des pays concern\u00e9s.<\/em><\/p>\n","protected":false},"excerpt":{"rendered":"<p>En vue de la Semaine internationale de la mobilit\u00e9 (16-22 septembre), SD Worx a men\u00e9 une enqu\u00eate sur les d\u00e9placements du domicile vers le lieu de travail dans 10 pays. Un travailleur belge sur cinq fait la navette pendant plus [&hellip;]<\/p>\n","protected":false},"author":2,"featured_media":0,"comment_status":"closed","ping_status":"open","sticky":false,"template":"","format":"standard","meta":[],"categories":[65,10],"tags":[1788,136,3701],"yoast_head":"<!-- This site is optimized with the Yoast SEO plugin v21.0 - https:\/\/yoast.com\/wordpress\/plugins\/seo\/ -->\n<title>D\u00e9placements domicile\/lieu de travail: les diff\u00e9rences entre r\u00e9gions s&#039;accentuent. - Peoplesphere<\/title>\n<meta name=\"robots\" content=\"index, follow, max-snippet:-1, max-image-preview:large, max-video-preview:-1\" \/>\n<link rel=\"canonical\" href=\"https:\/\/peoplesphere.be\/fr\/deplacements-domicile-lieu-de-travail-differences-entre-regions-saccentuent\/\" \/>\n<meta property=\"og:locale\" content=\"fr_FR\" \/>\n<meta property=\"og:type\" content=\"article\" \/>\n<meta property=\"og:title\" content=\"D\u00e9placements domicile\/lieu de travail: les diff\u00e9rences entre r\u00e9gions s&#039;accentuent. - Peoplesphere\" \/>\n<meta property=\"og:description\" content=\"En vue de la Semaine internationale de la mobilit\u00e9 (16-22 septembre), SD Worx a men\u00e9 une enqu\u00eate sur les d\u00e9placements du domicile vers le lieu de travail dans 10 pays. Un travailleur belge sur cinq fait la navette pendant plus [&hellip;]\" \/>\n<meta property=\"og:url\" content=\"https:\/\/peoplesphere.be\/fr\/deplacements-domicile-lieu-de-travail-differences-entre-regions-saccentuent\/\" \/>\n<meta property=\"og:site_name\" content=\"Peoplesphere\" \/>\n<meta property=\"article:publisher\" content=\"https:\/\/www.facebook.com\/peoplesphere\" \/>\n<meta property=\"article:published_time\" content=\"2022-09-14T11:50:15+00:00\" \/>\n<meta property=\"article:modified_time\" content=\"2022-09-15T01:50:39+00:00\" \/>\n<meta property=\"og:image\" content=\"http:\/\/www.peoplesphere.be\/fr\/wp-content\/uploads\/2016\/07\/facebook-default-posting-1200x628px.jpg\" \/>\n<meta name=\"author\" content=\"Jean-Paul Erhard\" \/>\n<meta name=\"twitter:card\" content=\"summary_large_image\" \/>\n<meta name=\"twitter:creator\" content=\"@PeoplesphereMag\" \/>\n<meta name=\"twitter:site\" content=\"@PeoplesphereMag\" \/>\n<meta name=\"twitter:label1\" content=\"\u00c9crit par\" \/>\n\t<meta name=\"twitter:data1\" content=\"Jean-Paul Erhard\" \/>\n\t<meta name=\"twitter:label2\" content=\"Dur\u00e9e de lecture estim\u00e9e\" \/>\n\t<meta name=\"twitter:data2\" content=\"6 minutes\" \/>\n<script type=\"application\/ld+json\" class=\"yoast-schema-graph\">{\"@context\":\"https:\/\/schema.org\",\"@graph\":[{\"@type\":\"Article\",\"@id\":\"https:\/\/peoplesphere.be\/fr\/deplacements-domicile-lieu-de-travail-differences-entre-regions-saccentuent\/#article\",\"isPartOf\":{\"@id\":\"https:\/\/peoplesphere.be\/fr\/deplacements-domicile-lieu-de-travail-differences-entre-regions-saccentuent\/\"},\"author\":{\"name\":\"Jean-Paul Erhard\",\"@id\":\"https:\/\/peoplesphere.be\/fr\/#\/schema\/person\/7976225ff17988604334abb7b3536a7e\"},\"headline\":\"D\u00e9placements domicile\/lieu de travail: les diff\u00e9rences entre r\u00e9gions s&rsquo;accentuent.\",\"datePublished\":\"2022-09-14T11:50:15+00:00\",\"dateModified\":\"2022-09-15T01:50:39+00:00\",\"mainEntityOfPage\":{\"@id\":\"https:\/\/peoplesphere.be\/fr\/deplacements-domicile-lieu-de-travail-differences-entre-regions-saccentuent\/\"},\"wordCount\":1296,\"publisher\":{\"@id\":\"https:\/\/peoplesphere.be\/fr\/#organization\"},\"keywords\":[\"d\u00e9placements domicile-lieu de travail\",\"mobilit\u00e9\",\"navetteurs\"],\"articleSection\":[\"Actualit\u00e9s\",\"Digital\"],\"inLanguage\":\"fr-FR\"},{\"@type\":\"WebPage\",\"@id\":\"https:\/\/peoplesphere.be\/fr\/deplacements-domicile-lieu-de-travail-differences-entre-regions-saccentuent\/\",\"url\":\"https:\/\/peoplesphere.be\/fr\/deplacements-domicile-lieu-de-travail-differences-entre-regions-saccentuent\/\",\"name\":\"D\u00e9placements domicile\/lieu de travail: les diff\u00e9rences entre r\u00e9gions s'accentuent. - Peoplesphere\",\"isPartOf\":{\"@id\":\"https:\/\/peoplesphere.be\/fr\/#website\"},\"datePublished\":\"2022-09-14T11:50:15+00:00\",\"dateModified\":\"2022-09-15T01:50:39+00:00\",\"breadcrumb\":{\"@id\":\"https:\/\/peoplesphere.be\/fr\/deplacements-domicile-lieu-de-travail-differences-entre-regions-saccentuent\/#breadcrumb\"},\"inLanguage\":\"fr-FR\",\"potentialAction\":[{\"@type\":\"ReadAction\",\"target\":[\"https:\/\/peoplesphere.be\/fr\/deplacements-domicile-lieu-de-travail-differences-entre-regions-saccentuent\/\"]}]},{\"@type\":\"BreadcrumbList\",\"@id\":\"https:\/\/peoplesphere.be\/fr\/deplacements-domicile-lieu-de-travail-differences-entre-regions-saccentuent\/#breadcrumb\",\"itemListElement\":[{\"@type\":\"ListItem\",\"position\":1,\"name\":\"Accueil\",\"item\":\"https:\/\/peoplesphere.be\/fr\/\"},{\"@type\":\"ListItem\",\"position\":2,\"name\":\"D\u00e9placements domicile\/lieu de travail: les diff\u00e9rences entre r\u00e9gions s&rsquo;accentuent.\"}]},{\"@type\":\"WebSite\",\"@id\":\"https:\/\/peoplesphere.be\/fr\/#website\",\"url\":\"https:\/\/peoplesphere.be\/fr\/\",\"name\":\"Peoplesphere\",\"description\":\"The People Managers Magazine\",\"publisher\":{\"@id\":\"https:\/\/peoplesphere.be\/fr\/#organization\"},\"potentialAction\":[{\"@type\":\"SearchAction\",\"target\":{\"@type\":\"EntryPoint\",\"urlTemplate\":\"https:\/\/peoplesphere.be\/fr\/?s={search_term_string}\"},\"query-input\":\"required name=search_term_string\"}],\"inLanguage\":\"fr-FR\"},{\"@type\":\"Organization\",\"@id\":\"https:\/\/peoplesphere.be\/fr\/#organization\",\"name\":\"Peoplesphere Company srl\",\"url\":\"https:\/\/peoplesphere.be\/fr\/\",\"logo\":{\"@type\":\"ImageObject\",\"inLanguage\":\"fr-FR\",\"@id\":\"https:\/\/peoplesphere.be\/fr\/#\/schema\/logo\/image\/\",\"url\":\"https:\/\/peoplesphere.be\/fr\/wp-content\/uploads\/2023\/07\/peoplesphere-lgo-new-generik.jpg\",\"contentUrl\":\"https:\/\/peoplesphere.be\/fr\/wp-content\/uploads\/2023\/07\/peoplesphere-lgo-new-generik.jpg\",\"width\":1031,\"height\":1479,\"caption\":\"Peoplesphere Company srl\"},\"image\":{\"@id\":\"https:\/\/peoplesphere.be\/fr\/#\/schema\/logo\/image\/\"},\"sameAs\":[\"https:\/\/www.facebook.com\/peoplesphere\",\"https:\/\/twitter.com\/PeoplesphereMag\",\"https:\/\/www.linkedin.com\/company\/7587361?trk\",\"http:\/\/youtube.com\/peoplesphere\"]},{\"@type\":\"Person\",\"@id\":\"https:\/\/peoplesphere.be\/fr\/#\/schema\/person\/7976225ff17988604334abb7b3536a7e\",\"name\":\"Jean-Paul Erhard\",\"image\":{\"@type\":\"ImageObject\",\"inLanguage\":\"fr-FR\",\"@id\":\"https:\/\/peoplesphere.be\/fr\/#\/schema\/person\/image\/\",\"url\":\"https:\/\/secure.gravatar.com\/avatar\/f941e681460179738071629a51574930?s=96&d=mm&r=g\",\"contentUrl\":\"https:\/\/secure.gravatar.com\/avatar\/f941e681460179738071629a51574930?s=96&d=mm&r=g\",\"caption\":\"Jean-Paul Erhard\"},\"url\":\"https:\/\/peoplesphere.be\/fr\/author\/jpe\/\"}]}<\/script>\n<!-- \/ Yoast SEO plugin. -->","yoast_head_json":{"title":"D\u00e9placements domicile\/lieu de travail: les diff\u00e9rences entre r\u00e9gions s'accentuent. - Peoplesphere","robots":{"index":"index","follow":"follow","max-snippet":"max-snippet:-1","max-image-preview":"max-image-preview:large","max-video-preview":"max-video-preview:-1"},"canonical":"https:\/\/peoplesphere.be\/fr\/deplacements-domicile-lieu-de-travail-differences-entre-regions-saccentuent\/","og_locale":"fr_FR","og_type":"article","og_title":"D\u00e9placements domicile\/lieu de travail: les diff\u00e9rences entre r\u00e9gions s'accentuent. - Peoplesphere","og_description":"En vue de la Semaine internationale de la mobilit\u00e9 (16-22 septembre), SD Worx a men\u00e9 une enqu\u00eate sur les d\u00e9placements du domicile vers le lieu de travail dans 10 pays. Un travailleur belge sur cinq fait la navette pendant plus [&hellip;]","og_url":"https:\/\/peoplesphere.be\/fr\/deplacements-domicile-lieu-de-travail-differences-entre-regions-saccentuent\/","og_site_name":"Peoplesphere","article_publisher":"https:\/\/www.facebook.com\/peoplesphere","article_published_time":"2022-09-14T11:50:15+00:00","article_modified_time":"2022-09-15T01:50:39+00:00","og_image":[{"url":"http:\/\/www.peoplesphere.be\/fr\/wp-content\/uploads\/2016\/07\/facebook-default-posting-1200x628px.jpg"}],"author":"Jean-Paul Erhard","twitter_card":"summary_large_image","twitter_creator":"@PeoplesphereMag","twitter_site":"@PeoplesphereMag","twitter_misc":{"\u00c9crit par":"Jean-Paul Erhard","Dur\u00e9e de lecture estim\u00e9e":"6 minutes"},"schema":{"@context":"https:\/\/schema.org","@graph":[{"@type":"Article","@id":"https:\/\/peoplesphere.be\/fr\/deplacements-domicile-lieu-de-travail-differences-entre-regions-saccentuent\/#article","isPartOf":{"@id":"https:\/\/peoplesphere.be\/fr\/deplacements-domicile-lieu-de-travail-differences-entre-regions-saccentuent\/"},"author":{"name":"Jean-Paul Erhard","@id":"https:\/\/peoplesphere.be\/fr\/#\/schema\/person\/7976225ff17988604334abb7b3536a7e"},"headline":"D\u00e9placements domicile\/lieu de travail: les diff\u00e9rences entre r\u00e9gions s&rsquo;accentuent.","datePublished":"2022-09-14T11:50:15+00:00","dateModified":"2022-09-15T01:50:39+00:00","mainEntityOfPage":{"@id":"https:\/\/peoplesphere.be\/fr\/deplacements-domicile-lieu-de-travail-differences-entre-regions-saccentuent\/"},"wordCount":1296,"publisher":{"@id":"https:\/\/peoplesphere.be\/fr\/#organization"},"keywords":["d\u00e9placements domicile-lieu de travail","mobilit\u00e9","navetteurs"],"articleSection":["Actualit\u00e9s","Digital"],"inLanguage":"fr-FR"},{"@type":"WebPage","@id":"https:\/\/peoplesphere.be\/fr\/deplacements-domicile-lieu-de-travail-differences-entre-regions-saccentuent\/","url":"https:\/\/peoplesphere.be\/fr\/deplacements-domicile-lieu-de-travail-differences-entre-regions-saccentuent\/","name":"D\u00e9placements domicile\/lieu de travail: les diff\u00e9rences entre r\u00e9gions s'accentuent. - Peoplesphere","isPartOf":{"@id":"https:\/\/peoplesphere.be\/fr\/#website"},"datePublished":"2022-09-14T11:50:15+00:00","dateModified":"2022-09-15T01:50:39+00:00","breadcrumb":{"@id":"https:\/\/peoplesphere.be\/fr\/deplacements-domicile-lieu-de-travail-differences-entre-regions-saccentuent\/#breadcrumb"},"inLanguage":"fr-FR","potentialAction":[{"@type":"ReadAction","target":["https:\/\/peoplesphere.be\/fr\/deplacements-domicile-lieu-de-travail-differences-entre-regions-saccentuent\/"]}]},{"@type":"BreadcrumbList","@id":"https:\/\/peoplesphere.be\/fr\/deplacements-domicile-lieu-de-travail-differences-entre-regions-saccentuent\/#breadcrumb","itemListElement":[{"@type":"ListItem","position":1,"name":"Accueil","item":"https:\/\/peoplesphere.be\/fr\/"},{"@type":"ListItem","position":2,"name":"D\u00e9placements domicile\/lieu de travail: les diff\u00e9rences entre r\u00e9gions s&rsquo;accentuent."}]},{"@type":"WebSite","@id":"https:\/\/peoplesphere.be\/fr\/#website","url":"https:\/\/peoplesphere.be\/fr\/","name":"Peoplesphere","description":"The People Managers Magazine","publisher":{"@id":"https:\/\/peoplesphere.be\/fr\/#organization"},"potentialAction":[{"@type":"SearchAction","target":{"@type":"EntryPoint","urlTemplate":"https:\/\/peoplesphere.be\/fr\/?s={search_term_string}"},"query-input":"required name=search_term_string"}],"inLanguage":"fr-FR"},{"@type":"Organization","@id":"https:\/\/peoplesphere.be\/fr\/#organization","name":"Peoplesphere Company srl","url":"https:\/\/peoplesphere.be\/fr\/","logo":{"@type":"ImageObject","inLanguage":"fr-FR","@id":"https:\/\/peoplesphere.be\/fr\/#\/schema\/logo\/image\/","url":"https:\/\/peoplesphere.be\/fr\/wp-content\/uploads\/2023\/07\/peoplesphere-lgo-new-generik.jpg","contentUrl":"https:\/\/peoplesphere.be\/fr\/wp-content\/uploads\/2023\/07\/peoplesphere-lgo-new-generik.jpg","width":1031,"height":1479,"caption":"Peoplesphere Company srl"},"image":{"@id":"https:\/\/peoplesphere.be\/fr\/#\/schema\/logo\/image\/"},"sameAs":["https:\/\/www.facebook.com\/peoplesphere","https:\/\/twitter.com\/PeoplesphereMag","https:\/\/www.linkedin.com\/company\/7587361?trk","http:\/\/youtube.com\/peoplesphere"]},{"@type":"Person","@id":"https:\/\/peoplesphere.be\/fr\/#\/schema\/person\/7976225ff17988604334abb7b3536a7e","name":"Jean-Paul Erhard","image":{"@type":"ImageObject","inLanguage":"fr-FR","@id":"https:\/\/peoplesphere.be\/fr\/#\/schema\/person\/image\/","url":"https:\/\/secure.gravatar.com\/avatar\/f941e681460179738071629a51574930?s=96&d=mm&r=g","contentUrl":"https:\/\/secure.gravatar.com\/avatar\/f941e681460179738071629a51574930?s=96&d=mm&r=g","caption":"Jean-Paul Erhard"},"url":"https:\/\/peoplesphere.be\/fr\/author\/jpe\/"}]}},"_links":{"self":[{"href":"https:\/\/peoplesphere.be\/fr\/wp-json\/wp\/v2\/posts\/13399"}],"collection":[{"href":"https:\/\/peoplesphere.be\/fr\/wp-json\/wp\/v2\/posts"}],"about":[{"href":"https:\/\/peoplesphere.be\/fr\/wp-json\/wp\/v2\/types\/post"}],"author":[{"embeddable":true,"href":"https:\/\/peoplesphere.be\/fr\/wp-json\/wp\/v2\/users\/2"}],"replies":[{"embeddable":true,"href":"https:\/\/peoplesphere.be\/fr\/wp-json\/wp\/v2\/comments?post=13399"}],"version-history":[{"count":1,"href":"https:\/\/peoplesphere.be\/fr\/wp-json\/wp\/v2\/posts\/13399\/revisions"}],"predecessor-version":[{"id":13400,"href":"https:\/\/peoplesphere.be\/fr\/wp-json\/wp\/v2\/posts\/13399\/revisions\/13400"}],"wp:attachment":[{"href":"https:\/\/peoplesphere.be\/fr\/wp-json\/wp\/v2\/media?parent=13399"}],"wp:term":[{"taxonomy":"category","embeddable":true,"href":"https:\/\/peoplesphere.be\/fr\/wp-json\/wp\/v2\/categories?post=13399"},{"taxonomy":"post_tag","embeddable":true,"href":"https:\/\/peoplesphere.be\/fr\/wp-json\/wp\/v2\/tags?post=13399"}],"curies":[{"name":"wp","href":"https:\/\/api.w.org\/{rel}","templated":true}]}}