









{"id":13463,"date":"2022-09-27T11:36:57","date_gmt":"2022-09-27T09:36:57","guid":{"rendered":"https:\/\/peoplesphere.be\/fr\/?p=13463"},"modified":"2022-09-27T11:38:12","modified_gmt":"2022-09-27T09:38:12","slug":"4-000-postes-vacants-secteur-de-logistique-formation-mobile-realite-virtuelle-viennent-soutien-metiers-penurie","status":"publish","type":"post","link":"https:\/\/peoplesphere.be\/fr\/4-000-postes-vacants-secteur-de-logistique-formation-mobile-realite-virtuelle-viennent-soutien-metiers-penurie\/","title":{"rendered":"4.000 postes vacants dans le secteur de la logistique: la formation mobile et la r\u00e9alit\u00e9 virtuelle viennent au soutien des m\u00e9tiers en p\u00e9nurie."},"content":{"rendered":"<p>Adecco lance un tout nouveau programme de formation mobile pour conducteurs de chariots \u00e9l\u00e9vateurs et magasiniers dans notre pays. L\u2019entreprise suisse a investi dans trois grands simulateurs VR mobiles pour former chaque ann\u00e9e plus de 400 caristes et pr\u00e9parateurs de commandes afin de r\u00e9pondre aux besoins du march\u00e9 du travail belge. Actuellement, il y a 4.000 postes vacants dans notre pays et \u00e0 peine deux candidats postulent pour chaque poste vacant, souvent sans avoir la formation ad\u00e9quate.<!--more--><\/p>\n<p>Avec son centre de formation mobile, Adecco aide les entreprises \u00e0 former elles-m\u00eames les candidats sur le terrain, dans des conditions r\u00e9alistes et sans avoir \u00e0 recr\u00e9er leur espace de stockage. Pass\u00e9 le stade de ce projet pilote en Belgique, Adecco le d\u00e9ploiera dans le reste du monde.<\/p>\n<p>Notre pays compte 4 000 postes vacants de caristes et il devient de plus en plus difficile pour les entreprises de les pourvoir. Bien qu\u2019il existe de nombreux cours classiques pour le grand groupe de candidats potentiels, Adecco constate que ces formations ne sont pas suffisamment accessibles ou que les candidats abandonnent, les cours n\u2019\u00e9tant pas assez attractifs. \u200b Cela a incit\u00e9 le g\u00e9ant de l&rsquo;int\u00e9rim \u00e0 d\u00e9velopper une formation innovante et de qualit\u00e9.<\/p>\n<p><em>\u00ab\u00a0Il n\u2019est pas possible pour les entreprises de simplement vider leurs entrep\u00f4ts afin de permettre aux futurs caristes de s\u2019y entra\u00eener. Avec les simulateurs virtuels, nous pouvons simuler de nombreux risques potentiels d\u2019incidents et d\u2019accidents qui se produisent dans la vie r\u00e9elle sur le terrain. \u200b La technologie nous permet de former les personnes plus rapidement et de mani\u00e8re plus qualitative.\u00a0\u00bb <\/em>explique\u00a0Michel Gelders, Chef de projet du programme de formation mobile Adecco.<\/p>\n<p><strong><em>Travail r\u00e9el gr\u00e2ce \u00e0 la formation en r\u00e9alit\u00e9 virtuelle<\/em><\/strong><\/p>\n<p>Adecco veut utiliser les simulateurs mobiles pour pr\u00e9parer 200 caristes au march\u00e9 du travail en 2022. Le groupe d\u2019int\u00e9rim s\u2019engage \u00e0 former au moins 400 caristes par an \u00e0 partir de 2023. Les candidats suivent les cours th\u00e9oriques num\u00e9riquement \u00e0 la maison, puis se rendent dans l\u2019entreprise de logistique pour y ma\u00eetriser la pratique gr\u00e2ce \u00e0 des simulations de la r\u00e9alit\u00e9.<\/p>\n<p><em>\u00ab\u00a0Les trois simulateurs VR\/AR permettent aux entreprises d\u2019adapter pleinement les cours \u00e0 l\u2019environnement dans lequel les candidats se retrouveront apr\u00e8s leur formation. \u00c9quip\u00e9s de lunettes VR, ils se retrouvent imm\u00e9diatement dans l\u2019entrep\u00f4t de leur futur employeur. Les futurs caristes, par exemple, voient et sentent le chargement et remarquent quand ils heurtent quelque chose. Les pr\u00e9parateurs de commandes d\u00e9couvrent chaque recoin de l\u2019entrep\u00f4t dans lequel ils travailleront par la suite. De cette fa\u00e7on, nous acc\u00e9l\u00e9rons l\u2019int\u00e9gration des candidats apprenants sur le lieu de travail d\u00e8s la fin de la formation. \u00bb\u00a0<\/em>ajoute Jan Dekeyser, CEO d\u2019Adecco BeLux.<\/p>\n<p><strong><em>La Belgique en tant que pionni\u00e8re<\/em><\/strong><\/p>\n<p>Adecco a choisi la Belgique comme premier pays pour y tester les simulateurs VR. La Belgique a \u00e9t\u00e9 choisie d\u00e9lib\u00e9r\u00e9ment parce que la p\u00e9nurie de main-d\u2019\u0153uvre y est tr\u00e8s \u00e9lev\u00e9e et parce que l\u2019\u00e9conomie belge est forte dans les secteurs de la logistique et du transport.\u00a0Apr\u00e8s le projet pilote en Belgique, Adecco augmentera encore le nombre de simulateurs et d\u00e9ploiera le projet \u00e0 l\u2019\u00e9chelle mondiale.<\/p>\n","protected":false},"excerpt":{"rendered":"<p>Adecco lance un tout nouveau programme de formation mobile pour conducteurs de chariots \u00e9l\u00e9vateurs et magasiniers dans notre pays. L\u2019entreprise suisse a investi dans trois grands simulateurs VR mobiles pour former chaque ann\u00e9e plus de 400 caristes et pr\u00e9parateurs de [&hellip;]<\/p>\n","protected":false},"author":2,"featured_media":13465,"comment_status":"closed","ping_status":"open","sticky":false,"template":"","format":"standard","meta":[],"categories":[65,10],"tags":[572,3713,1248,264,952],"yoast_head":"<!-- This site is optimized with the Yoast SEO plugin v21.0 - https:\/\/yoast.com\/wordpress\/plugins\/seo\/ -->\n<title>4.000 postes vacants dans le secteur de la logistique: la formation mobile et la r\u00e9alit\u00e9 virtuelle viennent au soutien des m\u00e9tiers en p\u00e9nurie. - Peoplesphere<\/title>\n<meta name=\"robots\" content=\"index, follow, max-snippet:-1, max-image-preview:large, max-video-preview:-1\" \/>\n<link rel=\"canonical\" href=\"https:\/\/peoplesphere.be\/fr\/4-000-postes-vacants-secteur-de-logistique-formation-mobile-realite-virtuelle-viennent-soutien-metiers-penurie\/\" \/>\n<meta property=\"og:locale\" content=\"fr_FR\" \/>\n<meta property=\"og:type\" content=\"article\" \/>\n<meta property=\"og:title\" content=\"4.000 postes vacants dans le secteur de la logistique: la formation mobile et la r\u00e9alit\u00e9 virtuelle viennent au soutien des m\u00e9tiers en p\u00e9nurie. - Peoplesphere\" \/>\n<meta property=\"og:description\" content=\"Adecco lance un tout nouveau programme de formation mobile pour conducteurs de chariots \u00e9l\u00e9vateurs et magasiniers dans notre pays. L\u2019entreprise suisse a investi dans trois grands simulateurs VR mobiles pour former chaque ann\u00e9e plus de 400 caristes et pr\u00e9parateurs de [&hellip;]\" \/>\n<meta property=\"og:url\" content=\"https:\/\/peoplesphere.be\/fr\/4-000-postes-vacants-secteur-de-logistique-formation-mobile-realite-virtuelle-viennent-soutien-metiers-penurie\/\" \/>\n<meta property=\"og:site_name\" content=\"Peoplesphere\" \/>\n<meta property=\"article:publisher\" content=\"https:\/\/www.facebook.com\/peoplesphere\" \/>\n<meta property=\"article:published_time\" content=\"2022-09-27T09:36:57+00:00\" \/>\n<meta property=\"article:modified_time\" content=\"2022-09-27T09:38:12+00:00\" \/>\n<meta property=\"og:image\" content=\"https:\/\/peoplesphere.be\/fr\/wp-content\/uploads\/2022\/09\/IMG_6534.jpg\" \/>\n\t<meta property=\"og:image:width\" content=\"4898\" \/>\n\t<meta property=\"og:image:height\" content=\"3265\" \/>\n\t<meta property=\"og:image:type\" content=\"image\/jpeg\" \/>\n<meta name=\"author\" content=\"Jean-Paul Erhard\" \/>\n<meta name=\"twitter:card\" content=\"summary_large_image\" \/>\n<meta name=\"twitter:creator\" content=\"@PeoplesphereMag\" \/>\n<meta name=\"twitter:site\" content=\"@PeoplesphereMag\" \/>\n<meta name=\"twitter:label1\" content=\"\u00c9crit par\" \/>\n\t<meta name=\"twitter:data1\" content=\"Jean-Paul Erhard\" \/>\n\t<meta name=\"twitter:label2\" content=\"Dur\u00e9e de lecture estim\u00e9e\" \/>\n\t<meta name=\"twitter:data2\" content=\"3 minutes\" \/>\n<script type=\"application\/ld+json\" class=\"yoast-schema-graph\">{\"@context\":\"https:\/\/schema.org\",\"@graph\":[{\"@type\":\"Article\",\"@id\":\"https:\/\/peoplesphere.be\/fr\/4-000-postes-vacants-secteur-de-logistique-formation-mobile-realite-virtuelle-viennent-soutien-metiers-penurie\/#article\",\"isPartOf\":{\"@id\":\"https:\/\/peoplesphere.be\/fr\/4-000-postes-vacants-secteur-de-logistique-formation-mobile-realite-virtuelle-viennent-soutien-metiers-penurie\/\"},\"author\":{\"name\":\"Jean-Paul Erhard\",\"@id\":\"https:\/\/peoplesphere.be\/fr\/#\/schema\/person\/7976225ff17988604334abb7b3536a7e\"},\"headline\":\"4.000 postes vacants dans le secteur de la logistique: la formation mobile et la r\u00e9alit\u00e9 virtuelle viennent au soutien des m\u00e9tiers en p\u00e9nurie.\",\"datePublished\":\"2022-09-27T09:36:57+00:00\",\"dateModified\":\"2022-09-27T09:38:12+00:00\",\"mainEntityOfPage\":{\"@id\":\"https:\/\/peoplesphere.be\/fr\/4-000-postes-vacants-secteur-de-logistique-formation-mobile-realite-virtuelle-viennent-soutien-metiers-penurie\/\"},\"wordCount\":580,\"publisher\":{\"@id\":\"https:\/\/peoplesphere.be\/fr\/#organization\"},\"keywords\":[\"adecco\",\"formation mobile\",\"logistique\",\"p\u00e9nuries\",\"r\u00e9alit\u00e9 virtuelle\"],\"articleSection\":[\"Actualit\u00e9s\",\"Digital\"],\"inLanguage\":\"fr-FR\"},{\"@type\":\"WebPage\",\"@id\":\"https:\/\/peoplesphere.be\/fr\/4-000-postes-vacants-secteur-de-logistique-formation-mobile-realite-virtuelle-viennent-soutien-metiers-penurie\/\",\"url\":\"https:\/\/peoplesphere.be\/fr\/4-000-postes-vacants-secteur-de-logistique-formation-mobile-realite-virtuelle-viennent-soutien-metiers-penurie\/\",\"name\":\"4.000 postes vacants dans le secteur de la logistique: la formation mobile et la r\u00e9alit\u00e9 virtuelle viennent au soutien des m\u00e9tiers en p\u00e9nurie. - Peoplesphere\",\"isPartOf\":{\"@id\":\"https:\/\/peoplesphere.be\/fr\/#website\"},\"datePublished\":\"2022-09-27T09:36:57+00:00\",\"dateModified\":\"2022-09-27T09:38:12+00:00\",\"breadcrumb\":{\"@id\":\"https:\/\/peoplesphere.be\/fr\/4-000-postes-vacants-secteur-de-logistique-formation-mobile-realite-virtuelle-viennent-soutien-metiers-penurie\/#breadcrumb\"},\"inLanguage\":\"fr-FR\",\"potentialAction\":[{\"@type\":\"ReadAction\",\"target\":[\"https:\/\/peoplesphere.be\/fr\/4-000-postes-vacants-secteur-de-logistique-formation-mobile-realite-virtuelle-viennent-soutien-metiers-penurie\/\"]}]},{\"@type\":\"BreadcrumbList\",\"@id\":\"https:\/\/peoplesphere.be\/fr\/4-000-postes-vacants-secteur-de-logistique-formation-mobile-realite-virtuelle-viennent-soutien-metiers-penurie\/#breadcrumb\",\"itemListElement\":[{\"@type\":\"ListItem\",\"position\":1,\"name\":\"Accueil\",\"item\":\"https:\/\/peoplesphere.be\/fr\/\"},{\"@type\":\"ListItem\",\"position\":2,\"name\":\"4.000 postes vacants dans le secteur de la logistique: la formation mobile et la r\u00e9alit\u00e9 virtuelle viennent au soutien des m\u00e9tiers en p\u00e9nurie.\"}]},{\"@type\":\"WebSite\",\"@id\":\"https:\/\/peoplesphere.be\/fr\/#website\",\"url\":\"https:\/\/peoplesphere.be\/fr\/\",\"name\":\"Peoplesphere\",\"description\":\"The People Managers Magazine\",\"publisher\":{\"@id\":\"https:\/\/peoplesphere.be\/fr\/#organization\"},\"potentialAction\":[{\"@type\":\"SearchAction\",\"target\":{\"@type\":\"EntryPoint\",\"urlTemplate\":\"https:\/\/peoplesphere.be\/fr\/?s={search_term_string}\"},\"query-input\":\"required name=search_term_string\"}],\"inLanguage\":\"fr-FR\"},{\"@type\":\"Organization\",\"@id\":\"https:\/\/peoplesphere.be\/fr\/#organization\",\"name\":\"Peoplesphere Company srl\",\"url\":\"https:\/\/peoplesphere.be\/fr\/\",\"logo\":{\"@type\":\"ImageObject\",\"inLanguage\":\"fr-FR\",\"@id\":\"https:\/\/peoplesphere.be\/fr\/#\/schema\/logo\/image\/\",\"url\":\"https:\/\/peoplesphere.be\/fr\/wp-content\/uploads\/2023\/07\/peoplesphere-lgo-new-generik.jpg\",\"contentUrl\":\"https:\/\/peoplesphere.be\/fr\/wp-content\/uploads\/2023\/07\/peoplesphere-lgo-new-generik.jpg\",\"width\":1031,\"height\":1479,\"caption\":\"Peoplesphere Company srl\"},\"image\":{\"@id\":\"https:\/\/peoplesphere.be\/fr\/#\/schema\/logo\/image\/\"},\"sameAs\":[\"https:\/\/www.facebook.com\/peoplesphere\",\"https:\/\/twitter.com\/PeoplesphereMag\",\"https:\/\/www.linkedin.com\/company\/7587361?trk\",\"http:\/\/youtube.com\/peoplesphere\"]},{\"@type\":\"Person\",\"@id\":\"https:\/\/peoplesphere.be\/fr\/#\/schema\/person\/7976225ff17988604334abb7b3536a7e\",\"name\":\"Jean-Paul Erhard\",\"image\":{\"@type\":\"ImageObject\",\"inLanguage\":\"fr-FR\",\"@id\":\"https:\/\/peoplesphere.be\/fr\/#\/schema\/person\/image\/\",\"url\":\"https:\/\/secure.gravatar.com\/avatar\/f941e681460179738071629a51574930?s=96&d=mm&r=g\",\"contentUrl\":\"https:\/\/secure.gravatar.com\/avatar\/f941e681460179738071629a51574930?s=96&d=mm&r=g\",\"caption\":\"Jean-Paul Erhard\"},\"url\":\"https:\/\/peoplesphere.be\/fr\/author\/jpe\/\"}]}<\/script>\n<!-- \/ Yoast SEO plugin. -->","yoast_head_json":{"title":"4.000 postes vacants dans le secteur de la logistique: la formation mobile et la r\u00e9alit\u00e9 virtuelle viennent au soutien des m\u00e9tiers en p\u00e9nurie. - Peoplesphere","robots":{"index":"index","follow":"follow","max-snippet":"max-snippet:-1","max-image-preview":"max-image-preview:large","max-video-preview":"max-video-preview:-1"},"canonical":"https:\/\/peoplesphere.be\/fr\/4-000-postes-vacants-secteur-de-logistique-formation-mobile-realite-virtuelle-viennent-soutien-metiers-penurie\/","og_locale":"fr_FR","og_type":"article","og_title":"4.000 postes vacants dans le secteur de la logistique: la formation mobile et la r\u00e9alit\u00e9 virtuelle viennent au soutien des m\u00e9tiers en p\u00e9nurie. - Peoplesphere","og_description":"Adecco lance un tout nouveau programme de formation mobile pour conducteurs de chariots \u00e9l\u00e9vateurs et magasiniers dans notre pays. L\u2019entreprise suisse a investi dans trois grands simulateurs VR mobiles pour former chaque ann\u00e9e plus de 400 caristes et pr\u00e9parateurs de [&hellip;]","og_url":"https:\/\/peoplesphere.be\/fr\/4-000-postes-vacants-secteur-de-logistique-formation-mobile-realite-virtuelle-viennent-soutien-metiers-penurie\/","og_site_name":"Peoplesphere","article_publisher":"https:\/\/www.facebook.com\/peoplesphere","article_published_time":"2022-09-27T09:36:57+00:00","article_modified_time":"2022-09-27T09:38:12+00:00","og_image":[{"width":4898,"height":3265,"url":"https:\/\/peoplesphere.be\/fr\/wp-content\/uploads\/2022\/09\/IMG_6534.jpg","type":"image\/jpeg"}],"author":"Jean-Paul Erhard","twitter_card":"summary_large_image","twitter_creator":"@PeoplesphereMag","twitter_site":"@PeoplesphereMag","twitter_misc":{"\u00c9crit par":"Jean-Paul Erhard","Dur\u00e9e de lecture estim\u00e9e":"3 minutes"},"schema":{"@context":"https:\/\/schema.org","@graph":[{"@type":"Article","@id":"https:\/\/peoplesphere.be\/fr\/4-000-postes-vacants-secteur-de-logistique-formation-mobile-realite-virtuelle-viennent-soutien-metiers-penurie\/#article","isPartOf":{"@id":"https:\/\/peoplesphere.be\/fr\/4-000-postes-vacants-secteur-de-logistique-formation-mobile-realite-virtuelle-viennent-soutien-metiers-penurie\/"},"author":{"name":"Jean-Paul Erhard","@id":"https:\/\/peoplesphere.be\/fr\/#\/schema\/person\/7976225ff17988604334abb7b3536a7e"},"headline":"4.000 postes vacants dans le secteur de la logistique: la formation mobile et la r\u00e9alit\u00e9 virtuelle viennent au soutien des m\u00e9tiers en p\u00e9nurie.","datePublished":"2022-09-27T09:36:57+00:00","dateModified":"2022-09-27T09:38:12+00:00","mainEntityOfPage":{"@id":"https:\/\/peoplesphere.be\/fr\/4-000-postes-vacants-secteur-de-logistique-formation-mobile-realite-virtuelle-viennent-soutien-metiers-penurie\/"},"wordCount":580,"publisher":{"@id":"https:\/\/peoplesphere.be\/fr\/#organization"},"keywords":["adecco","formation mobile","logistique","p\u00e9nuries","r\u00e9alit\u00e9 virtuelle"],"articleSection":["Actualit\u00e9s","Digital"],"inLanguage":"fr-FR"},{"@type":"WebPage","@id":"https:\/\/peoplesphere.be\/fr\/4-000-postes-vacants-secteur-de-logistique-formation-mobile-realite-virtuelle-viennent-soutien-metiers-penurie\/","url":"https:\/\/peoplesphere.be\/fr\/4-000-postes-vacants-secteur-de-logistique-formation-mobile-realite-virtuelle-viennent-soutien-metiers-penurie\/","name":"4.000 postes vacants dans le secteur de la logistique: la formation mobile et la r\u00e9alit\u00e9 virtuelle viennent au soutien des m\u00e9tiers en p\u00e9nurie. - Peoplesphere","isPartOf":{"@id":"https:\/\/peoplesphere.be\/fr\/#website"},"datePublished":"2022-09-27T09:36:57+00:00","dateModified":"2022-09-27T09:38:12+00:00","breadcrumb":{"@id":"https:\/\/peoplesphere.be\/fr\/4-000-postes-vacants-secteur-de-logistique-formation-mobile-realite-virtuelle-viennent-soutien-metiers-penurie\/#breadcrumb"},"inLanguage":"fr-FR","potentialAction":[{"@type":"ReadAction","target":["https:\/\/peoplesphere.be\/fr\/4-000-postes-vacants-secteur-de-logistique-formation-mobile-realite-virtuelle-viennent-soutien-metiers-penurie\/"]}]},{"@type":"BreadcrumbList","@id":"https:\/\/peoplesphere.be\/fr\/4-000-postes-vacants-secteur-de-logistique-formation-mobile-realite-virtuelle-viennent-soutien-metiers-penurie\/#breadcrumb","itemListElement":[{"@type":"ListItem","position":1,"name":"Accueil","item":"https:\/\/peoplesphere.be\/fr\/"},{"@type":"ListItem","position":2,"name":"4.000 postes vacants dans le secteur de la logistique: la formation mobile et la r\u00e9alit\u00e9 virtuelle viennent au soutien des m\u00e9tiers en p\u00e9nurie."}]},{"@type":"WebSite","@id":"https:\/\/peoplesphere.be\/fr\/#website","url":"https:\/\/peoplesphere.be\/fr\/","name":"Peoplesphere","description":"The People Managers Magazine","publisher":{"@id":"https:\/\/peoplesphere.be\/fr\/#organization"},"potentialAction":[{"@type":"SearchAction","target":{"@type":"EntryPoint","urlTemplate":"https:\/\/peoplesphere.be\/fr\/?s={search_term_string}"},"query-input":"required name=search_term_string"}],"inLanguage":"fr-FR"},{"@type":"Organization","@id":"https:\/\/peoplesphere.be\/fr\/#organization","name":"Peoplesphere Company srl","url":"https:\/\/peoplesphere.be\/fr\/","logo":{"@type":"ImageObject","inLanguage":"fr-FR","@id":"https:\/\/peoplesphere.be\/fr\/#\/schema\/logo\/image\/","url":"https:\/\/peoplesphere.be\/fr\/wp-content\/uploads\/2023\/07\/peoplesphere-lgo-new-generik.jpg","contentUrl":"https:\/\/peoplesphere.be\/fr\/wp-content\/uploads\/2023\/07\/peoplesphere-lgo-new-generik.jpg","width":1031,"height":1479,"caption":"Peoplesphere Company srl"},"image":{"@id":"https:\/\/peoplesphere.be\/fr\/#\/schema\/logo\/image\/"},"sameAs":["https:\/\/www.facebook.com\/peoplesphere","https:\/\/twitter.com\/PeoplesphereMag","https:\/\/www.linkedin.com\/company\/7587361?trk","http:\/\/youtube.com\/peoplesphere"]},{"@type":"Person","@id":"https:\/\/peoplesphere.be\/fr\/#\/schema\/person\/7976225ff17988604334abb7b3536a7e","name":"Jean-Paul Erhard","image":{"@type":"ImageObject","inLanguage":"fr-FR","@id":"https:\/\/peoplesphere.be\/fr\/#\/schema\/person\/image\/","url":"https:\/\/secure.gravatar.com\/avatar\/f941e681460179738071629a51574930?s=96&d=mm&r=g","contentUrl":"https:\/\/secure.gravatar.com\/avatar\/f941e681460179738071629a51574930?s=96&d=mm&r=g","caption":"Jean-Paul Erhard"},"url":"https:\/\/peoplesphere.be\/fr\/author\/jpe\/"}]}},"_links":{"self":[{"href":"https:\/\/peoplesphere.be\/fr\/wp-json\/wp\/v2\/posts\/13463"}],"collection":[{"href":"https:\/\/peoplesphere.be\/fr\/wp-json\/wp\/v2\/posts"}],"about":[{"href":"https:\/\/peoplesphere.be\/fr\/wp-json\/wp\/v2\/types\/post"}],"author":[{"embeddable":true,"href":"https:\/\/peoplesphere.be\/fr\/wp-json\/wp\/v2\/users\/2"}],"replies":[{"embeddable":true,"href":"https:\/\/peoplesphere.be\/fr\/wp-json\/wp\/v2\/comments?post=13463"}],"version-history":[{"count":1,"href":"https:\/\/peoplesphere.be\/fr\/wp-json\/wp\/v2\/posts\/13463\/revisions"}],"predecessor-version":[{"id":13464,"href":"https:\/\/peoplesphere.be\/fr\/wp-json\/wp\/v2\/posts\/13463\/revisions\/13464"}],"wp:featuredmedia":[{"embeddable":true,"href":"https:\/\/peoplesphere.be\/fr\/wp-json\/wp\/v2\/media\/13465"}],"wp:attachment":[{"href":"https:\/\/peoplesphere.be\/fr\/wp-json\/wp\/v2\/media?parent=13463"}],"wp:term":[{"taxonomy":"category","embeddable":true,"href":"https:\/\/peoplesphere.be\/fr\/wp-json\/wp\/v2\/categories?post=13463"},{"taxonomy":"post_tag","embeddable":true,"href":"https:\/\/peoplesphere.be\/fr\/wp-json\/wp\/v2\/tags?post=13463"}],"curies":[{"name":"wp","href":"https:\/\/api.w.org\/{rel}","templated":true}]}}