









{"id":13495,"date":"2022-10-04T15:24:23","date_gmt":"2022-10-04T13:24:23","guid":{"rendered":"https:\/\/peoplesphere.be\/fr\/?p=13495"},"modified":"2023-07-29T09:54:08","modified_gmt":"2023-07-29T07:54:08","slug":"pme-loin-detre-conquises-semaine-de-travail-4-jours","status":"publish","type":"post","link":"https:\/\/peoplesphere.be\/fr\/pme-loin-detre-conquises-semaine-de-travail-4-jours\/","title":{"rendered":"Les PME sont loin d&rsquo;\u00eatre conquises par la semaine de travail sur 4 jours."},"content":{"rendered":"<p>Pr\u00e8s de 8 PME sur 10 n\u2019envisagent pas la possibilit\u00e9 d&rsquo;introduire la semaine de travail de quatre jours. Une PME sur dix (10%) l\u2019envisage bien. Seulement 8 % des dirigeants de PME d\u00e9clarent que pr\u00e9voir une semaine de travail \u00e0 temps plein sur quatre jours -comme le propose le deal pour l\u2019emploi &#8211; est faisable au niveau de leur organisation. C&rsquo;est ce qui ressort d&rsquo;une enqu\u00eate men\u00e9e par le prestataire de services RH Acerta et les organisations patronales ETION et VKW Limburg aupr\u00e8s de plus de 500 PME.<!--more--><\/p>\n<p>Jeudi dernier, la Chambre a donn\u00e9 son feu vert au deal pour l\u2019emploi. \u00ab La semaine de travail de quatre jours n\u2019est clairement pas r\u00e9alisable dans toutes les PME et pour toutes les fonctions. Cependant, dans le contexte plus large du deal pour l\u2019emploi, cette mesure peut donner aux travailleurs et aux employeurs, pour qui la semaine de quatre jour est une possibilit\u00e9, probablement plus de marge de man\u0153uvre pour ainsi attirer plus facilement les travailleurs que cela int\u00e9resse \u00bb, affirment les experts d&rsquo;Acerta.<\/p>\n<p><strong><em>Semaine de travail de quatre jours : 1 PME sur 10 y est favorable<\/em><\/strong><\/p>\n<p>Les d\u00e9s sont jet\u00e9s : le Parlement a approuv\u00e9 le deal pour l\u2019emploi jeudi. Le gouvernement f\u00e9d\u00e9ral veut porter le taux d&rsquo;occupation belge \u00e0 80 % d&rsquo;ici 2030 \u00e0 l\u2019aide de diverses mesures, qui doivent encore \u00eatre publi\u00e9es au Moniteur Belge. Une des d\u00e9cisions les plus marquantes : les travailleurs qui le souhaitent peuvent effectuer leur semaine de travail \u00e0 temps plein sur quatre jours, si l\u2019employeur est d\u2019accord. Mais est-ce vraiment r\u00e9alisable dans les entreprises belges, et surtout dans les petites et moyennes entreprises ? 77% ne le pensent pas, 8 % des PME r\u00e9pondent \u00e0 cette question par l\u2019affirmative. Selon l\u2019enqu\u00eate r\u00e9alis\u00e9e par Acerta, ETION et VKW Limburg, 10 % envisagent m\u00eame l&rsquo;introduction effective de la semaine de travail \u00e0 temps plein de quatre jours. Quatorze pour cent des PME admettent qu&rsquo;elles ignorent encore si la semaine de travail \u00e0 temps plein r\u00e9duite pourrait leur convenir.<\/p>\n<p>Laura Couchard, experte en deal pour l\u2019emploi chez Acerta Consult : <em>\u00ab\u00a0Les 10% des PME qui envisagent l\u2019introduction, ce sont ces entreprises qui ressentent le besoin aigu de trouver des alternatives pour motiver leurs collaborateurs dans un march\u00e9 du travail tendu. Nous observons surtout que les entreprises ignorent encore beaucoup de choses sur cette mesure. La plupart des entreprises craignent peut-\u00eatre que cela complique la planification du travail et que la continuit\u00e9 de l&rsquo;entreprise soit compromise. En outre, cela repr\u00e9sente une charge de travail \u00e9lev\u00e9e pour les travailleurs, car travailler 9,5 heures par jour n&rsquo;est pas une mince affaire, et avec un taux d&rsquo;\u00e9puisement professionnel en hausse, il s\u2019agit \u00e9galement d\u2019un point d\u2019attention majeur. Les entreprises ouvertes \u00e0 l\u2019introduction de la semaine de travail de quatre jours doivent en premier lieu conclure de bons accords avec leurs travailleurs\u00a0\u00bb.<\/em><\/p>\n<p><strong><em>Explications des implications juridiques du deal pour l\u2019emploi<\/em><\/strong><\/p>\n<p>Outre la semaine de travail de quatre jours, diverses autres mesures ont \u00e9t\u00e9 introduites dans le cadre du deal pour l\u2019emploi. Quels sont exactement les changements juridiques ? Que signifient-ils pour les travailleurs et les employeurs ? Quand prennent-ils effet ? Laura Couchard, experte juridique chez Acerta Consult, peut vous donner des explications.<\/p>\n<p>Qu\u2019implique la semaine de travail de quatre jours pr\u00e9vue par le deal pour l\u2019emploi ? La semaine de travail de quatre jours signifie qu&rsquo;un travailleur, \u00e0 sa demande, se voit offrir par l&#8217;employeur la possibilit\u00e9 de prester une semaine de travail \u00e0 temps plein de 38 heures en 4 jours au lieu de 5 jours. Par cons\u00e9quent, ce travailleur peut travailler jusqu&rsquo;\u00e0 9h30 par jour et profiter ainsi d\u2019un long week-end ou d\u2019un jour sans travailler au milieu de la semaine de travail.<\/p>\n<p>&nbsp;<\/p>\n<p><em>Source: ces donn\u00e9es sont le r\u00e9sultat du troisi\u00e8me barom\u00e8tre de l\u2019emploi des PME r\u00e9alis\u00e9 par Acerta, en collaboration avec les organisations patronales ETION et VKW Limburg deux fois par an aupr\u00e8s des employeurs PME (plus de 5 et moins de 100 travailleurs). L&rsquo;\u00e9dition de ce printemps 2022 (15-27 juin 2022) a enregistr\u00e9 la participation de 502 PME.<\/em><\/p>\n","protected":false},"excerpt":{"rendered":"<p>Pr\u00e8s de 8 PME sur 10 n\u2019envisagent pas la possibilit\u00e9 d&rsquo;introduire la semaine de travail de quatre jours. Une PME sur dix (10%) l\u2019envisage bien. Seulement 8 % des dirigeants de PME d\u00e9clarent que pr\u00e9voir une semaine de travail \u00e0 [&hellip;]<\/p>\n","protected":false},"author":2,"featured_media":13496,"comment_status":"closed","ping_status":"open","sticky":false,"template":"","format":"standard","meta":[],"categories":[65,10],"tags":[2155,220,901],"yoast_head":"<!-- This site is optimized with the Yoast SEO plugin v21.0 - https:\/\/yoast.com\/wordpress\/plugins\/seo\/ -->\n<title>Les PME sont loin d&#039;\u00eatre conquises par la semaine de travail sur 4 jours. - Peoplesphere<\/title>\n<meta name=\"robots\" content=\"index, follow, max-snippet:-1, max-image-preview:large, max-video-preview:-1\" \/>\n<link rel=\"canonical\" href=\"https:\/\/peoplesphere.be\/fr\/pme-loin-detre-conquises-semaine-de-travail-4-jours\/\" \/>\n<meta property=\"og:locale\" content=\"fr_FR\" \/>\n<meta property=\"og:type\" content=\"article\" \/>\n<meta property=\"og:title\" content=\"Les PME sont loin d&#039;\u00eatre conquises par la semaine de travail sur 4 jours. - Peoplesphere\" \/>\n<meta property=\"og:description\" content=\"Pr\u00e8s de 8 PME sur 10 n\u2019envisagent pas la possibilit\u00e9 d&rsquo;introduire la semaine de travail de quatre jours. Une PME sur dix (10%) l\u2019envisage bien. Seulement 8 % des dirigeants de PME d\u00e9clarent que pr\u00e9voir une semaine de travail \u00e0 [&hellip;]\" \/>\n<meta property=\"og:url\" content=\"https:\/\/peoplesphere.be\/fr\/pme-loin-detre-conquises-semaine-de-travail-4-jours\/\" \/>\n<meta property=\"og:site_name\" content=\"Peoplesphere\" \/>\n<meta property=\"article:publisher\" content=\"https:\/\/www.facebook.com\/peoplesphere\" \/>\n<meta property=\"article:published_time\" content=\"2022-10-04T13:24:23+00:00\" \/>\n<meta property=\"article:modified_time\" content=\"2023-07-29T07:54:08+00:00\" \/>\n<meta property=\"og:image\" content=\"https:\/\/peoplesphere.be\/fr\/wp-content\/uploads\/2022\/10\/semaine-4-jours-2_max220x350.jpg\" \/>\n\t<meta property=\"og:image:width\" content=\"350\" \/>\n\t<meta property=\"og:image:height\" content=\"184\" \/>\n\t<meta property=\"og:image:type\" content=\"image\/jpeg\" \/>\n<meta name=\"author\" content=\"Jean-Paul Erhard\" \/>\n<meta name=\"twitter:card\" content=\"summary_large_image\" \/>\n<meta name=\"twitter:creator\" content=\"@PeoplesphereMag\" \/>\n<meta name=\"twitter:site\" content=\"@PeoplesphereMag\" \/>\n<meta name=\"twitter:label1\" content=\"\u00c9crit par\" \/>\n\t<meta name=\"twitter:data1\" content=\"Jean-Paul Erhard\" \/>\n\t<meta name=\"twitter:label2\" content=\"Dur\u00e9e de lecture estim\u00e9e\" \/>\n\t<meta name=\"twitter:data2\" content=\"4 minutes\" \/>\n<script type=\"application\/ld+json\" class=\"yoast-schema-graph\">{\"@context\":\"https:\/\/schema.org\",\"@graph\":[{\"@type\":\"Article\",\"@id\":\"https:\/\/peoplesphere.be\/fr\/pme-loin-detre-conquises-semaine-de-travail-4-jours\/#article\",\"isPartOf\":{\"@id\":\"https:\/\/peoplesphere.be\/fr\/pme-loin-detre-conquises-semaine-de-travail-4-jours\/\"},\"author\":{\"name\":\"Jean-Paul Erhard\",\"@id\":\"https:\/\/peoplesphere.be\/fr\/#\/schema\/person\/7976225ff17988604334abb7b3536a7e\"},\"headline\":\"Les PME sont loin d&rsquo;\u00eatre conquises par la semaine de travail sur 4 jours.\",\"datePublished\":\"2022-10-04T13:24:23+00:00\",\"dateModified\":\"2023-07-29T07:54:08+00:00\",\"mainEntityOfPage\":{\"@id\":\"https:\/\/peoplesphere.be\/fr\/pme-loin-detre-conquises-semaine-de-travail-4-jours\/\"},\"wordCount\":701,\"publisher\":{\"@id\":\"https:\/\/peoplesphere.be\/fr\/#organization\"},\"keywords\":[\"deal pour l'emploi\",\"flexibilit\u00e9\",\"semaine de 4 jours\"],\"articleSection\":[\"Actualit\u00e9s\",\"Digital\"],\"inLanguage\":\"fr-FR\"},{\"@type\":\"WebPage\",\"@id\":\"https:\/\/peoplesphere.be\/fr\/pme-loin-detre-conquises-semaine-de-travail-4-jours\/\",\"url\":\"https:\/\/peoplesphere.be\/fr\/pme-loin-detre-conquises-semaine-de-travail-4-jours\/\",\"name\":\"Les PME sont loin d'\u00eatre conquises par la semaine de travail sur 4 jours. - Peoplesphere\",\"isPartOf\":{\"@id\":\"https:\/\/peoplesphere.be\/fr\/#website\"},\"datePublished\":\"2022-10-04T13:24:23+00:00\",\"dateModified\":\"2023-07-29T07:54:08+00:00\",\"breadcrumb\":{\"@id\":\"https:\/\/peoplesphere.be\/fr\/pme-loin-detre-conquises-semaine-de-travail-4-jours\/#breadcrumb\"},\"inLanguage\":\"fr-FR\",\"potentialAction\":[{\"@type\":\"ReadAction\",\"target\":[\"https:\/\/peoplesphere.be\/fr\/pme-loin-detre-conquises-semaine-de-travail-4-jours\/\"]}]},{\"@type\":\"BreadcrumbList\",\"@id\":\"https:\/\/peoplesphere.be\/fr\/pme-loin-detre-conquises-semaine-de-travail-4-jours\/#breadcrumb\",\"itemListElement\":[{\"@type\":\"ListItem\",\"position\":1,\"name\":\"Accueil\",\"item\":\"https:\/\/peoplesphere.be\/fr\/\"},{\"@type\":\"ListItem\",\"position\":2,\"name\":\"Les PME sont loin d&rsquo;\u00eatre conquises par la semaine de travail sur 4 jours.\"}]},{\"@type\":\"WebSite\",\"@id\":\"https:\/\/peoplesphere.be\/fr\/#website\",\"url\":\"https:\/\/peoplesphere.be\/fr\/\",\"name\":\"Peoplesphere\",\"description\":\"The People Managers Magazine\",\"publisher\":{\"@id\":\"https:\/\/peoplesphere.be\/fr\/#organization\"},\"potentialAction\":[{\"@type\":\"SearchAction\",\"target\":{\"@type\":\"EntryPoint\",\"urlTemplate\":\"https:\/\/peoplesphere.be\/fr\/?s={search_term_string}\"},\"query-input\":\"required name=search_term_string\"}],\"inLanguage\":\"fr-FR\"},{\"@type\":\"Organization\",\"@id\":\"https:\/\/peoplesphere.be\/fr\/#organization\",\"name\":\"Peoplesphere Company srl\",\"url\":\"https:\/\/peoplesphere.be\/fr\/\",\"logo\":{\"@type\":\"ImageObject\",\"inLanguage\":\"fr-FR\",\"@id\":\"https:\/\/peoplesphere.be\/fr\/#\/schema\/logo\/image\/\",\"url\":\"https:\/\/peoplesphere.be\/fr\/wp-content\/uploads\/2023\/07\/peoplesphere-lgo-new-generik.jpg\",\"contentUrl\":\"https:\/\/peoplesphere.be\/fr\/wp-content\/uploads\/2023\/07\/peoplesphere-lgo-new-generik.jpg\",\"width\":1031,\"height\":1479,\"caption\":\"Peoplesphere Company srl\"},\"image\":{\"@id\":\"https:\/\/peoplesphere.be\/fr\/#\/schema\/logo\/image\/\"},\"sameAs\":[\"https:\/\/www.facebook.com\/peoplesphere\",\"https:\/\/twitter.com\/PeoplesphereMag\",\"https:\/\/www.linkedin.com\/company\/7587361?trk\",\"http:\/\/youtube.com\/peoplesphere\"]},{\"@type\":\"Person\",\"@id\":\"https:\/\/peoplesphere.be\/fr\/#\/schema\/person\/7976225ff17988604334abb7b3536a7e\",\"name\":\"Jean-Paul Erhard\",\"image\":{\"@type\":\"ImageObject\",\"inLanguage\":\"fr-FR\",\"@id\":\"https:\/\/peoplesphere.be\/fr\/#\/schema\/person\/image\/\",\"url\":\"https:\/\/secure.gravatar.com\/avatar\/f941e681460179738071629a51574930?s=96&d=mm&r=g\",\"contentUrl\":\"https:\/\/secure.gravatar.com\/avatar\/f941e681460179738071629a51574930?s=96&d=mm&r=g\",\"caption\":\"Jean-Paul Erhard\"},\"url\":\"https:\/\/peoplesphere.be\/fr\/author\/jpe\/\"}]}<\/script>\n<!-- \/ Yoast SEO plugin. -->","yoast_head_json":{"title":"Les PME sont loin d'\u00eatre conquises par la semaine de travail sur 4 jours. - Peoplesphere","robots":{"index":"index","follow":"follow","max-snippet":"max-snippet:-1","max-image-preview":"max-image-preview:large","max-video-preview":"max-video-preview:-1"},"canonical":"https:\/\/peoplesphere.be\/fr\/pme-loin-detre-conquises-semaine-de-travail-4-jours\/","og_locale":"fr_FR","og_type":"article","og_title":"Les PME sont loin d'\u00eatre conquises par la semaine de travail sur 4 jours. - Peoplesphere","og_description":"Pr\u00e8s de 8 PME sur 10 n\u2019envisagent pas la possibilit\u00e9 d&rsquo;introduire la semaine de travail de quatre jours. Une PME sur dix (10%) l\u2019envisage bien. Seulement 8 % des dirigeants de PME d\u00e9clarent que pr\u00e9voir une semaine de travail \u00e0 [&hellip;]","og_url":"https:\/\/peoplesphere.be\/fr\/pme-loin-detre-conquises-semaine-de-travail-4-jours\/","og_site_name":"Peoplesphere","article_publisher":"https:\/\/www.facebook.com\/peoplesphere","article_published_time":"2022-10-04T13:24:23+00:00","article_modified_time":"2023-07-29T07:54:08+00:00","og_image":[{"width":350,"height":184,"url":"https:\/\/peoplesphere.be\/fr\/wp-content\/uploads\/2022\/10\/semaine-4-jours-2_max220x350.jpg","type":"image\/jpeg"}],"author":"Jean-Paul Erhard","twitter_card":"summary_large_image","twitter_creator":"@PeoplesphereMag","twitter_site":"@PeoplesphereMag","twitter_misc":{"\u00c9crit par":"Jean-Paul Erhard","Dur\u00e9e de lecture estim\u00e9e":"4 minutes"},"schema":{"@context":"https:\/\/schema.org","@graph":[{"@type":"Article","@id":"https:\/\/peoplesphere.be\/fr\/pme-loin-detre-conquises-semaine-de-travail-4-jours\/#article","isPartOf":{"@id":"https:\/\/peoplesphere.be\/fr\/pme-loin-detre-conquises-semaine-de-travail-4-jours\/"},"author":{"name":"Jean-Paul Erhard","@id":"https:\/\/peoplesphere.be\/fr\/#\/schema\/person\/7976225ff17988604334abb7b3536a7e"},"headline":"Les PME sont loin d&rsquo;\u00eatre conquises par la semaine de travail sur 4 jours.","datePublished":"2022-10-04T13:24:23+00:00","dateModified":"2023-07-29T07:54:08+00:00","mainEntityOfPage":{"@id":"https:\/\/peoplesphere.be\/fr\/pme-loin-detre-conquises-semaine-de-travail-4-jours\/"},"wordCount":701,"publisher":{"@id":"https:\/\/peoplesphere.be\/fr\/#organization"},"keywords":["deal pour l'emploi","flexibilit\u00e9","semaine de 4 jours"],"articleSection":["Actualit\u00e9s","Digital"],"inLanguage":"fr-FR"},{"@type":"WebPage","@id":"https:\/\/peoplesphere.be\/fr\/pme-loin-detre-conquises-semaine-de-travail-4-jours\/","url":"https:\/\/peoplesphere.be\/fr\/pme-loin-detre-conquises-semaine-de-travail-4-jours\/","name":"Les PME sont loin d'\u00eatre conquises par la semaine de travail sur 4 jours. - Peoplesphere","isPartOf":{"@id":"https:\/\/peoplesphere.be\/fr\/#website"},"datePublished":"2022-10-04T13:24:23+00:00","dateModified":"2023-07-29T07:54:08+00:00","breadcrumb":{"@id":"https:\/\/peoplesphere.be\/fr\/pme-loin-detre-conquises-semaine-de-travail-4-jours\/#breadcrumb"},"inLanguage":"fr-FR","potentialAction":[{"@type":"ReadAction","target":["https:\/\/peoplesphere.be\/fr\/pme-loin-detre-conquises-semaine-de-travail-4-jours\/"]}]},{"@type":"BreadcrumbList","@id":"https:\/\/peoplesphere.be\/fr\/pme-loin-detre-conquises-semaine-de-travail-4-jours\/#breadcrumb","itemListElement":[{"@type":"ListItem","position":1,"name":"Accueil","item":"https:\/\/peoplesphere.be\/fr\/"},{"@type":"ListItem","position":2,"name":"Les PME sont loin d&rsquo;\u00eatre conquises par la semaine de travail sur 4 jours."}]},{"@type":"WebSite","@id":"https:\/\/peoplesphere.be\/fr\/#website","url":"https:\/\/peoplesphere.be\/fr\/","name":"Peoplesphere","description":"The People Managers Magazine","publisher":{"@id":"https:\/\/peoplesphere.be\/fr\/#organization"},"potentialAction":[{"@type":"SearchAction","target":{"@type":"EntryPoint","urlTemplate":"https:\/\/peoplesphere.be\/fr\/?s={search_term_string}"},"query-input":"required name=search_term_string"}],"inLanguage":"fr-FR"},{"@type":"Organization","@id":"https:\/\/peoplesphere.be\/fr\/#organization","name":"Peoplesphere Company srl","url":"https:\/\/peoplesphere.be\/fr\/","logo":{"@type":"ImageObject","inLanguage":"fr-FR","@id":"https:\/\/peoplesphere.be\/fr\/#\/schema\/logo\/image\/","url":"https:\/\/peoplesphere.be\/fr\/wp-content\/uploads\/2023\/07\/peoplesphere-lgo-new-generik.jpg","contentUrl":"https:\/\/peoplesphere.be\/fr\/wp-content\/uploads\/2023\/07\/peoplesphere-lgo-new-generik.jpg","width":1031,"height":1479,"caption":"Peoplesphere Company srl"},"image":{"@id":"https:\/\/peoplesphere.be\/fr\/#\/schema\/logo\/image\/"},"sameAs":["https:\/\/www.facebook.com\/peoplesphere","https:\/\/twitter.com\/PeoplesphereMag","https:\/\/www.linkedin.com\/company\/7587361?trk","http:\/\/youtube.com\/peoplesphere"]},{"@type":"Person","@id":"https:\/\/peoplesphere.be\/fr\/#\/schema\/person\/7976225ff17988604334abb7b3536a7e","name":"Jean-Paul Erhard","image":{"@type":"ImageObject","inLanguage":"fr-FR","@id":"https:\/\/peoplesphere.be\/fr\/#\/schema\/person\/image\/","url":"https:\/\/secure.gravatar.com\/avatar\/f941e681460179738071629a51574930?s=96&d=mm&r=g","contentUrl":"https:\/\/secure.gravatar.com\/avatar\/f941e681460179738071629a51574930?s=96&d=mm&r=g","caption":"Jean-Paul Erhard"},"url":"https:\/\/peoplesphere.be\/fr\/author\/jpe\/"}]}},"_links":{"self":[{"href":"https:\/\/peoplesphere.be\/fr\/wp-json\/wp\/v2\/posts\/13495"}],"collection":[{"href":"https:\/\/peoplesphere.be\/fr\/wp-json\/wp\/v2\/posts"}],"about":[{"href":"https:\/\/peoplesphere.be\/fr\/wp-json\/wp\/v2\/types\/post"}],"author":[{"embeddable":true,"href":"https:\/\/peoplesphere.be\/fr\/wp-json\/wp\/v2\/users\/2"}],"replies":[{"embeddable":true,"href":"https:\/\/peoplesphere.be\/fr\/wp-json\/wp\/v2\/comments?post=13495"}],"version-history":[{"count":1,"href":"https:\/\/peoplesphere.be\/fr\/wp-json\/wp\/v2\/posts\/13495\/revisions"}],"predecessor-version":[{"id":13497,"href":"https:\/\/peoplesphere.be\/fr\/wp-json\/wp\/v2\/posts\/13495\/revisions\/13497"}],"wp:featuredmedia":[{"embeddable":true,"href":"https:\/\/peoplesphere.be\/fr\/wp-json\/wp\/v2\/media\/13496"}],"wp:attachment":[{"href":"https:\/\/peoplesphere.be\/fr\/wp-json\/wp\/v2\/media?parent=13495"}],"wp:term":[{"taxonomy":"category","embeddable":true,"href":"https:\/\/peoplesphere.be\/fr\/wp-json\/wp\/v2\/categories?post=13495"},{"taxonomy":"post_tag","embeddable":true,"href":"https:\/\/peoplesphere.be\/fr\/wp-json\/wp\/v2\/tags?post=13495"}],"curies":[{"name":"wp","href":"https:\/\/api.w.org\/{rel}","templated":true}]}}