









{"id":13518,"date":"2022-10-10T14:58:17","date_gmt":"2022-10-10T12:58:17","guid":{"rendered":"https:\/\/peoplesphere.be\/fr\/?p=13518"},"modified":"2022-10-13T04:10:28","modified_gmt":"2022-10-13T02:10:28","slug":"possibilite-de-travailler-letranger-critere-de-retention-salaries-desormais","status":"publish","type":"post","link":"https:\/\/peoplesphere.be\/fr\/possibilite-de-travailler-letranger-critere-de-retention-salaries-desormais\/","title":{"rendered":"Offrir la possibilit\u00e9 de travailler depuis l&rsquo;\u00e9tranger, un crit\u00e8re de r\u00e9tention pour les salari\u00e9s d\u00e9sormais?"},"content":{"rendered":"<p>Plus d&rsquo;un quart des travailleurs belges (26 %) envisageraient de changer d&#8217;emploi si leur entreprise ne leur permettait pas de travailler depuis l&rsquo;\u00e9tranger. C&rsquo;est l&rsquo;un des constats frappants qui ressort d&rsquo;une nouvelle enqu\u00eate belge de N26 sur le travail \u00e0 l&rsquo;\u00e9tranger. Suite aux innovations technologiques et au changement de mentalit\u00e9s pendant la pand\u00e9mie du COVID-19, le travail \u00e0 l&rsquo;\u00e9tranger est devenu plus populaire que jamais parmi les employ\u00e9s belges. <!--more--><\/p>\n<p>En cons\u00e9quence, un nombre grandissant d&rsquo;entreprises, dont la n\u00e9o-banque N26, offrent \u00e0 leurs collaborateurs la possibilit\u00e9 de travailler depuis un autre pays que celui o\u00f9 est situ\u00e9 leur bureau.<\/p>\n<p>Au sein de la population belge, pr\u00e8s d&rsquo;un quart des travailleurs (23 %) sont autoris\u00e9s par leur entreprise \u00e0 travailler depuis un autre pays. En termes de dur\u00e9e, les soci\u00e9t\u00e9s ne fixent pas de limite dans la majorit\u00e9 des cas (52 %). N\u00e9anmoins, 1 r\u00e9pondant autoris\u00e9 \u00e0 travailler \u00e0 l&rsquo;\u00e9tranger sur 4 (24 %) est limit\u00e9 \u00e0 une p\u00e9riode inf\u00e9rieure \u00e0 une semaine de travail. Le secteur qui compte le plus d&#8217;employ\u00e9s autoris\u00e9s \u00e0 travailler \u00e0 l&rsquo;\u00e9tranger est le secteur public (12,6 %), suivi \u00e0 \u00e9galit\u00e9 du secteur bancaire et financier et du secteur scientifique et pharmaceutique (7,1 %).<\/p>\n<p><strong><em>Davantage d\u2019engouement parmi les jeunes g\u00e9n\u00e9rations et les francophones<\/em><\/strong><br \/>\n17 % des salari\u00e9s belges consid\u00e8rent que travailler \u00e0 l&rsquo;\u00e9tranger est un facteur important dans leur travail. En termes de profils, l&rsquo;enqu\u00eate r\u00e9v\u00e8le une nette diff\u00e9rence g\u00e9n\u00e9rationnelle : 61% des r\u00e9pondants pour qui travailler \u00e0 l&rsquo;\u00e9tranger est important sont \u00e2g\u00e9s de moins de 34 ans. En outre, 27% des travailleurs belges pourraient envisager de travailler \u00e0 l&rsquo;\u00e9tranger \u00e0 temps plein, dont une grande majorti\u00e9 d\u2019entre eux (58%) ont moins de 34 ans.<\/p>\n<p>L\u2019enqu\u00eate d\u00e9montre \u00e9galement une diff\u00e9rence entre les r\u00e9gions avec une communaut\u00e9 belge francophone plus ouverte au travail \u00e0 l&rsquo;\u00e9tranger. 3 participants sur 5 (66%) qui consid\u00e8rent important de pouvoir travailler depuis un autre pays parlent fran\u00e7ais. Par ailleurs, 2 interrog\u00e9s francophones sur 5 (40%) envisageraient de changer d&#8217;emploi si leur entreprise ne leur permettait pas de travailler depuis l&rsquo;\u00e9tranger, contre 16% au sein de la communaut\u00e9 n\u00e9erlandophone. Enfin, 31% des travailleurs belges francophones envisageraient de travailler \u00e0 l&rsquo;\u00e9tranger \u00e0 temps plein, contre seulement 24 % au sein de la population n\u00e9erlandophone.<\/p>\n<p><strong><em>Un v\u00e9ritable atout<\/em><\/strong><br \/>\nPermettre aux employ\u00e9s de travailler depuis n&rsquo;importe quel pays est essentiel pour N26, notamment afin d\u2019attirer et de garder de nouveaux talents. Parmi ses 1.500 collaborateurs, issus de 83 nationalit\u00e9s diff\u00e9rentes, une grande majorit\u00e9 d\u2019entre eux sont autoris\u00e9s \u00e0 travailler d\u2019o\u00f9 qu\u2019ils souhaitent, si leur poste le permet. En outre, la meilleure banque au monde selon le classement 2021 de Forbes accorde \u00e9galement un budget de 900\u20ac par an et par employ\u00e9 pour leur travail \u00e0 domicile, afin de subvenir \u00e0 certains de leurs frais en \u00e9quipements et \u00e9nergie par exemple.<\/p>\n<p>J\u00e9r\u00e9mie Rosselli, Directeur G\u00e9n\u00e9ral France &amp; Benelux de N26, commente : \u00ab\u00a0<em>Il est crucial pour nous d\u2019offrir cette opportunit\u00e9 \u00e0 nos employ\u00e9s. Depuis le d\u00e9but de l&rsquo;ann\u00e9e, nous avons embauch\u00e9 plus de 1 000 nouveaux collaborateurs. Nous savons que nous pouvons faire la diff\u00e9rence en proposant des avantages plus larges et \u00e0 plus grande \u00e9chelle, comme le travail \u00e0 distance de n&rsquo;importe o\u00f9. Cela inclut \u00e9galement les \u00ab workations \u00bb par exemple. Une tendance qui est en hausse depuis la pand\u00e9mie. Tous nos employ\u00e9s ont d\u2019ailleurs la possibilit\u00e9 de passer six mois dans un de nos dix bureaux en Europe. Les entreprises actives dans les secteurs de la technologie et des n\u00e9o-banques ont les capacit\u00e9s pour ouvrir davantage les fronti\u00e8res. C&rsquo;est \u00e0 nous de saisir cette chance !\u00a0\u00bb<br \/>\n<\/em><\/p>\n<p>Outre J\u00e9r\u00e9mie Rosselli, qui partage son temps entre la France et la Belgique, de nombreux employ\u00e9s de N26 sont habitu\u00e9s \u00e0 travailler dans un pays diff\u00e9rent de celui o\u00f9 se trouve leur bureau. Certains collaborateurs belges sont \u00e9galement dans ce cas, comme Line Mapessa, SEO content specialist chez N26 pour le march\u00e9 fran\u00e7ais. La collaboratrice install\u00e9e \u00e0 Berlin travaille au d\u00e9partement g\u00e9n\u00e9ral SEO de N26 et en relation avec l&rsquo;\u00e9quipe fran\u00e7aise de la soci\u00e9t\u00e9. De plus, Brieuc Van Thienen, Data Analyst, travaillait au d\u00e9partement d&rsquo;analyse de la croissance de N26 \u00e0 Berlin et a d\u00e9m\u00e9nag\u00e9 \u00e0 Paris il y a un an, tout en poursuivant son travail pour la n\u00e9o-banque. Le directeur g\u00e9n\u00e9ral conclut : \u00ab\u00a0<em>De nos jours, permettre \u00e0 quiconque de s\u2019\u00e9panouir et de trouver son propre \u00e9quilibre entre vie professionnelle et vie priv\u00e9e est vital. C&rsquo;est pour moi l&rsquo;une des principales missions d&rsquo;un manager pour garantir le d\u00e9veloppement de ses collaborateurs dans les meilleures conditions possibles.\u00a0\u00bb<br \/>\n<\/em><\/p>\n<p>&nbsp;<\/p>\n<p><em>Source: l&rsquo;enqu\u00eate de N26 a \u00e9t\u00e9 r\u00e9alis\u00e9e par iVox en ao\u00fbt 2022 aupr\u00e8s d&rsquo;un \u00e9chantillon de 1 500 travailleurs belges.<\/em><\/p>\n","protected":false},"excerpt":{"rendered":"<p>Plus d&rsquo;un quart des travailleurs belges (26 %) envisageraient de changer d&#8217;emploi si leur entreprise ne leur permettait pas de travailler depuis l&rsquo;\u00e9tranger. C&rsquo;est l&rsquo;un des constats frappants qui ressort d&rsquo;une nouvelle enqu\u00eate belge de N26 sur le travail \u00e0 [&hellip;]<\/p>\n","protected":false},"author":2,"featured_media":13531,"comment_status":"closed","ping_status":"open","sticky":false,"template":"","format":"standard","meta":[],"categories":[65,10],"tags":[647,220,299,219,3672],"yoast_head":"<!-- This site is optimized with the Yoast SEO plugin v21.0 - https:\/\/yoast.com\/wordpress\/plugins\/seo\/ -->\n<title>Offrir la possibilit\u00e9 de travailler depuis l&#039;\u00e9tranger, un crit\u00e8re de r\u00e9tention pour les salari\u00e9s d\u00e9sormais? - Peoplesphere<\/title>\n<meta name=\"robots\" content=\"index, follow, max-snippet:-1, max-image-preview:large, max-video-preview:-1\" \/>\n<link rel=\"canonical\" href=\"https:\/\/peoplesphere.be\/fr\/possibilite-de-travailler-letranger-critere-de-retention-salaries-desormais\/\" \/>\n<meta property=\"og:locale\" content=\"fr_FR\" \/>\n<meta property=\"og:type\" content=\"article\" \/>\n<meta property=\"og:title\" content=\"Offrir la possibilit\u00e9 de travailler depuis l&#039;\u00e9tranger, un crit\u00e8re de r\u00e9tention pour les salari\u00e9s d\u00e9sormais? - Peoplesphere\" \/>\n<meta property=\"og:description\" content=\"Plus d&rsquo;un quart des travailleurs belges (26 %) envisageraient de changer d&#8217;emploi si leur entreprise ne leur permettait pas de travailler depuis l&rsquo;\u00e9tranger. C&rsquo;est l&rsquo;un des constats frappants qui ressort d&rsquo;une nouvelle enqu\u00eate belge de N26 sur le travail \u00e0 [&hellip;]\" \/>\n<meta property=\"og:url\" content=\"https:\/\/peoplesphere.be\/fr\/possibilite-de-travailler-letranger-critere-de-retention-salaries-desormais\/\" \/>\n<meta property=\"og:site_name\" content=\"Peoplesphere\" \/>\n<meta property=\"article:publisher\" content=\"https:\/\/www.facebook.com\/peoplesphere\" \/>\n<meta property=\"article:published_time\" content=\"2022-10-10T12:58:17+00:00\" \/>\n<meta property=\"article:modified_time\" content=\"2022-10-13T02:10:28+00:00\" \/>\n<meta property=\"og:image\" content=\"https:\/\/peoplesphere.be\/fr\/wp-content\/uploads\/2022\/10\/workation-TUI-scaled.jpg\" \/>\n\t<meta property=\"og:image:width\" content=\"1400\" \/>\n\t<meta property=\"og:image:height\" content=\"749\" \/>\n\t<meta property=\"og:image:type\" content=\"image\/jpeg\" \/>\n<meta name=\"author\" content=\"Jean-Paul Erhard\" \/>\n<meta name=\"twitter:card\" content=\"summary_large_image\" \/>\n<meta name=\"twitter:creator\" content=\"@PeoplesphereMag\" \/>\n<meta name=\"twitter:site\" content=\"@PeoplesphereMag\" \/>\n<meta name=\"twitter:label1\" content=\"\u00c9crit par\" \/>\n\t<meta name=\"twitter:data1\" content=\"Jean-Paul Erhard\" \/>\n\t<meta name=\"twitter:label2\" content=\"Dur\u00e9e de lecture estim\u00e9e\" \/>\n\t<meta name=\"twitter:data2\" content=\"4 minutes\" \/>\n<script type=\"application\/ld+json\" class=\"yoast-schema-graph\">{\"@context\":\"https:\/\/schema.org\",\"@graph\":[{\"@type\":\"Article\",\"@id\":\"https:\/\/peoplesphere.be\/fr\/possibilite-de-travailler-letranger-critere-de-retention-salaries-desormais\/#article\",\"isPartOf\":{\"@id\":\"https:\/\/peoplesphere.be\/fr\/possibilite-de-travailler-letranger-critere-de-retention-salaries-desormais\/\"},\"author\":{\"name\":\"Jean-Paul Erhard\",\"@id\":\"https:\/\/peoplesphere.be\/fr\/#\/schema\/person\/7976225ff17988604334abb7b3536a7e\"},\"headline\":\"Offrir la possibilit\u00e9 de travailler depuis l&rsquo;\u00e9tranger, un crit\u00e8re de r\u00e9tention pour les salari\u00e9s d\u00e9sormais?\",\"datePublished\":\"2022-10-10T12:58:17+00:00\",\"dateModified\":\"2022-10-13T02:10:28+00:00\",\"mainEntityOfPage\":{\"@id\":\"https:\/\/peoplesphere.be\/fr\/possibilite-de-travailler-letranger-critere-de-retention-salaries-desormais\/\"},\"wordCount\":817,\"publisher\":{\"@id\":\"https:\/\/peoplesphere.be\/fr\/#organization\"},\"keywords\":[\"\u00e9quilibre priv\u00e9\/professionnel\",\"flexibilit\u00e9\",\"r\u00e9tention\",\"t\u00e9l\u00e9travail\",\"workation\"],\"articleSection\":[\"Actualit\u00e9s\",\"Digital\"],\"inLanguage\":\"fr-FR\"},{\"@type\":\"WebPage\",\"@id\":\"https:\/\/peoplesphere.be\/fr\/possibilite-de-travailler-letranger-critere-de-retention-salaries-desormais\/\",\"url\":\"https:\/\/peoplesphere.be\/fr\/possibilite-de-travailler-letranger-critere-de-retention-salaries-desormais\/\",\"name\":\"Offrir la possibilit\u00e9 de travailler depuis l'\u00e9tranger, un crit\u00e8re de r\u00e9tention pour les salari\u00e9s d\u00e9sormais? - Peoplesphere\",\"isPartOf\":{\"@id\":\"https:\/\/peoplesphere.be\/fr\/#website\"},\"datePublished\":\"2022-10-10T12:58:17+00:00\",\"dateModified\":\"2022-10-13T02:10:28+00:00\",\"breadcrumb\":{\"@id\":\"https:\/\/peoplesphere.be\/fr\/possibilite-de-travailler-letranger-critere-de-retention-salaries-desormais\/#breadcrumb\"},\"inLanguage\":\"fr-FR\",\"potentialAction\":[{\"@type\":\"ReadAction\",\"target\":[\"https:\/\/peoplesphere.be\/fr\/possibilite-de-travailler-letranger-critere-de-retention-salaries-desormais\/\"]}]},{\"@type\":\"BreadcrumbList\",\"@id\":\"https:\/\/peoplesphere.be\/fr\/possibilite-de-travailler-letranger-critere-de-retention-salaries-desormais\/#breadcrumb\",\"itemListElement\":[{\"@type\":\"ListItem\",\"position\":1,\"name\":\"Accueil\",\"item\":\"https:\/\/peoplesphere.be\/fr\/\"},{\"@type\":\"ListItem\",\"position\":2,\"name\":\"Offrir la possibilit\u00e9 de travailler depuis l&rsquo;\u00e9tranger, un crit\u00e8re de r\u00e9tention pour les salari\u00e9s d\u00e9sormais?\"}]},{\"@type\":\"WebSite\",\"@id\":\"https:\/\/peoplesphere.be\/fr\/#website\",\"url\":\"https:\/\/peoplesphere.be\/fr\/\",\"name\":\"Peoplesphere\",\"description\":\"The People Managers Magazine\",\"publisher\":{\"@id\":\"https:\/\/peoplesphere.be\/fr\/#organization\"},\"potentialAction\":[{\"@type\":\"SearchAction\",\"target\":{\"@type\":\"EntryPoint\",\"urlTemplate\":\"https:\/\/peoplesphere.be\/fr\/?s={search_term_string}\"},\"query-input\":\"required name=search_term_string\"}],\"inLanguage\":\"fr-FR\"},{\"@type\":\"Organization\",\"@id\":\"https:\/\/peoplesphere.be\/fr\/#organization\",\"name\":\"Peoplesphere Company srl\",\"url\":\"https:\/\/peoplesphere.be\/fr\/\",\"logo\":{\"@type\":\"ImageObject\",\"inLanguage\":\"fr-FR\",\"@id\":\"https:\/\/peoplesphere.be\/fr\/#\/schema\/logo\/image\/\",\"url\":\"https:\/\/peoplesphere.be\/fr\/wp-content\/uploads\/2023\/07\/peoplesphere-lgo-new-generik.jpg\",\"contentUrl\":\"https:\/\/peoplesphere.be\/fr\/wp-content\/uploads\/2023\/07\/peoplesphere-lgo-new-generik.jpg\",\"width\":1031,\"height\":1479,\"caption\":\"Peoplesphere Company srl\"},\"image\":{\"@id\":\"https:\/\/peoplesphere.be\/fr\/#\/schema\/logo\/image\/\"},\"sameAs\":[\"https:\/\/www.facebook.com\/peoplesphere\",\"https:\/\/twitter.com\/PeoplesphereMag\",\"https:\/\/www.linkedin.com\/company\/7587361?trk\",\"http:\/\/youtube.com\/peoplesphere\"]},{\"@type\":\"Person\",\"@id\":\"https:\/\/peoplesphere.be\/fr\/#\/schema\/person\/7976225ff17988604334abb7b3536a7e\",\"name\":\"Jean-Paul Erhard\",\"image\":{\"@type\":\"ImageObject\",\"inLanguage\":\"fr-FR\",\"@id\":\"https:\/\/peoplesphere.be\/fr\/#\/schema\/person\/image\/\",\"url\":\"https:\/\/secure.gravatar.com\/avatar\/f941e681460179738071629a51574930?s=96&d=mm&r=g\",\"contentUrl\":\"https:\/\/secure.gravatar.com\/avatar\/f941e681460179738071629a51574930?s=96&d=mm&r=g\",\"caption\":\"Jean-Paul Erhard\"},\"url\":\"https:\/\/peoplesphere.be\/fr\/author\/jpe\/\"}]}<\/script>\n<!-- \/ Yoast SEO plugin. -->","yoast_head_json":{"title":"Offrir la possibilit\u00e9 de travailler depuis l'\u00e9tranger, un crit\u00e8re de r\u00e9tention pour les salari\u00e9s d\u00e9sormais? - Peoplesphere","robots":{"index":"index","follow":"follow","max-snippet":"max-snippet:-1","max-image-preview":"max-image-preview:large","max-video-preview":"max-video-preview:-1"},"canonical":"https:\/\/peoplesphere.be\/fr\/possibilite-de-travailler-letranger-critere-de-retention-salaries-desormais\/","og_locale":"fr_FR","og_type":"article","og_title":"Offrir la possibilit\u00e9 de travailler depuis l'\u00e9tranger, un crit\u00e8re de r\u00e9tention pour les salari\u00e9s d\u00e9sormais? - Peoplesphere","og_description":"Plus d&rsquo;un quart des travailleurs belges (26 %) envisageraient de changer d&#8217;emploi si leur entreprise ne leur permettait pas de travailler depuis l&rsquo;\u00e9tranger. C&rsquo;est l&rsquo;un des constats frappants qui ressort d&rsquo;une nouvelle enqu\u00eate belge de N26 sur le travail \u00e0 [&hellip;]","og_url":"https:\/\/peoplesphere.be\/fr\/possibilite-de-travailler-letranger-critere-de-retention-salaries-desormais\/","og_site_name":"Peoplesphere","article_publisher":"https:\/\/www.facebook.com\/peoplesphere","article_published_time":"2022-10-10T12:58:17+00:00","article_modified_time":"2022-10-13T02:10:28+00:00","og_image":[{"width":1400,"height":749,"url":"https:\/\/peoplesphere.be\/fr\/wp-content\/uploads\/2022\/10\/workation-TUI-scaled.jpg","type":"image\/jpeg"}],"author":"Jean-Paul Erhard","twitter_card":"summary_large_image","twitter_creator":"@PeoplesphereMag","twitter_site":"@PeoplesphereMag","twitter_misc":{"\u00c9crit par":"Jean-Paul Erhard","Dur\u00e9e de lecture estim\u00e9e":"4 minutes"},"schema":{"@context":"https:\/\/schema.org","@graph":[{"@type":"Article","@id":"https:\/\/peoplesphere.be\/fr\/possibilite-de-travailler-letranger-critere-de-retention-salaries-desormais\/#article","isPartOf":{"@id":"https:\/\/peoplesphere.be\/fr\/possibilite-de-travailler-letranger-critere-de-retention-salaries-desormais\/"},"author":{"name":"Jean-Paul Erhard","@id":"https:\/\/peoplesphere.be\/fr\/#\/schema\/person\/7976225ff17988604334abb7b3536a7e"},"headline":"Offrir la possibilit\u00e9 de travailler depuis l&rsquo;\u00e9tranger, un crit\u00e8re de r\u00e9tention pour les salari\u00e9s d\u00e9sormais?","datePublished":"2022-10-10T12:58:17+00:00","dateModified":"2022-10-13T02:10:28+00:00","mainEntityOfPage":{"@id":"https:\/\/peoplesphere.be\/fr\/possibilite-de-travailler-letranger-critere-de-retention-salaries-desormais\/"},"wordCount":817,"publisher":{"@id":"https:\/\/peoplesphere.be\/fr\/#organization"},"keywords":["\u00e9quilibre priv\u00e9\/professionnel","flexibilit\u00e9","r\u00e9tention","t\u00e9l\u00e9travail","workation"],"articleSection":["Actualit\u00e9s","Digital"],"inLanguage":"fr-FR"},{"@type":"WebPage","@id":"https:\/\/peoplesphere.be\/fr\/possibilite-de-travailler-letranger-critere-de-retention-salaries-desormais\/","url":"https:\/\/peoplesphere.be\/fr\/possibilite-de-travailler-letranger-critere-de-retention-salaries-desormais\/","name":"Offrir la possibilit\u00e9 de travailler depuis l'\u00e9tranger, un crit\u00e8re de r\u00e9tention pour les salari\u00e9s d\u00e9sormais? - Peoplesphere","isPartOf":{"@id":"https:\/\/peoplesphere.be\/fr\/#website"},"datePublished":"2022-10-10T12:58:17+00:00","dateModified":"2022-10-13T02:10:28+00:00","breadcrumb":{"@id":"https:\/\/peoplesphere.be\/fr\/possibilite-de-travailler-letranger-critere-de-retention-salaries-desormais\/#breadcrumb"},"inLanguage":"fr-FR","potentialAction":[{"@type":"ReadAction","target":["https:\/\/peoplesphere.be\/fr\/possibilite-de-travailler-letranger-critere-de-retention-salaries-desormais\/"]}]},{"@type":"BreadcrumbList","@id":"https:\/\/peoplesphere.be\/fr\/possibilite-de-travailler-letranger-critere-de-retention-salaries-desormais\/#breadcrumb","itemListElement":[{"@type":"ListItem","position":1,"name":"Accueil","item":"https:\/\/peoplesphere.be\/fr\/"},{"@type":"ListItem","position":2,"name":"Offrir la possibilit\u00e9 de travailler depuis l&rsquo;\u00e9tranger, un crit\u00e8re de r\u00e9tention pour les salari\u00e9s d\u00e9sormais?"}]},{"@type":"WebSite","@id":"https:\/\/peoplesphere.be\/fr\/#website","url":"https:\/\/peoplesphere.be\/fr\/","name":"Peoplesphere","description":"The People Managers Magazine","publisher":{"@id":"https:\/\/peoplesphere.be\/fr\/#organization"},"potentialAction":[{"@type":"SearchAction","target":{"@type":"EntryPoint","urlTemplate":"https:\/\/peoplesphere.be\/fr\/?s={search_term_string}"},"query-input":"required name=search_term_string"}],"inLanguage":"fr-FR"},{"@type":"Organization","@id":"https:\/\/peoplesphere.be\/fr\/#organization","name":"Peoplesphere Company srl","url":"https:\/\/peoplesphere.be\/fr\/","logo":{"@type":"ImageObject","inLanguage":"fr-FR","@id":"https:\/\/peoplesphere.be\/fr\/#\/schema\/logo\/image\/","url":"https:\/\/peoplesphere.be\/fr\/wp-content\/uploads\/2023\/07\/peoplesphere-lgo-new-generik.jpg","contentUrl":"https:\/\/peoplesphere.be\/fr\/wp-content\/uploads\/2023\/07\/peoplesphere-lgo-new-generik.jpg","width":1031,"height":1479,"caption":"Peoplesphere Company srl"},"image":{"@id":"https:\/\/peoplesphere.be\/fr\/#\/schema\/logo\/image\/"},"sameAs":["https:\/\/www.facebook.com\/peoplesphere","https:\/\/twitter.com\/PeoplesphereMag","https:\/\/www.linkedin.com\/company\/7587361?trk","http:\/\/youtube.com\/peoplesphere"]},{"@type":"Person","@id":"https:\/\/peoplesphere.be\/fr\/#\/schema\/person\/7976225ff17988604334abb7b3536a7e","name":"Jean-Paul Erhard","image":{"@type":"ImageObject","inLanguage":"fr-FR","@id":"https:\/\/peoplesphere.be\/fr\/#\/schema\/person\/image\/","url":"https:\/\/secure.gravatar.com\/avatar\/f941e681460179738071629a51574930?s=96&d=mm&r=g","contentUrl":"https:\/\/secure.gravatar.com\/avatar\/f941e681460179738071629a51574930?s=96&d=mm&r=g","caption":"Jean-Paul Erhard"},"url":"https:\/\/peoplesphere.be\/fr\/author\/jpe\/"}]}},"_links":{"self":[{"href":"https:\/\/peoplesphere.be\/fr\/wp-json\/wp\/v2\/posts\/13518"}],"collection":[{"href":"https:\/\/peoplesphere.be\/fr\/wp-json\/wp\/v2\/posts"}],"about":[{"href":"https:\/\/peoplesphere.be\/fr\/wp-json\/wp\/v2\/types\/post"}],"author":[{"embeddable":true,"href":"https:\/\/peoplesphere.be\/fr\/wp-json\/wp\/v2\/users\/2"}],"replies":[{"embeddable":true,"href":"https:\/\/peoplesphere.be\/fr\/wp-json\/wp\/v2\/comments?post=13518"}],"version-history":[{"count":2,"href":"https:\/\/peoplesphere.be\/fr\/wp-json\/wp\/v2\/posts\/13518\/revisions"}],"predecessor-version":[{"id":13546,"href":"https:\/\/peoplesphere.be\/fr\/wp-json\/wp\/v2\/posts\/13518\/revisions\/13546"}],"wp:featuredmedia":[{"embeddable":true,"href":"https:\/\/peoplesphere.be\/fr\/wp-json\/wp\/v2\/media\/13531"}],"wp:attachment":[{"href":"https:\/\/peoplesphere.be\/fr\/wp-json\/wp\/v2\/media?parent=13518"}],"wp:term":[{"taxonomy":"category","embeddable":true,"href":"https:\/\/peoplesphere.be\/fr\/wp-json\/wp\/v2\/categories?post=13518"},{"taxonomy":"post_tag","embeddable":true,"href":"https:\/\/peoplesphere.be\/fr\/wp-json\/wp\/v2\/tags?post=13518"}],"curies":[{"name":"wp","href":"https:\/\/api.w.org\/{rel}","templated":true}]}}