









{"id":13554,"date":"2022-10-13T12:32:51","date_gmt":"2022-10-13T10:32:51","guid":{"rendered":"https:\/\/peoplesphere.be\/fr\/?p=13554"},"modified":"2022-10-13T12:32:51","modified_gmt":"2022-10-13T10:32:51","slug":"reseaux-de-lutte-contre-pauvrete-tirent-sonnette-dalarme-allons-vers-bain-de-sang-social","status":"publish","type":"post","link":"https:\/\/peoplesphere.be\/fr\/reseaux-de-lutte-contre-pauvrete-tirent-sonnette-dalarme-allons-vers-bain-de-sang-social\/","title":{"rendered":"Les r\u00e9seaux de lutte contre la pauvret\u00e9 tirent la sonnette d&rsquo;alarme: nous allons vers un bain de sang social."},"content":{"rendered":"<p>Ce 17 octobre 2022, Journ\u00e9e mondiale de lutte contre la pauvret\u00e9, les R\u00e9seaux de lutte contre la pauvret\u00e9 du pays en action aux c\u00f4t\u00e9s des personnes en situation de pauvret\u00e9 dans tout le pays, d\u00e9nonceront l&rsquo;injustice et la violence que sont la pauvret\u00e9 et l\u2019appauvrissement. Cette ann\u00e9e plus que jamais, ces rassemblements sont cruciaux. Les cons\u00e9quences de la crise \u00e9nerg\u00e9tique sur les m\u00e9nages, dont l&rsquo;augmentation du co\u00fbt de la vie, plongent notre soci\u00e9t\u00e9 dans un appauvrissement sans pr\u00e9c\u00e9dent. Elle risque de provoquer un bain de sang social pour les m\u00e9nages vivant la pauvret\u00e9 et la classe moyenne inf\u00e9rieure.<!--more--><\/p>\n<p>Les r\u00e9seaux de lutte contre la pauvret\u00e9 tirent la sonnette d&rsquo;alarme : outre des mesures conjoncturelles urgentes pour traverser l\u2019hiver, les politiques doivent de toute urgence investir dans des mesures structurelles, \u00e0 commencer par des logements de qualit\u00e9 et \u00e9conomes en \u00e9nergie !<\/p>\n<p>Alors que la crise permanente du logement et des trop faibles revenus s\u00e9vit depuis des ann\u00e9es, la crise \u00e9nerg\u00e9tique et l&rsquo;inflation actuelles s&rsquo;ajoutent en plus aux cons\u00e9quences des pr\u00e9c\u00e9dentes : la covid, les inondations de 2021, la s\u00e9cheresse 2022, &#8230;. Celles-ci ont ont particuli\u00e8rement impact\u00e9 les familles en situation de pauvret\u00e9. Les chiffres exponentiels du nombre de personnes d\u00e9pendant de l&rsquo;aide alimentaire sont r\u00e9v\u00e9lateurs : de 115.000 en 2010 \u00e0 plus de 177.000 en 2021. Selon les banques alimentaires, 204.000 demandes ont d\u00e9j\u00e0 \u00e9t\u00e9 d\u00e9pos\u00e9es pour la p\u00e9riode de janvier \u00e0 juin. En Belgique, 1 personne sur 5, soit plus de 2 millions de personnes, vit dans la pauvret\u00e9 et l&rsquo;exclusion sociale.<\/p>\n<p>Dans certaines r\u00e9gions, comme \u00e0 Bruxelles, la situation est v\u00e9ritablement dramatique. Ici, plus d&rsquo;un habitant sur trois est confront\u00e9 au risque de pauvret\u00e9 et ce chiffre risque bient\u00f4t de passer \u00e0 un Bruxellois sur deux. Le taux de pauvret\u00e9 est \u00e9galement particuli\u00e8rement \u00e9lev\u00e9 en Wallonie, avec un habitant sur quatre. Si en Flandre la situation est l\u00e9g\u00e8rement meilleure, il y a toujours 12,8 % de la population qui vit dans la pauvret\u00e9 l&rsquo;exclusion sociale.<\/p>\n<p>Ces chiffres ne refl\u00e8tent pas encore la r\u00e9alit\u00e9 suite \u00e0 l&rsquo;impact de la hausse des prix de l&rsquo;\u00e9nergie et du co\u00fbt de la vie. Les signaux que nous recevons quotidiennement du terrain sont particuli\u00e8rement alarmants. Les gens se privent de besoins \u00e9l\u00e9mentaires (ils \u00e9conomisent sur la nourriture, le chauffage, les soins de sant\u00e9, &#8230;) mais ne peuvent toujours pas payer leurs factures (d&rsquo;\u00e9nergie). Les F\u00e9d\u00e9rations des CPAS de Bruxelles et de Wallonie et L&rsquo;Association des villes et communes flamandes (VVSG) signalent que les demandes d&rsquo;aide aupr\u00e8s des CPAS, \u00e9galement par des personnes qui travaillent et appartiennent \u00e0 la classe moyenne, ont tr\u00e8s fortement augment\u00e9 ces derni\u00e8res semaines. Tant les personnes en situation de pauvret\u00e9 qu&rsquo;une partie importante de la classe moyenne risquent de tomber dans la spirale amplifi\u00e9e de la privation avec ses cons\u00e9quences gravement n\u00e9fastes et sans pourvoir \u00e9viter l&rsquo;endettement.<\/p>\n<p><em>\u00ab\u00a0En tant que R\u00e9seaux de lutte contre la pauvret\u00e9, nous reconnaissons que les diff\u00e9rents gouvernements de notre pays ont d\u00e9j\u00e0 pris des mesures de soutien importantes. Cependant, sur le terrain nous ne pouvons que constater que la situation est devenue intenable pour les m\u00e9nages qui sont en difficult\u00e9\u00a0\u00bb<\/em>, dit Caroline Van der Hoeven, coordinatrice du R\u00e9seau belge de Lutte contre la Pauvret\u00e9 (BAPN).<em> \u00ab\u00a0C&rsquo;est pourquoi nous appelons les gouvernements de notre pays \u00e0 r\u00e9aliser un changement radical de paradigme. S\u2019il faut des solutions conjoncturelles pour les crises, cela ne peut plus s\u2019installer comme des politiques palliatives durables ! Les personnes en situation de pauvret\u00e9 n\u2019ont que trop l\u2019habitude de cela alors qu\u2019elles, et la soci\u00e9t\u00e9, ont besoin de politiques structurelles qui attaquent aux causes de la pauvret\u00e9 et de l\u2019appauvrissement. Greffer ce combat \u00e0 une transition \u00e9cologique et fiscale r\u00e9solument justes, c\u2019est s\u2019engager pour \u00e9viter un bain de sang social. . Ainsi, nous appelons \u00e0 la mise en place d\u2019un travail audacieux centr\u00e9 en priorit\u00e9 sur un pacte logement-\u00e9nergie qui pr\u00e9voit des investissements massifs dans l&rsquo;isolation des b\u00e2timents, en commen\u00e7ant par les logements habit\u00e9s par les familles \u00e0 faible revenu et issu de la classe moyenne ( tant sur le march\u00e9 public que priv\u00e9).\u00a0\u00bb<\/em><\/p>\n<p>Le 23 octobre, une semaine apr\u00e8s la Journ\u00e9e mondiale de lutte contre la pauvret\u00e9, les r\u00e9seaux de lutte contre la pauvret\u00e9 poursuivirent leur combat pour des politiques environnementales et sociales justes lors de la Marche pour le climat, aux c\u00f4t\u00e9s de nombreux autres acteurs.<\/p>\n<p>&nbsp;<\/p>\n<p><em>Source : R\u00e9seau Belge de Lutte contre la Pauvret\u00e9<\/em><\/p>\n","protected":false},"excerpt":{"rendered":"<p>Ce 17 octobre 2022, Journ\u00e9e mondiale de lutte contre la pauvret\u00e9, les R\u00e9seaux de lutte contre la pauvret\u00e9 du pays en action aux c\u00f4t\u00e9s des personnes en situation de pauvret\u00e9 dans tout le pays, d\u00e9nonceront l&rsquo;injustice et la violence que [&hellip;]<\/p>\n","protected":false},"author":2,"featured_media":0,"comment_status":"closed","ping_status":"open","sticky":false,"template":"","format":"standard","meta":[],"categories":[65,10],"tags":[3697,1240,2803],"yoast_head":"<!-- This site is optimized with the Yoast SEO plugin v21.0 - https:\/\/yoast.com\/wordpress\/plugins\/seo\/ -->\n<title>Les r\u00e9seaux de lutte contre la pauvret\u00e9 tirent la sonnette d&#039;alarme: nous allons vers un bain de sang social. - Peoplesphere<\/title>\n<meta name=\"robots\" content=\"index, follow, max-snippet:-1, max-image-preview:large, max-video-preview:-1\" \/>\n<link rel=\"canonical\" href=\"https:\/\/peoplesphere.be\/fr\/reseaux-de-lutte-contre-pauvrete-tirent-sonnette-dalarme-allons-vers-bain-de-sang-social\/\" \/>\n<meta property=\"og:locale\" content=\"fr_FR\" \/>\n<meta property=\"og:type\" content=\"article\" \/>\n<meta property=\"og:title\" content=\"Les r\u00e9seaux de lutte contre la pauvret\u00e9 tirent la sonnette d&#039;alarme: nous allons vers un bain de sang social. - Peoplesphere\" \/>\n<meta property=\"og:description\" content=\"Ce 17 octobre 2022, Journ\u00e9e mondiale de lutte contre la pauvret\u00e9, les R\u00e9seaux de lutte contre la pauvret\u00e9 du pays en action aux c\u00f4t\u00e9s des personnes en situation de pauvret\u00e9 dans tout le pays, d\u00e9nonceront l&rsquo;injustice et la violence que [&hellip;]\" \/>\n<meta property=\"og:url\" content=\"https:\/\/peoplesphere.be\/fr\/reseaux-de-lutte-contre-pauvrete-tirent-sonnette-dalarme-allons-vers-bain-de-sang-social\/\" \/>\n<meta property=\"og:site_name\" content=\"Peoplesphere\" \/>\n<meta property=\"article:publisher\" content=\"https:\/\/www.facebook.com\/peoplesphere\" \/>\n<meta property=\"article:published_time\" content=\"2022-10-13T10:32:51+00:00\" \/>\n<meta property=\"og:image\" content=\"http:\/\/www.peoplesphere.be\/fr\/wp-content\/uploads\/2016\/07\/facebook-default-posting-1200x628px.jpg\" \/>\n<meta name=\"author\" content=\"Jean-Paul Erhard\" \/>\n<meta name=\"twitter:card\" content=\"summary_large_image\" \/>\n<meta name=\"twitter:creator\" content=\"@PeoplesphereMag\" \/>\n<meta name=\"twitter:site\" content=\"@PeoplesphereMag\" \/>\n<meta name=\"twitter:label1\" content=\"\u00c9crit par\" \/>\n\t<meta name=\"twitter:data1\" content=\"Jean-Paul Erhard\" \/>\n\t<meta name=\"twitter:label2\" content=\"Dur\u00e9e de lecture estim\u00e9e\" \/>\n\t<meta name=\"twitter:data2\" content=\"4 minutes\" \/>\n<script type=\"application\/ld+json\" class=\"yoast-schema-graph\">{\"@context\":\"https:\/\/schema.org\",\"@graph\":[{\"@type\":\"Article\",\"@id\":\"https:\/\/peoplesphere.be\/fr\/reseaux-de-lutte-contre-pauvrete-tirent-sonnette-dalarme-allons-vers-bain-de-sang-social\/#article\",\"isPartOf\":{\"@id\":\"https:\/\/peoplesphere.be\/fr\/reseaux-de-lutte-contre-pauvrete-tirent-sonnette-dalarme-allons-vers-bain-de-sang-social\/\"},\"author\":{\"name\":\"Jean-Paul Erhard\",\"@id\":\"https:\/\/peoplesphere.be\/fr\/#\/schema\/person\/7976225ff17988604334abb7b3536a7e\"},\"headline\":\"Les r\u00e9seaux de lutte contre la pauvret\u00e9 tirent la sonnette d&rsquo;alarme: nous allons vers un bain de sang social.\",\"datePublished\":\"2022-10-13T10:32:51+00:00\",\"dateModified\":\"2022-10-13T10:32:51+00:00\",\"mainEntityOfPage\":{\"@id\":\"https:\/\/peoplesphere.be\/fr\/reseaux-de-lutte-contre-pauvrete-tirent-sonnette-dalarme-allons-vers-bain-de-sang-social\/\"},\"wordCount\":792,\"publisher\":{\"@id\":\"https:\/\/peoplesphere.be\/fr\/#organization\"},\"keywords\":[\"crise \u00e9nerg\u00e9tique\",\"lutte contre la pauvret\u00e9\",\"travailleurs pr\u00e9caires\"],\"articleSection\":[\"Actualit\u00e9s\",\"Digital\"],\"inLanguage\":\"fr-FR\"},{\"@type\":\"WebPage\",\"@id\":\"https:\/\/peoplesphere.be\/fr\/reseaux-de-lutte-contre-pauvrete-tirent-sonnette-dalarme-allons-vers-bain-de-sang-social\/\",\"url\":\"https:\/\/peoplesphere.be\/fr\/reseaux-de-lutte-contre-pauvrete-tirent-sonnette-dalarme-allons-vers-bain-de-sang-social\/\",\"name\":\"Les r\u00e9seaux de lutte contre la pauvret\u00e9 tirent la sonnette d'alarme: nous allons vers un bain de sang social. - Peoplesphere\",\"isPartOf\":{\"@id\":\"https:\/\/peoplesphere.be\/fr\/#website\"},\"datePublished\":\"2022-10-13T10:32:51+00:00\",\"dateModified\":\"2022-10-13T10:32:51+00:00\",\"breadcrumb\":{\"@id\":\"https:\/\/peoplesphere.be\/fr\/reseaux-de-lutte-contre-pauvrete-tirent-sonnette-dalarme-allons-vers-bain-de-sang-social\/#breadcrumb\"},\"inLanguage\":\"fr-FR\",\"potentialAction\":[{\"@type\":\"ReadAction\",\"target\":[\"https:\/\/peoplesphere.be\/fr\/reseaux-de-lutte-contre-pauvrete-tirent-sonnette-dalarme-allons-vers-bain-de-sang-social\/\"]}]},{\"@type\":\"BreadcrumbList\",\"@id\":\"https:\/\/peoplesphere.be\/fr\/reseaux-de-lutte-contre-pauvrete-tirent-sonnette-dalarme-allons-vers-bain-de-sang-social\/#breadcrumb\",\"itemListElement\":[{\"@type\":\"ListItem\",\"position\":1,\"name\":\"Accueil\",\"item\":\"https:\/\/peoplesphere.be\/fr\/\"},{\"@type\":\"ListItem\",\"position\":2,\"name\":\"Les r\u00e9seaux de lutte contre la pauvret\u00e9 tirent la sonnette d&rsquo;alarme: nous allons vers un bain de sang social.\"}]},{\"@type\":\"WebSite\",\"@id\":\"https:\/\/peoplesphere.be\/fr\/#website\",\"url\":\"https:\/\/peoplesphere.be\/fr\/\",\"name\":\"Peoplesphere\",\"description\":\"The People Managers Magazine\",\"publisher\":{\"@id\":\"https:\/\/peoplesphere.be\/fr\/#organization\"},\"potentialAction\":[{\"@type\":\"SearchAction\",\"target\":{\"@type\":\"EntryPoint\",\"urlTemplate\":\"https:\/\/peoplesphere.be\/fr\/?s={search_term_string}\"},\"query-input\":\"required name=search_term_string\"}],\"inLanguage\":\"fr-FR\"},{\"@type\":\"Organization\",\"@id\":\"https:\/\/peoplesphere.be\/fr\/#organization\",\"name\":\"Peoplesphere Company srl\",\"url\":\"https:\/\/peoplesphere.be\/fr\/\",\"logo\":{\"@type\":\"ImageObject\",\"inLanguage\":\"fr-FR\",\"@id\":\"https:\/\/peoplesphere.be\/fr\/#\/schema\/logo\/image\/\",\"url\":\"https:\/\/peoplesphere.be\/fr\/wp-content\/uploads\/2023\/07\/peoplesphere-lgo-new-generik.jpg\",\"contentUrl\":\"https:\/\/peoplesphere.be\/fr\/wp-content\/uploads\/2023\/07\/peoplesphere-lgo-new-generik.jpg\",\"width\":1031,\"height\":1479,\"caption\":\"Peoplesphere Company srl\"},\"image\":{\"@id\":\"https:\/\/peoplesphere.be\/fr\/#\/schema\/logo\/image\/\"},\"sameAs\":[\"https:\/\/www.facebook.com\/peoplesphere\",\"https:\/\/twitter.com\/PeoplesphereMag\",\"https:\/\/www.linkedin.com\/company\/7587361?trk\",\"http:\/\/youtube.com\/peoplesphere\"]},{\"@type\":\"Person\",\"@id\":\"https:\/\/peoplesphere.be\/fr\/#\/schema\/person\/7976225ff17988604334abb7b3536a7e\",\"name\":\"Jean-Paul Erhard\",\"image\":{\"@type\":\"ImageObject\",\"inLanguage\":\"fr-FR\",\"@id\":\"https:\/\/peoplesphere.be\/fr\/#\/schema\/person\/image\/\",\"url\":\"https:\/\/secure.gravatar.com\/avatar\/f941e681460179738071629a51574930?s=96&d=mm&r=g\",\"contentUrl\":\"https:\/\/secure.gravatar.com\/avatar\/f941e681460179738071629a51574930?s=96&d=mm&r=g\",\"caption\":\"Jean-Paul Erhard\"},\"url\":\"https:\/\/peoplesphere.be\/fr\/author\/jpe\/\"}]}<\/script>\n<!-- \/ Yoast SEO plugin. -->","yoast_head_json":{"title":"Les r\u00e9seaux de lutte contre la pauvret\u00e9 tirent la sonnette d'alarme: nous allons vers un bain de sang social. - Peoplesphere","robots":{"index":"index","follow":"follow","max-snippet":"max-snippet:-1","max-image-preview":"max-image-preview:large","max-video-preview":"max-video-preview:-1"},"canonical":"https:\/\/peoplesphere.be\/fr\/reseaux-de-lutte-contre-pauvrete-tirent-sonnette-dalarme-allons-vers-bain-de-sang-social\/","og_locale":"fr_FR","og_type":"article","og_title":"Les r\u00e9seaux de lutte contre la pauvret\u00e9 tirent la sonnette d'alarme: nous allons vers un bain de sang social. - Peoplesphere","og_description":"Ce 17 octobre 2022, Journ\u00e9e mondiale de lutte contre la pauvret\u00e9, les R\u00e9seaux de lutte contre la pauvret\u00e9 du pays en action aux c\u00f4t\u00e9s des personnes en situation de pauvret\u00e9 dans tout le pays, d\u00e9nonceront l&rsquo;injustice et la violence que [&hellip;]","og_url":"https:\/\/peoplesphere.be\/fr\/reseaux-de-lutte-contre-pauvrete-tirent-sonnette-dalarme-allons-vers-bain-de-sang-social\/","og_site_name":"Peoplesphere","article_publisher":"https:\/\/www.facebook.com\/peoplesphere","article_published_time":"2022-10-13T10:32:51+00:00","og_image":[{"url":"http:\/\/www.peoplesphere.be\/fr\/wp-content\/uploads\/2016\/07\/facebook-default-posting-1200x628px.jpg"}],"author":"Jean-Paul Erhard","twitter_card":"summary_large_image","twitter_creator":"@PeoplesphereMag","twitter_site":"@PeoplesphereMag","twitter_misc":{"\u00c9crit par":"Jean-Paul Erhard","Dur\u00e9e de lecture estim\u00e9e":"4 minutes"},"schema":{"@context":"https:\/\/schema.org","@graph":[{"@type":"Article","@id":"https:\/\/peoplesphere.be\/fr\/reseaux-de-lutte-contre-pauvrete-tirent-sonnette-dalarme-allons-vers-bain-de-sang-social\/#article","isPartOf":{"@id":"https:\/\/peoplesphere.be\/fr\/reseaux-de-lutte-contre-pauvrete-tirent-sonnette-dalarme-allons-vers-bain-de-sang-social\/"},"author":{"name":"Jean-Paul Erhard","@id":"https:\/\/peoplesphere.be\/fr\/#\/schema\/person\/7976225ff17988604334abb7b3536a7e"},"headline":"Les r\u00e9seaux de lutte contre la pauvret\u00e9 tirent la sonnette d&rsquo;alarme: nous allons vers un bain de sang social.","datePublished":"2022-10-13T10:32:51+00:00","dateModified":"2022-10-13T10:32:51+00:00","mainEntityOfPage":{"@id":"https:\/\/peoplesphere.be\/fr\/reseaux-de-lutte-contre-pauvrete-tirent-sonnette-dalarme-allons-vers-bain-de-sang-social\/"},"wordCount":792,"publisher":{"@id":"https:\/\/peoplesphere.be\/fr\/#organization"},"keywords":["crise \u00e9nerg\u00e9tique","lutte contre la pauvret\u00e9","travailleurs pr\u00e9caires"],"articleSection":["Actualit\u00e9s","Digital"],"inLanguage":"fr-FR"},{"@type":"WebPage","@id":"https:\/\/peoplesphere.be\/fr\/reseaux-de-lutte-contre-pauvrete-tirent-sonnette-dalarme-allons-vers-bain-de-sang-social\/","url":"https:\/\/peoplesphere.be\/fr\/reseaux-de-lutte-contre-pauvrete-tirent-sonnette-dalarme-allons-vers-bain-de-sang-social\/","name":"Les r\u00e9seaux de lutte contre la pauvret\u00e9 tirent la sonnette d'alarme: nous allons vers un bain de sang social. - Peoplesphere","isPartOf":{"@id":"https:\/\/peoplesphere.be\/fr\/#website"},"datePublished":"2022-10-13T10:32:51+00:00","dateModified":"2022-10-13T10:32:51+00:00","breadcrumb":{"@id":"https:\/\/peoplesphere.be\/fr\/reseaux-de-lutte-contre-pauvrete-tirent-sonnette-dalarme-allons-vers-bain-de-sang-social\/#breadcrumb"},"inLanguage":"fr-FR","potentialAction":[{"@type":"ReadAction","target":["https:\/\/peoplesphere.be\/fr\/reseaux-de-lutte-contre-pauvrete-tirent-sonnette-dalarme-allons-vers-bain-de-sang-social\/"]}]},{"@type":"BreadcrumbList","@id":"https:\/\/peoplesphere.be\/fr\/reseaux-de-lutte-contre-pauvrete-tirent-sonnette-dalarme-allons-vers-bain-de-sang-social\/#breadcrumb","itemListElement":[{"@type":"ListItem","position":1,"name":"Accueil","item":"https:\/\/peoplesphere.be\/fr\/"},{"@type":"ListItem","position":2,"name":"Les r\u00e9seaux de lutte contre la pauvret\u00e9 tirent la sonnette d&rsquo;alarme: nous allons vers un bain de sang social."}]},{"@type":"WebSite","@id":"https:\/\/peoplesphere.be\/fr\/#website","url":"https:\/\/peoplesphere.be\/fr\/","name":"Peoplesphere","description":"The People Managers Magazine","publisher":{"@id":"https:\/\/peoplesphere.be\/fr\/#organization"},"potentialAction":[{"@type":"SearchAction","target":{"@type":"EntryPoint","urlTemplate":"https:\/\/peoplesphere.be\/fr\/?s={search_term_string}"},"query-input":"required name=search_term_string"}],"inLanguage":"fr-FR"},{"@type":"Organization","@id":"https:\/\/peoplesphere.be\/fr\/#organization","name":"Peoplesphere Company srl","url":"https:\/\/peoplesphere.be\/fr\/","logo":{"@type":"ImageObject","inLanguage":"fr-FR","@id":"https:\/\/peoplesphere.be\/fr\/#\/schema\/logo\/image\/","url":"https:\/\/peoplesphere.be\/fr\/wp-content\/uploads\/2023\/07\/peoplesphere-lgo-new-generik.jpg","contentUrl":"https:\/\/peoplesphere.be\/fr\/wp-content\/uploads\/2023\/07\/peoplesphere-lgo-new-generik.jpg","width":1031,"height":1479,"caption":"Peoplesphere Company srl"},"image":{"@id":"https:\/\/peoplesphere.be\/fr\/#\/schema\/logo\/image\/"},"sameAs":["https:\/\/www.facebook.com\/peoplesphere","https:\/\/twitter.com\/PeoplesphereMag","https:\/\/www.linkedin.com\/company\/7587361?trk","http:\/\/youtube.com\/peoplesphere"]},{"@type":"Person","@id":"https:\/\/peoplesphere.be\/fr\/#\/schema\/person\/7976225ff17988604334abb7b3536a7e","name":"Jean-Paul Erhard","image":{"@type":"ImageObject","inLanguage":"fr-FR","@id":"https:\/\/peoplesphere.be\/fr\/#\/schema\/person\/image\/","url":"https:\/\/secure.gravatar.com\/avatar\/f941e681460179738071629a51574930?s=96&d=mm&r=g","contentUrl":"https:\/\/secure.gravatar.com\/avatar\/f941e681460179738071629a51574930?s=96&d=mm&r=g","caption":"Jean-Paul Erhard"},"url":"https:\/\/peoplesphere.be\/fr\/author\/jpe\/"}]}},"_links":{"self":[{"href":"https:\/\/peoplesphere.be\/fr\/wp-json\/wp\/v2\/posts\/13554"}],"collection":[{"href":"https:\/\/peoplesphere.be\/fr\/wp-json\/wp\/v2\/posts"}],"about":[{"href":"https:\/\/peoplesphere.be\/fr\/wp-json\/wp\/v2\/types\/post"}],"author":[{"embeddable":true,"href":"https:\/\/peoplesphere.be\/fr\/wp-json\/wp\/v2\/users\/2"}],"replies":[{"embeddable":true,"href":"https:\/\/peoplesphere.be\/fr\/wp-json\/wp\/v2\/comments?post=13554"}],"version-history":[{"count":1,"href":"https:\/\/peoplesphere.be\/fr\/wp-json\/wp\/v2\/posts\/13554\/revisions"}],"predecessor-version":[{"id":13555,"href":"https:\/\/peoplesphere.be\/fr\/wp-json\/wp\/v2\/posts\/13554\/revisions\/13555"}],"wp:attachment":[{"href":"https:\/\/peoplesphere.be\/fr\/wp-json\/wp\/v2\/media?parent=13554"}],"wp:term":[{"taxonomy":"category","embeddable":true,"href":"https:\/\/peoplesphere.be\/fr\/wp-json\/wp\/v2\/categories?post=13554"},{"taxonomy":"post_tag","embeddable":true,"href":"https:\/\/peoplesphere.be\/fr\/wp-json\/wp\/v2\/tags?post=13554"}],"curies":[{"name":"wp","href":"https:\/\/api.w.org\/{rel}","templated":true}]}}