









{"id":13560,"date":"2022-10-17T07:03:18","date_gmt":"2022-10-17T05:03:18","guid":{"rendered":"https:\/\/peoplesphere.be\/fr\/?p=13560"},"modified":"2023-07-29T07:19:47","modified_gmt":"2023-07-29T05:19:47","slug":"travailleurs-peuvent-reactiver-titres-repas-eco-cheques-cheques-consommation-perimes","status":"publish","type":"post","link":"https:\/\/peoplesphere.be\/fr\/travailleurs-peuvent-reactiver-titres-repas-eco-cheques-cheques-consommation-perimes\/","title":{"rendered":"Les travailleurs peuvent r\u00e9activer les titres-repas, \u00e9co-ch\u00e8ques et ch\u00e8ques consommation p\u00e9rim\u00e9s."},"content":{"rendered":"<p>Sur proposition du ministre des Affaires sociales Frank Vandenbroucke, le Conseil des ministres a approuv\u00e9 un projet d\u2019arr\u00eat\u00e9 royal visant la r\u00e9activation des titres-repas, \u00e9co-ch\u00e8ques et ch\u00e8ques consommation p\u00e9rim\u00e9s.<!--more--><\/p>\n<p>Le projet pr\u00e9voit une proc\u00e9dure de r\u00e9activation des titres-repas, \u00e9co-ch\u00e8ques et ch\u00e8ques consommation afin de pallier le probl\u00e8me des ch\u00e8ques p\u00e9rim\u00e9s. La prime corona sera int\u00e9gr\u00e9e dans la notion de ch\u00e8que consommation.<\/p>\n<p>Les conditions de la proc\u00e9dure sont les suivantes :<\/p>\n<ul>\n<li>dans les trois mois suivant l\u2019\u00e9ch\u00e9ance des ch\u00e8ques p\u00e9rim\u00e9s, le travailleur peut demander \u00e0 l\u2019\u00e9diteur des ch\u00e8ques que ceux-ci soient r\u00e9activ\u00e9s pour une p\u00e9riode de trois mois;<\/li>\n<li>la premi\u00e8re demande de r\u00e9activation est gratuite et les \u00e9ventuelles demandes suivantes peuvent \u00eatre soumises \u00e0 un co\u00fbt maximal de cinq euros \u00e0 charge du travailleur sauf en cas de force majeure av\u00e9r\u00e9e;<br \/>\nune demande de r\u00e9activation peut concerner plusieurs ch\u00e8ques p\u00e9rim\u00e9s<\/li>\n<li>chaque ch\u00e8que p\u00e9rim\u00e9 ne peut \u00eatre r\u00e9activ\u00e9 qu\u2019une seule fois;<\/li>\n<li>les \u00e9diteurs de ch\u00e8ques doivent veiller \u00e0 une communication relative \u00e0 la proc\u00e9dure de r\u00e9activation;<\/li>\n<li>Lors de chaque demande de r\u00e9activation, une communication quant aux conditions de r\u00e9activation doit \u00eatre effectu\u00e9e aupr\u00e8s des travailleurs concern\u00e9s.<\/li>\n<\/ul>\n<p>Le projet d\u2019arr\u00eat\u00e9 royal est transmis pour avis au Conseil d\u2019\u00c9tat.<\/p>\n<p>&nbsp;<\/p>\n<p><em>Source : Cabinet du Vice Premier ministre et ministre des Affaires sociales et de la Sant\u00e9 publique<\/em><\/p>\n<p><em>Projet d\u2019arr\u00eat\u00e9 royal modifiant l\u2019arr\u00eat\u00e9 royal du 28 novembre 1969 pris en ex\u00e9cution de la loi du 27 juin 1969 r\u00e9visant l&rsquo;arr\u00eat\u00e9-loi du 28 d\u00e9cembre 1944 concernant la s\u00e9curit\u00e9 sociale des travailleurs au sujet d\u2019une proc\u00e9dure de r\u00e9activation des titres-repas, \u00e9coch\u00e8ques et ch\u00e8ques consommation<\/em><\/p>\n","protected":false},"excerpt":{"rendered":"<p>Sur proposition du ministre des Affaires sociales Frank Vandenbroucke, le Conseil des ministres a approuv\u00e9 un projet d\u2019arr\u00eat\u00e9 royal visant la r\u00e9activation des titres-repas, \u00e9co-ch\u00e8ques et ch\u00e8ques consommation p\u00e9rim\u00e9s.<\/p>\n","protected":false},"author":2,"featured_media":0,"comment_status":"closed","ping_status":"open","sticky":false,"template":"","format":"standard","meta":[],"categories":[65,10],"tags":[156,355,148,358,3015],"yoast_head":"<!-- This site is optimized with the Yoast SEO plugin v21.0 - https:\/\/yoast.com\/wordpress\/plugins\/seo\/ -->\n<title>Les travailleurs peuvent r\u00e9activer les titres-repas, \u00e9co-ch\u00e8ques et ch\u00e8ques consommation p\u00e9rim\u00e9s. - Peoplesphere<\/title>\n<meta name=\"robots\" content=\"index, follow, max-snippet:-1, max-image-preview:large, max-video-preview:-1\" \/>\n<link rel=\"canonical\" href=\"https:\/\/peoplesphere.be\/fr\/travailleurs-peuvent-reactiver-titres-repas-eco-cheques-cheques-consommation-perimes\/\" \/>\n<meta property=\"og:locale\" content=\"fr_FR\" \/>\n<meta property=\"og:type\" content=\"article\" \/>\n<meta property=\"og:title\" content=\"Les travailleurs peuvent r\u00e9activer les titres-repas, \u00e9co-ch\u00e8ques et ch\u00e8ques consommation p\u00e9rim\u00e9s. - Peoplesphere\" \/>\n<meta property=\"og:description\" content=\"Sur proposition du ministre des Affaires sociales Frank Vandenbroucke, le Conseil des ministres a approuv\u00e9 un projet d\u2019arr\u00eat\u00e9 royal visant la r\u00e9activation des titres-repas, \u00e9co-ch\u00e8ques et ch\u00e8ques consommation p\u00e9rim\u00e9s.\" \/>\n<meta property=\"og:url\" content=\"https:\/\/peoplesphere.be\/fr\/travailleurs-peuvent-reactiver-titres-repas-eco-cheques-cheques-consommation-perimes\/\" \/>\n<meta property=\"og:site_name\" content=\"Peoplesphere\" \/>\n<meta property=\"article:publisher\" content=\"https:\/\/www.facebook.com\/peoplesphere\" \/>\n<meta property=\"article:published_time\" content=\"2022-10-17T05:03:18+00:00\" \/>\n<meta property=\"article:modified_time\" content=\"2023-07-29T05:19:47+00:00\" \/>\n<meta property=\"og:image\" content=\"http:\/\/www.peoplesphere.be\/fr\/wp-content\/uploads\/2016\/07\/facebook-default-posting-1200x628px.jpg\" \/>\n<meta name=\"author\" content=\"Jean-Paul Erhard\" \/>\n<meta name=\"twitter:card\" content=\"summary_large_image\" \/>\n<meta name=\"twitter:creator\" content=\"@PeoplesphereMag\" \/>\n<meta name=\"twitter:site\" content=\"@PeoplesphereMag\" \/>\n<meta name=\"twitter:label1\" content=\"\u00c9crit par\" \/>\n\t<meta name=\"twitter:data1\" content=\"Jean-Paul Erhard\" \/>\n\t<meta name=\"twitter:label2\" content=\"Dur\u00e9e de lecture estim\u00e9e\" \/>\n\t<meta name=\"twitter:data2\" content=\"2 minutes\" \/>\n<script type=\"application\/ld+json\" class=\"yoast-schema-graph\">{\"@context\":\"https:\/\/schema.org\",\"@graph\":[{\"@type\":\"Article\",\"@id\":\"https:\/\/peoplesphere.be\/fr\/travailleurs-peuvent-reactiver-titres-repas-eco-cheques-cheques-consommation-perimes\/#article\",\"isPartOf\":{\"@id\":\"https:\/\/peoplesphere.be\/fr\/travailleurs-peuvent-reactiver-titres-repas-eco-cheques-cheques-consommation-perimes\/\"},\"author\":{\"name\":\"Jean-Paul Erhard\",\"@id\":\"https:\/\/peoplesphere.be\/fr\/#\/schema\/person\/7976225ff17988604334abb7b3536a7e\"},\"headline\":\"Les travailleurs peuvent r\u00e9activer les titres-repas, \u00e9co-ch\u00e8ques et ch\u00e8ques consommation p\u00e9rim\u00e9s.\",\"datePublished\":\"2022-10-17T05:03:18+00:00\",\"dateModified\":\"2023-07-29T05:19:47+00:00\",\"mainEntityOfPage\":{\"@id\":\"https:\/\/peoplesphere.be\/fr\/travailleurs-peuvent-reactiver-titres-repas-eco-cheques-cheques-consommation-perimes\/\"},\"wordCount\":329,\"publisher\":{\"@id\":\"https:\/\/peoplesphere.be\/fr\/#organization\"},\"keywords\":[\"ch\u00e8ques-repas\",\"\u00e9coch\u00e8ques\",\"pouvoir d'achat\",\"r\u00e9mun\u00e9rations alternatives\",\"tickets restaurants\"],\"articleSection\":[\"Actualit\u00e9s\",\"Digital\"],\"inLanguage\":\"fr-FR\"},{\"@type\":\"WebPage\",\"@id\":\"https:\/\/peoplesphere.be\/fr\/travailleurs-peuvent-reactiver-titres-repas-eco-cheques-cheques-consommation-perimes\/\",\"url\":\"https:\/\/peoplesphere.be\/fr\/travailleurs-peuvent-reactiver-titres-repas-eco-cheques-cheques-consommation-perimes\/\",\"name\":\"Les travailleurs peuvent r\u00e9activer les titres-repas, \u00e9co-ch\u00e8ques et ch\u00e8ques consommation p\u00e9rim\u00e9s. - Peoplesphere\",\"isPartOf\":{\"@id\":\"https:\/\/peoplesphere.be\/fr\/#website\"},\"datePublished\":\"2022-10-17T05:03:18+00:00\",\"dateModified\":\"2023-07-29T05:19:47+00:00\",\"breadcrumb\":{\"@id\":\"https:\/\/peoplesphere.be\/fr\/travailleurs-peuvent-reactiver-titres-repas-eco-cheques-cheques-consommation-perimes\/#breadcrumb\"},\"inLanguage\":\"fr-FR\",\"potentialAction\":[{\"@type\":\"ReadAction\",\"target\":[\"https:\/\/peoplesphere.be\/fr\/travailleurs-peuvent-reactiver-titres-repas-eco-cheques-cheques-consommation-perimes\/\"]}]},{\"@type\":\"BreadcrumbList\",\"@id\":\"https:\/\/peoplesphere.be\/fr\/travailleurs-peuvent-reactiver-titres-repas-eco-cheques-cheques-consommation-perimes\/#breadcrumb\",\"itemListElement\":[{\"@type\":\"ListItem\",\"position\":1,\"name\":\"Accueil\",\"item\":\"https:\/\/peoplesphere.be\/fr\/\"},{\"@type\":\"ListItem\",\"position\":2,\"name\":\"Les travailleurs peuvent r\u00e9activer les titres-repas, \u00e9co-ch\u00e8ques et ch\u00e8ques consommation p\u00e9rim\u00e9s.\"}]},{\"@type\":\"WebSite\",\"@id\":\"https:\/\/peoplesphere.be\/fr\/#website\",\"url\":\"https:\/\/peoplesphere.be\/fr\/\",\"name\":\"Peoplesphere\",\"description\":\"The People Managers Magazine\",\"publisher\":{\"@id\":\"https:\/\/peoplesphere.be\/fr\/#organization\"},\"potentialAction\":[{\"@type\":\"SearchAction\",\"target\":{\"@type\":\"EntryPoint\",\"urlTemplate\":\"https:\/\/peoplesphere.be\/fr\/?s={search_term_string}\"},\"query-input\":\"required name=search_term_string\"}],\"inLanguage\":\"fr-FR\"},{\"@type\":\"Organization\",\"@id\":\"https:\/\/peoplesphere.be\/fr\/#organization\",\"name\":\"Peoplesphere Company srl\",\"url\":\"https:\/\/peoplesphere.be\/fr\/\",\"logo\":{\"@type\":\"ImageObject\",\"inLanguage\":\"fr-FR\",\"@id\":\"https:\/\/peoplesphere.be\/fr\/#\/schema\/logo\/image\/\",\"url\":\"https:\/\/peoplesphere.be\/fr\/wp-content\/uploads\/2023\/07\/peoplesphere-lgo-new-generik.jpg\",\"contentUrl\":\"https:\/\/peoplesphere.be\/fr\/wp-content\/uploads\/2023\/07\/peoplesphere-lgo-new-generik.jpg\",\"width\":1031,\"height\":1479,\"caption\":\"Peoplesphere Company srl\"},\"image\":{\"@id\":\"https:\/\/peoplesphere.be\/fr\/#\/schema\/logo\/image\/\"},\"sameAs\":[\"https:\/\/www.facebook.com\/peoplesphere\",\"https:\/\/twitter.com\/PeoplesphereMag\",\"https:\/\/www.linkedin.com\/company\/7587361?trk\",\"http:\/\/youtube.com\/peoplesphere\"]},{\"@type\":\"Person\",\"@id\":\"https:\/\/peoplesphere.be\/fr\/#\/schema\/person\/7976225ff17988604334abb7b3536a7e\",\"name\":\"Jean-Paul Erhard\",\"image\":{\"@type\":\"ImageObject\",\"inLanguage\":\"fr-FR\",\"@id\":\"https:\/\/peoplesphere.be\/fr\/#\/schema\/person\/image\/\",\"url\":\"https:\/\/secure.gravatar.com\/avatar\/f941e681460179738071629a51574930?s=96&d=mm&r=g\",\"contentUrl\":\"https:\/\/secure.gravatar.com\/avatar\/f941e681460179738071629a51574930?s=96&d=mm&r=g\",\"caption\":\"Jean-Paul Erhard\"},\"url\":\"https:\/\/peoplesphere.be\/fr\/author\/jpe\/\"}]}<\/script>\n<!-- \/ Yoast SEO plugin. -->","yoast_head_json":{"title":"Les travailleurs peuvent r\u00e9activer les titres-repas, \u00e9co-ch\u00e8ques et ch\u00e8ques consommation p\u00e9rim\u00e9s. - Peoplesphere","robots":{"index":"index","follow":"follow","max-snippet":"max-snippet:-1","max-image-preview":"max-image-preview:large","max-video-preview":"max-video-preview:-1"},"canonical":"https:\/\/peoplesphere.be\/fr\/travailleurs-peuvent-reactiver-titres-repas-eco-cheques-cheques-consommation-perimes\/","og_locale":"fr_FR","og_type":"article","og_title":"Les travailleurs peuvent r\u00e9activer les titres-repas, \u00e9co-ch\u00e8ques et ch\u00e8ques consommation p\u00e9rim\u00e9s. - Peoplesphere","og_description":"Sur proposition du ministre des Affaires sociales Frank Vandenbroucke, le Conseil des ministres a approuv\u00e9 un projet d\u2019arr\u00eat\u00e9 royal visant la r\u00e9activation des titres-repas, \u00e9co-ch\u00e8ques et ch\u00e8ques consommation p\u00e9rim\u00e9s.","og_url":"https:\/\/peoplesphere.be\/fr\/travailleurs-peuvent-reactiver-titres-repas-eco-cheques-cheques-consommation-perimes\/","og_site_name":"Peoplesphere","article_publisher":"https:\/\/www.facebook.com\/peoplesphere","article_published_time":"2022-10-17T05:03:18+00:00","article_modified_time":"2023-07-29T05:19:47+00:00","og_image":[{"url":"http:\/\/www.peoplesphere.be\/fr\/wp-content\/uploads\/2016\/07\/facebook-default-posting-1200x628px.jpg"}],"author":"Jean-Paul Erhard","twitter_card":"summary_large_image","twitter_creator":"@PeoplesphereMag","twitter_site":"@PeoplesphereMag","twitter_misc":{"\u00c9crit par":"Jean-Paul Erhard","Dur\u00e9e de lecture estim\u00e9e":"2 minutes"},"schema":{"@context":"https:\/\/schema.org","@graph":[{"@type":"Article","@id":"https:\/\/peoplesphere.be\/fr\/travailleurs-peuvent-reactiver-titres-repas-eco-cheques-cheques-consommation-perimes\/#article","isPartOf":{"@id":"https:\/\/peoplesphere.be\/fr\/travailleurs-peuvent-reactiver-titres-repas-eco-cheques-cheques-consommation-perimes\/"},"author":{"name":"Jean-Paul Erhard","@id":"https:\/\/peoplesphere.be\/fr\/#\/schema\/person\/7976225ff17988604334abb7b3536a7e"},"headline":"Les travailleurs peuvent r\u00e9activer les titres-repas, \u00e9co-ch\u00e8ques et ch\u00e8ques consommation p\u00e9rim\u00e9s.","datePublished":"2022-10-17T05:03:18+00:00","dateModified":"2023-07-29T05:19:47+00:00","mainEntityOfPage":{"@id":"https:\/\/peoplesphere.be\/fr\/travailleurs-peuvent-reactiver-titres-repas-eco-cheques-cheques-consommation-perimes\/"},"wordCount":329,"publisher":{"@id":"https:\/\/peoplesphere.be\/fr\/#organization"},"keywords":["ch\u00e8ques-repas","\u00e9coch\u00e8ques","pouvoir d'achat","r\u00e9mun\u00e9rations alternatives","tickets restaurants"],"articleSection":["Actualit\u00e9s","Digital"],"inLanguage":"fr-FR"},{"@type":"WebPage","@id":"https:\/\/peoplesphere.be\/fr\/travailleurs-peuvent-reactiver-titres-repas-eco-cheques-cheques-consommation-perimes\/","url":"https:\/\/peoplesphere.be\/fr\/travailleurs-peuvent-reactiver-titres-repas-eco-cheques-cheques-consommation-perimes\/","name":"Les travailleurs peuvent r\u00e9activer les titres-repas, \u00e9co-ch\u00e8ques et ch\u00e8ques consommation p\u00e9rim\u00e9s. - Peoplesphere","isPartOf":{"@id":"https:\/\/peoplesphere.be\/fr\/#website"},"datePublished":"2022-10-17T05:03:18+00:00","dateModified":"2023-07-29T05:19:47+00:00","breadcrumb":{"@id":"https:\/\/peoplesphere.be\/fr\/travailleurs-peuvent-reactiver-titres-repas-eco-cheques-cheques-consommation-perimes\/#breadcrumb"},"inLanguage":"fr-FR","potentialAction":[{"@type":"ReadAction","target":["https:\/\/peoplesphere.be\/fr\/travailleurs-peuvent-reactiver-titres-repas-eco-cheques-cheques-consommation-perimes\/"]}]},{"@type":"BreadcrumbList","@id":"https:\/\/peoplesphere.be\/fr\/travailleurs-peuvent-reactiver-titres-repas-eco-cheques-cheques-consommation-perimes\/#breadcrumb","itemListElement":[{"@type":"ListItem","position":1,"name":"Accueil","item":"https:\/\/peoplesphere.be\/fr\/"},{"@type":"ListItem","position":2,"name":"Les travailleurs peuvent r\u00e9activer les titres-repas, \u00e9co-ch\u00e8ques et ch\u00e8ques consommation p\u00e9rim\u00e9s."}]},{"@type":"WebSite","@id":"https:\/\/peoplesphere.be\/fr\/#website","url":"https:\/\/peoplesphere.be\/fr\/","name":"Peoplesphere","description":"The People Managers Magazine","publisher":{"@id":"https:\/\/peoplesphere.be\/fr\/#organization"},"potentialAction":[{"@type":"SearchAction","target":{"@type":"EntryPoint","urlTemplate":"https:\/\/peoplesphere.be\/fr\/?s={search_term_string}"},"query-input":"required name=search_term_string"}],"inLanguage":"fr-FR"},{"@type":"Organization","@id":"https:\/\/peoplesphere.be\/fr\/#organization","name":"Peoplesphere Company srl","url":"https:\/\/peoplesphere.be\/fr\/","logo":{"@type":"ImageObject","inLanguage":"fr-FR","@id":"https:\/\/peoplesphere.be\/fr\/#\/schema\/logo\/image\/","url":"https:\/\/peoplesphere.be\/fr\/wp-content\/uploads\/2023\/07\/peoplesphere-lgo-new-generik.jpg","contentUrl":"https:\/\/peoplesphere.be\/fr\/wp-content\/uploads\/2023\/07\/peoplesphere-lgo-new-generik.jpg","width":1031,"height":1479,"caption":"Peoplesphere Company srl"},"image":{"@id":"https:\/\/peoplesphere.be\/fr\/#\/schema\/logo\/image\/"},"sameAs":["https:\/\/www.facebook.com\/peoplesphere","https:\/\/twitter.com\/PeoplesphereMag","https:\/\/www.linkedin.com\/company\/7587361?trk","http:\/\/youtube.com\/peoplesphere"]},{"@type":"Person","@id":"https:\/\/peoplesphere.be\/fr\/#\/schema\/person\/7976225ff17988604334abb7b3536a7e","name":"Jean-Paul Erhard","image":{"@type":"ImageObject","inLanguage":"fr-FR","@id":"https:\/\/peoplesphere.be\/fr\/#\/schema\/person\/image\/","url":"https:\/\/secure.gravatar.com\/avatar\/f941e681460179738071629a51574930?s=96&d=mm&r=g","contentUrl":"https:\/\/secure.gravatar.com\/avatar\/f941e681460179738071629a51574930?s=96&d=mm&r=g","caption":"Jean-Paul Erhard"},"url":"https:\/\/peoplesphere.be\/fr\/author\/jpe\/"}]}},"_links":{"self":[{"href":"https:\/\/peoplesphere.be\/fr\/wp-json\/wp\/v2\/posts\/13560"}],"collection":[{"href":"https:\/\/peoplesphere.be\/fr\/wp-json\/wp\/v2\/posts"}],"about":[{"href":"https:\/\/peoplesphere.be\/fr\/wp-json\/wp\/v2\/types\/post"}],"author":[{"embeddable":true,"href":"https:\/\/peoplesphere.be\/fr\/wp-json\/wp\/v2\/users\/2"}],"replies":[{"embeddable":true,"href":"https:\/\/peoplesphere.be\/fr\/wp-json\/wp\/v2\/comments?post=13560"}],"version-history":[{"count":3,"href":"https:\/\/peoplesphere.be\/fr\/wp-json\/wp\/v2\/posts\/13560\/revisions"}],"predecessor-version":[{"id":14772,"href":"https:\/\/peoplesphere.be\/fr\/wp-json\/wp\/v2\/posts\/13560\/revisions\/14772"}],"wp:attachment":[{"href":"https:\/\/peoplesphere.be\/fr\/wp-json\/wp\/v2\/media?parent=13560"}],"wp:term":[{"taxonomy":"category","embeddable":true,"href":"https:\/\/peoplesphere.be\/fr\/wp-json\/wp\/v2\/categories?post=13560"},{"taxonomy":"post_tag","embeddable":true,"href":"https:\/\/peoplesphere.be\/fr\/wp-json\/wp\/v2\/tags?post=13560"}],"curies":[{"name":"wp","href":"https:\/\/api.w.org\/{rel}","templated":true}]}}