









{"id":13566,"date":"2022-10-18T16:21:31","date_gmt":"2022-10-18T14:21:31","guid":{"rendered":"https:\/\/peoplesphere.be\/fr\/?p=13566"},"modified":"2022-10-18T16:21:31","modified_gmt":"2022-10-18T14:21:31","slug":"manque-dambition-plan-federal-belgique-na-plus-huit-ans-realiser-objectifs-de-developpement-durable-ne-laisser-personne-de-cote","status":"publish","type":"post","link":"https:\/\/peoplesphere.be\/fr\/manque-dambition-plan-federal-belgique-na-plus-huit-ans-realiser-objectifs-de-developpement-durable-ne-laisser-personne-de-cote\/","title":{"rendered":"Manque d&rsquo;ambition du plan du f\u00e9d\u00e9ral: la Belgique n\u2019a plus que huit ans pour r\u00e9aliser les objectifs de d\u00e9veloppement durable et ne laisser personne de c\u00f4t\u00e9."},"content":{"rendered":"<p>Le \u2018Plan de d\u00e9veloppement durable\u2019 du gouvernement f\u00e9d\u00e9ral ne marque pas la rupture de tendance n\u00e9cessaire pour atteindre les objectifs de d\u00e9veloppement durable (SDG). C\u2019est une des conclusions du dernier rapport du Bureau f\u00e9d\u00e9ral du Plan. Ce rapport compare aussi pour la premi\u00e8re fois la position de la Belgique \u00e0 celle des pays de l\u2019UE. Il analyse \u00e9galement les diff\u00e9rences importantes entre les femmes et les hommes pour atteindre ces objectifs en ne laissant personne de c\u00f4t\u00e9.<!--more--><\/p>\n<p>En 2021, apr\u00e8s 13 ans d&rsquo;attente, le gouvernement f\u00e9d\u00e9ral a adopt\u00e9 un nouveau \u2019Plan f\u00e9d\u00e9ral de D\u00e9veloppement durable\u2019, pour la p\u00e9riode 2021-2025, reprenant 239 mesures pour r\u00e9aliser les SDG adopt\u00e9s par les Nations Unies \u00e0 l\u2019horizon 2030. Le Bureau f\u00e9d\u00e9ral du Plan a \u00e9valu\u00e9 ce Plan et il n&rsquo;est pas assez ambitieux pour aller vers les SDG. Il contient peu de mesures contraignantes et elles n&rsquo;ont pas assez souvent un impact direct sur la r\u00e9alisation des objectifs.<\/p>\n<p>Pour 60 indicateurs la Belgique a \u00e9t\u00e9 compar\u00e9e avec l&rsquo;Union europ\u00e9enne. Dans 22 cas la Belgique fait partie des pays les plus performants, comme pour la surface marine en zone prot\u00e9g\u00e9e ou les probl\u00e8mes de sant\u00e9 de longue dur\u00e9e. Elle se situe dans la moyenne pour 23 indicateurs, c&rsquo;est le cas de la ma\u00eetrise insuffisante de la lecture ou l&rsquo;exposition aux particules fines. Finalement, dans 15 cas, la Belgique fait partie des pays les moins performants, par exemple les \u00e9missions de gaz \u00e0 effets de serre ou le taux d&#8217;emploi.<\/p>\n<p><strong><em>Femmes-hommes : ne laisser personne de c\u00f4t\u00e9<\/em><\/strong><\/p>\n<p>Le rapport constate aussi des diff\u00e9rences entre les femmes et les hommes. Or les SDG doivent \u00eatre atteints par ces deux sexes. Les femmes se retrouvent plus dans des logements inad\u00e9quats ou sans chauffage, ou dans une situation d\u2019incapacit\u00e9 de travail de longue dur\u00e9e. Quant aux hommes, ils fument plus, quittent plus t\u00f4t l\u2019\u00e9cole et il y a plus de jeunes hommes non scolaris\u00e9s, sans emploi ni formation.<\/p>\n<p>Il y a aussi des indicateurs pour lesquels les femmes et les hommes vont dans la direction des SDG, comme l\u2019esp\u00e9rance de vie qui augmente et les suicides qui diminuent. Mais pour ces deux indicateurs, les r\u00e9sultats des hommes sont toujours moins bons que ceux des femmes. Selon Patricia Delbaere, experte en d\u00e9veloppement durable au Bureau f\u00e9d\u00e9ral du Plan, <em>\u201cIl y a plusieurs domaines pour lesquels les gouvernements \u00e0 tous les niveaux doivent envisager des politiques sp\u00e9cifiques afin que tant les femmes que les hommes atteignent les SDG. De cette fa\u00e7on nous ne laissons personne de c\u00f4t\u00e9.\u201d<\/em><\/p>\n<p>&nbsp;<\/p>\n<p><em>Source: Bureau F\u00e9d\u00e9ral du Plan<\/em><\/p>\n","protected":false},"excerpt":{"rendered":"<p>Le \u2018Plan de d\u00e9veloppement durable\u2019 du gouvernement f\u00e9d\u00e9ral ne marque pas la rupture de tendance n\u00e9cessaire pour atteindre les objectifs de d\u00e9veloppement durable (SDG). C\u2019est une des conclusions du dernier rapport du Bureau f\u00e9d\u00e9ral du Plan. Ce rapport compare aussi [&hellip;]<\/p>\n","protected":false},"author":2,"featured_media":11691,"comment_status":"closed","ping_status":"open","sticky":false,"template":"","format":"standard","meta":[],"categories":[65,10],"tags":[1374,823,3722,636,2608],"yoast_head":"<!-- This site is optimized with the Yoast SEO plugin v21.0 - https:\/\/yoast.com\/wordpress\/plugins\/seo\/ -->\n<title>Manque d&#039;ambition du plan du f\u00e9d\u00e9ral: la Belgique n\u2019a plus que huit ans pour r\u00e9aliser les objectifs de d\u00e9veloppement durable et ne laisser personne de c\u00f4t\u00e9. - Peoplesphere<\/title>\n<meta name=\"robots\" content=\"index, follow, max-snippet:-1, max-image-preview:large, max-video-preview:-1\" \/>\n<link rel=\"canonical\" href=\"https:\/\/peoplesphere.be\/fr\/manque-dambition-plan-federal-belgique-na-plus-huit-ans-realiser-objectifs-de-developpement-durable-ne-laisser-personne-de-cote\/\" \/>\n<meta property=\"og:locale\" content=\"fr_FR\" \/>\n<meta property=\"og:type\" content=\"article\" \/>\n<meta property=\"og:title\" content=\"Manque d&#039;ambition du plan du f\u00e9d\u00e9ral: la Belgique n\u2019a plus que huit ans pour r\u00e9aliser les objectifs de d\u00e9veloppement durable et ne laisser personne de c\u00f4t\u00e9. - Peoplesphere\" \/>\n<meta property=\"og:description\" content=\"Le \u2018Plan de d\u00e9veloppement durable\u2019 du gouvernement f\u00e9d\u00e9ral ne marque pas la rupture de tendance n\u00e9cessaire pour atteindre les objectifs de d\u00e9veloppement durable (SDG). C\u2019est une des conclusions du dernier rapport du Bureau f\u00e9d\u00e9ral du Plan. Ce rapport compare aussi [&hellip;]\" \/>\n<meta property=\"og:url\" content=\"https:\/\/peoplesphere.be\/fr\/manque-dambition-plan-federal-belgique-na-plus-huit-ans-realiser-objectifs-de-developpement-durable-ne-laisser-personne-de-cote\/\" \/>\n<meta property=\"og:site_name\" content=\"Peoplesphere\" \/>\n<meta property=\"article:publisher\" content=\"https:\/\/www.facebook.com\/peoplesphere\" \/>\n<meta property=\"article:published_time\" content=\"2022-10-18T14:21:31+00:00\" \/>\n<meta property=\"og:image\" content=\"https:\/\/peoplesphere.be\/fr\/wp-content\/uploads\/2021\/08\/capture_generale_fr.png\" \/>\n\t<meta property=\"og:image:width\" content=\"480\" \/>\n\t<meta property=\"og:image:height\" content=\"288\" \/>\n\t<meta property=\"og:image:type\" content=\"image\/png\" \/>\n<meta name=\"author\" content=\"Jean-Paul Erhard\" \/>\n<meta name=\"twitter:card\" content=\"summary_large_image\" \/>\n<meta name=\"twitter:creator\" content=\"@PeoplesphereMag\" \/>\n<meta name=\"twitter:site\" content=\"@PeoplesphereMag\" \/>\n<meta name=\"twitter:label1\" content=\"\u00c9crit par\" \/>\n\t<meta name=\"twitter:data1\" content=\"Jean-Paul Erhard\" \/>\n\t<meta name=\"twitter:label2\" content=\"Dur\u00e9e de lecture estim\u00e9e\" \/>\n\t<meta name=\"twitter:data2\" content=\"2 minutes\" \/>\n<script type=\"application\/ld+json\" class=\"yoast-schema-graph\">{\"@context\":\"https:\/\/schema.org\",\"@graph\":[{\"@type\":\"Article\",\"@id\":\"https:\/\/peoplesphere.be\/fr\/manque-dambition-plan-federal-belgique-na-plus-huit-ans-realiser-objectifs-de-developpement-durable-ne-laisser-personne-de-cote\/#article\",\"isPartOf\":{\"@id\":\"https:\/\/peoplesphere.be\/fr\/manque-dambition-plan-federal-belgique-na-plus-huit-ans-realiser-objectifs-de-developpement-durable-ne-laisser-personne-de-cote\/\"},\"author\":{\"name\":\"Jean-Paul Erhard\",\"@id\":\"https:\/\/peoplesphere.be\/fr\/#\/schema\/person\/7976225ff17988604334abb7b3536a7e\"},\"headline\":\"Manque d&rsquo;ambition du plan du f\u00e9d\u00e9ral: la Belgique n\u2019a plus que huit ans pour r\u00e9aliser les objectifs de d\u00e9veloppement durable et ne laisser personne de c\u00f4t\u00e9.\",\"datePublished\":\"2022-10-18T14:21:31+00:00\",\"dateModified\":\"2022-10-18T14:21:31+00:00\",\"mainEntityOfPage\":{\"@id\":\"https:\/\/peoplesphere.be\/fr\/manque-dambition-plan-federal-belgique-na-plus-huit-ans-realiser-objectifs-de-developpement-durable-ne-laisser-personne-de-cote\/\"},\"wordCount\":492,\"publisher\":{\"@id\":\"https:\/\/peoplesphere.be\/fr\/#organization\"},\"keywords\":[\"bureau f\u00e9d\u00e9ral du plan\",\"d\u00e9veloppement durable\",\"\u00e9galit\u00e9 des genre\",\"indicateurs\",\"SDG\"],\"articleSection\":[\"Actualit\u00e9s\",\"Digital\"],\"inLanguage\":\"fr-FR\"},{\"@type\":\"WebPage\",\"@id\":\"https:\/\/peoplesphere.be\/fr\/manque-dambition-plan-federal-belgique-na-plus-huit-ans-realiser-objectifs-de-developpement-durable-ne-laisser-personne-de-cote\/\",\"url\":\"https:\/\/peoplesphere.be\/fr\/manque-dambition-plan-federal-belgique-na-plus-huit-ans-realiser-objectifs-de-developpement-durable-ne-laisser-personne-de-cote\/\",\"name\":\"Manque d'ambition du plan du f\u00e9d\u00e9ral: la Belgique n\u2019a plus que huit ans pour r\u00e9aliser les objectifs de d\u00e9veloppement durable et ne laisser personne de c\u00f4t\u00e9. - Peoplesphere\",\"isPartOf\":{\"@id\":\"https:\/\/peoplesphere.be\/fr\/#website\"},\"datePublished\":\"2022-10-18T14:21:31+00:00\",\"dateModified\":\"2022-10-18T14:21:31+00:00\",\"breadcrumb\":{\"@id\":\"https:\/\/peoplesphere.be\/fr\/manque-dambition-plan-federal-belgique-na-plus-huit-ans-realiser-objectifs-de-developpement-durable-ne-laisser-personne-de-cote\/#breadcrumb\"},\"inLanguage\":\"fr-FR\",\"potentialAction\":[{\"@type\":\"ReadAction\",\"target\":[\"https:\/\/peoplesphere.be\/fr\/manque-dambition-plan-federal-belgique-na-plus-huit-ans-realiser-objectifs-de-developpement-durable-ne-laisser-personne-de-cote\/\"]}]},{\"@type\":\"BreadcrumbList\",\"@id\":\"https:\/\/peoplesphere.be\/fr\/manque-dambition-plan-federal-belgique-na-plus-huit-ans-realiser-objectifs-de-developpement-durable-ne-laisser-personne-de-cote\/#breadcrumb\",\"itemListElement\":[{\"@type\":\"ListItem\",\"position\":1,\"name\":\"Accueil\",\"item\":\"https:\/\/peoplesphere.be\/fr\/\"},{\"@type\":\"ListItem\",\"position\":2,\"name\":\"Manque d&rsquo;ambition du plan du f\u00e9d\u00e9ral: la Belgique n\u2019a plus que huit ans pour r\u00e9aliser les objectifs de d\u00e9veloppement durable et ne laisser personne de c\u00f4t\u00e9.\"}]},{\"@type\":\"WebSite\",\"@id\":\"https:\/\/peoplesphere.be\/fr\/#website\",\"url\":\"https:\/\/peoplesphere.be\/fr\/\",\"name\":\"Peoplesphere\",\"description\":\"The People Managers Magazine\",\"publisher\":{\"@id\":\"https:\/\/peoplesphere.be\/fr\/#organization\"},\"potentialAction\":[{\"@type\":\"SearchAction\",\"target\":{\"@type\":\"EntryPoint\",\"urlTemplate\":\"https:\/\/peoplesphere.be\/fr\/?s={search_term_string}\"},\"query-input\":\"required name=search_term_string\"}],\"inLanguage\":\"fr-FR\"},{\"@type\":\"Organization\",\"@id\":\"https:\/\/peoplesphere.be\/fr\/#organization\",\"name\":\"Peoplesphere Company srl\",\"url\":\"https:\/\/peoplesphere.be\/fr\/\",\"logo\":{\"@type\":\"ImageObject\",\"inLanguage\":\"fr-FR\",\"@id\":\"https:\/\/peoplesphere.be\/fr\/#\/schema\/logo\/image\/\",\"url\":\"https:\/\/peoplesphere.be\/fr\/wp-content\/uploads\/2023\/07\/peoplesphere-lgo-new-generik.jpg\",\"contentUrl\":\"https:\/\/peoplesphere.be\/fr\/wp-content\/uploads\/2023\/07\/peoplesphere-lgo-new-generik.jpg\",\"width\":1031,\"height\":1479,\"caption\":\"Peoplesphere Company srl\"},\"image\":{\"@id\":\"https:\/\/peoplesphere.be\/fr\/#\/schema\/logo\/image\/\"},\"sameAs\":[\"https:\/\/www.facebook.com\/peoplesphere\",\"https:\/\/twitter.com\/PeoplesphereMag\",\"https:\/\/www.linkedin.com\/company\/7587361?trk\",\"http:\/\/youtube.com\/peoplesphere\"]},{\"@type\":\"Person\",\"@id\":\"https:\/\/peoplesphere.be\/fr\/#\/schema\/person\/7976225ff17988604334abb7b3536a7e\",\"name\":\"Jean-Paul Erhard\",\"image\":{\"@type\":\"ImageObject\",\"inLanguage\":\"fr-FR\",\"@id\":\"https:\/\/peoplesphere.be\/fr\/#\/schema\/person\/image\/\",\"url\":\"https:\/\/secure.gravatar.com\/avatar\/f941e681460179738071629a51574930?s=96&d=mm&r=g\",\"contentUrl\":\"https:\/\/secure.gravatar.com\/avatar\/f941e681460179738071629a51574930?s=96&d=mm&r=g\",\"caption\":\"Jean-Paul Erhard\"},\"url\":\"https:\/\/peoplesphere.be\/fr\/author\/jpe\/\"}]}<\/script>\n<!-- \/ Yoast SEO plugin. -->","yoast_head_json":{"title":"Manque d'ambition du plan du f\u00e9d\u00e9ral: la Belgique n\u2019a plus que huit ans pour r\u00e9aliser les objectifs de d\u00e9veloppement durable et ne laisser personne de c\u00f4t\u00e9. - Peoplesphere","robots":{"index":"index","follow":"follow","max-snippet":"max-snippet:-1","max-image-preview":"max-image-preview:large","max-video-preview":"max-video-preview:-1"},"canonical":"https:\/\/peoplesphere.be\/fr\/manque-dambition-plan-federal-belgique-na-plus-huit-ans-realiser-objectifs-de-developpement-durable-ne-laisser-personne-de-cote\/","og_locale":"fr_FR","og_type":"article","og_title":"Manque d'ambition du plan du f\u00e9d\u00e9ral: la Belgique n\u2019a plus que huit ans pour r\u00e9aliser les objectifs de d\u00e9veloppement durable et ne laisser personne de c\u00f4t\u00e9. - Peoplesphere","og_description":"Le \u2018Plan de d\u00e9veloppement durable\u2019 du gouvernement f\u00e9d\u00e9ral ne marque pas la rupture de tendance n\u00e9cessaire pour atteindre les objectifs de d\u00e9veloppement durable (SDG). C\u2019est une des conclusions du dernier rapport du Bureau f\u00e9d\u00e9ral du Plan. Ce rapport compare aussi [&hellip;]","og_url":"https:\/\/peoplesphere.be\/fr\/manque-dambition-plan-federal-belgique-na-plus-huit-ans-realiser-objectifs-de-developpement-durable-ne-laisser-personne-de-cote\/","og_site_name":"Peoplesphere","article_publisher":"https:\/\/www.facebook.com\/peoplesphere","article_published_time":"2022-10-18T14:21:31+00:00","og_image":[{"width":480,"height":288,"url":"https:\/\/peoplesphere.be\/fr\/wp-content\/uploads\/2021\/08\/capture_generale_fr.png","type":"image\/png"}],"author":"Jean-Paul Erhard","twitter_card":"summary_large_image","twitter_creator":"@PeoplesphereMag","twitter_site":"@PeoplesphereMag","twitter_misc":{"\u00c9crit par":"Jean-Paul Erhard","Dur\u00e9e de lecture estim\u00e9e":"2 minutes"},"schema":{"@context":"https:\/\/schema.org","@graph":[{"@type":"Article","@id":"https:\/\/peoplesphere.be\/fr\/manque-dambition-plan-federal-belgique-na-plus-huit-ans-realiser-objectifs-de-developpement-durable-ne-laisser-personne-de-cote\/#article","isPartOf":{"@id":"https:\/\/peoplesphere.be\/fr\/manque-dambition-plan-federal-belgique-na-plus-huit-ans-realiser-objectifs-de-developpement-durable-ne-laisser-personne-de-cote\/"},"author":{"name":"Jean-Paul Erhard","@id":"https:\/\/peoplesphere.be\/fr\/#\/schema\/person\/7976225ff17988604334abb7b3536a7e"},"headline":"Manque d&rsquo;ambition du plan du f\u00e9d\u00e9ral: la Belgique n\u2019a plus que huit ans pour r\u00e9aliser les objectifs de d\u00e9veloppement durable et ne laisser personne de c\u00f4t\u00e9.","datePublished":"2022-10-18T14:21:31+00:00","dateModified":"2022-10-18T14:21:31+00:00","mainEntityOfPage":{"@id":"https:\/\/peoplesphere.be\/fr\/manque-dambition-plan-federal-belgique-na-plus-huit-ans-realiser-objectifs-de-developpement-durable-ne-laisser-personne-de-cote\/"},"wordCount":492,"publisher":{"@id":"https:\/\/peoplesphere.be\/fr\/#organization"},"keywords":["bureau f\u00e9d\u00e9ral du plan","d\u00e9veloppement durable","\u00e9galit\u00e9 des genre","indicateurs","SDG"],"articleSection":["Actualit\u00e9s","Digital"],"inLanguage":"fr-FR"},{"@type":"WebPage","@id":"https:\/\/peoplesphere.be\/fr\/manque-dambition-plan-federal-belgique-na-plus-huit-ans-realiser-objectifs-de-developpement-durable-ne-laisser-personne-de-cote\/","url":"https:\/\/peoplesphere.be\/fr\/manque-dambition-plan-federal-belgique-na-plus-huit-ans-realiser-objectifs-de-developpement-durable-ne-laisser-personne-de-cote\/","name":"Manque d'ambition du plan du f\u00e9d\u00e9ral: la Belgique n\u2019a plus que huit ans pour r\u00e9aliser les objectifs de d\u00e9veloppement durable et ne laisser personne de c\u00f4t\u00e9. - Peoplesphere","isPartOf":{"@id":"https:\/\/peoplesphere.be\/fr\/#website"},"datePublished":"2022-10-18T14:21:31+00:00","dateModified":"2022-10-18T14:21:31+00:00","breadcrumb":{"@id":"https:\/\/peoplesphere.be\/fr\/manque-dambition-plan-federal-belgique-na-plus-huit-ans-realiser-objectifs-de-developpement-durable-ne-laisser-personne-de-cote\/#breadcrumb"},"inLanguage":"fr-FR","potentialAction":[{"@type":"ReadAction","target":["https:\/\/peoplesphere.be\/fr\/manque-dambition-plan-federal-belgique-na-plus-huit-ans-realiser-objectifs-de-developpement-durable-ne-laisser-personne-de-cote\/"]}]},{"@type":"BreadcrumbList","@id":"https:\/\/peoplesphere.be\/fr\/manque-dambition-plan-federal-belgique-na-plus-huit-ans-realiser-objectifs-de-developpement-durable-ne-laisser-personne-de-cote\/#breadcrumb","itemListElement":[{"@type":"ListItem","position":1,"name":"Accueil","item":"https:\/\/peoplesphere.be\/fr\/"},{"@type":"ListItem","position":2,"name":"Manque d&rsquo;ambition du plan du f\u00e9d\u00e9ral: la Belgique n\u2019a plus que huit ans pour r\u00e9aliser les objectifs de d\u00e9veloppement durable et ne laisser personne de c\u00f4t\u00e9."}]},{"@type":"WebSite","@id":"https:\/\/peoplesphere.be\/fr\/#website","url":"https:\/\/peoplesphere.be\/fr\/","name":"Peoplesphere","description":"The People Managers Magazine","publisher":{"@id":"https:\/\/peoplesphere.be\/fr\/#organization"},"potentialAction":[{"@type":"SearchAction","target":{"@type":"EntryPoint","urlTemplate":"https:\/\/peoplesphere.be\/fr\/?s={search_term_string}"},"query-input":"required name=search_term_string"}],"inLanguage":"fr-FR"},{"@type":"Organization","@id":"https:\/\/peoplesphere.be\/fr\/#organization","name":"Peoplesphere Company srl","url":"https:\/\/peoplesphere.be\/fr\/","logo":{"@type":"ImageObject","inLanguage":"fr-FR","@id":"https:\/\/peoplesphere.be\/fr\/#\/schema\/logo\/image\/","url":"https:\/\/peoplesphere.be\/fr\/wp-content\/uploads\/2023\/07\/peoplesphere-lgo-new-generik.jpg","contentUrl":"https:\/\/peoplesphere.be\/fr\/wp-content\/uploads\/2023\/07\/peoplesphere-lgo-new-generik.jpg","width":1031,"height":1479,"caption":"Peoplesphere Company srl"},"image":{"@id":"https:\/\/peoplesphere.be\/fr\/#\/schema\/logo\/image\/"},"sameAs":["https:\/\/www.facebook.com\/peoplesphere","https:\/\/twitter.com\/PeoplesphereMag","https:\/\/www.linkedin.com\/company\/7587361?trk","http:\/\/youtube.com\/peoplesphere"]},{"@type":"Person","@id":"https:\/\/peoplesphere.be\/fr\/#\/schema\/person\/7976225ff17988604334abb7b3536a7e","name":"Jean-Paul Erhard","image":{"@type":"ImageObject","inLanguage":"fr-FR","@id":"https:\/\/peoplesphere.be\/fr\/#\/schema\/person\/image\/","url":"https:\/\/secure.gravatar.com\/avatar\/f941e681460179738071629a51574930?s=96&d=mm&r=g","contentUrl":"https:\/\/secure.gravatar.com\/avatar\/f941e681460179738071629a51574930?s=96&d=mm&r=g","caption":"Jean-Paul Erhard"},"url":"https:\/\/peoplesphere.be\/fr\/author\/jpe\/"}]}},"_links":{"self":[{"href":"https:\/\/peoplesphere.be\/fr\/wp-json\/wp\/v2\/posts\/13566"}],"collection":[{"href":"https:\/\/peoplesphere.be\/fr\/wp-json\/wp\/v2\/posts"}],"about":[{"href":"https:\/\/peoplesphere.be\/fr\/wp-json\/wp\/v2\/types\/post"}],"author":[{"embeddable":true,"href":"https:\/\/peoplesphere.be\/fr\/wp-json\/wp\/v2\/users\/2"}],"replies":[{"embeddable":true,"href":"https:\/\/peoplesphere.be\/fr\/wp-json\/wp\/v2\/comments?post=13566"}],"version-history":[{"count":1,"href":"https:\/\/peoplesphere.be\/fr\/wp-json\/wp\/v2\/posts\/13566\/revisions"}],"predecessor-version":[{"id":13567,"href":"https:\/\/peoplesphere.be\/fr\/wp-json\/wp\/v2\/posts\/13566\/revisions\/13567"}],"wp:featuredmedia":[{"embeddable":true,"href":"https:\/\/peoplesphere.be\/fr\/wp-json\/wp\/v2\/media\/11691"}],"wp:attachment":[{"href":"https:\/\/peoplesphere.be\/fr\/wp-json\/wp\/v2\/media?parent=13566"}],"wp:term":[{"taxonomy":"category","embeddable":true,"href":"https:\/\/peoplesphere.be\/fr\/wp-json\/wp\/v2\/categories?post=13566"},{"taxonomy":"post_tag","embeddable":true,"href":"https:\/\/peoplesphere.be\/fr\/wp-json\/wp\/v2\/tags?post=13566"}],"curies":[{"name":"wp","href":"https:\/\/api.w.org\/{rel}","templated":true}]}}