









{"id":13568,"date":"2022-10-19T07:50:51","date_gmt":"2022-10-19T05:50:51","guid":{"rendered":"https:\/\/peoplesphere.be\/fr\/?p=13568"},"modified":"2023-07-28T11:55:48","modified_gmt":"2023-07-28T09:55:48","slug":"entreprises-pression-absenteisme-hausse-a-fin-mois-de-septembre-travailleur-a-ete-malade-56-jours-moyenne-cette-annee","status":"publish","type":"post","link":"https:\/\/peoplesphere.be\/fr\/entreprises-pression-absenteisme-hausse-a-fin-mois-de-septembre-travailleur-a-ete-malade-56-jours-moyenne-cette-annee\/","title":{"rendered":"Entreprises sous pression, absent\u00e9isme en hausse: \u00e0 la fin du mois de septembre, chaque travailleur a \u00e9t\u00e9 malade 5,6 jours en moyenne cette ann\u00e9e."},"content":{"rendered":"<p>Le travailleur belge a \u00e9t\u00e9 absent du travail pendant 5,6 jours en moyenne jusqu\u2019\u00e0 pr\u00e9sent en 2022 en raison d\u2019un absent\u00e9isme pour maladie de courte dur\u00e9e (moins d\u2019un mois de maladie). Cela repr\u00e9sente un jour complet de plus que les ann\u00e9es pr\u00e9c\u00e9dentes, et m\u00eame presque un jour de plus qu\u2019avant le coronavirus. Acerta craint une p\u00e9riode automnale et hivernale difficile pour les entreprises en raison d\u2019une hausse du nombre de jours de maladie chez les travailleurs.<!--more--><\/p>\n<p>Le rapport d\u2019automne du prestataire de services RH Acerta sur l\u2019absent\u00e9isme pour maladie de courte dur\u00e9e, bas\u00e9 sur les chiffres r\u00e9els de 260.000 travailleurs dans plus de 40.000 entreprises priv\u00e9es souligne que la crise \u00e9nerg\u00e9tique et l\u2019inflation mettent nos entreprises sous pression. De plus, le nombre \u00e9lev\u00e9 de travailleurs absents pour maladie de courte dur\u00e9e risque de rendre l\u2019automne et l\u2019hiver difficiles.<\/p>\n<p>Si l\u2019on examine uniquement l\u2019absent\u00e9isme pour maladie de courte dur\u00e9e, soit de moins d\u2019un mois, le travailleur belge \u00e9tait d\u00e9j\u00e0 malade 5,6 jours en moyenne jusqu\u2019en septembre 2022. C\u2019est plus d\u2019un jour de plus que la situation en septembre les ann\u00e9es pr\u00e9c\u00e9dentes. Par ailleurs, le pourcentage de travailleurs qui ont d\u00e9j\u00e0 \u00e9t\u00e9 malades au moins 1 jour en 2022 est le plus \u00e9lev\u00e9 de ces 4 derni\u00e8res ann\u00e9es, c\u2019est-\u00e0-dire que 12,3 % (1 collaborateur sur 8) ont d\u00e9j\u00e0 \u00e9t\u00e9 malades au moins un jour cette ann\u00e9e. Cette hausse ne peut \u00eatre attribu\u00e9e \u00e0 un seul pic, mais se r\u00e9p\u00e8te chaque mois.<\/p>\n<p>Olivier Marcq, expert juridique chez Acerta Consult : \u00ab\u00a0<em>Aujourd\u2019hui, le feu est \u00e0 l\u2019orange pour nos entreprises. Nous ne sommes qu\u2019au d\u00e9but de l\u2019automne et peut-\u00eatre aussi au d\u00e9but du pic attendu de coronavirus. Ajoutez \u00e0 cela la saison classique de la grippe, et l\u2019automne pourrait bien \u00eatre cors\u00e9 en termes d\u2019absences pour cause de maladie.\u00a0\u00bb<\/em><\/p>\n<p><strong><em>La hausse des chiffres de l\u2019absent\u00e9isme pour maladie de courte dur\u00e9e se r\u00e9p\u00e8te chaque mois chez les ouvriers et les employ\u00e9s<\/em><\/strong><\/p>\n<p>En janvier de cette ann\u00e9e, nous avons observ\u00e9 un grand pic au niveau de l\u2019absent\u00e9isme pour maladie de courte dur\u00e9e dans les entreprises belges, mais les mois suivants \u00e9galement, les chiffres en mati\u00e8re de maladie sont rest\u00e9s plus \u00e9lev\u00e9s que les m\u00eames mois avant et apr\u00e8s le coronavirus. Il semble que septembre ne promette pas d\u2019am\u00e9lioration (pour l\u2019instant).<\/p>\n<p>Il convient aussi de noter que si le pourcentage d\u2019absent\u00e9isme pour maladie de courte dur\u00e9e est traditionnellement plus \u00e9lev\u00e9 chez les ouvriers, l\u2019augmentation est d\u00e9sormais nettement plus soutenue chez les employ\u00e9s. Chez ces derniers, il s\u2019agit d\u2019une hausse de pr\u00e8s de 21 % par rapport aux ann\u00e9es pr\u00e9c\u00e9dant la crise du coronavirus.<\/p>\n<p>La hausse de l\u2019absent\u00e9isme pour maladie de courte dur\u00e9e peut \u00e9ventuellement \u00eatre attribu\u00e9e \u00e0 la nouvelle baisse du travail \u00e0 domicile. Les travailleurs souffrant de maux qui continuaient auparavant \u00e0 travailler \u00e0 la maison dans ce cas, sont peut-\u00eatre plus souvent r\u00e9ellement absents de ce fait. Cela peut s\u2019av\u00e9rer, puisque l\u2019augmentation est la plus \u00e9lev\u00e9e chez les employ\u00e9s.<\/p>\n<p>Olivier Marcq d\u2019Acerta Consult : \u00ab\u00a0<em>Outre la baisse du travail \u00e0 domicile, un autre facteur pourrait expliquer la hausse de l\u2019absent\u00e9isme pour maladie de courte dur\u00e9e : notre sens des responsabilit\u00e9s. Depuis la crise du coronavirus, plus qu\u2019avant, nous avons le r\u00e9flexe de ne vouloir contaminer personne et nous restons plus rapidement chez nous. Nous vivons \u00e9galement une p\u00e9riode stressante, ce qui p\u00e8se sur le bien-\u00eatre mental. La charge de travail \u00e9lev\u00e9e dans certains secteurs a aussi continu\u00e9 \u00e0 augmenter ces derni\u00e8res ann\u00e9es. Pour le mois de septembre sp\u00e9cifiquement, la fin des vacances et le d\u00e9but de l\u2019ann\u00e9e scolaire jouent un r\u00f4le : dans les \u00e9coles et les cr\u00e8ches, les rhumes et les grippes se r\u00e9pandent comme une tra\u00een\u00e9e de poudre et les parents ne sont pas \u00e9pargn\u00e9s non plus. Le fait est que les chiffres relatifs \u00e0 la maladie \u00e0 la fin du troisi\u00e8me trimestre r\u00e9clament notre attention. L\u2019augmentation de l\u2019absent\u00e9isme pour maladie de courte dur\u00e9e est donc un feu \u00e0 l\u2019orange.\u00a0\u00bb<\/em><\/p>\n<p>&nbsp;<\/p>\n<p><em>Source: dans son rapport d\u2019automne consacr\u00e9 \u00e0 l\u2019absent\u00e9isme pour maladie de courte dur\u00e9e, Acerta dresse un \u00e9tat des lieux du nombre moyen de jours d\u2019absence du travailleur belge pour cause de maladie de moins d\u2019un mois \u00e0 la fin du troisi\u00e8me trimestre 2022.Les donn\u00e9es recueillies sont bas\u00e9es sur les donn\u00e9es r\u00e9elles de 260 000 travailleurs en service aupr\u00e8s de plus de 40 000 employeurs issus du secteur priv\u00e9, auquel appartiennent aussi bien des PME que des grandes entreprises. <\/em><\/p>\n","protected":false},"excerpt":{"rendered":"<p>Le travailleur belge a \u00e9t\u00e9 absent du travail pendant 5,6 jours en moyenne jusqu\u2019\u00e0 pr\u00e9sent en 2022 en raison d\u2019un absent\u00e9isme pour maladie de courte dur\u00e9e (moins d\u2019un mois de maladie). Cela repr\u00e9sente un jour complet de plus que les [&hellip;]<\/p>\n","protected":false},"author":2,"featured_media":0,"comment_status":"closed","ping_status":"open","sticky":false,"template":"","format":"standard","meta":[],"categories":[65,10],"tags":[145,96,16,18],"yoast_head":"<!-- This site is optimized with the Yoast SEO plugin v21.0 - https:\/\/yoast.com\/wordpress\/plugins\/seo\/ -->\n<title>Entreprises sous pression, absent\u00e9isme en hausse: \u00e0 la fin du mois de septembre, chaque travailleur a \u00e9t\u00e9 malade 5,6 jours en moyenne cette ann\u00e9e. - Peoplesphere<\/title>\n<meta name=\"robots\" content=\"index, follow, max-snippet:-1, max-image-preview:large, max-video-preview:-1\" \/>\n<link rel=\"canonical\" href=\"https:\/\/peoplesphere.be\/fr\/entreprises-pression-absenteisme-hausse-a-fin-mois-de-septembre-travailleur-a-ete-malade-56-jours-moyenne-cette-annee\/\" \/>\n<meta property=\"og:locale\" content=\"fr_FR\" \/>\n<meta property=\"og:type\" content=\"article\" \/>\n<meta property=\"og:title\" content=\"Entreprises sous pression, absent\u00e9isme en hausse: \u00e0 la fin du mois de septembre, chaque travailleur a \u00e9t\u00e9 malade 5,6 jours en moyenne cette ann\u00e9e. - Peoplesphere\" \/>\n<meta property=\"og:description\" content=\"Le travailleur belge a \u00e9t\u00e9 absent du travail pendant 5,6 jours en moyenne jusqu\u2019\u00e0 pr\u00e9sent en 2022 en raison d\u2019un absent\u00e9isme pour maladie de courte dur\u00e9e (moins d\u2019un mois de maladie). Cela repr\u00e9sente un jour complet de plus que les [&hellip;]\" \/>\n<meta property=\"og:url\" content=\"https:\/\/peoplesphere.be\/fr\/entreprises-pression-absenteisme-hausse-a-fin-mois-de-septembre-travailleur-a-ete-malade-56-jours-moyenne-cette-annee\/\" \/>\n<meta property=\"og:site_name\" content=\"Peoplesphere\" \/>\n<meta property=\"article:publisher\" content=\"https:\/\/www.facebook.com\/peoplesphere\" \/>\n<meta property=\"article:published_time\" content=\"2022-10-19T05:50:51+00:00\" \/>\n<meta property=\"article:modified_time\" content=\"2023-07-28T09:55:48+00:00\" \/>\n<meta property=\"og:image\" content=\"http:\/\/www.peoplesphere.be\/fr\/wp-content\/uploads\/2016\/07\/facebook-default-posting-1200x628px.jpg\" \/>\n<meta name=\"author\" content=\"Jean-Paul Erhard\" \/>\n<meta name=\"twitter:card\" content=\"summary_large_image\" \/>\n<meta name=\"twitter:creator\" content=\"@PeoplesphereMag\" \/>\n<meta name=\"twitter:site\" content=\"@PeoplesphereMag\" \/>\n<meta name=\"twitter:label1\" content=\"\u00c9crit par\" \/>\n\t<meta name=\"twitter:data1\" content=\"Jean-Paul Erhard\" \/>\n\t<meta name=\"twitter:label2\" content=\"Dur\u00e9e de lecture estim\u00e9e\" \/>\n\t<meta name=\"twitter:data2\" content=\"4 minutes\" \/>\n<script type=\"application\/ld+json\" class=\"yoast-schema-graph\">{\"@context\":\"https:\/\/schema.org\",\"@graph\":[{\"@type\":\"Article\",\"@id\":\"https:\/\/peoplesphere.be\/fr\/entreprises-pression-absenteisme-hausse-a-fin-mois-de-septembre-travailleur-a-ete-malade-56-jours-moyenne-cette-annee\/#article\",\"isPartOf\":{\"@id\":\"https:\/\/peoplesphere.be\/fr\/entreprises-pression-absenteisme-hausse-a-fin-mois-de-septembre-travailleur-a-ete-malade-56-jours-moyenne-cette-annee\/\"},\"author\":{\"name\":\"Jean-Paul Erhard\",\"@id\":\"https:\/\/peoplesphere.be\/fr\/#\/schema\/person\/7976225ff17988604334abb7b3536a7e\"},\"headline\":\"Entreprises sous pression, absent\u00e9isme en hausse: \u00e0 la fin du mois de septembre, chaque travailleur a \u00e9t\u00e9 malade 5,6 jours en moyenne cette ann\u00e9e.\",\"datePublished\":\"2022-10-19T05:50:51+00:00\",\"dateModified\":\"2023-07-28T09:55:48+00:00\",\"mainEntityOfPage\":{\"@id\":\"https:\/\/peoplesphere.be\/fr\/entreprises-pression-absenteisme-hausse-a-fin-mois-de-septembre-travailleur-a-ete-malade-56-jours-moyenne-cette-annee\/\"},\"wordCount\":851,\"publisher\":{\"@id\":\"https:\/\/peoplesphere.be\/fr\/#organization\"},\"keywords\":[\"absent\u00e9isme\",\"bien-\u00eatre\",\"Maladie\",\"Stress\"],\"articleSection\":[\"Actualit\u00e9s\",\"Digital\"],\"inLanguage\":\"fr-FR\"},{\"@type\":\"WebPage\",\"@id\":\"https:\/\/peoplesphere.be\/fr\/entreprises-pression-absenteisme-hausse-a-fin-mois-de-septembre-travailleur-a-ete-malade-56-jours-moyenne-cette-annee\/\",\"url\":\"https:\/\/peoplesphere.be\/fr\/entreprises-pression-absenteisme-hausse-a-fin-mois-de-septembre-travailleur-a-ete-malade-56-jours-moyenne-cette-annee\/\",\"name\":\"Entreprises sous pression, absent\u00e9isme en hausse: \u00e0 la fin du mois de septembre, chaque travailleur a \u00e9t\u00e9 malade 5,6 jours en moyenne cette ann\u00e9e. - Peoplesphere\",\"isPartOf\":{\"@id\":\"https:\/\/peoplesphere.be\/fr\/#website\"},\"datePublished\":\"2022-10-19T05:50:51+00:00\",\"dateModified\":\"2023-07-28T09:55:48+00:00\",\"breadcrumb\":{\"@id\":\"https:\/\/peoplesphere.be\/fr\/entreprises-pression-absenteisme-hausse-a-fin-mois-de-septembre-travailleur-a-ete-malade-56-jours-moyenne-cette-annee\/#breadcrumb\"},\"inLanguage\":\"fr-FR\",\"potentialAction\":[{\"@type\":\"ReadAction\",\"target\":[\"https:\/\/peoplesphere.be\/fr\/entreprises-pression-absenteisme-hausse-a-fin-mois-de-septembre-travailleur-a-ete-malade-56-jours-moyenne-cette-annee\/\"]}]},{\"@type\":\"BreadcrumbList\",\"@id\":\"https:\/\/peoplesphere.be\/fr\/entreprises-pression-absenteisme-hausse-a-fin-mois-de-septembre-travailleur-a-ete-malade-56-jours-moyenne-cette-annee\/#breadcrumb\",\"itemListElement\":[{\"@type\":\"ListItem\",\"position\":1,\"name\":\"Accueil\",\"item\":\"https:\/\/peoplesphere.be\/fr\/\"},{\"@type\":\"ListItem\",\"position\":2,\"name\":\"Entreprises sous pression, absent\u00e9isme en hausse: \u00e0 la fin du mois de septembre, chaque travailleur a \u00e9t\u00e9 malade 5,6 jours en moyenne cette ann\u00e9e.\"}]},{\"@type\":\"WebSite\",\"@id\":\"https:\/\/peoplesphere.be\/fr\/#website\",\"url\":\"https:\/\/peoplesphere.be\/fr\/\",\"name\":\"Peoplesphere\",\"description\":\"The People Managers Magazine\",\"publisher\":{\"@id\":\"https:\/\/peoplesphere.be\/fr\/#organization\"},\"potentialAction\":[{\"@type\":\"SearchAction\",\"target\":{\"@type\":\"EntryPoint\",\"urlTemplate\":\"https:\/\/peoplesphere.be\/fr\/?s={search_term_string}\"},\"query-input\":\"required name=search_term_string\"}],\"inLanguage\":\"fr-FR\"},{\"@type\":\"Organization\",\"@id\":\"https:\/\/peoplesphere.be\/fr\/#organization\",\"name\":\"Peoplesphere Company srl\",\"url\":\"https:\/\/peoplesphere.be\/fr\/\",\"logo\":{\"@type\":\"ImageObject\",\"inLanguage\":\"fr-FR\",\"@id\":\"https:\/\/peoplesphere.be\/fr\/#\/schema\/logo\/image\/\",\"url\":\"https:\/\/peoplesphere.be\/fr\/wp-content\/uploads\/2023\/07\/peoplesphere-lgo-new-generik.jpg\",\"contentUrl\":\"https:\/\/peoplesphere.be\/fr\/wp-content\/uploads\/2023\/07\/peoplesphere-lgo-new-generik.jpg\",\"width\":1031,\"height\":1479,\"caption\":\"Peoplesphere Company srl\"},\"image\":{\"@id\":\"https:\/\/peoplesphere.be\/fr\/#\/schema\/logo\/image\/\"},\"sameAs\":[\"https:\/\/www.facebook.com\/peoplesphere\",\"https:\/\/twitter.com\/PeoplesphereMag\",\"https:\/\/www.linkedin.com\/company\/7587361?trk\",\"http:\/\/youtube.com\/peoplesphere\"]},{\"@type\":\"Person\",\"@id\":\"https:\/\/peoplesphere.be\/fr\/#\/schema\/person\/7976225ff17988604334abb7b3536a7e\",\"name\":\"Jean-Paul Erhard\",\"image\":{\"@type\":\"ImageObject\",\"inLanguage\":\"fr-FR\",\"@id\":\"https:\/\/peoplesphere.be\/fr\/#\/schema\/person\/image\/\",\"url\":\"https:\/\/secure.gravatar.com\/avatar\/f941e681460179738071629a51574930?s=96&d=mm&r=g\",\"contentUrl\":\"https:\/\/secure.gravatar.com\/avatar\/f941e681460179738071629a51574930?s=96&d=mm&r=g\",\"caption\":\"Jean-Paul Erhard\"},\"url\":\"https:\/\/peoplesphere.be\/fr\/author\/jpe\/\"}]}<\/script>\n<!-- \/ Yoast SEO plugin. -->","yoast_head_json":{"title":"Entreprises sous pression, absent\u00e9isme en hausse: \u00e0 la fin du mois de septembre, chaque travailleur a \u00e9t\u00e9 malade 5,6 jours en moyenne cette ann\u00e9e. - Peoplesphere","robots":{"index":"index","follow":"follow","max-snippet":"max-snippet:-1","max-image-preview":"max-image-preview:large","max-video-preview":"max-video-preview:-1"},"canonical":"https:\/\/peoplesphere.be\/fr\/entreprises-pression-absenteisme-hausse-a-fin-mois-de-septembre-travailleur-a-ete-malade-56-jours-moyenne-cette-annee\/","og_locale":"fr_FR","og_type":"article","og_title":"Entreprises sous pression, absent\u00e9isme en hausse: \u00e0 la fin du mois de septembre, chaque travailleur a \u00e9t\u00e9 malade 5,6 jours en moyenne cette ann\u00e9e. - Peoplesphere","og_description":"Le travailleur belge a \u00e9t\u00e9 absent du travail pendant 5,6 jours en moyenne jusqu\u2019\u00e0 pr\u00e9sent en 2022 en raison d\u2019un absent\u00e9isme pour maladie de courte dur\u00e9e (moins d\u2019un mois de maladie). Cela repr\u00e9sente un jour complet de plus que les [&hellip;]","og_url":"https:\/\/peoplesphere.be\/fr\/entreprises-pression-absenteisme-hausse-a-fin-mois-de-septembre-travailleur-a-ete-malade-56-jours-moyenne-cette-annee\/","og_site_name":"Peoplesphere","article_publisher":"https:\/\/www.facebook.com\/peoplesphere","article_published_time":"2022-10-19T05:50:51+00:00","article_modified_time":"2023-07-28T09:55:48+00:00","og_image":[{"url":"http:\/\/www.peoplesphere.be\/fr\/wp-content\/uploads\/2016\/07\/facebook-default-posting-1200x628px.jpg"}],"author":"Jean-Paul Erhard","twitter_card":"summary_large_image","twitter_creator":"@PeoplesphereMag","twitter_site":"@PeoplesphereMag","twitter_misc":{"\u00c9crit par":"Jean-Paul Erhard","Dur\u00e9e de lecture estim\u00e9e":"4 minutes"},"schema":{"@context":"https:\/\/schema.org","@graph":[{"@type":"Article","@id":"https:\/\/peoplesphere.be\/fr\/entreprises-pression-absenteisme-hausse-a-fin-mois-de-septembre-travailleur-a-ete-malade-56-jours-moyenne-cette-annee\/#article","isPartOf":{"@id":"https:\/\/peoplesphere.be\/fr\/entreprises-pression-absenteisme-hausse-a-fin-mois-de-septembre-travailleur-a-ete-malade-56-jours-moyenne-cette-annee\/"},"author":{"name":"Jean-Paul Erhard","@id":"https:\/\/peoplesphere.be\/fr\/#\/schema\/person\/7976225ff17988604334abb7b3536a7e"},"headline":"Entreprises sous pression, absent\u00e9isme en hausse: \u00e0 la fin du mois de septembre, chaque travailleur a \u00e9t\u00e9 malade 5,6 jours en moyenne cette ann\u00e9e.","datePublished":"2022-10-19T05:50:51+00:00","dateModified":"2023-07-28T09:55:48+00:00","mainEntityOfPage":{"@id":"https:\/\/peoplesphere.be\/fr\/entreprises-pression-absenteisme-hausse-a-fin-mois-de-septembre-travailleur-a-ete-malade-56-jours-moyenne-cette-annee\/"},"wordCount":851,"publisher":{"@id":"https:\/\/peoplesphere.be\/fr\/#organization"},"keywords":["absent\u00e9isme","bien-\u00eatre","Maladie","Stress"],"articleSection":["Actualit\u00e9s","Digital"],"inLanguage":"fr-FR"},{"@type":"WebPage","@id":"https:\/\/peoplesphere.be\/fr\/entreprises-pression-absenteisme-hausse-a-fin-mois-de-septembre-travailleur-a-ete-malade-56-jours-moyenne-cette-annee\/","url":"https:\/\/peoplesphere.be\/fr\/entreprises-pression-absenteisme-hausse-a-fin-mois-de-septembre-travailleur-a-ete-malade-56-jours-moyenne-cette-annee\/","name":"Entreprises sous pression, absent\u00e9isme en hausse: \u00e0 la fin du mois de septembre, chaque travailleur a \u00e9t\u00e9 malade 5,6 jours en moyenne cette ann\u00e9e. - Peoplesphere","isPartOf":{"@id":"https:\/\/peoplesphere.be\/fr\/#website"},"datePublished":"2022-10-19T05:50:51+00:00","dateModified":"2023-07-28T09:55:48+00:00","breadcrumb":{"@id":"https:\/\/peoplesphere.be\/fr\/entreprises-pression-absenteisme-hausse-a-fin-mois-de-septembre-travailleur-a-ete-malade-56-jours-moyenne-cette-annee\/#breadcrumb"},"inLanguage":"fr-FR","potentialAction":[{"@type":"ReadAction","target":["https:\/\/peoplesphere.be\/fr\/entreprises-pression-absenteisme-hausse-a-fin-mois-de-septembre-travailleur-a-ete-malade-56-jours-moyenne-cette-annee\/"]}]},{"@type":"BreadcrumbList","@id":"https:\/\/peoplesphere.be\/fr\/entreprises-pression-absenteisme-hausse-a-fin-mois-de-septembre-travailleur-a-ete-malade-56-jours-moyenne-cette-annee\/#breadcrumb","itemListElement":[{"@type":"ListItem","position":1,"name":"Accueil","item":"https:\/\/peoplesphere.be\/fr\/"},{"@type":"ListItem","position":2,"name":"Entreprises sous pression, absent\u00e9isme en hausse: \u00e0 la fin du mois de septembre, chaque travailleur a \u00e9t\u00e9 malade 5,6 jours en moyenne cette ann\u00e9e."}]},{"@type":"WebSite","@id":"https:\/\/peoplesphere.be\/fr\/#website","url":"https:\/\/peoplesphere.be\/fr\/","name":"Peoplesphere","description":"The People Managers Magazine","publisher":{"@id":"https:\/\/peoplesphere.be\/fr\/#organization"},"potentialAction":[{"@type":"SearchAction","target":{"@type":"EntryPoint","urlTemplate":"https:\/\/peoplesphere.be\/fr\/?s={search_term_string}"},"query-input":"required name=search_term_string"}],"inLanguage":"fr-FR"},{"@type":"Organization","@id":"https:\/\/peoplesphere.be\/fr\/#organization","name":"Peoplesphere Company srl","url":"https:\/\/peoplesphere.be\/fr\/","logo":{"@type":"ImageObject","inLanguage":"fr-FR","@id":"https:\/\/peoplesphere.be\/fr\/#\/schema\/logo\/image\/","url":"https:\/\/peoplesphere.be\/fr\/wp-content\/uploads\/2023\/07\/peoplesphere-lgo-new-generik.jpg","contentUrl":"https:\/\/peoplesphere.be\/fr\/wp-content\/uploads\/2023\/07\/peoplesphere-lgo-new-generik.jpg","width":1031,"height":1479,"caption":"Peoplesphere Company srl"},"image":{"@id":"https:\/\/peoplesphere.be\/fr\/#\/schema\/logo\/image\/"},"sameAs":["https:\/\/www.facebook.com\/peoplesphere","https:\/\/twitter.com\/PeoplesphereMag","https:\/\/www.linkedin.com\/company\/7587361?trk","http:\/\/youtube.com\/peoplesphere"]},{"@type":"Person","@id":"https:\/\/peoplesphere.be\/fr\/#\/schema\/person\/7976225ff17988604334abb7b3536a7e","name":"Jean-Paul Erhard","image":{"@type":"ImageObject","inLanguage":"fr-FR","@id":"https:\/\/peoplesphere.be\/fr\/#\/schema\/person\/image\/","url":"https:\/\/secure.gravatar.com\/avatar\/f941e681460179738071629a51574930?s=96&d=mm&r=g","contentUrl":"https:\/\/secure.gravatar.com\/avatar\/f941e681460179738071629a51574930?s=96&d=mm&r=g","caption":"Jean-Paul Erhard"},"url":"https:\/\/peoplesphere.be\/fr\/author\/jpe\/"}]}},"_links":{"self":[{"href":"https:\/\/peoplesphere.be\/fr\/wp-json\/wp\/v2\/posts\/13568"}],"collection":[{"href":"https:\/\/peoplesphere.be\/fr\/wp-json\/wp\/v2\/posts"}],"about":[{"href":"https:\/\/peoplesphere.be\/fr\/wp-json\/wp\/v2\/types\/post"}],"author":[{"embeddable":true,"href":"https:\/\/peoplesphere.be\/fr\/wp-json\/wp\/v2\/users\/2"}],"replies":[{"embeddable":true,"href":"https:\/\/peoplesphere.be\/fr\/wp-json\/wp\/v2\/comments?post=13568"}],"version-history":[{"count":1,"href":"https:\/\/peoplesphere.be\/fr\/wp-json\/wp\/v2\/posts\/13568\/revisions"}],"predecessor-version":[{"id":13569,"href":"https:\/\/peoplesphere.be\/fr\/wp-json\/wp\/v2\/posts\/13568\/revisions\/13569"}],"wp:attachment":[{"href":"https:\/\/peoplesphere.be\/fr\/wp-json\/wp\/v2\/media?parent=13568"}],"wp:term":[{"taxonomy":"category","embeddable":true,"href":"https:\/\/peoplesphere.be\/fr\/wp-json\/wp\/v2\/categories?post=13568"},{"taxonomy":"post_tag","embeddable":true,"href":"https:\/\/peoplesphere.be\/fr\/wp-json\/wp\/v2\/tags?post=13568"}],"curies":[{"name":"wp","href":"https:\/\/api.w.org\/{rel}","templated":true}]}}