









{"id":13614,"date":"2022-10-29T09:57:52","date_gmt":"2022-10-29T07:57:52","guid":{"rendered":"https:\/\/peoplesphere.be\/fr\/?p=13614"},"modified":"2023-07-31T07:32:05","modified_gmt":"2023-07-31T05:32:05","slug":"limiter-succession-contrats-de-travail-a-duree-determinee","status":"publish","type":"post","link":"https:\/\/peoplesphere.be\/fr\/limiter-succession-contrats-de-travail-a-duree-determinee\/","title":{"rendered":"Un nouvel avant-projet de loi visant \u00e0 limiter la succession des contrats de travail \u00e0 dur\u00e9e d\u00e9termin\u00e9e."},"content":{"rendered":"<p>Sur proposition du ministre du Travail Pierre-Yves Dermagne, le Conseil des ministres a approuv\u00e9 un avant-projet de loi visant \u00e0 limiter la dur\u00e9e de la succession des contrats de travail \u00e0 dur\u00e9e d\u00e9termin\u00e9e et contrats de remplacement.<!--more--><\/p>\n<p>L&rsquo;avant-projet de loi donne suite \u00e0 un arr\u00eat de la Cour constitutionnelle. Il limite \u00e0 deux ans la dur\u00e9e totale de la succession d\u2019un ou plusieurs contrats de travail \u00e0 dur\u00e9e d\u00e9termin\u00e9e ou pour un travail nettement d\u00e9fini et d\u2019un ou plusieurs contrats de remplacement, sauf en cas d\u2019interruption attribuable au travailleur. Si cette p\u00e9riode est d\u00e9pass\u00e9e, ce sont les r\u00e8gles du contrat de travail \u00e0 dur\u00e9e ind\u00e9termin\u00e9e qui viennent \u00e0 s\u2019appliquer.<\/p>\n<p>Suite \u00e0 un avis du Conseil national du Travail, une exception a \u00e9t\u00e9 pr\u00e9vue. Ainsi, le contrat de remplacement qui suit la succession de diff\u00e9rents contrats de travail \u00e0 dur\u00e9e d\u00e9termin\u00e9e ou pour un travail nettement d\u00e9fini, qui sont justifi\u00e9s par la nature du travail ou par d&rsquo;autres motifs l\u00e9gitimes, n&rsquo;est pas pris en compte pour une seule fois, sans que la dur\u00e9e totale de cette succession des contrats ne puisse exc\u00e9der trois ans.<\/p>\n<p>L&rsquo;avant-projet est transmis pour avis au Conseil d&rsquo;Etat.<\/p>\n<p>&nbsp;<\/p>\n<p><em>Source:\u00a0 SPF Chancellerie du Premier Ministre<\/em><\/p>\n","protected":false},"excerpt":{"rendered":"<p>Sur proposition du ministre du Travail Pierre-Yves Dermagne, le Conseil des ministres a approuv\u00e9 un avant-projet de loi visant \u00e0 limiter la dur\u00e9e de la succession des contrats de travail \u00e0 dur\u00e9e d\u00e9termin\u00e9e et contrats de remplacement.<\/p>\n","protected":false},"author":2,"featured_media":0,"comment_status":"closed","ping_status":"open","sticky":false,"template":"","format":"standard","meta":[],"categories":[65,10],"tags":[1258,1244,3734,380,220,3434],"yoast_head":"<!-- This site is optimized with the Yoast SEO plugin v21.0 - https:\/\/yoast.com\/wordpress\/plugins\/seo\/ -->\n<title>Un nouvel avant-projet de loi visant \u00e0 limiter la succession des contrats de travail \u00e0 dur\u00e9e d\u00e9termin\u00e9e.<\/title>\n<meta name=\"description\" content=\"Projet de loi visant \u00e0 limiter le nombre de contrats \u00e0 dur\u00e9e d\u00e9termin\u00e9e et de contrats de remplacement. Pour un travail durable\" \/>\n<meta name=\"robots\" content=\"index, follow, max-snippet:-1, max-image-preview:large, max-video-preview:-1\" \/>\n<link rel=\"canonical\" href=\"https:\/\/peoplesphere.be\/fr\/limiter-succession-contrats-de-travail-a-duree-determinee\/\" \/>\n<meta property=\"og:locale\" content=\"fr_FR\" \/>\n<meta property=\"og:type\" content=\"article\" \/>\n<meta property=\"og:title\" content=\"Un nouvel avant-projet de loi visant \u00e0 limiter la succession des contrats de travail \u00e0 dur\u00e9e d\u00e9termin\u00e9e.\" \/>\n<meta property=\"og:description\" content=\"Projet de loi visant \u00e0 limiter le nombre de contrats \u00e0 dur\u00e9e d\u00e9termin\u00e9e et de contrats de remplacement. Pour un travail durable\" \/>\n<meta property=\"og:url\" content=\"https:\/\/peoplesphere.be\/fr\/limiter-succession-contrats-de-travail-a-duree-determinee\/\" \/>\n<meta property=\"og:site_name\" content=\"Peoplesphere\" \/>\n<meta property=\"article:publisher\" content=\"https:\/\/www.facebook.com\/peoplesphere\" \/>\n<meta property=\"article:published_time\" content=\"2022-10-29T07:57:52+00:00\" \/>\n<meta property=\"article:modified_time\" content=\"2023-07-31T05:32:05+00:00\" \/>\n<meta property=\"og:image\" content=\"http:\/\/www.peoplesphere.be\/fr\/wp-content\/uploads\/2016\/07\/facebook-default-posting-1200x628px.jpg\" \/>\n<meta name=\"author\" content=\"Jean-Paul Erhard\" \/>\n<meta name=\"twitter:card\" content=\"summary_large_image\" \/>\n<meta name=\"twitter:creator\" content=\"@PeoplesphereMag\" \/>\n<meta name=\"twitter:site\" content=\"@PeoplesphereMag\" \/>\n<meta name=\"twitter:label1\" content=\"\u00c9crit par\" \/>\n\t<meta name=\"twitter:data1\" content=\"Jean-Paul Erhard\" \/>\n\t<meta name=\"twitter:label2\" content=\"Dur\u00e9e de lecture estim\u00e9e\" \/>\n\t<meta name=\"twitter:data2\" content=\"2 minutes\" \/>\n<script type=\"application\/ld+json\" class=\"yoast-schema-graph\">{\"@context\":\"https:\/\/schema.org\",\"@graph\":[{\"@type\":\"Article\",\"@id\":\"https:\/\/peoplesphere.be\/fr\/limiter-succession-contrats-de-travail-a-duree-determinee\/#article\",\"isPartOf\":{\"@id\":\"https:\/\/peoplesphere.be\/fr\/limiter-succession-contrats-de-travail-a-duree-determinee\/\"},\"author\":{\"name\":\"Jean-Paul Erhard\",\"@id\":\"https:\/\/peoplesphere.be\/fr\/#\/schema\/person\/7976225ff17988604334abb7b3536a7e\"},\"headline\":\"Un nouvel avant-projet de loi visant \u00e0 limiter la succession des contrats de travail \u00e0 dur\u00e9e d\u00e9termin\u00e9e.\",\"datePublished\":\"2022-10-29T07:57:52+00:00\",\"dateModified\":\"2023-07-31T05:32:05+00:00\",\"mainEntityOfPage\":{\"@id\":\"https:\/\/peoplesphere.be\/fr\/limiter-succession-contrats-de-travail-a-duree-determinee\/\"},\"wordCount\":238,\"publisher\":{\"@id\":\"https:\/\/peoplesphere.be\/fr\/#organization\"},\"keywords\":[\"CDD\",\"CDI\",\"contrat d'interim\",\"contrat de travail\",\"flexibilit\u00e9\",\"Pierre-Yves Dermagne\"],\"articleSection\":[\"Actualit\u00e9s\",\"Digital\"],\"inLanguage\":\"fr-FR\"},{\"@type\":\"WebPage\",\"@id\":\"https:\/\/peoplesphere.be\/fr\/limiter-succession-contrats-de-travail-a-duree-determinee\/\",\"url\":\"https:\/\/peoplesphere.be\/fr\/limiter-succession-contrats-de-travail-a-duree-determinee\/\",\"name\":\"Un nouvel avant-projet de loi visant \u00e0 limiter la succession des contrats de travail \u00e0 dur\u00e9e d\u00e9termin\u00e9e.\",\"isPartOf\":{\"@id\":\"https:\/\/peoplesphere.be\/fr\/#website\"},\"datePublished\":\"2022-10-29T07:57:52+00:00\",\"dateModified\":\"2023-07-31T05:32:05+00:00\",\"description\":\"Projet de loi visant \u00e0 limiter le nombre de contrats \u00e0 dur\u00e9e d\u00e9termin\u00e9e et de contrats de remplacement. Pour un travail durable\",\"breadcrumb\":{\"@id\":\"https:\/\/peoplesphere.be\/fr\/limiter-succession-contrats-de-travail-a-duree-determinee\/#breadcrumb\"},\"inLanguage\":\"fr-FR\",\"potentialAction\":[{\"@type\":\"ReadAction\",\"target\":[\"https:\/\/peoplesphere.be\/fr\/limiter-succession-contrats-de-travail-a-duree-determinee\/\"]}]},{\"@type\":\"BreadcrumbList\",\"@id\":\"https:\/\/peoplesphere.be\/fr\/limiter-succession-contrats-de-travail-a-duree-determinee\/#breadcrumb\",\"itemListElement\":[{\"@type\":\"ListItem\",\"position\":1,\"name\":\"Accueil\",\"item\":\"https:\/\/peoplesphere.be\/fr\/\"},{\"@type\":\"ListItem\",\"position\":2,\"name\":\"Un nouvel avant-projet de loi visant \u00e0 limiter la succession des contrats de travail \u00e0 dur\u00e9e d\u00e9termin\u00e9e.\"}]},{\"@type\":\"WebSite\",\"@id\":\"https:\/\/peoplesphere.be\/fr\/#website\",\"url\":\"https:\/\/peoplesphere.be\/fr\/\",\"name\":\"Peoplesphere\",\"description\":\"The People Managers Magazine\",\"publisher\":{\"@id\":\"https:\/\/peoplesphere.be\/fr\/#organization\"},\"potentialAction\":[{\"@type\":\"SearchAction\",\"target\":{\"@type\":\"EntryPoint\",\"urlTemplate\":\"https:\/\/peoplesphere.be\/fr\/?s={search_term_string}\"},\"query-input\":\"required name=search_term_string\"}],\"inLanguage\":\"fr-FR\"},{\"@type\":\"Organization\",\"@id\":\"https:\/\/peoplesphere.be\/fr\/#organization\",\"name\":\"Peoplesphere Company srl\",\"url\":\"https:\/\/peoplesphere.be\/fr\/\",\"logo\":{\"@type\":\"ImageObject\",\"inLanguage\":\"fr-FR\",\"@id\":\"https:\/\/peoplesphere.be\/fr\/#\/schema\/logo\/image\/\",\"url\":\"https:\/\/peoplesphere.be\/fr\/wp-content\/uploads\/2023\/07\/peoplesphere-lgo-new-generik.jpg\",\"contentUrl\":\"https:\/\/peoplesphere.be\/fr\/wp-content\/uploads\/2023\/07\/peoplesphere-lgo-new-generik.jpg\",\"width\":1031,\"height\":1479,\"caption\":\"Peoplesphere Company srl\"},\"image\":{\"@id\":\"https:\/\/peoplesphere.be\/fr\/#\/schema\/logo\/image\/\"},\"sameAs\":[\"https:\/\/www.facebook.com\/peoplesphere\",\"https:\/\/twitter.com\/PeoplesphereMag\",\"https:\/\/www.linkedin.com\/company\/7587361?trk\",\"http:\/\/youtube.com\/peoplesphere\"]},{\"@type\":\"Person\",\"@id\":\"https:\/\/peoplesphere.be\/fr\/#\/schema\/person\/7976225ff17988604334abb7b3536a7e\",\"name\":\"Jean-Paul Erhard\",\"image\":{\"@type\":\"ImageObject\",\"inLanguage\":\"fr-FR\",\"@id\":\"https:\/\/peoplesphere.be\/fr\/#\/schema\/person\/image\/\",\"url\":\"https:\/\/secure.gravatar.com\/avatar\/f941e681460179738071629a51574930?s=96&d=mm&r=g\",\"contentUrl\":\"https:\/\/secure.gravatar.com\/avatar\/f941e681460179738071629a51574930?s=96&d=mm&r=g\",\"caption\":\"Jean-Paul Erhard\"},\"url\":\"https:\/\/peoplesphere.be\/fr\/author\/jpe\/\"}]}<\/script>\n<!-- \/ Yoast SEO plugin. -->","yoast_head_json":{"title":"Un nouvel avant-projet de loi visant \u00e0 limiter la succession des contrats de travail \u00e0 dur\u00e9e d\u00e9termin\u00e9e.","description":"Projet de loi visant \u00e0 limiter le nombre de contrats \u00e0 dur\u00e9e d\u00e9termin\u00e9e et de contrats de remplacement. Pour un travail durable","robots":{"index":"index","follow":"follow","max-snippet":"max-snippet:-1","max-image-preview":"max-image-preview:large","max-video-preview":"max-video-preview:-1"},"canonical":"https:\/\/peoplesphere.be\/fr\/limiter-succession-contrats-de-travail-a-duree-determinee\/","og_locale":"fr_FR","og_type":"article","og_title":"Un nouvel avant-projet de loi visant \u00e0 limiter la succession des contrats de travail \u00e0 dur\u00e9e d\u00e9termin\u00e9e.","og_description":"Projet de loi visant \u00e0 limiter le nombre de contrats \u00e0 dur\u00e9e d\u00e9termin\u00e9e et de contrats de remplacement. Pour un travail durable","og_url":"https:\/\/peoplesphere.be\/fr\/limiter-succession-contrats-de-travail-a-duree-determinee\/","og_site_name":"Peoplesphere","article_publisher":"https:\/\/www.facebook.com\/peoplesphere","article_published_time":"2022-10-29T07:57:52+00:00","article_modified_time":"2023-07-31T05:32:05+00:00","og_image":[{"url":"http:\/\/www.peoplesphere.be\/fr\/wp-content\/uploads\/2016\/07\/facebook-default-posting-1200x628px.jpg"}],"author":"Jean-Paul Erhard","twitter_card":"summary_large_image","twitter_creator":"@PeoplesphereMag","twitter_site":"@PeoplesphereMag","twitter_misc":{"\u00c9crit par":"Jean-Paul Erhard","Dur\u00e9e de lecture estim\u00e9e":"2 minutes"},"schema":{"@context":"https:\/\/schema.org","@graph":[{"@type":"Article","@id":"https:\/\/peoplesphere.be\/fr\/limiter-succession-contrats-de-travail-a-duree-determinee\/#article","isPartOf":{"@id":"https:\/\/peoplesphere.be\/fr\/limiter-succession-contrats-de-travail-a-duree-determinee\/"},"author":{"name":"Jean-Paul Erhard","@id":"https:\/\/peoplesphere.be\/fr\/#\/schema\/person\/7976225ff17988604334abb7b3536a7e"},"headline":"Un nouvel avant-projet de loi visant \u00e0 limiter la succession des contrats de travail \u00e0 dur\u00e9e d\u00e9termin\u00e9e.","datePublished":"2022-10-29T07:57:52+00:00","dateModified":"2023-07-31T05:32:05+00:00","mainEntityOfPage":{"@id":"https:\/\/peoplesphere.be\/fr\/limiter-succession-contrats-de-travail-a-duree-determinee\/"},"wordCount":238,"publisher":{"@id":"https:\/\/peoplesphere.be\/fr\/#organization"},"keywords":["CDD","CDI","contrat d'interim","contrat de travail","flexibilit\u00e9","Pierre-Yves Dermagne"],"articleSection":["Actualit\u00e9s","Digital"],"inLanguage":"fr-FR"},{"@type":"WebPage","@id":"https:\/\/peoplesphere.be\/fr\/limiter-succession-contrats-de-travail-a-duree-determinee\/","url":"https:\/\/peoplesphere.be\/fr\/limiter-succession-contrats-de-travail-a-duree-determinee\/","name":"Un nouvel avant-projet de loi visant \u00e0 limiter la succession des contrats de travail \u00e0 dur\u00e9e d\u00e9termin\u00e9e.","isPartOf":{"@id":"https:\/\/peoplesphere.be\/fr\/#website"},"datePublished":"2022-10-29T07:57:52+00:00","dateModified":"2023-07-31T05:32:05+00:00","description":"Projet de loi visant \u00e0 limiter le nombre de contrats \u00e0 dur\u00e9e d\u00e9termin\u00e9e et de contrats de remplacement. Pour un travail durable","breadcrumb":{"@id":"https:\/\/peoplesphere.be\/fr\/limiter-succession-contrats-de-travail-a-duree-determinee\/#breadcrumb"},"inLanguage":"fr-FR","potentialAction":[{"@type":"ReadAction","target":["https:\/\/peoplesphere.be\/fr\/limiter-succession-contrats-de-travail-a-duree-determinee\/"]}]},{"@type":"BreadcrumbList","@id":"https:\/\/peoplesphere.be\/fr\/limiter-succession-contrats-de-travail-a-duree-determinee\/#breadcrumb","itemListElement":[{"@type":"ListItem","position":1,"name":"Accueil","item":"https:\/\/peoplesphere.be\/fr\/"},{"@type":"ListItem","position":2,"name":"Un nouvel avant-projet de loi visant \u00e0 limiter la succession des contrats de travail \u00e0 dur\u00e9e d\u00e9termin\u00e9e."}]},{"@type":"WebSite","@id":"https:\/\/peoplesphere.be\/fr\/#website","url":"https:\/\/peoplesphere.be\/fr\/","name":"Peoplesphere","description":"The People Managers Magazine","publisher":{"@id":"https:\/\/peoplesphere.be\/fr\/#organization"},"potentialAction":[{"@type":"SearchAction","target":{"@type":"EntryPoint","urlTemplate":"https:\/\/peoplesphere.be\/fr\/?s={search_term_string}"},"query-input":"required name=search_term_string"}],"inLanguage":"fr-FR"},{"@type":"Organization","@id":"https:\/\/peoplesphere.be\/fr\/#organization","name":"Peoplesphere Company srl","url":"https:\/\/peoplesphere.be\/fr\/","logo":{"@type":"ImageObject","inLanguage":"fr-FR","@id":"https:\/\/peoplesphere.be\/fr\/#\/schema\/logo\/image\/","url":"https:\/\/peoplesphere.be\/fr\/wp-content\/uploads\/2023\/07\/peoplesphere-lgo-new-generik.jpg","contentUrl":"https:\/\/peoplesphere.be\/fr\/wp-content\/uploads\/2023\/07\/peoplesphere-lgo-new-generik.jpg","width":1031,"height":1479,"caption":"Peoplesphere Company srl"},"image":{"@id":"https:\/\/peoplesphere.be\/fr\/#\/schema\/logo\/image\/"},"sameAs":["https:\/\/www.facebook.com\/peoplesphere","https:\/\/twitter.com\/PeoplesphereMag","https:\/\/www.linkedin.com\/company\/7587361?trk","http:\/\/youtube.com\/peoplesphere"]},{"@type":"Person","@id":"https:\/\/peoplesphere.be\/fr\/#\/schema\/person\/7976225ff17988604334abb7b3536a7e","name":"Jean-Paul Erhard","image":{"@type":"ImageObject","inLanguage":"fr-FR","@id":"https:\/\/peoplesphere.be\/fr\/#\/schema\/person\/image\/","url":"https:\/\/secure.gravatar.com\/avatar\/f941e681460179738071629a51574930?s=96&d=mm&r=g","contentUrl":"https:\/\/secure.gravatar.com\/avatar\/f941e681460179738071629a51574930?s=96&d=mm&r=g","caption":"Jean-Paul Erhard"},"url":"https:\/\/peoplesphere.be\/fr\/author\/jpe\/"}]}},"_links":{"self":[{"href":"https:\/\/peoplesphere.be\/fr\/wp-json\/wp\/v2\/posts\/13614"}],"collection":[{"href":"https:\/\/peoplesphere.be\/fr\/wp-json\/wp\/v2\/posts"}],"about":[{"href":"https:\/\/peoplesphere.be\/fr\/wp-json\/wp\/v2\/types\/post"}],"author":[{"embeddable":true,"href":"https:\/\/peoplesphere.be\/fr\/wp-json\/wp\/v2\/users\/2"}],"replies":[{"embeddable":true,"href":"https:\/\/peoplesphere.be\/fr\/wp-json\/wp\/v2\/comments?post=13614"}],"version-history":[{"count":1,"href":"https:\/\/peoplesphere.be\/fr\/wp-json\/wp\/v2\/posts\/13614\/revisions"}],"predecessor-version":[{"id":13615,"href":"https:\/\/peoplesphere.be\/fr\/wp-json\/wp\/v2\/posts\/13614\/revisions\/13615"}],"wp:attachment":[{"href":"https:\/\/peoplesphere.be\/fr\/wp-json\/wp\/v2\/media?parent=13614"}],"wp:term":[{"taxonomy":"category","embeddable":true,"href":"https:\/\/peoplesphere.be\/fr\/wp-json\/wp\/v2\/categories?post=13614"},{"taxonomy":"post_tag","embeddable":true,"href":"https:\/\/peoplesphere.be\/fr\/wp-json\/wp\/v2\/tags?post=13614"}],"curies":[{"name":"wp","href":"https:\/\/api.w.org\/{rel}","templated":true}]}}