









{"id":13616,"date":"2022-10-30T19:38:02","date_gmt":"2022-10-30T17:38:02","guid":{"rendered":"https:\/\/peoplesphere.be\/fr\/?p=13616"},"modified":"2022-10-30T19:38:02","modified_gmt":"2022-10-30T17:38:02","slug":"revenu-moyen-belges-fosse-se-creuse-entre-flandre-bruxelles-wallonie","status":"publish","type":"post","link":"https:\/\/peoplesphere.be\/fr\/revenu-moyen-belges-fosse-se-creuse-entre-flandre-bruxelles-wallonie\/","title":{"rendered":"Revenu moyen des Belges: le foss\u00e9 se creuse entre la Flandre, Bruxelles et la Wallonie."},"content":{"rendered":"<p>En 2020, le revenu net imposable des Belges atteignait en moyenne 19.671 euros.\u00a0La Flandre reste la r\u00e9gion affichant les revenus les plus \u00e9lev\u00e9s et\u00a0Bruxelles reste la r\u00e9gion o\u00f9 les revenus moyens sont les moins \u00e9lev\u00e9s.\u00a0Au niveau communal, Sint-Martens-Latem occupe \u00e0 nouveau la premi\u00e8re position des communes pr\u00e9sentant le revenu moyen par habitant le plus \u00e9lev\u00e9. Les revenus y \u00e9taient sup\u00e9rieurs de 56,9 % \u00e0 la moyenne nationale ;<br \/>\nLe revenu moyen le plus faible se situait \u00e0 Saint-Josse-ten-Noode, o\u00f9 le revenu par habitant \u00e9tait inf\u00e9rieur de 46,3% \u00e0 la moyenne nationale.<br \/>\n<!--more--><\/p>\n<p><strong><em>Les Flamands occupent la t\u00eate du classement des revenus ; les Bruxellois ferment la marche<\/em><\/strong><\/p>\n<p>En 2020, le revenu net imposable moyen par habitant s\u2019\u00e9levait \u00e0 19.671 euros. La ventilation de ce chiffre entre les trois r\u00e9gions montre que la Flandre pr\u00e9sente le revenu moyen par habitant le plus \u00e9lev\u00e9. Fort d&rsquo;un montant de 21.078 euros, le revenu moyen des Flamands d\u00e9passe en effet de 7,2% la moyenne nationale. Les habitants de la R\u00e9gion wallonne et de la R\u00e9gion de Bruxelles-Capitale disposent de moyens financiers nettement moindres. Ainsi, le revenu moyen des Wallons se situe 5,9% en de\u00e7\u00e0 de la moyenne belge, tandis que les Bruxellois doivent m\u00eame se contenter de 21,5% de moins sur base annuelle.<\/p>\n<p><strong><em>Les deux provinces du Brabant s&rsquo;av\u00e8rent les provinces les plus prosp\u00e8res<\/em><\/strong><\/p>\n<p>Tout comme les ann\u00e9es pr\u00e9c\u00e9dentes, la province du Brabant flamand pr\u00e9sentait le revenu moyen par habitant le plus \u00e9lev\u00e9 en 2020. Ce revenu s&rsquo;\u00e9levait \u00e0 22.836 euros par habitant. Le Brabant wallon n&rsquo;est pas en reste puisque son revenu moyen par habitant d\u00e9passe le cap des 22.000 euros, soit 22.482 euros. Forte d&rsquo;un revenu moyen annuel de 21.372 euros par habitant, la Flandre orientale compl\u00e8te le top 3.<\/p>\n<p><strong><em>Les communes pr\u00e9sentant les revenus les plus \u00e9lev\u00e9s<\/em><\/strong><\/p>\n<p>Avec un revenu moyen par habitant de 30.859 euros, Sint-Martens-Latem est la commune affichant les revenus les plus \u00e9lev\u00e9s. Un habitant de cette commune dispose d&rsquo;un revenu sup\u00e9rieur de 56,9 % \u00e0 la moyenne nationale.<\/p>\n<p>\u00c0 l&rsquo;autre extr\u00e9mit\u00e9 de l&rsquo;\u00e9chelle figurent principalement des communes bruxelloises. Avec une moyenne de 10.564 euros, Saint-Josse-ten-Noode est la commune belge affichant les revenus les plus faibles. Un habitant moyen de Saint-Josse-ten-Noode dispose d&rsquo;un revenu qui est inf\u00e9rieur de 46,3 % \u00e0 la moyenne nationale. La Belgique compte six autres communes dont le revenu moyen par habitant se situe au moins 30 % en de\u00e7\u00e0 de la moyenne nationale, \u00e0 savoir Molenbeek-Saint-Jean, Anderlecht, Farciennes, Dison, Schaerbeek et Koekelberg. Messines en Flandre occidentale est la commune pr\u00e9sentant le revenu moyen le plus bas de Flandre : 15.501 euros.<\/p>\n<p><strong><em>Augmentation des allocations de ch\u00f4mage en 2020<\/em><\/strong><\/p>\n<p>Durant l\u2019ann\u00e9e 2020, marqu\u00e9e par le coronavirus, les allocations de ch\u00f4mage ont connu une forte augmentation, li\u00e9e au grand nombre de salari\u00e9s qui percevaient une allocation de ch\u00f4mage temporaire. On observe un glissement des revenus des salari\u00e9s et des travailleurs ind\u00e9pendants vers les allocations de ch\u00f4mage.<br \/>\nLe montant total des allocations de ch\u00f4mage a plus que doubl\u00e9 en Belgique. Ce montant a connu sa plus forte augmentation en R\u00e9gion flamande : de 1,9 milliard \u00e0 4,7 milliards d\u2019euros.<\/p>\n<p>&nbsp;<\/p>\n<p><em>Source et note m\u00e9thodologique: Statbel &#8211; Le revenu est le revenu net imposable. Ces montants sont calcul\u00e9s \u00e0 partir des d\u00e9clarations \u00e0 l\u2019imp\u00f4t des personnes physiques. Ils comprennent les revenus imposables au titre d&rsquo;une profession, les revenus de remplacement, les pensions, les dividendes, le revenu cadastral et les rentes alimentaires. Les revenus non imposables (comme les allocations familiales et le revenu d\u2019int\u00e9gration) ne font pas partie des revenus fiscaux. La p\u00e9riode de r\u00e9f\u00e9rence des donn\u00e9es utilis\u00e9es est l\u2019ann\u00e9e de revenus 2020, soit l\u2019exercice fiscal 2021. Les statistiques fiscales sont \u00e9tablies selon le lieu de r\u00e9sidence du contribuable.<\/em><\/p>\n","protected":false},"excerpt":{"rendered":"<p>En 2020, le revenu net imposable des Belges atteignait en moyenne 19.671 euros.\u00a0La Flandre reste la r\u00e9gion affichant les revenus les plus \u00e9lev\u00e9s et\u00a0Bruxelles reste la r\u00e9gion o\u00f9 les revenus moyens sont les moins \u00e9lev\u00e9s.\u00a0Au niveau communal, Sint-Martens-Latem occupe \u00e0 [&hellip;]<\/p>\n","protected":false},"author":2,"featured_media":0,"comment_status":"closed","ping_status":"open","sticky":false,"template":"","format":"standard","meta":[],"categories":[65,10],"tags":[1133,2758,108],"yoast_head":"<!-- This site is optimized with the Yoast SEO plugin v21.0 - https:\/\/yoast.com\/wordpress\/plugins\/seo\/ -->\n<title>Revenu moyen des Belges: le foss\u00e9 se creuse entre la Flandre, Bruxelles et la Wallonie. - Peoplesphere<\/title>\n<meta name=\"robots\" content=\"index, follow, max-snippet:-1, max-image-preview:large, max-video-preview:-1\" \/>\n<link rel=\"canonical\" href=\"https:\/\/peoplesphere.be\/fr\/revenu-moyen-belges-fosse-se-creuse-entre-flandre-bruxelles-wallonie\/\" \/>\n<meta property=\"og:locale\" content=\"fr_FR\" \/>\n<meta property=\"og:type\" content=\"article\" \/>\n<meta property=\"og:title\" content=\"Revenu moyen des Belges: le foss\u00e9 se creuse entre la Flandre, Bruxelles et la Wallonie. - Peoplesphere\" \/>\n<meta property=\"og:description\" content=\"En 2020, le revenu net imposable des Belges atteignait en moyenne 19.671 euros.\u00a0La Flandre reste la r\u00e9gion affichant les revenus les plus \u00e9lev\u00e9s et\u00a0Bruxelles reste la r\u00e9gion o\u00f9 les revenus moyens sont les moins \u00e9lev\u00e9s.\u00a0Au niveau communal, Sint-Martens-Latem occupe \u00e0 [&hellip;]\" \/>\n<meta property=\"og:url\" content=\"https:\/\/peoplesphere.be\/fr\/revenu-moyen-belges-fosse-se-creuse-entre-flandre-bruxelles-wallonie\/\" \/>\n<meta property=\"og:site_name\" content=\"Peoplesphere\" \/>\n<meta property=\"article:publisher\" content=\"https:\/\/www.facebook.com\/peoplesphere\" \/>\n<meta property=\"article:published_time\" content=\"2022-10-30T17:38:02+00:00\" \/>\n<meta property=\"og:image\" content=\"http:\/\/www.peoplesphere.be\/fr\/wp-content\/uploads\/2016\/07\/facebook-default-posting-1200x628px.jpg\" \/>\n<meta name=\"author\" content=\"Jean-Paul Erhard\" \/>\n<meta name=\"twitter:card\" content=\"summary_large_image\" \/>\n<meta name=\"twitter:creator\" content=\"@PeoplesphereMag\" \/>\n<meta name=\"twitter:site\" content=\"@PeoplesphereMag\" \/>\n<meta name=\"twitter:label1\" content=\"\u00c9crit par\" \/>\n\t<meta name=\"twitter:data1\" content=\"Jean-Paul Erhard\" \/>\n\t<meta name=\"twitter:label2\" content=\"Dur\u00e9e de lecture estim\u00e9e\" \/>\n\t<meta name=\"twitter:data2\" content=\"3 minutes\" \/>\n<script type=\"application\/ld+json\" class=\"yoast-schema-graph\">{\"@context\":\"https:\/\/schema.org\",\"@graph\":[{\"@type\":\"Article\",\"@id\":\"https:\/\/peoplesphere.be\/fr\/revenu-moyen-belges-fosse-se-creuse-entre-flandre-bruxelles-wallonie\/#article\",\"isPartOf\":{\"@id\":\"https:\/\/peoplesphere.be\/fr\/revenu-moyen-belges-fosse-se-creuse-entre-flandre-bruxelles-wallonie\/\"},\"author\":{\"name\":\"Jean-Paul Erhard\",\"@id\":\"https:\/\/peoplesphere.be\/fr\/#\/schema\/person\/7976225ff17988604334abb7b3536a7e\"},\"headline\":\"Revenu moyen des Belges: le foss\u00e9 se creuse entre la Flandre, Bruxelles et la Wallonie.\",\"datePublished\":\"2022-10-30T17:38:02+00:00\",\"dateModified\":\"2022-10-30T17:38:02+00:00\",\"mainEntityOfPage\":{\"@id\":\"https:\/\/peoplesphere.be\/fr\/revenu-moyen-belges-fosse-se-creuse-entre-flandre-bruxelles-wallonie\/\"},\"wordCount\":642,\"publisher\":{\"@id\":\"https:\/\/peoplesphere.be\/fr\/#organization\"},\"keywords\":[\"in\u00e9galit\u00e9s\",\"revenu moyen\",\"salaires\"],\"articleSection\":[\"Actualit\u00e9s\",\"Digital\"],\"inLanguage\":\"fr-FR\"},{\"@type\":\"WebPage\",\"@id\":\"https:\/\/peoplesphere.be\/fr\/revenu-moyen-belges-fosse-se-creuse-entre-flandre-bruxelles-wallonie\/\",\"url\":\"https:\/\/peoplesphere.be\/fr\/revenu-moyen-belges-fosse-se-creuse-entre-flandre-bruxelles-wallonie\/\",\"name\":\"Revenu moyen des Belges: le foss\u00e9 se creuse entre la Flandre, Bruxelles et la Wallonie. - Peoplesphere\",\"isPartOf\":{\"@id\":\"https:\/\/peoplesphere.be\/fr\/#website\"},\"datePublished\":\"2022-10-30T17:38:02+00:00\",\"dateModified\":\"2022-10-30T17:38:02+00:00\",\"breadcrumb\":{\"@id\":\"https:\/\/peoplesphere.be\/fr\/revenu-moyen-belges-fosse-se-creuse-entre-flandre-bruxelles-wallonie\/#breadcrumb\"},\"inLanguage\":\"fr-FR\",\"potentialAction\":[{\"@type\":\"ReadAction\",\"target\":[\"https:\/\/peoplesphere.be\/fr\/revenu-moyen-belges-fosse-se-creuse-entre-flandre-bruxelles-wallonie\/\"]}]},{\"@type\":\"BreadcrumbList\",\"@id\":\"https:\/\/peoplesphere.be\/fr\/revenu-moyen-belges-fosse-se-creuse-entre-flandre-bruxelles-wallonie\/#breadcrumb\",\"itemListElement\":[{\"@type\":\"ListItem\",\"position\":1,\"name\":\"Accueil\",\"item\":\"https:\/\/peoplesphere.be\/fr\/\"},{\"@type\":\"ListItem\",\"position\":2,\"name\":\"Revenu moyen des Belges: le foss\u00e9 se creuse entre la Flandre, Bruxelles et la Wallonie.\"}]},{\"@type\":\"WebSite\",\"@id\":\"https:\/\/peoplesphere.be\/fr\/#website\",\"url\":\"https:\/\/peoplesphere.be\/fr\/\",\"name\":\"Peoplesphere\",\"description\":\"The People Managers Magazine\",\"publisher\":{\"@id\":\"https:\/\/peoplesphere.be\/fr\/#organization\"},\"potentialAction\":[{\"@type\":\"SearchAction\",\"target\":{\"@type\":\"EntryPoint\",\"urlTemplate\":\"https:\/\/peoplesphere.be\/fr\/?s={search_term_string}\"},\"query-input\":\"required name=search_term_string\"}],\"inLanguage\":\"fr-FR\"},{\"@type\":\"Organization\",\"@id\":\"https:\/\/peoplesphere.be\/fr\/#organization\",\"name\":\"Peoplesphere Company srl\",\"url\":\"https:\/\/peoplesphere.be\/fr\/\",\"logo\":{\"@type\":\"ImageObject\",\"inLanguage\":\"fr-FR\",\"@id\":\"https:\/\/peoplesphere.be\/fr\/#\/schema\/logo\/image\/\",\"url\":\"https:\/\/peoplesphere.be\/fr\/wp-content\/uploads\/2023\/07\/peoplesphere-lgo-new-generik.jpg\",\"contentUrl\":\"https:\/\/peoplesphere.be\/fr\/wp-content\/uploads\/2023\/07\/peoplesphere-lgo-new-generik.jpg\",\"width\":1031,\"height\":1479,\"caption\":\"Peoplesphere Company srl\"},\"image\":{\"@id\":\"https:\/\/peoplesphere.be\/fr\/#\/schema\/logo\/image\/\"},\"sameAs\":[\"https:\/\/www.facebook.com\/peoplesphere\",\"https:\/\/twitter.com\/PeoplesphereMag\",\"https:\/\/www.linkedin.com\/company\/7587361?trk\",\"http:\/\/youtube.com\/peoplesphere\"]},{\"@type\":\"Person\",\"@id\":\"https:\/\/peoplesphere.be\/fr\/#\/schema\/person\/7976225ff17988604334abb7b3536a7e\",\"name\":\"Jean-Paul Erhard\",\"image\":{\"@type\":\"ImageObject\",\"inLanguage\":\"fr-FR\",\"@id\":\"https:\/\/peoplesphere.be\/fr\/#\/schema\/person\/image\/\",\"url\":\"https:\/\/secure.gravatar.com\/avatar\/f941e681460179738071629a51574930?s=96&d=mm&r=g\",\"contentUrl\":\"https:\/\/secure.gravatar.com\/avatar\/f941e681460179738071629a51574930?s=96&d=mm&r=g\",\"caption\":\"Jean-Paul Erhard\"},\"url\":\"https:\/\/peoplesphere.be\/fr\/author\/jpe\/\"}]}<\/script>\n<!-- \/ Yoast SEO plugin. -->","yoast_head_json":{"title":"Revenu moyen des Belges: le foss\u00e9 se creuse entre la Flandre, Bruxelles et la Wallonie. - Peoplesphere","robots":{"index":"index","follow":"follow","max-snippet":"max-snippet:-1","max-image-preview":"max-image-preview:large","max-video-preview":"max-video-preview:-1"},"canonical":"https:\/\/peoplesphere.be\/fr\/revenu-moyen-belges-fosse-se-creuse-entre-flandre-bruxelles-wallonie\/","og_locale":"fr_FR","og_type":"article","og_title":"Revenu moyen des Belges: le foss\u00e9 se creuse entre la Flandre, Bruxelles et la Wallonie. - Peoplesphere","og_description":"En 2020, le revenu net imposable des Belges atteignait en moyenne 19.671 euros.\u00a0La Flandre reste la r\u00e9gion affichant les revenus les plus \u00e9lev\u00e9s et\u00a0Bruxelles reste la r\u00e9gion o\u00f9 les revenus moyens sont les moins \u00e9lev\u00e9s.\u00a0Au niveau communal, Sint-Martens-Latem occupe \u00e0 [&hellip;]","og_url":"https:\/\/peoplesphere.be\/fr\/revenu-moyen-belges-fosse-se-creuse-entre-flandre-bruxelles-wallonie\/","og_site_name":"Peoplesphere","article_publisher":"https:\/\/www.facebook.com\/peoplesphere","article_published_time":"2022-10-30T17:38:02+00:00","og_image":[{"url":"http:\/\/www.peoplesphere.be\/fr\/wp-content\/uploads\/2016\/07\/facebook-default-posting-1200x628px.jpg"}],"author":"Jean-Paul Erhard","twitter_card":"summary_large_image","twitter_creator":"@PeoplesphereMag","twitter_site":"@PeoplesphereMag","twitter_misc":{"\u00c9crit par":"Jean-Paul Erhard","Dur\u00e9e de lecture estim\u00e9e":"3 minutes"},"schema":{"@context":"https:\/\/schema.org","@graph":[{"@type":"Article","@id":"https:\/\/peoplesphere.be\/fr\/revenu-moyen-belges-fosse-se-creuse-entre-flandre-bruxelles-wallonie\/#article","isPartOf":{"@id":"https:\/\/peoplesphere.be\/fr\/revenu-moyen-belges-fosse-se-creuse-entre-flandre-bruxelles-wallonie\/"},"author":{"name":"Jean-Paul Erhard","@id":"https:\/\/peoplesphere.be\/fr\/#\/schema\/person\/7976225ff17988604334abb7b3536a7e"},"headline":"Revenu moyen des Belges: le foss\u00e9 se creuse entre la Flandre, Bruxelles et la Wallonie.","datePublished":"2022-10-30T17:38:02+00:00","dateModified":"2022-10-30T17:38:02+00:00","mainEntityOfPage":{"@id":"https:\/\/peoplesphere.be\/fr\/revenu-moyen-belges-fosse-se-creuse-entre-flandre-bruxelles-wallonie\/"},"wordCount":642,"publisher":{"@id":"https:\/\/peoplesphere.be\/fr\/#organization"},"keywords":["in\u00e9galit\u00e9s","revenu moyen","salaires"],"articleSection":["Actualit\u00e9s","Digital"],"inLanguage":"fr-FR"},{"@type":"WebPage","@id":"https:\/\/peoplesphere.be\/fr\/revenu-moyen-belges-fosse-se-creuse-entre-flandre-bruxelles-wallonie\/","url":"https:\/\/peoplesphere.be\/fr\/revenu-moyen-belges-fosse-se-creuse-entre-flandre-bruxelles-wallonie\/","name":"Revenu moyen des Belges: le foss\u00e9 se creuse entre la Flandre, Bruxelles et la Wallonie. - Peoplesphere","isPartOf":{"@id":"https:\/\/peoplesphere.be\/fr\/#website"},"datePublished":"2022-10-30T17:38:02+00:00","dateModified":"2022-10-30T17:38:02+00:00","breadcrumb":{"@id":"https:\/\/peoplesphere.be\/fr\/revenu-moyen-belges-fosse-se-creuse-entre-flandre-bruxelles-wallonie\/#breadcrumb"},"inLanguage":"fr-FR","potentialAction":[{"@type":"ReadAction","target":["https:\/\/peoplesphere.be\/fr\/revenu-moyen-belges-fosse-se-creuse-entre-flandre-bruxelles-wallonie\/"]}]},{"@type":"BreadcrumbList","@id":"https:\/\/peoplesphere.be\/fr\/revenu-moyen-belges-fosse-se-creuse-entre-flandre-bruxelles-wallonie\/#breadcrumb","itemListElement":[{"@type":"ListItem","position":1,"name":"Accueil","item":"https:\/\/peoplesphere.be\/fr\/"},{"@type":"ListItem","position":2,"name":"Revenu moyen des Belges: le foss\u00e9 se creuse entre la Flandre, Bruxelles et la Wallonie."}]},{"@type":"WebSite","@id":"https:\/\/peoplesphere.be\/fr\/#website","url":"https:\/\/peoplesphere.be\/fr\/","name":"Peoplesphere","description":"The People Managers Magazine","publisher":{"@id":"https:\/\/peoplesphere.be\/fr\/#organization"},"potentialAction":[{"@type":"SearchAction","target":{"@type":"EntryPoint","urlTemplate":"https:\/\/peoplesphere.be\/fr\/?s={search_term_string}"},"query-input":"required name=search_term_string"}],"inLanguage":"fr-FR"},{"@type":"Organization","@id":"https:\/\/peoplesphere.be\/fr\/#organization","name":"Peoplesphere Company srl","url":"https:\/\/peoplesphere.be\/fr\/","logo":{"@type":"ImageObject","inLanguage":"fr-FR","@id":"https:\/\/peoplesphere.be\/fr\/#\/schema\/logo\/image\/","url":"https:\/\/peoplesphere.be\/fr\/wp-content\/uploads\/2023\/07\/peoplesphere-lgo-new-generik.jpg","contentUrl":"https:\/\/peoplesphere.be\/fr\/wp-content\/uploads\/2023\/07\/peoplesphere-lgo-new-generik.jpg","width":1031,"height":1479,"caption":"Peoplesphere Company srl"},"image":{"@id":"https:\/\/peoplesphere.be\/fr\/#\/schema\/logo\/image\/"},"sameAs":["https:\/\/www.facebook.com\/peoplesphere","https:\/\/twitter.com\/PeoplesphereMag","https:\/\/www.linkedin.com\/company\/7587361?trk","http:\/\/youtube.com\/peoplesphere"]},{"@type":"Person","@id":"https:\/\/peoplesphere.be\/fr\/#\/schema\/person\/7976225ff17988604334abb7b3536a7e","name":"Jean-Paul Erhard","image":{"@type":"ImageObject","inLanguage":"fr-FR","@id":"https:\/\/peoplesphere.be\/fr\/#\/schema\/person\/image\/","url":"https:\/\/secure.gravatar.com\/avatar\/f941e681460179738071629a51574930?s=96&d=mm&r=g","contentUrl":"https:\/\/secure.gravatar.com\/avatar\/f941e681460179738071629a51574930?s=96&d=mm&r=g","caption":"Jean-Paul Erhard"},"url":"https:\/\/peoplesphere.be\/fr\/author\/jpe\/"}]}},"_links":{"self":[{"href":"https:\/\/peoplesphere.be\/fr\/wp-json\/wp\/v2\/posts\/13616"}],"collection":[{"href":"https:\/\/peoplesphere.be\/fr\/wp-json\/wp\/v2\/posts"}],"about":[{"href":"https:\/\/peoplesphere.be\/fr\/wp-json\/wp\/v2\/types\/post"}],"author":[{"embeddable":true,"href":"https:\/\/peoplesphere.be\/fr\/wp-json\/wp\/v2\/users\/2"}],"replies":[{"embeddable":true,"href":"https:\/\/peoplesphere.be\/fr\/wp-json\/wp\/v2\/comments?post=13616"}],"version-history":[{"count":1,"href":"https:\/\/peoplesphere.be\/fr\/wp-json\/wp\/v2\/posts\/13616\/revisions"}],"predecessor-version":[{"id":13617,"href":"https:\/\/peoplesphere.be\/fr\/wp-json\/wp\/v2\/posts\/13616\/revisions\/13617"}],"wp:attachment":[{"href":"https:\/\/peoplesphere.be\/fr\/wp-json\/wp\/v2\/media?parent=13616"}],"wp:term":[{"taxonomy":"category","embeddable":true,"href":"https:\/\/peoplesphere.be\/fr\/wp-json\/wp\/v2\/categories?post=13616"},{"taxonomy":"post_tag","embeddable":true,"href":"https:\/\/peoplesphere.be\/fr\/wp-json\/wp\/v2\/tags?post=13616"}],"curies":[{"name":"wp","href":"https:\/\/api.w.org\/{rel}","templated":true}]}}