









{"id":13738,"date":"2022-11-29T11:03:12","date_gmt":"2022-11-29T09:03:12","guid":{"rendered":"https:\/\/peoplesphere.be\/fr\/?p=13738"},"modified":"2022-11-29T11:03:12","modified_gmt":"2022-11-29T09:03:12","slug":"esg-guerre-talents-lien-entre-developpement-durable-strategie-de-retention","status":"publish","type":"post","link":"https:\/\/peoplesphere.be\/fr\/esg-guerre-talents-lien-entre-developpement-durable-strategie-de-retention\/","title":{"rendered":"ESG dans la guerre des talents : quel lien entre d\u00e9veloppement durable et strat\u00e9gie de r\u00e9tention?"},"content":{"rendered":"<p>Ce n\u2019est pas un secret: la r\u00e9ussite de votre organisation d\u00e9pend de votre capital humain. Dans un paysage actuel des plus incertain, marqu\u00e9 par une inflation historique ainsi qu\u2019une incertitude g\u00e9opolitique et une crise \u00e9nerg\u00e9tique sans pr\u00e9c\u00e9dent, la disponibilit\u00e9 de la main-d&rsquo;\u0153uvre constitue \u00e0 la fois un risque pour la croissance, tout en \u00e9tant le principal facteur de croissance des entreprises. Une enqu\u00eate men\u00e9e par PwC r\u00e9v\u00e8le que 77 % des cadres sup\u00e9rieurs affirment que le recrutement et la fid\u00e9lisation des talents constituent leur principale pr\u00e9occupation.<!--more--><\/p>\n<p><strong><em>ESG: le lien avec la strat\u00e9gie de r\u00e9tention<\/em><\/strong><\/p>\n<p>L\u2019acronyme ESG signifie Environnement, Social et Gouvernance: trois facteurs permettant d\u2019analyser et communiquer sur la durabilit\u00e9 et l&rsquo;impact soci\u00e9tal de l\u2019entreprise. Les travailleurs sont particuli\u00e8rement sensibles \u00e0 l&rsquo;impact de leur employeur sur l&rsquo;\u00e9conomie, le climat et la soci\u00e9t\u00e9. Ils attendent que leur employeur prenne position sur ces enjeux soci\u00e9taux, mais pas seulement. Ils veulent des actions concr\u00e8tes en accord avec les valeurs et engagements exprim\u00e9s par l\u2019entreprise.<\/p>\n<p>Les RH et les recruteurs ne doivent pas sous-estimer l&rsquo;importance de la strat\u00e9gie ESG de leur entreprise dans la guerre des talents. La plupart des travailleurs souhaitent s\u2019investir dans une organisation qui apporte une contribution positive \u00e0 la soci\u00e9t\u00e9. L&rsquo;\u00e9panouissement personnel et le sens au travail supplantent la r\u00e9mun\u00e9ration comme crit\u00e8re de s\u00e9lection pour un nouvel emploi. En ce sens, il est essentiel que les employ\u00e9s sentent que leurs valeurs sont en accord avec celles de leur employeur.<\/p>\n<p><strong><em>Engagez vos employ\u00e9s dans votre strat\u00e9gie ESG<\/em><\/strong><\/p>\n<p>Les derni\u00e8res crises ont men\u00e9 \u00e0 des d\u00e9missions en masse (Great Resignation) et \u00e0 l\u2019\u00e9mergence de d\u00e9missions silencieuses (Quiet Quitting) qui aboutissent non seulement \u00e0 une d\u00e9motivation des travailleurs ou \u00e0 un turnover plus \u00e9lev\u00e9, impactant la performance de l\u2019entreprise, mais \u00e9galement \u00e0 des co\u00fbts additionnels (notamment au niveau du recrutement). Ce ph\u00e9nom\u00e8ne refl\u00e8te, dans une certaine mesure, une crise du sens au travail. (Re)motiver les travailleurs peut \u00eatre un exercice p\u00e9rilleux. La strat\u00e9gie ESG de l\u2019entreprise peut servir de catalyseur si elle est utilis\u00e9e \u00e0 bon escient.<\/p>\n<p>La culture d\u2019entreprise est un \u00e9l\u00e9ment cl\u00e9 de l&rsquo;engagement des travailleurs dans la strat\u00e9gie ESG. Les dirigeants doivent concr\u00e9tiser les objectifs ESG de l&rsquo;entreprise par des actions et comportements imm\u00e9diats et r\u00e9alisables, afin que les employ\u00e9s puissent voir comment, concr\u00e8tement, leur travail contribue \u00e0 ces objectifs. Cependant, les dirigeants doivent veiller \u00e0 ce qu&rsquo;il n&rsquo;y ait pas de foss\u00e9 entre leurs paroles et leurs actes concernant ces changements de comportement (exit green\/social washing qui aura l\u2019effet inverse que celui recherch\u00e9). La qualit\u00e9 de la communication interne, du site web et des rapports d&rsquo;entreprise est primordiale pour informer les employ\u00e9s sur l&rsquo;impact ESG de l\u2019entreprise. L\u2019\u00e9laboration de programmes de formation sur les questions ESG, adapt\u00e9s aux besoins et au r\u00f4le et responsabilit\u00e9 des travailleurs, est \u00e9galement n\u00e9cessaire en vue d\u2019impliquer les employ\u00e9s dans la strat\u00e9gie ESG de l&rsquo;entreprise.<\/p>\n<p>En r\u00e9sum\u00e9, le sentiment, pour un travailleur, d&rsquo;exercer un emploi qui a du sens ne d\u00e9pend pas seulement du contenu de son travail, mais \u00e9galement de la compr\u00e9hension de son r\u00f4le dans la r\u00e9alisation des objectifs durables de l&rsquo;entreprise, et donc de sa contribution positive \u00e0 la soci\u00e9t\u00e9.<\/p>\n<p><strong><em>Une politique de r\u00e9mun\u00e9ration qui contribue \u00e0 l\u2019accomplissement de la strat\u00e9gie ESG<\/em> <\/strong><\/p>\n<p>La strat\u00e9gie ESG d\u2019une entreprise aura un impact sur sa philosophie de r\u00e9mun\u00e9ration, mais son impl\u00e9mentation sera diff\u00e9rente d&rsquo;une entreprise \u00e0 l&rsquo;autre. Les sp\u00e9cialistes RH et Comp&amp;Ben doivent comprendre la strat\u00e9gie et les objectifs ESG de l\u2019entreprise afin d&rsquo;aligner les politiques, les processus et les pratiques de r\u00e9mun\u00e9ration. Ainsi, il n\u2019est pas rare de lier la r\u00e9mun\u00e9ration des dirigeants (voire m\u00eame du personnel) \u00e0 la r\u00e9alisation de certains indicateurs cl\u00e9s de performance (KPIs) ESG.<\/p>\n<p>Par ailleurs, un salaire juste et \u00e9quitable, un travail \u00e9panouissant et la possibilit\u00e9 d&rsquo;\u00eatre soi-m\u00eame au travail font partie des \u00e9l\u00e9ments non discutables \u00e0 offrir aux travailleurs. Le bien-\u00eatre des travailleurs se doit d\u2019\u00eatre la priorit\u00e9, en particulier dans un mod\u00e8le de travail hybride. Le choix des avantages offerts aux travailleurs (vacances illimit\u00e9es, semaines de 4 jours, etc.) contribue directement au bien-\u00eatre des travailleurs. La g\u00e9n\u00e9ralisation du travail \u00e0 domicile entra\u00eene \u00e9galement un changement culturel sur la fa\u00e7on d\u2019aborder la mobilit\u00e9. C&rsquo;est pourquoi un plan d&rsquo;avantages sociaux flexible, permettant aux employ\u00e9s d&rsquo;adapter leurs avantages \u00e0 leurs besoins est souvent tr\u00e8s appr\u00e9ci\u00e9. L&#8217;employeur peut y int\u00e9grer des m\u00e9canismes visant \u00e0 encourager l\u2019usage de solutions de mobilit\u00e9 plus \u00e9cologiques que la voiture, aidant ainsi au respect de ses engagements environnementaux.<\/p>\n<p><strong><em>Conclusion<\/em><\/strong><\/p>\n<p>Dans la guerre des talents, les entreprises ne doivent pas oublier leur strat\u00e9gie ESG. Quelques conseils: Fixez des objectifs clairs et tenez vos engagements. Impliquez vos employ\u00e9s dans votre strat\u00e9gie ESG \u00e0 l\u2019aide d\u2019une communication efficace, de programmes de formation, et soyez clair sur la fa\u00e7on dont vos employ\u00e9s peuvent contribuer au d\u00e9ploiement de votre strat\u00e9gie ESG. Investissez dans des programmes ax\u00e9s sur le bien-\u00eatre au travail, dans la mise en place de modalit\u00e9s de travail flexibles, dans un plan de carri\u00e8re clair. Repensez votre approche de la r\u00e9mun\u00e9ration et de la reconnaissance de vos employ\u00e9s de mani\u00e8re flexible et innovante, en vous concentrant sur des avantages personnalis\u00e9s.<\/p>\n<div><span style=\"font-family: georgia, serif;\"><b>Contributeur : Aurore Zadeling<\/b><\/span><\/div>\n<div><span style=\"color: #000000; font-family: georgia, serif;\">PwC | Senior Manager Reward &amp; Personal Income Tax<\/span><\/div>\n","protected":false},"excerpt":{"rendered":"<p>Ce n\u2019est pas un secret: la r\u00e9ussite de votre organisation d\u00e9pend de votre capital humain. Dans un paysage actuel des plus incertain, marqu\u00e9 par une inflation historique ainsi qu\u2019une incertitude g\u00e9opolitique et une crise \u00e9nerg\u00e9tique sans pr\u00e9c\u00e9dent, la disponibilit\u00e9 de [&hellip;]<\/p>\n","protected":false},"author":2,"featured_media":13740,"comment_status":"closed","ping_status":"open","sticky":false,"template":"","format":"standard","meta":[],"categories":[65,62,10,2],"tags":[823,3749,269,218,1017,30,299],"yoast_head":"<!-- This site is optimized with the Yoast SEO plugin v21.0 - https:\/\/yoast.com\/wordpress\/plugins\/seo\/ -->\n<title>ESG dans la guerre des talents : quel lien entre d\u00e9veloppement durable et strat\u00e9gie de r\u00e9tention? - Peoplesphere<\/title>\n<meta name=\"robots\" content=\"index, follow, max-snippet:-1, max-image-preview:large, max-video-preview:-1\" \/>\n<link rel=\"canonical\" href=\"https:\/\/peoplesphere.be\/fr\/esg-guerre-talents-lien-entre-developpement-durable-strategie-de-retention\/\" \/>\n<meta property=\"og:locale\" content=\"fr_FR\" \/>\n<meta property=\"og:type\" content=\"article\" \/>\n<meta property=\"og:title\" content=\"ESG dans la guerre des talents : quel lien entre d\u00e9veloppement durable et strat\u00e9gie de r\u00e9tention? - Peoplesphere\" \/>\n<meta property=\"og:description\" content=\"Ce n\u2019est pas un secret: la r\u00e9ussite de votre organisation d\u00e9pend de votre capital humain. Dans un paysage actuel des plus incertain, marqu\u00e9 par une inflation historique ainsi qu\u2019une incertitude g\u00e9opolitique et une crise \u00e9nerg\u00e9tique sans pr\u00e9c\u00e9dent, la disponibilit\u00e9 de [&hellip;]\" \/>\n<meta property=\"og:url\" content=\"https:\/\/peoplesphere.be\/fr\/esg-guerre-talents-lien-entre-developpement-durable-strategie-de-retention\/\" \/>\n<meta property=\"og:site_name\" content=\"Peoplesphere\" \/>\n<meta property=\"article:publisher\" content=\"https:\/\/www.facebook.com\/peoplesphere\" \/>\n<meta property=\"article:published_time\" content=\"2022-11-29T09:03:12+00:00\" \/>\n<meta property=\"og:image\" content=\"https:\/\/peoplesphere.be\/fr\/wp-content\/uploads\/2022\/11\/Visual-Peoplesphere-article-november.png\" \/>\n\t<meta property=\"og:image:width\" content=\"600\" \/>\n\t<meta property=\"og:image:height\" content=\"338\" \/>\n\t<meta property=\"og:image:type\" content=\"image\/png\" \/>\n<meta name=\"author\" content=\"Jean-Paul Erhard\" \/>\n<meta name=\"twitter:card\" content=\"summary_large_image\" \/>\n<meta name=\"twitter:creator\" content=\"@PeoplesphereMag\" \/>\n<meta name=\"twitter:site\" content=\"@PeoplesphereMag\" \/>\n<meta name=\"twitter:label1\" content=\"\u00c9crit par\" \/>\n\t<meta name=\"twitter:data1\" content=\"Jean-Paul Erhard\" \/>\n\t<meta name=\"twitter:label2\" content=\"Dur\u00e9e de lecture estim\u00e9e\" \/>\n\t<meta name=\"twitter:data2\" content=\"5 minutes\" \/>\n<script type=\"application\/ld+json\" class=\"yoast-schema-graph\">{\"@context\":\"https:\/\/schema.org\",\"@graph\":[{\"@type\":\"Article\",\"@id\":\"https:\/\/peoplesphere.be\/fr\/esg-guerre-talents-lien-entre-developpement-durable-strategie-de-retention\/#article\",\"isPartOf\":{\"@id\":\"https:\/\/peoplesphere.be\/fr\/esg-guerre-talents-lien-entre-developpement-durable-strategie-de-retention\/\"},\"author\":{\"name\":\"Jean-Paul Erhard\",\"@id\":\"https:\/\/peoplesphere.be\/fr\/#\/schema\/person\/7976225ff17988604334abb7b3536a7e\"},\"headline\":\"ESG dans la guerre des talents : quel lien entre d\u00e9veloppement durable et strat\u00e9gie de r\u00e9tention?\",\"datePublished\":\"2022-11-29T09:03:12+00:00\",\"dateModified\":\"2022-11-29T09:03:12+00:00\",\"mainEntityOfPage\":{\"@id\":\"https:\/\/peoplesphere.be\/fr\/esg-guerre-talents-lien-entre-developpement-durable-strategie-de-retention\/\"},\"wordCount\":988,\"publisher\":{\"@id\":\"https:\/\/peoplesphere.be\/fr\/#organization\"},\"keywords\":[\"d\u00e9veloppement durable\",\"ESG\",\"gouvernance\",\"guerre des talents\",\"PwC\",\"r\u00e9mun\u00e9ration\",\"r\u00e9tention\"],\"articleSection\":[\"Actualit\u00e9s\",\"Articles\",\"Digital\",\"Magazine\"],\"inLanguage\":\"fr-FR\"},{\"@type\":\"WebPage\",\"@id\":\"https:\/\/peoplesphere.be\/fr\/esg-guerre-talents-lien-entre-developpement-durable-strategie-de-retention\/\",\"url\":\"https:\/\/peoplesphere.be\/fr\/esg-guerre-talents-lien-entre-developpement-durable-strategie-de-retention\/\",\"name\":\"ESG dans la guerre des talents : quel lien entre d\u00e9veloppement durable et strat\u00e9gie de r\u00e9tention? - Peoplesphere\",\"isPartOf\":{\"@id\":\"https:\/\/peoplesphere.be\/fr\/#website\"},\"datePublished\":\"2022-11-29T09:03:12+00:00\",\"dateModified\":\"2022-11-29T09:03:12+00:00\",\"breadcrumb\":{\"@id\":\"https:\/\/peoplesphere.be\/fr\/esg-guerre-talents-lien-entre-developpement-durable-strategie-de-retention\/#breadcrumb\"},\"inLanguage\":\"fr-FR\",\"potentialAction\":[{\"@type\":\"ReadAction\",\"target\":[\"https:\/\/peoplesphere.be\/fr\/esg-guerre-talents-lien-entre-developpement-durable-strategie-de-retention\/\"]}]},{\"@type\":\"BreadcrumbList\",\"@id\":\"https:\/\/peoplesphere.be\/fr\/esg-guerre-talents-lien-entre-developpement-durable-strategie-de-retention\/#breadcrumb\",\"itemListElement\":[{\"@type\":\"ListItem\",\"position\":1,\"name\":\"Accueil\",\"item\":\"https:\/\/peoplesphere.be\/fr\/\"},{\"@type\":\"ListItem\",\"position\":2,\"name\":\"ESG dans la guerre des talents : quel lien entre d\u00e9veloppement durable et strat\u00e9gie de r\u00e9tention?\"}]},{\"@type\":\"WebSite\",\"@id\":\"https:\/\/peoplesphere.be\/fr\/#website\",\"url\":\"https:\/\/peoplesphere.be\/fr\/\",\"name\":\"Peoplesphere\",\"description\":\"The People Managers Magazine\",\"publisher\":{\"@id\":\"https:\/\/peoplesphere.be\/fr\/#organization\"},\"potentialAction\":[{\"@type\":\"SearchAction\",\"target\":{\"@type\":\"EntryPoint\",\"urlTemplate\":\"https:\/\/peoplesphere.be\/fr\/?s={search_term_string}\"},\"query-input\":\"required name=search_term_string\"}],\"inLanguage\":\"fr-FR\"},{\"@type\":\"Organization\",\"@id\":\"https:\/\/peoplesphere.be\/fr\/#organization\",\"name\":\"Peoplesphere Company srl\",\"url\":\"https:\/\/peoplesphere.be\/fr\/\",\"logo\":{\"@type\":\"ImageObject\",\"inLanguage\":\"fr-FR\",\"@id\":\"https:\/\/peoplesphere.be\/fr\/#\/schema\/logo\/image\/\",\"url\":\"https:\/\/peoplesphere.be\/fr\/wp-content\/uploads\/2023\/07\/peoplesphere-lgo-new-generik.jpg\",\"contentUrl\":\"https:\/\/peoplesphere.be\/fr\/wp-content\/uploads\/2023\/07\/peoplesphere-lgo-new-generik.jpg\",\"width\":1031,\"height\":1479,\"caption\":\"Peoplesphere Company srl\"},\"image\":{\"@id\":\"https:\/\/peoplesphere.be\/fr\/#\/schema\/logo\/image\/\"},\"sameAs\":[\"https:\/\/www.facebook.com\/peoplesphere\",\"https:\/\/twitter.com\/PeoplesphereMag\",\"https:\/\/www.linkedin.com\/company\/7587361?trk\",\"http:\/\/youtube.com\/peoplesphere\"]},{\"@type\":\"Person\",\"@id\":\"https:\/\/peoplesphere.be\/fr\/#\/schema\/person\/7976225ff17988604334abb7b3536a7e\",\"name\":\"Jean-Paul Erhard\",\"image\":{\"@type\":\"ImageObject\",\"inLanguage\":\"fr-FR\",\"@id\":\"https:\/\/peoplesphere.be\/fr\/#\/schema\/person\/image\/\",\"url\":\"https:\/\/secure.gravatar.com\/avatar\/f941e681460179738071629a51574930?s=96&d=mm&r=g\",\"contentUrl\":\"https:\/\/secure.gravatar.com\/avatar\/f941e681460179738071629a51574930?s=96&d=mm&r=g\",\"caption\":\"Jean-Paul Erhard\"},\"url\":\"https:\/\/peoplesphere.be\/fr\/author\/jpe\/\"}]}<\/script>\n<!-- \/ Yoast SEO plugin. -->","yoast_head_json":{"title":"ESG dans la guerre des talents : quel lien entre d\u00e9veloppement durable et strat\u00e9gie de r\u00e9tention? - Peoplesphere","robots":{"index":"index","follow":"follow","max-snippet":"max-snippet:-1","max-image-preview":"max-image-preview:large","max-video-preview":"max-video-preview:-1"},"canonical":"https:\/\/peoplesphere.be\/fr\/esg-guerre-talents-lien-entre-developpement-durable-strategie-de-retention\/","og_locale":"fr_FR","og_type":"article","og_title":"ESG dans la guerre des talents : quel lien entre d\u00e9veloppement durable et strat\u00e9gie de r\u00e9tention? - Peoplesphere","og_description":"Ce n\u2019est pas un secret: la r\u00e9ussite de votre organisation d\u00e9pend de votre capital humain. Dans un paysage actuel des plus incertain, marqu\u00e9 par une inflation historique ainsi qu\u2019une incertitude g\u00e9opolitique et une crise \u00e9nerg\u00e9tique sans pr\u00e9c\u00e9dent, la disponibilit\u00e9 de [&hellip;]","og_url":"https:\/\/peoplesphere.be\/fr\/esg-guerre-talents-lien-entre-developpement-durable-strategie-de-retention\/","og_site_name":"Peoplesphere","article_publisher":"https:\/\/www.facebook.com\/peoplesphere","article_published_time":"2022-11-29T09:03:12+00:00","og_image":[{"width":600,"height":338,"url":"https:\/\/peoplesphere.be\/fr\/wp-content\/uploads\/2022\/11\/Visual-Peoplesphere-article-november.png","type":"image\/png"}],"author":"Jean-Paul Erhard","twitter_card":"summary_large_image","twitter_creator":"@PeoplesphereMag","twitter_site":"@PeoplesphereMag","twitter_misc":{"\u00c9crit par":"Jean-Paul Erhard","Dur\u00e9e de lecture estim\u00e9e":"5 minutes"},"schema":{"@context":"https:\/\/schema.org","@graph":[{"@type":"Article","@id":"https:\/\/peoplesphere.be\/fr\/esg-guerre-talents-lien-entre-developpement-durable-strategie-de-retention\/#article","isPartOf":{"@id":"https:\/\/peoplesphere.be\/fr\/esg-guerre-talents-lien-entre-developpement-durable-strategie-de-retention\/"},"author":{"name":"Jean-Paul Erhard","@id":"https:\/\/peoplesphere.be\/fr\/#\/schema\/person\/7976225ff17988604334abb7b3536a7e"},"headline":"ESG dans la guerre des talents : quel lien entre d\u00e9veloppement durable et strat\u00e9gie de r\u00e9tention?","datePublished":"2022-11-29T09:03:12+00:00","dateModified":"2022-11-29T09:03:12+00:00","mainEntityOfPage":{"@id":"https:\/\/peoplesphere.be\/fr\/esg-guerre-talents-lien-entre-developpement-durable-strategie-de-retention\/"},"wordCount":988,"publisher":{"@id":"https:\/\/peoplesphere.be\/fr\/#organization"},"keywords":["d\u00e9veloppement durable","ESG","gouvernance","guerre des talents","PwC","r\u00e9mun\u00e9ration","r\u00e9tention"],"articleSection":["Actualit\u00e9s","Articles","Digital","Magazine"],"inLanguage":"fr-FR"},{"@type":"WebPage","@id":"https:\/\/peoplesphere.be\/fr\/esg-guerre-talents-lien-entre-developpement-durable-strategie-de-retention\/","url":"https:\/\/peoplesphere.be\/fr\/esg-guerre-talents-lien-entre-developpement-durable-strategie-de-retention\/","name":"ESG dans la guerre des talents : quel lien entre d\u00e9veloppement durable et strat\u00e9gie de r\u00e9tention? - Peoplesphere","isPartOf":{"@id":"https:\/\/peoplesphere.be\/fr\/#website"},"datePublished":"2022-11-29T09:03:12+00:00","dateModified":"2022-11-29T09:03:12+00:00","breadcrumb":{"@id":"https:\/\/peoplesphere.be\/fr\/esg-guerre-talents-lien-entre-developpement-durable-strategie-de-retention\/#breadcrumb"},"inLanguage":"fr-FR","potentialAction":[{"@type":"ReadAction","target":["https:\/\/peoplesphere.be\/fr\/esg-guerre-talents-lien-entre-developpement-durable-strategie-de-retention\/"]}]},{"@type":"BreadcrumbList","@id":"https:\/\/peoplesphere.be\/fr\/esg-guerre-talents-lien-entre-developpement-durable-strategie-de-retention\/#breadcrumb","itemListElement":[{"@type":"ListItem","position":1,"name":"Accueil","item":"https:\/\/peoplesphere.be\/fr\/"},{"@type":"ListItem","position":2,"name":"ESG dans la guerre des talents : quel lien entre d\u00e9veloppement durable et strat\u00e9gie de r\u00e9tention?"}]},{"@type":"WebSite","@id":"https:\/\/peoplesphere.be\/fr\/#website","url":"https:\/\/peoplesphere.be\/fr\/","name":"Peoplesphere","description":"The People Managers Magazine","publisher":{"@id":"https:\/\/peoplesphere.be\/fr\/#organization"},"potentialAction":[{"@type":"SearchAction","target":{"@type":"EntryPoint","urlTemplate":"https:\/\/peoplesphere.be\/fr\/?s={search_term_string}"},"query-input":"required name=search_term_string"}],"inLanguage":"fr-FR"},{"@type":"Organization","@id":"https:\/\/peoplesphere.be\/fr\/#organization","name":"Peoplesphere Company srl","url":"https:\/\/peoplesphere.be\/fr\/","logo":{"@type":"ImageObject","inLanguage":"fr-FR","@id":"https:\/\/peoplesphere.be\/fr\/#\/schema\/logo\/image\/","url":"https:\/\/peoplesphere.be\/fr\/wp-content\/uploads\/2023\/07\/peoplesphere-lgo-new-generik.jpg","contentUrl":"https:\/\/peoplesphere.be\/fr\/wp-content\/uploads\/2023\/07\/peoplesphere-lgo-new-generik.jpg","width":1031,"height":1479,"caption":"Peoplesphere Company srl"},"image":{"@id":"https:\/\/peoplesphere.be\/fr\/#\/schema\/logo\/image\/"},"sameAs":["https:\/\/www.facebook.com\/peoplesphere","https:\/\/twitter.com\/PeoplesphereMag","https:\/\/www.linkedin.com\/company\/7587361?trk","http:\/\/youtube.com\/peoplesphere"]},{"@type":"Person","@id":"https:\/\/peoplesphere.be\/fr\/#\/schema\/person\/7976225ff17988604334abb7b3536a7e","name":"Jean-Paul Erhard","image":{"@type":"ImageObject","inLanguage":"fr-FR","@id":"https:\/\/peoplesphere.be\/fr\/#\/schema\/person\/image\/","url":"https:\/\/secure.gravatar.com\/avatar\/f941e681460179738071629a51574930?s=96&d=mm&r=g","contentUrl":"https:\/\/secure.gravatar.com\/avatar\/f941e681460179738071629a51574930?s=96&d=mm&r=g","caption":"Jean-Paul Erhard"},"url":"https:\/\/peoplesphere.be\/fr\/author\/jpe\/"}]}},"_links":{"self":[{"href":"https:\/\/peoplesphere.be\/fr\/wp-json\/wp\/v2\/posts\/13738"}],"collection":[{"href":"https:\/\/peoplesphere.be\/fr\/wp-json\/wp\/v2\/posts"}],"about":[{"href":"https:\/\/peoplesphere.be\/fr\/wp-json\/wp\/v2\/types\/post"}],"author":[{"embeddable":true,"href":"https:\/\/peoplesphere.be\/fr\/wp-json\/wp\/v2\/users\/2"}],"replies":[{"embeddable":true,"href":"https:\/\/peoplesphere.be\/fr\/wp-json\/wp\/v2\/comments?post=13738"}],"version-history":[{"count":1,"href":"https:\/\/peoplesphere.be\/fr\/wp-json\/wp\/v2\/posts\/13738\/revisions"}],"predecessor-version":[{"id":13741,"href":"https:\/\/peoplesphere.be\/fr\/wp-json\/wp\/v2\/posts\/13738\/revisions\/13741"}],"wp:featuredmedia":[{"embeddable":true,"href":"https:\/\/peoplesphere.be\/fr\/wp-json\/wp\/v2\/media\/13740"}],"wp:attachment":[{"href":"https:\/\/peoplesphere.be\/fr\/wp-json\/wp\/v2\/media?parent=13738"}],"wp:term":[{"taxonomy":"category","embeddable":true,"href":"https:\/\/peoplesphere.be\/fr\/wp-json\/wp\/v2\/categories?post=13738"},{"taxonomy":"post_tag","embeddable":true,"href":"https:\/\/peoplesphere.be\/fr\/wp-json\/wp\/v2\/tags?post=13738"}],"curies":[{"name":"wp","href":"https:\/\/api.w.org\/{rel}","templated":true}]}}