









{"id":13785,"date":"2022-12-09T08:05:44","date_gmt":"2022-12-09T06:05:44","guid":{"rendered":"https:\/\/peoplesphere.be\/fr\/?p=13785"},"modified":"2022-12-09T08:12:11","modified_gmt":"2022-12-09T06:12:11","slug":"rapport-tendances-2023-bien-etre-durabilite-penser-a-agir-objectifs-de-developpement-durable-quils-ne-deviennent-obligatoires","status":"publish","type":"post","link":"https:\/\/peoplesphere.be\/fr\/rapport-tendances-2023-bien-etre-durabilite-penser-a-agir-objectifs-de-developpement-durable-quils-ne-deviennent-obligatoires\/","title":{"rendered":"Rapport des Tendances 2023 \u2018Bien-\u00eatre &#038; Durabilit\u00e9\u2019: penser \u00e0 agir avant que les Objectifs de D\u00e9veloppement Durable avant qu&rsquo;ils ne deviennent obligatoires."},"content":{"rendered":"<p>Un point de non-retour positif a \u00e9t\u00e9 atteint. Pouss\u00e9es par le changement climatique, la pand\u00e9mie et la crise \u00e9nerg\u00e9tique, de plus en plus d&rsquo;entreprises prennent conscience qu&rsquo;entreprendre durablement n&rsquo;est plus une option mais une n\u00e9cessit\u00e9. B-Tonic, filiale de Baloise, dresse dans ce Rapport des Tendances 2023 \u2018Bien-\u00eatre &amp; Durabilit\u00e9\u2019 la feuille de route vers un avenir prosp\u00e8re et durable pour les entreprises. <!--more--><\/p>\n<p>L&rsquo;analyste de tendances Herman Konings transpose cet avenir dans le pr\u00e9sent \u00e0 l&rsquo;aide de quelques tendances notables au niveau international.<\/p>\n<p><strong><em>Principaux enseignements du Rapport des Tendances :<\/em><\/strong><\/p>\n<ul>\n<li>Les Objectifs de D\u00e9veloppement Durable ouvrent des opportunit\u00e9s (de march\u00e9) pour plus de 11 milliards d&rsquo;euros par an.<\/li>\n<li>86 % des citoyens attendent des CEO qu\u2019ils s\u2019expriment publiquement sur des d\u00e9fis soci\u00e9taux.<\/li>\n<li>68 % des collaborateurs et 81 % des top managers pr\u00e9f\u00e8rent un meilleur bien-\u00eatre \u00e0 une progression sur l\u2019\u00e9chelle de leur carri\u00e8re.<\/li>\n<li>59 % des collaborateurs changent d\u2019emploi si les conditions de travail sont meilleures ailleurs.<\/li>\n<li>Lorsque les collaborateurs se sentent enthousiastes, il en r\u00e9sulte une augmentation de 33 % des b\u00e9n\u00e9fices et une diminution de 125 % des burn-out.<\/li>\n<li>D\u2019ici 2026, un quart des personnes passeront au moins une heure par jour dans le metaverse. Les services dans les mondes virtuels injecteront environ 1,5 milliard d\u2019euros dans l\u2019\u00e9conomie mondiale d\u2019ici la fin de la d\u00e9cennie.<\/li>\n<\/ul>\n<p>Le pourquoi de ce Rapport des Tendances est aussi actuel que crucial : placez aujourd&rsquo;hui l&rsquo;humain et l&rsquo;environnement au centre de toutes vos activit\u00e9s pour rester pertinent demain. Comment? En suivant les Objectifs de D\u00e9veloppement Durable (ODD) des Nations unies. Ils deviendront obligatoires \u00e0 partir de 2030 et nous indiquent la voie \u00e0 suivre.<br \/>\nLe temps de la libert\u00e9 sans limites est bel et bien r\u00e9volu. Aujourd&rsquo;hui d\u00e9j\u00e0, de plus en plus de gouvernements, du niveau europ\u00e9en au niveau local, obligent les entreprises et les organisations \u00e0 rendre leur strat\u00e9gie et leur politique respectueuses des crit\u00e8res ESG. Pour formuler les choses de mani\u00e8re compr\u00e9hensible : veillez \u00e0 contribuer, en tant qu\u2019entreprise, \u00e0 l\u2019environnement et \u00e0 agir de mani\u00e8re \u00e9cologique (Environment), \u00e0 traiter votre capital humain avec soin (Social) et \u00e0 g\u00e9rer correctement votre organisation (Governance).<\/p>\n<p><strong><em>La \u2018guerre du bien-\u00eatre\u2019<\/em><\/strong><\/p>\n<p>Le Rapport des Tendances avance aussi une bonne raison suppl\u00e9mentaire d&rsquo;associer bien-\u00eatre et durabilit\u00e9. En effet, on constate en pratique que la politique que m\u00e8ne une entreprise en mati\u00e8re d&rsquo;ESG ou de durabilit\u00e9 a un impact direct sur le bien-\u00eatre de ses collaborateurs. La boucle est boucl\u00e9e : plus l&rsquo;entreprise ou l&rsquo;organisation op\u00e8re de mani\u00e8re durable ou dans le respect des crit\u00e8res ESG, plus l&rsquo;impact sur le bien-\u00eatre de son capital humain (et social) est positif, lequel alimente \u00e0 son tour la croissance et la prosp\u00e9rit\u00e9 de l&rsquo;organisation. Le bien-\u00eatre devient ainsi une arme puissante dans la lutte pour une &#8217;employer brand&rsquo; attrayante. Autrement dit, derri\u00e8re la ligne de front de l&rsquo;actuelle \u2018guerre des talents\u2019 se cache une v\u00e9ritable \u2018guerre du bien-\u00eatre\u2019.<\/p>\n<p><strong><em>Investir dans une politique de bien-\u00eatre durable<\/em><\/strong><\/p>\n<p>Baloise croit au pouvoir d&rsquo;une politique de bien-\u00eatre durable. C&rsquo;est pourquoi un projet pilote a \u00e9t\u00e9 lanc\u00e9 pour permettre aux grandes entreprises qui ont une assurance accidents du travail chez Baloise de convertir leur participation b\u00e9n\u00e9ficiaire en solutions de bien-\u00eatre pour leurs collaborateurs.<\/p>\n<p>Gr\u00e2ce \u00e0 ce projet pilote unique, un certain nombre de clients pr\u00e9sentant un ratio de sinistralit\u00e9 positif peuvent faire le choix d&rsquo;utiliser le montant de leur participation b\u00e9n\u00e9ficiaire chez B-Tonic. Les entreprises qui font ce choix b\u00e9n\u00e9ficient en outre d&rsquo;un bonus. Elles en re\u00e7oivent donc plus pour leur argent. Elles peuvent s&rsquo;adresser \u00e0 B-Tonic pour faire analyser leurs initiatives en mati\u00e8re de durabilit\u00e9 et de bien-\u00eatre et pour \u00e9laborer une vision \u00e0 long terme, ou pour obtenir des solutions concr\u00e8tes en mati\u00e8re de bien-\u00eatre adapt\u00e9es \u00e0 leurs collaborateurs.<br \/>\nChristophe Hamal, CEO de Baloise en Belgique : \u00ab\u00a0<em>Investir dans une politique de bien-\u00eatre structurelle et durable influe positivement sur le bonheur et la motivation des travailleurs. Et cela se traduit en fin de compte par un impact positif sur la productivit\u00e9 des entreprises, sur la satisfaction des clients et sur la soci\u00e9t\u00e9 dans son ensemble.\u00a0\u00bb<\/em><\/p>\n","protected":false},"excerpt":{"rendered":"<p>Un point de non-retour positif a \u00e9t\u00e9 atteint. Pouss\u00e9es par le changement climatique, la pand\u00e9mie et la crise \u00e9nerg\u00e9tique, de plus en plus d&rsquo;entreprises prennent conscience qu&rsquo;entreprendre durablement n&rsquo;est plus une option mais une n\u00e9cessit\u00e9. B-Tonic, filiale de Baloise, dresse [&hellip;]<\/p>\n","protected":false},"author":2,"featured_media":11861,"comment_status":"closed","ping_status":"open","sticky":false,"template":"","format":"standard","meta":[],"categories":[65,10],"tags":[96,20,1360,2690,2624],"yoast_head":"<!-- This site is optimized with the Yoast SEO plugin v21.0 - https:\/\/yoast.com\/wordpress\/plugins\/seo\/ -->\n<title>Rapport des Tendances 2023 \u2018Bien-\u00eatre &amp; Durabilit\u00e9\u2019: penser \u00e0 agir avant que les Objectifs de D\u00e9veloppement Durable avant qu&#039;ils ne deviennent obligatoires. - Peoplesphere<\/title>\n<meta name=\"robots\" content=\"index, follow, max-snippet:-1, max-image-preview:large, max-video-preview:-1\" \/>\n<link rel=\"canonical\" href=\"https:\/\/peoplesphere.be\/fr\/rapport-tendances-2023-bien-etre-durabilite-penser-a-agir-objectifs-de-developpement-durable-quils-ne-deviennent-obligatoires\/\" \/>\n<meta property=\"og:locale\" content=\"fr_FR\" \/>\n<meta property=\"og:type\" content=\"article\" \/>\n<meta property=\"og:title\" content=\"Rapport des Tendances 2023 \u2018Bien-\u00eatre &amp; Durabilit\u00e9\u2019: penser \u00e0 agir avant que les Objectifs de D\u00e9veloppement Durable avant qu&#039;ils ne deviennent obligatoires. - Peoplesphere\" \/>\n<meta property=\"og:description\" content=\"Un point de non-retour positif a \u00e9t\u00e9 atteint. Pouss\u00e9es par le changement climatique, la pand\u00e9mie et la crise \u00e9nerg\u00e9tique, de plus en plus d&rsquo;entreprises prennent conscience qu&rsquo;entreprendre durablement n&rsquo;est plus une option mais une n\u00e9cessit\u00e9. B-Tonic, filiale de Baloise, dresse [&hellip;]\" \/>\n<meta property=\"og:url\" content=\"https:\/\/peoplesphere.be\/fr\/rapport-tendances-2023-bien-etre-durabilite-penser-a-agir-objectifs-de-developpement-durable-quils-ne-deviennent-obligatoires\/\" \/>\n<meta property=\"og:site_name\" content=\"Peoplesphere\" \/>\n<meta property=\"article:publisher\" content=\"https:\/\/www.facebook.com\/peoplesphere\" \/>\n<meta property=\"article:published_time\" content=\"2022-12-09T06:05:44+00:00\" \/>\n<meta property=\"article:modified_time\" content=\"2022-12-09T06:12:11+00:00\" \/>\n<meta property=\"og:image\" content=\"https:\/\/peoplesphere.be\/fr\/wp-content\/uploads\/2021\/09\/ravi-roshan-_AdUs32i0jc-unsplash.jpg\" \/>\n\t<meta property=\"og:image:width\" content=\"1500\" \/>\n\t<meta property=\"og:image:height\" content=\"843\" \/>\n\t<meta property=\"og:image:type\" content=\"image\/jpeg\" \/>\n<meta name=\"author\" content=\"Jean-Paul Erhard\" \/>\n<meta name=\"twitter:card\" content=\"summary_large_image\" \/>\n<meta name=\"twitter:creator\" content=\"@PeoplesphereMag\" \/>\n<meta name=\"twitter:site\" content=\"@PeoplesphereMag\" \/>\n<meta name=\"twitter:label1\" content=\"\u00c9crit par\" \/>\n\t<meta name=\"twitter:data1\" content=\"Jean-Paul Erhard\" \/>\n\t<meta name=\"twitter:label2\" content=\"Dur\u00e9e de lecture estim\u00e9e\" \/>\n\t<meta name=\"twitter:data2\" content=\"4 minutes\" \/>\n<script type=\"application\/ld+json\" class=\"yoast-schema-graph\">{\"@context\":\"https:\/\/schema.org\",\"@graph\":[{\"@type\":\"Article\",\"@id\":\"https:\/\/peoplesphere.be\/fr\/rapport-tendances-2023-bien-etre-durabilite-penser-a-agir-objectifs-de-developpement-durable-quils-ne-deviennent-obligatoires\/#article\",\"isPartOf\":{\"@id\":\"https:\/\/peoplesphere.be\/fr\/rapport-tendances-2023-bien-etre-durabilite-penser-a-agir-objectifs-de-developpement-durable-quils-ne-deviennent-obligatoires\/\"},\"author\":{\"name\":\"Jean-Paul Erhard\",\"@id\":\"https:\/\/peoplesphere.be\/fr\/#\/schema\/person\/7976225ff17988604334abb7b3536a7e\"},\"headline\":\"Rapport des Tendances 2023 \u2018Bien-\u00eatre &#038; Durabilit\u00e9\u2019: penser \u00e0 agir avant que les Objectifs de D\u00e9veloppement Durable avant qu&rsquo;ils ne deviennent obligatoires.\",\"datePublished\":\"2022-12-09T06:05:44+00:00\",\"dateModified\":\"2022-12-09T06:12:11+00:00\",\"mainEntityOfPage\":{\"@id\":\"https:\/\/peoplesphere.be\/fr\/rapport-tendances-2023-bien-etre-durabilite-penser-a-agir-objectifs-de-developpement-durable-quils-ne-deviennent-obligatoires\/\"},\"wordCount\":732,\"publisher\":{\"@id\":\"https:\/\/peoplesphere.be\/fr\/#organization\"},\"keywords\":[\"bien-\u00eatre\",\"Burn-out\",\"capital humain\",\"durabilit\u00e9\",\"ODD\"],\"articleSection\":[\"Actualit\u00e9s\",\"Digital\"],\"inLanguage\":\"fr-FR\"},{\"@type\":\"WebPage\",\"@id\":\"https:\/\/peoplesphere.be\/fr\/rapport-tendances-2023-bien-etre-durabilite-penser-a-agir-objectifs-de-developpement-durable-quils-ne-deviennent-obligatoires\/\",\"url\":\"https:\/\/peoplesphere.be\/fr\/rapport-tendances-2023-bien-etre-durabilite-penser-a-agir-objectifs-de-developpement-durable-quils-ne-deviennent-obligatoires\/\",\"name\":\"Rapport des Tendances 2023 \u2018Bien-\u00eatre & Durabilit\u00e9\u2019: penser \u00e0 agir avant que les Objectifs de D\u00e9veloppement Durable avant qu'ils ne deviennent obligatoires. - Peoplesphere\",\"isPartOf\":{\"@id\":\"https:\/\/peoplesphere.be\/fr\/#website\"},\"datePublished\":\"2022-12-09T06:05:44+00:00\",\"dateModified\":\"2022-12-09T06:12:11+00:00\",\"breadcrumb\":{\"@id\":\"https:\/\/peoplesphere.be\/fr\/rapport-tendances-2023-bien-etre-durabilite-penser-a-agir-objectifs-de-developpement-durable-quils-ne-deviennent-obligatoires\/#breadcrumb\"},\"inLanguage\":\"fr-FR\",\"potentialAction\":[{\"@type\":\"ReadAction\",\"target\":[\"https:\/\/peoplesphere.be\/fr\/rapport-tendances-2023-bien-etre-durabilite-penser-a-agir-objectifs-de-developpement-durable-quils-ne-deviennent-obligatoires\/\"]}]},{\"@type\":\"BreadcrumbList\",\"@id\":\"https:\/\/peoplesphere.be\/fr\/rapport-tendances-2023-bien-etre-durabilite-penser-a-agir-objectifs-de-developpement-durable-quils-ne-deviennent-obligatoires\/#breadcrumb\",\"itemListElement\":[{\"@type\":\"ListItem\",\"position\":1,\"name\":\"Accueil\",\"item\":\"https:\/\/peoplesphere.be\/fr\/\"},{\"@type\":\"ListItem\",\"position\":2,\"name\":\"Rapport des Tendances 2023 \u2018Bien-\u00eatre &#038; Durabilit\u00e9\u2019: penser \u00e0 agir avant que les Objectifs de D\u00e9veloppement Durable avant qu&rsquo;ils ne deviennent obligatoires.\"}]},{\"@type\":\"WebSite\",\"@id\":\"https:\/\/peoplesphere.be\/fr\/#website\",\"url\":\"https:\/\/peoplesphere.be\/fr\/\",\"name\":\"Peoplesphere\",\"description\":\"The People Managers Magazine\",\"publisher\":{\"@id\":\"https:\/\/peoplesphere.be\/fr\/#organization\"},\"potentialAction\":[{\"@type\":\"SearchAction\",\"target\":{\"@type\":\"EntryPoint\",\"urlTemplate\":\"https:\/\/peoplesphere.be\/fr\/?s={search_term_string}\"},\"query-input\":\"required name=search_term_string\"}],\"inLanguage\":\"fr-FR\"},{\"@type\":\"Organization\",\"@id\":\"https:\/\/peoplesphere.be\/fr\/#organization\",\"name\":\"Peoplesphere Company srl\",\"url\":\"https:\/\/peoplesphere.be\/fr\/\",\"logo\":{\"@type\":\"ImageObject\",\"inLanguage\":\"fr-FR\",\"@id\":\"https:\/\/peoplesphere.be\/fr\/#\/schema\/logo\/image\/\",\"url\":\"https:\/\/peoplesphere.be\/fr\/wp-content\/uploads\/2023\/07\/peoplesphere-lgo-new-generik.jpg\",\"contentUrl\":\"https:\/\/peoplesphere.be\/fr\/wp-content\/uploads\/2023\/07\/peoplesphere-lgo-new-generik.jpg\",\"width\":1031,\"height\":1479,\"caption\":\"Peoplesphere Company srl\"},\"image\":{\"@id\":\"https:\/\/peoplesphere.be\/fr\/#\/schema\/logo\/image\/\"},\"sameAs\":[\"https:\/\/www.facebook.com\/peoplesphere\",\"https:\/\/twitter.com\/PeoplesphereMag\",\"https:\/\/www.linkedin.com\/company\/7587361?trk\",\"http:\/\/youtube.com\/peoplesphere\"]},{\"@type\":\"Person\",\"@id\":\"https:\/\/peoplesphere.be\/fr\/#\/schema\/person\/7976225ff17988604334abb7b3536a7e\",\"name\":\"Jean-Paul Erhard\",\"image\":{\"@type\":\"ImageObject\",\"inLanguage\":\"fr-FR\",\"@id\":\"https:\/\/peoplesphere.be\/fr\/#\/schema\/person\/image\/\",\"url\":\"https:\/\/secure.gravatar.com\/avatar\/f941e681460179738071629a51574930?s=96&d=mm&r=g\",\"contentUrl\":\"https:\/\/secure.gravatar.com\/avatar\/f941e681460179738071629a51574930?s=96&d=mm&r=g\",\"caption\":\"Jean-Paul Erhard\"},\"url\":\"https:\/\/peoplesphere.be\/fr\/author\/jpe\/\"}]}<\/script>\n<!-- \/ Yoast SEO plugin. -->","yoast_head_json":{"title":"Rapport des Tendances 2023 \u2018Bien-\u00eatre & Durabilit\u00e9\u2019: penser \u00e0 agir avant que les Objectifs de D\u00e9veloppement Durable avant qu'ils ne deviennent obligatoires. - Peoplesphere","robots":{"index":"index","follow":"follow","max-snippet":"max-snippet:-1","max-image-preview":"max-image-preview:large","max-video-preview":"max-video-preview:-1"},"canonical":"https:\/\/peoplesphere.be\/fr\/rapport-tendances-2023-bien-etre-durabilite-penser-a-agir-objectifs-de-developpement-durable-quils-ne-deviennent-obligatoires\/","og_locale":"fr_FR","og_type":"article","og_title":"Rapport des Tendances 2023 \u2018Bien-\u00eatre & Durabilit\u00e9\u2019: penser \u00e0 agir avant que les Objectifs de D\u00e9veloppement Durable avant qu'ils ne deviennent obligatoires. - Peoplesphere","og_description":"Un point de non-retour positif a \u00e9t\u00e9 atteint. Pouss\u00e9es par le changement climatique, la pand\u00e9mie et la crise \u00e9nerg\u00e9tique, de plus en plus d&rsquo;entreprises prennent conscience qu&rsquo;entreprendre durablement n&rsquo;est plus une option mais une n\u00e9cessit\u00e9. B-Tonic, filiale de Baloise, dresse [&hellip;]","og_url":"https:\/\/peoplesphere.be\/fr\/rapport-tendances-2023-bien-etre-durabilite-penser-a-agir-objectifs-de-developpement-durable-quils-ne-deviennent-obligatoires\/","og_site_name":"Peoplesphere","article_publisher":"https:\/\/www.facebook.com\/peoplesphere","article_published_time":"2022-12-09T06:05:44+00:00","article_modified_time":"2022-12-09T06:12:11+00:00","og_image":[{"width":1500,"height":843,"url":"https:\/\/peoplesphere.be\/fr\/wp-content\/uploads\/2021\/09\/ravi-roshan-_AdUs32i0jc-unsplash.jpg","type":"image\/jpeg"}],"author":"Jean-Paul Erhard","twitter_card":"summary_large_image","twitter_creator":"@PeoplesphereMag","twitter_site":"@PeoplesphereMag","twitter_misc":{"\u00c9crit par":"Jean-Paul Erhard","Dur\u00e9e de lecture estim\u00e9e":"4 minutes"},"schema":{"@context":"https:\/\/schema.org","@graph":[{"@type":"Article","@id":"https:\/\/peoplesphere.be\/fr\/rapport-tendances-2023-bien-etre-durabilite-penser-a-agir-objectifs-de-developpement-durable-quils-ne-deviennent-obligatoires\/#article","isPartOf":{"@id":"https:\/\/peoplesphere.be\/fr\/rapport-tendances-2023-bien-etre-durabilite-penser-a-agir-objectifs-de-developpement-durable-quils-ne-deviennent-obligatoires\/"},"author":{"name":"Jean-Paul Erhard","@id":"https:\/\/peoplesphere.be\/fr\/#\/schema\/person\/7976225ff17988604334abb7b3536a7e"},"headline":"Rapport des Tendances 2023 \u2018Bien-\u00eatre &#038; Durabilit\u00e9\u2019: penser \u00e0 agir avant que les Objectifs de D\u00e9veloppement Durable avant qu&rsquo;ils ne deviennent obligatoires.","datePublished":"2022-12-09T06:05:44+00:00","dateModified":"2022-12-09T06:12:11+00:00","mainEntityOfPage":{"@id":"https:\/\/peoplesphere.be\/fr\/rapport-tendances-2023-bien-etre-durabilite-penser-a-agir-objectifs-de-developpement-durable-quils-ne-deviennent-obligatoires\/"},"wordCount":732,"publisher":{"@id":"https:\/\/peoplesphere.be\/fr\/#organization"},"keywords":["bien-\u00eatre","Burn-out","capital humain","durabilit\u00e9","ODD"],"articleSection":["Actualit\u00e9s","Digital"],"inLanguage":"fr-FR"},{"@type":"WebPage","@id":"https:\/\/peoplesphere.be\/fr\/rapport-tendances-2023-bien-etre-durabilite-penser-a-agir-objectifs-de-developpement-durable-quils-ne-deviennent-obligatoires\/","url":"https:\/\/peoplesphere.be\/fr\/rapport-tendances-2023-bien-etre-durabilite-penser-a-agir-objectifs-de-developpement-durable-quils-ne-deviennent-obligatoires\/","name":"Rapport des Tendances 2023 \u2018Bien-\u00eatre & Durabilit\u00e9\u2019: penser \u00e0 agir avant que les Objectifs de D\u00e9veloppement Durable avant qu'ils ne deviennent obligatoires. - Peoplesphere","isPartOf":{"@id":"https:\/\/peoplesphere.be\/fr\/#website"},"datePublished":"2022-12-09T06:05:44+00:00","dateModified":"2022-12-09T06:12:11+00:00","breadcrumb":{"@id":"https:\/\/peoplesphere.be\/fr\/rapport-tendances-2023-bien-etre-durabilite-penser-a-agir-objectifs-de-developpement-durable-quils-ne-deviennent-obligatoires\/#breadcrumb"},"inLanguage":"fr-FR","potentialAction":[{"@type":"ReadAction","target":["https:\/\/peoplesphere.be\/fr\/rapport-tendances-2023-bien-etre-durabilite-penser-a-agir-objectifs-de-developpement-durable-quils-ne-deviennent-obligatoires\/"]}]},{"@type":"BreadcrumbList","@id":"https:\/\/peoplesphere.be\/fr\/rapport-tendances-2023-bien-etre-durabilite-penser-a-agir-objectifs-de-developpement-durable-quils-ne-deviennent-obligatoires\/#breadcrumb","itemListElement":[{"@type":"ListItem","position":1,"name":"Accueil","item":"https:\/\/peoplesphere.be\/fr\/"},{"@type":"ListItem","position":2,"name":"Rapport des Tendances 2023 \u2018Bien-\u00eatre &#038; Durabilit\u00e9\u2019: penser \u00e0 agir avant que les Objectifs de D\u00e9veloppement Durable avant qu&rsquo;ils ne deviennent obligatoires."}]},{"@type":"WebSite","@id":"https:\/\/peoplesphere.be\/fr\/#website","url":"https:\/\/peoplesphere.be\/fr\/","name":"Peoplesphere","description":"The People Managers Magazine","publisher":{"@id":"https:\/\/peoplesphere.be\/fr\/#organization"},"potentialAction":[{"@type":"SearchAction","target":{"@type":"EntryPoint","urlTemplate":"https:\/\/peoplesphere.be\/fr\/?s={search_term_string}"},"query-input":"required name=search_term_string"}],"inLanguage":"fr-FR"},{"@type":"Organization","@id":"https:\/\/peoplesphere.be\/fr\/#organization","name":"Peoplesphere Company srl","url":"https:\/\/peoplesphere.be\/fr\/","logo":{"@type":"ImageObject","inLanguage":"fr-FR","@id":"https:\/\/peoplesphere.be\/fr\/#\/schema\/logo\/image\/","url":"https:\/\/peoplesphere.be\/fr\/wp-content\/uploads\/2023\/07\/peoplesphere-lgo-new-generik.jpg","contentUrl":"https:\/\/peoplesphere.be\/fr\/wp-content\/uploads\/2023\/07\/peoplesphere-lgo-new-generik.jpg","width":1031,"height":1479,"caption":"Peoplesphere Company srl"},"image":{"@id":"https:\/\/peoplesphere.be\/fr\/#\/schema\/logo\/image\/"},"sameAs":["https:\/\/www.facebook.com\/peoplesphere","https:\/\/twitter.com\/PeoplesphereMag","https:\/\/www.linkedin.com\/company\/7587361?trk","http:\/\/youtube.com\/peoplesphere"]},{"@type":"Person","@id":"https:\/\/peoplesphere.be\/fr\/#\/schema\/person\/7976225ff17988604334abb7b3536a7e","name":"Jean-Paul Erhard","image":{"@type":"ImageObject","inLanguage":"fr-FR","@id":"https:\/\/peoplesphere.be\/fr\/#\/schema\/person\/image\/","url":"https:\/\/secure.gravatar.com\/avatar\/f941e681460179738071629a51574930?s=96&d=mm&r=g","contentUrl":"https:\/\/secure.gravatar.com\/avatar\/f941e681460179738071629a51574930?s=96&d=mm&r=g","caption":"Jean-Paul Erhard"},"url":"https:\/\/peoplesphere.be\/fr\/author\/jpe\/"}]}},"_links":{"self":[{"href":"https:\/\/peoplesphere.be\/fr\/wp-json\/wp\/v2\/posts\/13785"}],"collection":[{"href":"https:\/\/peoplesphere.be\/fr\/wp-json\/wp\/v2\/posts"}],"about":[{"href":"https:\/\/peoplesphere.be\/fr\/wp-json\/wp\/v2\/types\/post"}],"author":[{"embeddable":true,"href":"https:\/\/peoplesphere.be\/fr\/wp-json\/wp\/v2\/users\/2"}],"replies":[{"embeddable":true,"href":"https:\/\/peoplesphere.be\/fr\/wp-json\/wp\/v2\/comments?post=13785"}],"version-history":[{"count":1,"href":"https:\/\/peoplesphere.be\/fr\/wp-json\/wp\/v2\/posts\/13785\/revisions"}],"predecessor-version":[{"id":13786,"href":"https:\/\/peoplesphere.be\/fr\/wp-json\/wp\/v2\/posts\/13785\/revisions\/13786"}],"wp:featuredmedia":[{"embeddable":true,"href":"https:\/\/peoplesphere.be\/fr\/wp-json\/wp\/v2\/media\/11861"}],"wp:attachment":[{"href":"https:\/\/peoplesphere.be\/fr\/wp-json\/wp\/v2\/media?parent=13785"}],"wp:term":[{"taxonomy":"category","embeddable":true,"href":"https:\/\/peoplesphere.be\/fr\/wp-json\/wp\/v2\/categories?post=13785"},{"taxonomy":"post_tag","embeddable":true,"href":"https:\/\/peoplesphere.be\/fr\/wp-json\/wp\/v2\/tags?post=13785"}],"curies":[{"name":"wp","href":"https:\/\/api.w.org\/{rel}","templated":true}]}}