









{"id":13792,"date":"2022-12-12T06:50:47","date_gmt":"2022-12-12T04:50:47","guid":{"rendered":"https:\/\/peoplesphere.be\/fr\/?p=13792"},"modified":"2022-12-12T06:50:47","modified_gmt":"2022-12-12T04:50:47","slug":"cyber-risques-conscientisation-personnel-nos-entreprises-restent-tres-exposees-aux-incidents-de-securite-informatique","status":"publish","type":"post","link":"https:\/\/peoplesphere.be\/fr\/cyber-risques-conscientisation-personnel-nos-entreprises-restent-tres-exposees-aux-incidents-de-securite-informatique\/","title":{"rendered":"Cyber-risques &#038; conscientisation du personnel: nos entreprises restent tr\u00e8s expos\u00e9es aux incidents de s\u00e9curit\u00e9 informatique."},"content":{"rendered":"<p>En 2021, 23,2% des entreprises ont connu au moins une fois un probl\u00e8me d\u00fb \u00e0 un incident de s\u00e9curit\u00e9 li\u00e9 aux TIC : indisponibilit\u00e9 des services TIC, destruction ou corruption de donn\u00e9es, divulgation des donn\u00e9es confidentielles. C\u2019est ce qui ressort de l\u2019 enqu\u00eate sur l\u2019utilisation des TIC dans les entreprises r\u00e9alis\u00e9e entre mai et septembre 2022 par Statbel, l\u2019office belge de statistique.<!--more--><\/p>\n<p>Pour parer \u00e0 ces probl\u00e8mes de s\u00e9curit\u00e9, neuf entreprises sur dix utilisent une authentification \u00e0 l\u2019aide d\u2019un mot de passe s\u00fbr, 39,4% au moins deux m\u00e9canismes d\u2019authentification (p.ex. une combinaison d\u2019un mot de passe choisi par l\u2019utilisateur, d\u2019un mot de passe unique (OTP), d\u2019un code g\u00e9n\u00e9r\u00e9 par un jeton d\u2019authentification ou re\u00e7u via smartphone, d\u2019une m\u00e9thode biom\u00e9trique bas\u00e9e sur le visage) et 12,6% une authentification de l\u2019utilisateur \u00e0 l\u2019aide de m\u00e9thodes biom\u00e9triques.<\/p>\n<p>Un contr\u00f4le de l\u2019acc\u00e8s au r\u00e9seau (gestion de l&rsquo;acc\u00e8s des appareils et des utilisateurs au r\u00e9seau de l&rsquo;entreprise) est pr\u00e9sent dans 77,2% des entreprises et six entreprises sur dix utilisent le VPN.<\/p>\n<p>Pour conscientiser leur personnel \u00e0 l\u2019importance de la s\u00e9curit\u00e9 informatique, cinq entreprises sur dix sensibilisent leur personnel \u00e0 leurs obligations en mati\u00e8re de s\u00e9curit\u00e9 des TIC. Par contre, seules 34,1% des entreprises ont des documents sur les mesures, pratiques ou proc\u00e9dures en mati\u00e8re de s\u00e9curit\u00e9 des TIC.<\/p>\n<p>Par ailleurs, 33,1% des entreprises ont une assurance contre les incidents de s\u00e9curit\u00e9 des TIC.<\/p>\n<p><strong><em>Protection de l\u2019environnement<\/em><\/strong><\/p>\n<p>Presque sept entreprises sur dix appliquent des mesures pour agir sur la quantit\u00e9 de papier utilis\u00e9 ou la consommation \u00e9nerg\u00e9tique des \u00e9quipements TIC. Pour trois entreprises sur dix lorsque les \u00e9quipements TIC de l\u2019entreprise ne sont plus utilis\u00e9s, ils sont vendus, remis \u00e0 une entreprises de leasing ou donn\u00e9s.<\/p>\n<p>L\u2019Enqu\u00eate 2022 sur l\u2019utilisation des TIC et de l\u2019e-commerce dans les entreprises nous permet par ailleurs de tirer les conclusions suivantes :<\/p>\n<ul>\n<li>Quasi toutes les entreprises se connectent \u00e0 internet via une ligne fixe haut d\u00e9bit. Quasi sept sur dix utilisent une connexion avec une vitesse de t\u00e9l\u00e9chargement d\u2019au moins 100Mbit\/s.<\/li>\n<li>63,5% des entreprises organisent des r\u00e9unions \u00e0 distance. Cette proportion est de 97,2% pour les entreprises qui comptent plus de 250 salari\u00e9s. 40,8% des entreprises disposent de lignes directrices en mati\u00e8re de s\u00e9curit\u00e9 des TIC pour l\u2019organisation de ces r\u00e9unions.<\/li>\n<li>Presque un quart des entreprises a re\u00e7u des commandes pass\u00e9es via des sites web ou des \u2018apps\u2019. Pour les entreprises qui comptent plus de 250 salari\u00e9s, cette proportion est de quatre sur dix. G\u00e9n\u00e9ralement les entreprises ont re\u00e7u des commandes via leurs propres site internet ou \u2018apps\u2019 par des clients r\u00e9sidant en Belgique.<\/li>\n<li>Une entreprise sur dix utilise des robots industriels ou de service. Les principales motivations sont d\u2019assurer une haute pr\u00e9cision ou une qualit\u00e9 normalis\u00e9e des processus et\/ou des biens et services produits, renforcer la s\u00e9curit\u00e9 au travail et, pour la moiti\u00e9 d\u2019entre elles, en partie en raison du co\u00fbt \u00e9lev\u00e9 de la main-d\u2019\u0153uvre.<\/li>\n<\/ul>\n<p>&nbsp;<\/p>\n<p><em>Source : Statbel &#8211; Enqu\u00eate organis\u00e9e au niveau europ\u00e9en sur la base des r\u00e8glements (CE) 808\/2004 du Parlement europ\u00e9en et du Conseil du 21 avril 2004 et (CE) 1006\/2009 du Parlement europ\u00e9en et du Conseil du 16 septembre 2009.<\/em><\/p>\n","protected":false},"excerpt":{"rendered":"<p>En 2021, 23,2% des entreprises ont connu au moins une fois un probl\u00e8me d\u00fb \u00e0 un incident de s\u00e9curit\u00e9 li\u00e9 aux TIC : indisponibilit\u00e9 des services TIC, destruction ou corruption de donn\u00e9es, divulgation des donn\u00e9es confidentielles. C\u2019est ce qui ressort [&hellip;]<\/p>\n","protected":false},"author":2,"featured_media":13793,"comment_status":"closed","ping_status":"open","sticky":false,"template":"","format":"standard","meta":[],"categories":[65,10],"tags":[1072,224],"yoast_head":"<!-- This site is optimized with the Yoast SEO plugin v21.0 - https:\/\/yoast.com\/wordpress\/plugins\/seo\/ -->\n<title>Cyber-risques &amp; conscientisation du personnel: nos entreprises restent tr\u00e8s expos\u00e9es aux incidents de s\u00e9curit\u00e9 informatique. - Peoplesphere<\/title>\n<meta name=\"robots\" content=\"index, follow, max-snippet:-1, max-image-preview:large, max-video-preview:-1\" \/>\n<link rel=\"canonical\" href=\"https:\/\/peoplesphere.be\/fr\/cyber-risques-conscientisation-personnel-nos-entreprises-restent-tres-exposees-aux-incidents-de-securite-informatique\/\" \/>\n<meta property=\"og:locale\" content=\"fr_FR\" \/>\n<meta property=\"og:type\" content=\"article\" \/>\n<meta property=\"og:title\" content=\"Cyber-risques &amp; conscientisation du personnel: nos entreprises restent tr\u00e8s expos\u00e9es aux incidents de s\u00e9curit\u00e9 informatique. - Peoplesphere\" \/>\n<meta property=\"og:description\" content=\"En 2021, 23,2% des entreprises ont connu au moins une fois un probl\u00e8me d\u00fb \u00e0 un incident de s\u00e9curit\u00e9 li\u00e9 aux TIC : indisponibilit\u00e9 des services TIC, destruction ou corruption de donn\u00e9es, divulgation des donn\u00e9es confidentielles. C\u2019est ce qui ressort [&hellip;]\" \/>\n<meta property=\"og:url\" content=\"https:\/\/peoplesphere.be\/fr\/cyber-risques-conscientisation-personnel-nos-entreprises-restent-tres-exposees-aux-incidents-de-securite-informatique\/\" \/>\n<meta property=\"og:site_name\" content=\"Peoplesphere\" \/>\n<meta property=\"article:publisher\" content=\"https:\/\/www.facebook.com\/peoplesphere\" \/>\n<meta property=\"article:published_time\" content=\"2022-12-12T04:50:47+00:00\" \/>\n<meta property=\"og:image\" content=\"https:\/\/peoplesphere.be\/fr\/wp-content\/uploads\/2022\/12\/AdobeStock_164145615.jpeg\" \/>\n\t<meta property=\"og:image:width\" content=\"430\" \/>\n\t<meta property=\"og:image:height\" content=\"287\" \/>\n\t<meta property=\"og:image:type\" content=\"image\/jpeg\" \/>\n<meta name=\"author\" content=\"Jean-Paul Erhard\" \/>\n<meta name=\"twitter:card\" content=\"summary_large_image\" \/>\n<meta name=\"twitter:creator\" content=\"@PeoplesphereMag\" \/>\n<meta name=\"twitter:site\" content=\"@PeoplesphereMag\" \/>\n<meta name=\"twitter:label1\" content=\"\u00c9crit par\" \/>\n\t<meta name=\"twitter:data1\" content=\"Jean-Paul Erhard\" \/>\n\t<meta name=\"twitter:label2\" content=\"Dur\u00e9e de lecture estim\u00e9e\" \/>\n\t<meta name=\"twitter:data2\" content=\"3 minutes\" \/>\n<script type=\"application\/ld+json\" class=\"yoast-schema-graph\">{\"@context\":\"https:\/\/schema.org\",\"@graph\":[{\"@type\":\"Article\",\"@id\":\"https:\/\/peoplesphere.be\/fr\/cyber-risques-conscientisation-personnel-nos-entreprises-restent-tres-exposees-aux-incidents-de-securite-informatique\/#article\",\"isPartOf\":{\"@id\":\"https:\/\/peoplesphere.be\/fr\/cyber-risques-conscientisation-personnel-nos-entreprises-restent-tres-exposees-aux-incidents-de-securite-informatique\/\"},\"author\":{\"name\":\"Jean-Paul Erhard\",\"@id\":\"https:\/\/peoplesphere.be\/fr\/#\/schema\/person\/7976225ff17988604334abb7b3536a7e\"},\"headline\":\"Cyber-risques &#038; conscientisation du personnel: nos entreprises restent tr\u00e8s expos\u00e9es aux incidents de s\u00e9curit\u00e9 informatique.\",\"datePublished\":\"2022-12-12T04:50:47+00:00\",\"dateModified\":\"2022-12-12T04:50:47+00:00\",\"mainEntityOfPage\":{\"@id\":\"https:\/\/peoplesphere.be\/fr\/cyber-risques-conscientisation-personnel-nos-entreprises-restent-tres-exposees-aux-incidents-de-securite-informatique\/\"},\"wordCount\":591,\"publisher\":{\"@id\":\"https:\/\/peoplesphere.be\/fr\/#organization\"},\"keywords\":[\"cybers\u00e9curit\u00e9\",\"s\u00e9curit\u00e9 informatique\"],\"articleSection\":[\"Actualit\u00e9s\",\"Digital\"],\"inLanguage\":\"fr-FR\"},{\"@type\":\"WebPage\",\"@id\":\"https:\/\/peoplesphere.be\/fr\/cyber-risques-conscientisation-personnel-nos-entreprises-restent-tres-exposees-aux-incidents-de-securite-informatique\/\",\"url\":\"https:\/\/peoplesphere.be\/fr\/cyber-risques-conscientisation-personnel-nos-entreprises-restent-tres-exposees-aux-incidents-de-securite-informatique\/\",\"name\":\"Cyber-risques & conscientisation du personnel: nos entreprises restent tr\u00e8s expos\u00e9es aux incidents de s\u00e9curit\u00e9 informatique. - Peoplesphere\",\"isPartOf\":{\"@id\":\"https:\/\/peoplesphere.be\/fr\/#website\"},\"datePublished\":\"2022-12-12T04:50:47+00:00\",\"dateModified\":\"2022-12-12T04:50:47+00:00\",\"breadcrumb\":{\"@id\":\"https:\/\/peoplesphere.be\/fr\/cyber-risques-conscientisation-personnel-nos-entreprises-restent-tres-exposees-aux-incidents-de-securite-informatique\/#breadcrumb\"},\"inLanguage\":\"fr-FR\",\"potentialAction\":[{\"@type\":\"ReadAction\",\"target\":[\"https:\/\/peoplesphere.be\/fr\/cyber-risques-conscientisation-personnel-nos-entreprises-restent-tres-exposees-aux-incidents-de-securite-informatique\/\"]}]},{\"@type\":\"BreadcrumbList\",\"@id\":\"https:\/\/peoplesphere.be\/fr\/cyber-risques-conscientisation-personnel-nos-entreprises-restent-tres-exposees-aux-incidents-de-securite-informatique\/#breadcrumb\",\"itemListElement\":[{\"@type\":\"ListItem\",\"position\":1,\"name\":\"Accueil\",\"item\":\"https:\/\/peoplesphere.be\/fr\/\"},{\"@type\":\"ListItem\",\"position\":2,\"name\":\"Cyber-risques &#038; conscientisation du personnel: nos entreprises restent tr\u00e8s expos\u00e9es aux incidents de s\u00e9curit\u00e9 informatique.\"}]},{\"@type\":\"WebSite\",\"@id\":\"https:\/\/peoplesphere.be\/fr\/#website\",\"url\":\"https:\/\/peoplesphere.be\/fr\/\",\"name\":\"Peoplesphere\",\"description\":\"The People Managers Magazine\",\"publisher\":{\"@id\":\"https:\/\/peoplesphere.be\/fr\/#organization\"},\"potentialAction\":[{\"@type\":\"SearchAction\",\"target\":{\"@type\":\"EntryPoint\",\"urlTemplate\":\"https:\/\/peoplesphere.be\/fr\/?s={search_term_string}\"},\"query-input\":\"required name=search_term_string\"}],\"inLanguage\":\"fr-FR\"},{\"@type\":\"Organization\",\"@id\":\"https:\/\/peoplesphere.be\/fr\/#organization\",\"name\":\"Peoplesphere Company srl\",\"url\":\"https:\/\/peoplesphere.be\/fr\/\",\"logo\":{\"@type\":\"ImageObject\",\"inLanguage\":\"fr-FR\",\"@id\":\"https:\/\/peoplesphere.be\/fr\/#\/schema\/logo\/image\/\",\"url\":\"https:\/\/peoplesphere.be\/fr\/wp-content\/uploads\/2023\/07\/peoplesphere-lgo-new-generik.jpg\",\"contentUrl\":\"https:\/\/peoplesphere.be\/fr\/wp-content\/uploads\/2023\/07\/peoplesphere-lgo-new-generik.jpg\",\"width\":1031,\"height\":1479,\"caption\":\"Peoplesphere Company srl\"},\"image\":{\"@id\":\"https:\/\/peoplesphere.be\/fr\/#\/schema\/logo\/image\/\"},\"sameAs\":[\"https:\/\/www.facebook.com\/peoplesphere\",\"https:\/\/twitter.com\/PeoplesphereMag\",\"https:\/\/www.linkedin.com\/company\/7587361?trk\",\"http:\/\/youtube.com\/peoplesphere\"]},{\"@type\":\"Person\",\"@id\":\"https:\/\/peoplesphere.be\/fr\/#\/schema\/person\/7976225ff17988604334abb7b3536a7e\",\"name\":\"Jean-Paul Erhard\",\"image\":{\"@type\":\"ImageObject\",\"inLanguage\":\"fr-FR\",\"@id\":\"https:\/\/peoplesphere.be\/fr\/#\/schema\/person\/image\/\",\"url\":\"https:\/\/secure.gravatar.com\/avatar\/f941e681460179738071629a51574930?s=96&d=mm&r=g\",\"contentUrl\":\"https:\/\/secure.gravatar.com\/avatar\/f941e681460179738071629a51574930?s=96&d=mm&r=g\",\"caption\":\"Jean-Paul Erhard\"},\"url\":\"https:\/\/peoplesphere.be\/fr\/author\/jpe\/\"}]}<\/script>\n<!-- \/ Yoast SEO plugin. -->","yoast_head_json":{"title":"Cyber-risques & conscientisation du personnel: nos entreprises restent tr\u00e8s expos\u00e9es aux incidents de s\u00e9curit\u00e9 informatique. - Peoplesphere","robots":{"index":"index","follow":"follow","max-snippet":"max-snippet:-1","max-image-preview":"max-image-preview:large","max-video-preview":"max-video-preview:-1"},"canonical":"https:\/\/peoplesphere.be\/fr\/cyber-risques-conscientisation-personnel-nos-entreprises-restent-tres-exposees-aux-incidents-de-securite-informatique\/","og_locale":"fr_FR","og_type":"article","og_title":"Cyber-risques & conscientisation du personnel: nos entreprises restent tr\u00e8s expos\u00e9es aux incidents de s\u00e9curit\u00e9 informatique. - Peoplesphere","og_description":"En 2021, 23,2% des entreprises ont connu au moins une fois un probl\u00e8me d\u00fb \u00e0 un incident de s\u00e9curit\u00e9 li\u00e9 aux TIC : indisponibilit\u00e9 des services TIC, destruction ou corruption de donn\u00e9es, divulgation des donn\u00e9es confidentielles. C\u2019est ce qui ressort [&hellip;]","og_url":"https:\/\/peoplesphere.be\/fr\/cyber-risques-conscientisation-personnel-nos-entreprises-restent-tres-exposees-aux-incidents-de-securite-informatique\/","og_site_name":"Peoplesphere","article_publisher":"https:\/\/www.facebook.com\/peoplesphere","article_published_time":"2022-12-12T04:50:47+00:00","og_image":[{"width":430,"height":287,"url":"https:\/\/peoplesphere.be\/fr\/wp-content\/uploads\/2022\/12\/AdobeStock_164145615.jpeg","type":"image\/jpeg"}],"author":"Jean-Paul Erhard","twitter_card":"summary_large_image","twitter_creator":"@PeoplesphereMag","twitter_site":"@PeoplesphereMag","twitter_misc":{"\u00c9crit par":"Jean-Paul Erhard","Dur\u00e9e de lecture estim\u00e9e":"3 minutes"},"schema":{"@context":"https:\/\/schema.org","@graph":[{"@type":"Article","@id":"https:\/\/peoplesphere.be\/fr\/cyber-risques-conscientisation-personnel-nos-entreprises-restent-tres-exposees-aux-incidents-de-securite-informatique\/#article","isPartOf":{"@id":"https:\/\/peoplesphere.be\/fr\/cyber-risques-conscientisation-personnel-nos-entreprises-restent-tres-exposees-aux-incidents-de-securite-informatique\/"},"author":{"name":"Jean-Paul Erhard","@id":"https:\/\/peoplesphere.be\/fr\/#\/schema\/person\/7976225ff17988604334abb7b3536a7e"},"headline":"Cyber-risques &#038; conscientisation du personnel: nos entreprises restent tr\u00e8s expos\u00e9es aux incidents de s\u00e9curit\u00e9 informatique.","datePublished":"2022-12-12T04:50:47+00:00","dateModified":"2022-12-12T04:50:47+00:00","mainEntityOfPage":{"@id":"https:\/\/peoplesphere.be\/fr\/cyber-risques-conscientisation-personnel-nos-entreprises-restent-tres-exposees-aux-incidents-de-securite-informatique\/"},"wordCount":591,"publisher":{"@id":"https:\/\/peoplesphere.be\/fr\/#organization"},"keywords":["cybers\u00e9curit\u00e9","s\u00e9curit\u00e9 informatique"],"articleSection":["Actualit\u00e9s","Digital"],"inLanguage":"fr-FR"},{"@type":"WebPage","@id":"https:\/\/peoplesphere.be\/fr\/cyber-risques-conscientisation-personnel-nos-entreprises-restent-tres-exposees-aux-incidents-de-securite-informatique\/","url":"https:\/\/peoplesphere.be\/fr\/cyber-risques-conscientisation-personnel-nos-entreprises-restent-tres-exposees-aux-incidents-de-securite-informatique\/","name":"Cyber-risques & conscientisation du personnel: nos entreprises restent tr\u00e8s expos\u00e9es aux incidents de s\u00e9curit\u00e9 informatique. - Peoplesphere","isPartOf":{"@id":"https:\/\/peoplesphere.be\/fr\/#website"},"datePublished":"2022-12-12T04:50:47+00:00","dateModified":"2022-12-12T04:50:47+00:00","breadcrumb":{"@id":"https:\/\/peoplesphere.be\/fr\/cyber-risques-conscientisation-personnel-nos-entreprises-restent-tres-exposees-aux-incidents-de-securite-informatique\/#breadcrumb"},"inLanguage":"fr-FR","potentialAction":[{"@type":"ReadAction","target":["https:\/\/peoplesphere.be\/fr\/cyber-risques-conscientisation-personnel-nos-entreprises-restent-tres-exposees-aux-incidents-de-securite-informatique\/"]}]},{"@type":"BreadcrumbList","@id":"https:\/\/peoplesphere.be\/fr\/cyber-risques-conscientisation-personnel-nos-entreprises-restent-tres-exposees-aux-incidents-de-securite-informatique\/#breadcrumb","itemListElement":[{"@type":"ListItem","position":1,"name":"Accueil","item":"https:\/\/peoplesphere.be\/fr\/"},{"@type":"ListItem","position":2,"name":"Cyber-risques &#038; conscientisation du personnel: nos entreprises restent tr\u00e8s expos\u00e9es aux incidents de s\u00e9curit\u00e9 informatique."}]},{"@type":"WebSite","@id":"https:\/\/peoplesphere.be\/fr\/#website","url":"https:\/\/peoplesphere.be\/fr\/","name":"Peoplesphere","description":"The People Managers Magazine","publisher":{"@id":"https:\/\/peoplesphere.be\/fr\/#organization"},"potentialAction":[{"@type":"SearchAction","target":{"@type":"EntryPoint","urlTemplate":"https:\/\/peoplesphere.be\/fr\/?s={search_term_string}"},"query-input":"required name=search_term_string"}],"inLanguage":"fr-FR"},{"@type":"Organization","@id":"https:\/\/peoplesphere.be\/fr\/#organization","name":"Peoplesphere Company srl","url":"https:\/\/peoplesphere.be\/fr\/","logo":{"@type":"ImageObject","inLanguage":"fr-FR","@id":"https:\/\/peoplesphere.be\/fr\/#\/schema\/logo\/image\/","url":"https:\/\/peoplesphere.be\/fr\/wp-content\/uploads\/2023\/07\/peoplesphere-lgo-new-generik.jpg","contentUrl":"https:\/\/peoplesphere.be\/fr\/wp-content\/uploads\/2023\/07\/peoplesphere-lgo-new-generik.jpg","width":1031,"height":1479,"caption":"Peoplesphere Company srl"},"image":{"@id":"https:\/\/peoplesphere.be\/fr\/#\/schema\/logo\/image\/"},"sameAs":["https:\/\/www.facebook.com\/peoplesphere","https:\/\/twitter.com\/PeoplesphereMag","https:\/\/www.linkedin.com\/company\/7587361?trk","http:\/\/youtube.com\/peoplesphere"]},{"@type":"Person","@id":"https:\/\/peoplesphere.be\/fr\/#\/schema\/person\/7976225ff17988604334abb7b3536a7e","name":"Jean-Paul Erhard","image":{"@type":"ImageObject","inLanguage":"fr-FR","@id":"https:\/\/peoplesphere.be\/fr\/#\/schema\/person\/image\/","url":"https:\/\/secure.gravatar.com\/avatar\/f941e681460179738071629a51574930?s=96&d=mm&r=g","contentUrl":"https:\/\/secure.gravatar.com\/avatar\/f941e681460179738071629a51574930?s=96&d=mm&r=g","caption":"Jean-Paul Erhard"},"url":"https:\/\/peoplesphere.be\/fr\/author\/jpe\/"}]}},"_links":{"self":[{"href":"https:\/\/peoplesphere.be\/fr\/wp-json\/wp\/v2\/posts\/13792"}],"collection":[{"href":"https:\/\/peoplesphere.be\/fr\/wp-json\/wp\/v2\/posts"}],"about":[{"href":"https:\/\/peoplesphere.be\/fr\/wp-json\/wp\/v2\/types\/post"}],"author":[{"embeddable":true,"href":"https:\/\/peoplesphere.be\/fr\/wp-json\/wp\/v2\/users\/2"}],"replies":[{"embeddable":true,"href":"https:\/\/peoplesphere.be\/fr\/wp-json\/wp\/v2\/comments?post=13792"}],"version-history":[{"count":1,"href":"https:\/\/peoplesphere.be\/fr\/wp-json\/wp\/v2\/posts\/13792\/revisions"}],"predecessor-version":[{"id":13794,"href":"https:\/\/peoplesphere.be\/fr\/wp-json\/wp\/v2\/posts\/13792\/revisions\/13794"}],"wp:featuredmedia":[{"embeddable":true,"href":"https:\/\/peoplesphere.be\/fr\/wp-json\/wp\/v2\/media\/13793"}],"wp:attachment":[{"href":"https:\/\/peoplesphere.be\/fr\/wp-json\/wp\/v2\/media?parent=13792"}],"wp:term":[{"taxonomy":"category","embeddable":true,"href":"https:\/\/peoplesphere.be\/fr\/wp-json\/wp\/v2\/categories?post=13792"},{"taxonomy":"post_tag","embeddable":true,"href":"https:\/\/peoplesphere.be\/fr\/wp-json\/wp\/v2\/tags?post=13792"}],"curies":[{"name":"wp","href":"https:\/\/api.w.org\/{rel}","templated":true}]}}