









{"id":13803,"date":"2022-12-14T06:03:33","date_gmt":"2022-12-14T04:03:33","guid":{"rendered":"https:\/\/peoplesphere.be\/fr\/?p=13803"},"modified":"2022-12-14T06:03:33","modified_gmt":"2022-12-14T04:03:33","slug":"barometre-confiance-bien-etre-de-mutualite-solidaris-situation-40-ans-ainsi-rapport-travail-suscitent-grande-inquietude","status":"publish","type":"post","link":"https:\/\/peoplesphere.be\/fr\/barometre-confiance-bien-etre-de-mutualite-solidaris-situation-40-ans-ainsi-rapport-travail-suscitent-grande-inquietude\/","title":{"rendered":"Barom\u00e8tre sur la confiance et le bien-\u00eatre de la mutualit\u00e9 Solidaris: la situation des moins des 40 ans ainsi que leur rapport au travail suscitent une grande inqui\u00e9tude."},"content":{"rendered":"<p>Comme chaque ann\u00e9e depuis 2015, Solidaris publie son barom\u00e8tre sur la confiance et le bien-\u00eatre des Belges. La RTBF y fait \u00e9cho et souligne que de mani\u00e8re globale, le Belge se sent mieux: par rapport \u00e0 2021, l\u2019indice de bien-\u00eatre et de confiance est en hausse de 1,8 point. Mais ce constat positif cache une r\u00e9alit\u00e9 qui l\u2019est beaucoup moins : selon cette \u00e9tude men\u00e9e par la mutualit\u00e9 socialiste, les moins de 40 ans ne vont pas bien. Et leur rapport en travail est en forte d\u00e9gradation <a href=\"https:\/\/auvio.rtbf.be\/media\/declic-2973050\">(\u00e0 revoir, le d\u00e9bat organis\u00e9 lors de l&rsquo;\u00e9mission D\u00e9clic ce lundi 12 d\u00e9cembre)<\/a>.<!--more--><\/p>\n<p>Interrog\u00e9e par la RTB et participant \u00e0 l&rsquo;\u00e9tude depuis 2015 ,Delphine Ancel, responsable Etudes chez Solidaris, explique: <em>\u00ab\u00a0Les chiffres sont interpellants. Dans la cat\u00e9gorie des moins de 40 ans, tous les indices sont \u00e0 la baisse par rapport \u00e0 l\u2019ann\u00e9e derni\u00e8re. Seul l\u2019indice sur la qualit\u00e9 relationnelle ne l\u2019est pas!. Cet indice porte sur la vie de couple, la famille ou encore le r\u00e9seau d\u2019amis, le voisinage. Les plus de 40 ans et les plus de 60 ans ne sont pas dans le m\u00eame cas. Les plus positifs sont les plus de 60 ans : \u00a0\u00bb c\u2019est la tranche qui red\u00e9marre le mieux. Mais attention, il ne s\u2019agit pas d\u2019une tranche d\u2019\u00e2ge tr\u00e8s homog\u00e8ne. La situation est tr\u00e8s diff\u00e9rente si on a 62 ou 75 ans, si on travaille encore ou pas. Mais on peut quand m\u00eame dire que c\u2019est la tranche d\u2019\u00e2ge qui a \u00e9t\u00e9 la plus touch\u00e9e par la covid et qui est donc soulag\u00e9e d\u2019avoir pass\u00e9 la crise. C\u2019est aussi certainement la tranche d\u2019\u00e2ge la moins impact\u00e9e par la crise budg\u00e9taire.\u00a0\u00bb<\/em><\/p>\n<p><strong><em>Etat d&rsquo;alerte pour les moins de 40 ans<\/em><\/strong><\/p>\n<p>Globalement, l\u2019indice de bien-\u00eatre et de confiance, calcul\u00e9 en points, est en hausse par rapport \u00e0 l\u2019ann\u00e9e derni\u00e8re puisqu\u2019il est pass\u00e9 de 51,3 \u00e0 52,2. Cela repr\u00e9sente donc une augmentation de 1,8%. Mais les diff\u00e9rences sont importantes entre les tranches d\u2019\u00e2ge. Cet indice est en baisse de 1,7% chez les moins de 40 ans tandis qu&rsquo;il augmente de 0,6% chez les 40-59 ans et qu&rsquo;il fait un bond de 5,4% chez les plus de 60 ans.<\/p>\n<p>Et c\u2019est l\u2019indice sur la sant\u00e9 psychique, dans lequel on retrouve par exemple le ressenti aux angoisses ou l\u2019\u00e9tat de d\u00e9pression, qui est certainement le plus interpellant.\u00a0Cet indice est donc en baisse de 5,3% chez les moins de 40 ans, alors que dans les deux autres tranches d\u2019\u00e2ge il augmente de plus de 5% !<\/p>\n<p><strong><em>Travail: le grand d\u00e9sengagement ?<\/em><\/strong><\/p>\n<p>L\u2019enqu\u00eate r\u00e9v\u00e8le que chez les moins de 40 ans, 3 sur 10 \u00e9valuent leur vie de fa\u00e7on n\u00e9gative. Pr\u00e8s de 40% se disent en d\u00e9pression, contre 32% en 2021. Un sur 5 seulement est optimiste face \u00e0 l\u2019\u00e9volution de la soci\u00e9t\u00e9, il y en avait 1 sur 4 l\u2019ann\u00e9e derni\u00e8re.<br \/>\nA la baisse aussi, l\u2019indice sur la sant\u00e9 physique, sur les conditions objectives de vie (logement, s\u00e9curit\u00e9 financi\u00e8re, s\u00e9curit\u00e9 d\u2019emploi, etc.), sur le rapport \u00e0 la soci\u00e9t\u00e9.<br \/>\nPar rapport au travail, ils sont de moins en moins nombreux \u00e0 l\u2019estimer comme source de bien-\u00eatre et de plus en plus nombreux \u00e0 se sentir d\u00e9pass\u00e9s par la masse de choses qu\u2019on attend d\u2019eux.<\/p>\n<p>D\u00e8s ce lundi 12 d\u00e9cembre, l&rsquo;\u00e9mission D\u00e9clic s&rsquo;est pench\u00e9e sur les signaux relatifs au march\u00e9 du travail et au ph\u00e9nom\u00e8ne de d\u00e9sengagement des moins de 40 ans vis-\u00e0-vis du travail (\u00e0 partir de la min. 26). \u00a0<a href=\"https:\/\/auvio.rtbf.be\/media\/declic-2973050\">Cliquez ici pour revoir les interventions de Jean-Pascal Labille, secr\u00e9taire g\u00e9n\u00e9ral de Solidaris et de Jean-Paul Erhard, managing partner de Peoplesphere, en \u00e9cho \u00e0 ces r\u00e9sultats.<\/a><\/p>\n<p><strong><em>Le tribut pay\u00e9 par les 18-25 ans \u00e0 la pand\u00e9mie<\/em><\/strong><\/p>\n<p>Mais dans les moins de 40 ans, il est une tranche d\u2019\u00e2ge qui a certainement souffert davantage encore : les 18-25 ans. C\u2019est, en tout cas, ce que pense Olivier Luminet, professeur de psychologie de la sant\u00e9 \u00e0 l\u2019UCLouvain interrog\u00e9 lui aussi par la RTBF. Il constate que les chiffres \u00e9taient alarmants en 2021 et que la situation ne s\u2019est pas vraiment am\u00e9lior\u00e9e cette ann\u00e9e.\u00a0<em>\u00a0\u00bb On continue \u00e0 sous-estimer l\u2019impact post-covid sur cette tranche d\u2019\u00e2ge qui a pay\u00e9 le tribut le plus cher au niveau relationnel \u00ab\u00a0,<\/em> explique-t-il. Car il s\u2019agit de la tranche d\u2019\u00e2ge qui a besoin de se faire des amis, de les rencontrer. Ce besoin se fait moins ressentir apr\u00e8s 40 ans, moment o\u00f9 les amiti\u00e9s sont construites, o\u00f9 la vie de famille prend une grande importance.\u00a0Il en prend pour preuve le nombre d\u2019\u00e9tudiant en complet d\u00e9crochage scolaire : un nombre impressionnant de jeunes, estime-t-il, ne se pr\u00e9sente pas aux examens, ne rend pas leurs travaux de fin d\u2019\u00e9tude : <em>\u00a0\u00bb ils ont disparu des radars\u00a0\u00bb.<\/em><\/p>\n<p>Il plaide d\u00e8s lors pour des \u00e9tats g\u00e9n\u00e9raux de la jeunesse et pour un large investissement dans la pr\u00e9vention mentale.\u00a0Du c\u00f4t\u00e9 de Solidaris, Delphine Ancel demande aussi que soit mesur\u00e9e l\u2019\u00e9tendue des d\u00e9g\u00e2ts. Elle esp\u00e8re que les politiques prendront en compte cette \u00e9tude. Car <em>\u00ab\u00a0chaque ann\u00e9e, on a l\u2019impression de dire la m\u00eame chose, cette tendance de fond \u00e0 la baisse est l\u00e0, ann\u00e9e apr\u00e8s ann\u00e9e\u00a0\u00bb.<\/em><\/p>\n<p><em>Source : RTBF &#8211; Barom\u00e8tre Solidaris<\/em><\/p>\n","protected":false},"excerpt":{"rendered":"<p>Comme chaque ann\u00e9e depuis 2015, Solidaris publie son barom\u00e8tre sur la confiance et le bien-\u00eatre des Belges. La RTBF y fait \u00e9cho et souligne que de mani\u00e8re globale, le Belge se sent mieux: par rapport \u00e0 2021, l\u2019indice de bien-\u00eatre [&hellip;]<\/p>\n","protected":false},"author":2,"featured_media":13806,"comment_status":"closed","ping_status":"open","sticky":false,"template":"","format":"standard","meta":[],"categories":[65,10],"tags":[96,320,3708,17,665],"yoast_head":"<!-- This site is optimized with the Yoast SEO plugin v21.0 - https:\/\/yoast.com\/wordpress\/plugins\/seo\/ -->\n<title>Barom\u00e8tre sur la confiance et le bien-\u00eatre de la mutualit\u00e9 Solidaris: la situation des moins des 40 ans ainsi que leur rapport au travail suscitent une grande inqui\u00e9tude. - Peoplesphere<\/title>\n<meta name=\"robots\" content=\"index, follow, max-snippet:-1, max-image-preview:large, max-video-preview:-1\" \/>\n<link rel=\"canonical\" href=\"https:\/\/peoplesphere.be\/fr\/barometre-confiance-bien-etre-de-mutualite-solidaris-situation-40-ans-ainsi-rapport-travail-suscitent-grande-inquietude\/\" \/>\n<meta property=\"og:locale\" content=\"fr_FR\" \/>\n<meta property=\"og:type\" content=\"article\" \/>\n<meta property=\"og:title\" content=\"Barom\u00e8tre sur la confiance et le bien-\u00eatre de la mutualit\u00e9 Solidaris: la situation des moins des 40 ans ainsi que leur rapport au travail suscitent une grande inqui\u00e9tude. - Peoplesphere\" \/>\n<meta property=\"og:description\" content=\"Comme chaque ann\u00e9e depuis 2015, Solidaris publie son barom\u00e8tre sur la confiance et le bien-\u00eatre des Belges. La RTBF y fait \u00e9cho et souligne que de mani\u00e8re globale, le Belge se sent mieux: par rapport \u00e0 2021, l\u2019indice de bien-\u00eatre [&hellip;]\" \/>\n<meta property=\"og:url\" content=\"https:\/\/peoplesphere.be\/fr\/barometre-confiance-bien-etre-de-mutualite-solidaris-situation-40-ans-ainsi-rapport-travail-suscitent-grande-inquietude\/\" \/>\n<meta property=\"og:site_name\" content=\"Peoplesphere\" \/>\n<meta property=\"article:publisher\" content=\"https:\/\/www.facebook.com\/peoplesphere\" \/>\n<meta property=\"article:published_time\" content=\"2022-12-14T04:03:33+00:00\" \/>\n<meta property=\"og:image\" content=\"https:\/\/peoplesphere.be\/fr\/wp-content\/uploads\/2022\/12\/matthew-henry-kq3MXXDGeOM-unsplash.jpg\" \/>\n\t<meta property=\"og:image:width\" content=\"1000\" \/>\n\t<meta property=\"og:image:height\" content=\"667\" \/>\n\t<meta property=\"og:image:type\" content=\"image\/jpeg\" \/>\n<meta name=\"author\" content=\"Jean-Paul Erhard\" \/>\n<meta name=\"twitter:card\" content=\"summary_large_image\" \/>\n<meta name=\"twitter:creator\" content=\"@PeoplesphereMag\" \/>\n<meta name=\"twitter:site\" content=\"@PeoplesphereMag\" \/>\n<meta name=\"twitter:label1\" content=\"\u00c9crit par\" \/>\n\t<meta name=\"twitter:data1\" content=\"Jean-Paul Erhard\" \/>\n\t<meta name=\"twitter:label2\" content=\"Dur\u00e9e de lecture estim\u00e9e\" \/>\n\t<meta name=\"twitter:data2\" content=\"5 minutes\" \/>\n<script type=\"application\/ld+json\" class=\"yoast-schema-graph\">{\"@context\":\"https:\/\/schema.org\",\"@graph\":[{\"@type\":\"Article\",\"@id\":\"https:\/\/peoplesphere.be\/fr\/barometre-confiance-bien-etre-de-mutualite-solidaris-situation-40-ans-ainsi-rapport-travail-suscitent-grande-inquietude\/#article\",\"isPartOf\":{\"@id\":\"https:\/\/peoplesphere.be\/fr\/barometre-confiance-bien-etre-de-mutualite-solidaris-situation-40-ans-ainsi-rapport-travail-suscitent-grande-inquietude\/\"},\"author\":{\"name\":\"Jean-Paul Erhard\",\"@id\":\"https:\/\/peoplesphere.be\/fr\/#\/schema\/person\/7976225ff17988604334abb7b3536a7e\"},\"headline\":\"Barom\u00e8tre sur la confiance et le bien-\u00eatre de la mutualit\u00e9 Solidaris: la situation des moins des 40 ans ainsi que leur rapport au travail suscitent une grande inqui\u00e9tude.\",\"datePublished\":\"2022-12-14T04:03:33+00:00\",\"dateModified\":\"2022-12-14T04:03:33+00:00\",\"mainEntityOfPage\":{\"@id\":\"https:\/\/peoplesphere.be\/fr\/barometre-confiance-bien-etre-de-mutualite-solidaris-situation-40-ans-ainsi-rapport-travail-suscitent-grande-inquietude\/\"},\"wordCount\":941,\"publisher\":{\"@id\":\"https:\/\/peoplesphere.be\/fr\/#organization\"},\"keywords\":[\"bien-\u00eatre\",\"confiance\",\"d\u00e9sengagement\",\"Sant\u00e9\",\"solidaris\"],\"articleSection\":[\"Actualit\u00e9s\",\"Digital\"],\"inLanguage\":\"fr-FR\"},{\"@type\":\"WebPage\",\"@id\":\"https:\/\/peoplesphere.be\/fr\/barometre-confiance-bien-etre-de-mutualite-solidaris-situation-40-ans-ainsi-rapport-travail-suscitent-grande-inquietude\/\",\"url\":\"https:\/\/peoplesphere.be\/fr\/barometre-confiance-bien-etre-de-mutualite-solidaris-situation-40-ans-ainsi-rapport-travail-suscitent-grande-inquietude\/\",\"name\":\"Barom\u00e8tre sur la confiance et le bien-\u00eatre de la mutualit\u00e9 Solidaris: la situation des moins des 40 ans ainsi que leur rapport au travail suscitent une grande inqui\u00e9tude. - Peoplesphere\",\"isPartOf\":{\"@id\":\"https:\/\/peoplesphere.be\/fr\/#website\"},\"datePublished\":\"2022-12-14T04:03:33+00:00\",\"dateModified\":\"2022-12-14T04:03:33+00:00\",\"breadcrumb\":{\"@id\":\"https:\/\/peoplesphere.be\/fr\/barometre-confiance-bien-etre-de-mutualite-solidaris-situation-40-ans-ainsi-rapport-travail-suscitent-grande-inquietude\/#breadcrumb\"},\"inLanguage\":\"fr-FR\",\"potentialAction\":[{\"@type\":\"ReadAction\",\"target\":[\"https:\/\/peoplesphere.be\/fr\/barometre-confiance-bien-etre-de-mutualite-solidaris-situation-40-ans-ainsi-rapport-travail-suscitent-grande-inquietude\/\"]}]},{\"@type\":\"BreadcrumbList\",\"@id\":\"https:\/\/peoplesphere.be\/fr\/barometre-confiance-bien-etre-de-mutualite-solidaris-situation-40-ans-ainsi-rapport-travail-suscitent-grande-inquietude\/#breadcrumb\",\"itemListElement\":[{\"@type\":\"ListItem\",\"position\":1,\"name\":\"Accueil\",\"item\":\"https:\/\/peoplesphere.be\/fr\/\"},{\"@type\":\"ListItem\",\"position\":2,\"name\":\"Barom\u00e8tre sur la confiance et le bien-\u00eatre de la mutualit\u00e9 Solidaris: la situation des moins des 40 ans ainsi que leur rapport au travail suscitent une grande inqui\u00e9tude.\"}]},{\"@type\":\"WebSite\",\"@id\":\"https:\/\/peoplesphere.be\/fr\/#website\",\"url\":\"https:\/\/peoplesphere.be\/fr\/\",\"name\":\"Peoplesphere\",\"description\":\"The People Managers Magazine\",\"publisher\":{\"@id\":\"https:\/\/peoplesphere.be\/fr\/#organization\"},\"potentialAction\":[{\"@type\":\"SearchAction\",\"target\":{\"@type\":\"EntryPoint\",\"urlTemplate\":\"https:\/\/peoplesphere.be\/fr\/?s={search_term_string}\"},\"query-input\":\"required name=search_term_string\"}],\"inLanguage\":\"fr-FR\"},{\"@type\":\"Organization\",\"@id\":\"https:\/\/peoplesphere.be\/fr\/#organization\",\"name\":\"Peoplesphere Company srl\",\"url\":\"https:\/\/peoplesphere.be\/fr\/\",\"logo\":{\"@type\":\"ImageObject\",\"inLanguage\":\"fr-FR\",\"@id\":\"https:\/\/peoplesphere.be\/fr\/#\/schema\/logo\/image\/\",\"url\":\"https:\/\/peoplesphere.be\/fr\/wp-content\/uploads\/2023\/07\/peoplesphere-lgo-new-generik.jpg\",\"contentUrl\":\"https:\/\/peoplesphere.be\/fr\/wp-content\/uploads\/2023\/07\/peoplesphere-lgo-new-generik.jpg\",\"width\":1031,\"height\":1479,\"caption\":\"Peoplesphere Company srl\"},\"image\":{\"@id\":\"https:\/\/peoplesphere.be\/fr\/#\/schema\/logo\/image\/\"},\"sameAs\":[\"https:\/\/www.facebook.com\/peoplesphere\",\"https:\/\/twitter.com\/PeoplesphereMag\",\"https:\/\/www.linkedin.com\/company\/7587361?trk\",\"http:\/\/youtube.com\/peoplesphere\"]},{\"@type\":\"Person\",\"@id\":\"https:\/\/peoplesphere.be\/fr\/#\/schema\/person\/7976225ff17988604334abb7b3536a7e\",\"name\":\"Jean-Paul Erhard\",\"image\":{\"@type\":\"ImageObject\",\"inLanguage\":\"fr-FR\",\"@id\":\"https:\/\/peoplesphere.be\/fr\/#\/schema\/person\/image\/\",\"url\":\"https:\/\/secure.gravatar.com\/avatar\/f941e681460179738071629a51574930?s=96&d=mm&r=g\",\"contentUrl\":\"https:\/\/secure.gravatar.com\/avatar\/f941e681460179738071629a51574930?s=96&d=mm&r=g\",\"caption\":\"Jean-Paul Erhard\"},\"url\":\"https:\/\/peoplesphere.be\/fr\/author\/jpe\/\"}]}<\/script>\n<!-- \/ Yoast SEO plugin. -->","yoast_head_json":{"title":"Barom\u00e8tre sur la confiance et le bien-\u00eatre de la mutualit\u00e9 Solidaris: la situation des moins des 40 ans ainsi que leur rapport au travail suscitent une grande inqui\u00e9tude. - Peoplesphere","robots":{"index":"index","follow":"follow","max-snippet":"max-snippet:-1","max-image-preview":"max-image-preview:large","max-video-preview":"max-video-preview:-1"},"canonical":"https:\/\/peoplesphere.be\/fr\/barometre-confiance-bien-etre-de-mutualite-solidaris-situation-40-ans-ainsi-rapport-travail-suscitent-grande-inquietude\/","og_locale":"fr_FR","og_type":"article","og_title":"Barom\u00e8tre sur la confiance et le bien-\u00eatre de la mutualit\u00e9 Solidaris: la situation des moins des 40 ans ainsi que leur rapport au travail suscitent une grande inqui\u00e9tude. - Peoplesphere","og_description":"Comme chaque ann\u00e9e depuis 2015, Solidaris publie son barom\u00e8tre sur la confiance et le bien-\u00eatre des Belges. La RTBF y fait \u00e9cho et souligne que de mani\u00e8re globale, le Belge se sent mieux: par rapport \u00e0 2021, l\u2019indice de bien-\u00eatre [&hellip;]","og_url":"https:\/\/peoplesphere.be\/fr\/barometre-confiance-bien-etre-de-mutualite-solidaris-situation-40-ans-ainsi-rapport-travail-suscitent-grande-inquietude\/","og_site_name":"Peoplesphere","article_publisher":"https:\/\/www.facebook.com\/peoplesphere","article_published_time":"2022-12-14T04:03:33+00:00","og_image":[{"width":1000,"height":667,"url":"https:\/\/peoplesphere.be\/fr\/wp-content\/uploads\/2022\/12\/matthew-henry-kq3MXXDGeOM-unsplash.jpg","type":"image\/jpeg"}],"author":"Jean-Paul Erhard","twitter_card":"summary_large_image","twitter_creator":"@PeoplesphereMag","twitter_site":"@PeoplesphereMag","twitter_misc":{"\u00c9crit par":"Jean-Paul Erhard","Dur\u00e9e de lecture estim\u00e9e":"5 minutes"},"schema":{"@context":"https:\/\/schema.org","@graph":[{"@type":"Article","@id":"https:\/\/peoplesphere.be\/fr\/barometre-confiance-bien-etre-de-mutualite-solidaris-situation-40-ans-ainsi-rapport-travail-suscitent-grande-inquietude\/#article","isPartOf":{"@id":"https:\/\/peoplesphere.be\/fr\/barometre-confiance-bien-etre-de-mutualite-solidaris-situation-40-ans-ainsi-rapport-travail-suscitent-grande-inquietude\/"},"author":{"name":"Jean-Paul Erhard","@id":"https:\/\/peoplesphere.be\/fr\/#\/schema\/person\/7976225ff17988604334abb7b3536a7e"},"headline":"Barom\u00e8tre sur la confiance et le bien-\u00eatre de la mutualit\u00e9 Solidaris: la situation des moins des 40 ans ainsi que leur rapport au travail suscitent une grande inqui\u00e9tude.","datePublished":"2022-12-14T04:03:33+00:00","dateModified":"2022-12-14T04:03:33+00:00","mainEntityOfPage":{"@id":"https:\/\/peoplesphere.be\/fr\/barometre-confiance-bien-etre-de-mutualite-solidaris-situation-40-ans-ainsi-rapport-travail-suscitent-grande-inquietude\/"},"wordCount":941,"publisher":{"@id":"https:\/\/peoplesphere.be\/fr\/#organization"},"keywords":["bien-\u00eatre","confiance","d\u00e9sengagement","Sant\u00e9","solidaris"],"articleSection":["Actualit\u00e9s","Digital"],"inLanguage":"fr-FR"},{"@type":"WebPage","@id":"https:\/\/peoplesphere.be\/fr\/barometre-confiance-bien-etre-de-mutualite-solidaris-situation-40-ans-ainsi-rapport-travail-suscitent-grande-inquietude\/","url":"https:\/\/peoplesphere.be\/fr\/barometre-confiance-bien-etre-de-mutualite-solidaris-situation-40-ans-ainsi-rapport-travail-suscitent-grande-inquietude\/","name":"Barom\u00e8tre sur la confiance et le bien-\u00eatre de la mutualit\u00e9 Solidaris: la situation des moins des 40 ans ainsi que leur rapport au travail suscitent une grande inqui\u00e9tude. - Peoplesphere","isPartOf":{"@id":"https:\/\/peoplesphere.be\/fr\/#website"},"datePublished":"2022-12-14T04:03:33+00:00","dateModified":"2022-12-14T04:03:33+00:00","breadcrumb":{"@id":"https:\/\/peoplesphere.be\/fr\/barometre-confiance-bien-etre-de-mutualite-solidaris-situation-40-ans-ainsi-rapport-travail-suscitent-grande-inquietude\/#breadcrumb"},"inLanguage":"fr-FR","potentialAction":[{"@type":"ReadAction","target":["https:\/\/peoplesphere.be\/fr\/barometre-confiance-bien-etre-de-mutualite-solidaris-situation-40-ans-ainsi-rapport-travail-suscitent-grande-inquietude\/"]}]},{"@type":"BreadcrumbList","@id":"https:\/\/peoplesphere.be\/fr\/barometre-confiance-bien-etre-de-mutualite-solidaris-situation-40-ans-ainsi-rapport-travail-suscitent-grande-inquietude\/#breadcrumb","itemListElement":[{"@type":"ListItem","position":1,"name":"Accueil","item":"https:\/\/peoplesphere.be\/fr\/"},{"@type":"ListItem","position":2,"name":"Barom\u00e8tre sur la confiance et le bien-\u00eatre de la mutualit\u00e9 Solidaris: la situation des moins des 40 ans ainsi que leur rapport au travail suscitent une grande inqui\u00e9tude."}]},{"@type":"WebSite","@id":"https:\/\/peoplesphere.be\/fr\/#website","url":"https:\/\/peoplesphere.be\/fr\/","name":"Peoplesphere","description":"The People Managers Magazine","publisher":{"@id":"https:\/\/peoplesphere.be\/fr\/#organization"},"potentialAction":[{"@type":"SearchAction","target":{"@type":"EntryPoint","urlTemplate":"https:\/\/peoplesphere.be\/fr\/?s={search_term_string}"},"query-input":"required name=search_term_string"}],"inLanguage":"fr-FR"},{"@type":"Organization","@id":"https:\/\/peoplesphere.be\/fr\/#organization","name":"Peoplesphere Company srl","url":"https:\/\/peoplesphere.be\/fr\/","logo":{"@type":"ImageObject","inLanguage":"fr-FR","@id":"https:\/\/peoplesphere.be\/fr\/#\/schema\/logo\/image\/","url":"https:\/\/peoplesphere.be\/fr\/wp-content\/uploads\/2023\/07\/peoplesphere-lgo-new-generik.jpg","contentUrl":"https:\/\/peoplesphere.be\/fr\/wp-content\/uploads\/2023\/07\/peoplesphere-lgo-new-generik.jpg","width":1031,"height":1479,"caption":"Peoplesphere Company srl"},"image":{"@id":"https:\/\/peoplesphere.be\/fr\/#\/schema\/logo\/image\/"},"sameAs":["https:\/\/www.facebook.com\/peoplesphere","https:\/\/twitter.com\/PeoplesphereMag","https:\/\/www.linkedin.com\/company\/7587361?trk","http:\/\/youtube.com\/peoplesphere"]},{"@type":"Person","@id":"https:\/\/peoplesphere.be\/fr\/#\/schema\/person\/7976225ff17988604334abb7b3536a7e","name":"Jean-Paul Erhard","image":{"@type":"ImageObject","inLanguage":"fr-FR","@id":"https:\/\/peoplesphere.be\/fr\/#\/schema\/person\/image\/","url":"https:\/\/secure.gravatar.com\/avatar\/f941e681460179738071629a51574930?s=96&d=mm&r=g","contentUrl":"https:\/\/secure.gravatar.com\/avatar\/f941e681460179738071629a51574930?s=96&d=mm&r=g","caption":"Jean-Paul Erhard"},"url":"https:\/\/peoplesphere.be\/fr\/author\/jpe\/"}]}},"_links":{"self":[{"href":"https:\/\/peoplesphere.be\/fr\/wp-json\/wp\/v2\/posts\/13803"}],"collection":[{"href":"https:\/\/peoplesphere.be\/fr\/wp-json\/wp\/v2\/posts"}],"about":[{"href":"https:\/\/peoplesphere.be\/fr\/wp-json\/wp\/v2\/types\/post"}],"author":[{"embeddable":true,"href":"https:\/\/peoplesphere.be\/fr\/wp-json\/wp\/v2\/users\/2"}],"replies":[{"embeddable":true,"href":"https:\/\/peoplesphere.be\/fr\/wp-json\/wp\/v2\/comments?post=13803"}],"version-history":[{"count":2,"href":"https:\/\/peoplesphere.be\/fr\/wp-json\/wp\/v2\/posts\/13803\/revisions"}],"predecessor-version":[{"id":13807,"href":"https:\/\/peoplesphere.be\/fr\/wp-json\/wp\/v2\/posts\/13803\/revisions\/13807"}],"wp:featuredmedia":[{"embeddable":true,"href":"https:\/\/peoplesphere.be\/fr\/wp-json\/wp\/v2\/media\/13806"}],"wp:attachment":[{"href":"https:\/\/peoplesphere.be\/fr\/wp-json\/wp\/v2\/media?parent=13803"}],"wp:term":[{"taxonomy":"category","embeddable":true,"href":"https:\/\/peoplesphere.be\/fr\/wp-json\/wp\/v2\/categories?post=13803"},{"taxonomy":"post_tag","embeddable":true,"href":"https:\/\/peoplesphere.be\/fr\/wp-json\/wp\/v2\/tags?post=13803"}],"curies":[{"name":"wp","href":"https:\/\/api.w.org\/{rel}","templated":true}]}}