









{"id":13831,"date":"2022-12-19T10:33:38","date_gmt":"2022-12-19T08:33:38","guid":{"rendered":"https:\/\/peoplesphere.be\/fr\/?p=13831"},"modified":"2022-12-19T10:33:38","modified_gmt":"2022-12-19T08:33:38","slug":"neuf-plan-socio-juridique-rh-a-dater-1er-janvier-2023-premier-tour-dhorizon-bien-sy-preparer","status":"publish","type":"post","link":"https:\/\/peoplesphere.be\/fr\/neuf-plan-socio-juridique-rh-a-dater-1er-janvier-2023-premier-tour-dhorizon-bien-sy-preparer\/","title":{"rendered":"Du neuf sur le plan socio-juridique en RH \u00e0 dater du 1er janvier 2023? Premier tour d&rsquo;horizon pour bien s&rsquo;y pr\u00e9parer&#8230;"},"content":{"rendered":"<p>\u00c0 quelles nouveaut\u00e9s sociojuridiques peuvent s\u2019attendre les entreprises en 2023 ? Quelles mesures resteront inchang\u00e9es? Une nouvelle ann\u00e9e apporte de nouvelles mesures RH. 2023 s\u2019annonce avec comme toile de fond l\u2019inflation des mati\u00e8res premi\u00e8res et la crise \u00e9nerg\u00e9tique. Mais d\u2019autres nouveaut\u00e9s RH auront \u00e9galement un impact important pour les employeurs en 2023. Tour d\u2019horizon de ce qui se pr\u00e9pare pour l\u2019ann\u00e9e prochaine.<!--more--><\/p>\n<p>Jean-Luc Vannieuwenhuyse, expert juridique chez SD Worx commente : \u00ab\u00a0<em>Beaucoup de changements sont \u00e0 pr\u00e9voir pour l\u2019ann\u00e9e 2023, notamment du c\u00f4t\u00e9 des voitures de soci\u00e9t\u00e9 ou d\u2019autres mesures budg\u00e9taires r\u00e9cemment prises. Il est important que ces changements soient anticip\u00e9s et que leurs enjeux soient clairement compris par les entreprises pour assurer leur application correcte.\u00a0\u00bb<\/em><\/p>\n<p><strong><em>1. Cessation progressive du r\u00e9gime fiscal favorable aux voitures de soci\u00e9t\u00e9<\/em><\/strong><br \/>\nLa nouvelle ann\u00e9e apportera de nombreux changements dans le domaine des v\u00e9hicules de soci\u00e9t\u00e9. Le but est un verdissement acc\u00e9l\u00e9r\u00e9 du parc des voitures de soci\u00e9t\u00e9. \u00c0 partir du 1er janvier 2023, les frais de carburant des hybrides rechargeables nouvellement acquises ne seront plus d\u00e9ductibles qu\u2019\u00e0 concurrence de 50 % maximum. \u00c0 partir de juillet 2023, la d\u00e9ductibilit\u00e9 fiscale des frais de voitures et de carburant des voitures nouvellement acquises et \u00e9mettant du CO2 s\u2019\u00e9teindra progressivement, jusqu\u2019\u00e0 0 % d\u2019ici 2028. Pour les v\u00e9hicules acquis \u00e0 compter du 1er juillet, la cotisation de solidarit\u00e9 CO\u00b2 augmentera en outre en fonction du type de carburant et des \u00e9missions de CO\u00b2 du v\u00e9hicule.<\/p>\n<p><strong><em>2. Prolongation du cong\u00e9 de naissance<\/em><\/strong><br \/>\n\u00c0 partir du 1er janvier 2023, le cong\u00e9 de naissance comptera 20 jours au lieu de 15. Les p\u00e8res et coparent(e)s peuvent prendre ce cong\u00e9 librement dans les quatre premiers mois qui suivent le jour de l\u2019accouchement. Les trois premiers jours, le travailleur re\u00e7oit son salaire normal, \u00e0 partir du quatri\u00e8me jour, il recevra une allocation de la mutualit\u00e9.<\/p>\n<p><strong><em>3. Prolongation du ch\u00f4mage temporaire \u00e9nergie<\/em><\/strong><br \/>\nLa proc\u00e9dure simplifi\u00e9e de ch\u00f4mage temporaire \u00e9nergie est prolong\u00e9e jusqu\u2019au 31 mars 2023. Il s\u2019agit d\u2019une nouvelle forme de ch\u00f4mage temporaire pour raisons \u00e9conomiques, en vigueur depuis le 1er octobre 2022. Elle peut uniquement \u00eatre invoqu\u00e9e par des entreprises grandes consommatrices d\u2019\u00e9nergie. \u00c0 l\u2019inverse du ch\u00f4mage corona, une mise au ch\u00f4mage \u00e0 temps plein est limit\u00e9e \u00e0 maximum 4 semaines.<\/p>\n<p><strong><em>4. Cotisation de responsabilisation pour les malades de longue dur\u00e9e<\/em><\/strong><br \/>\nLes employeurs qui, en comparaison avec d\u2019autres entreprises, ont nettement plus de travailleurs malades de longue dur\u00e9e, devront payer \u00e0 partir de 2023 une cotisation suppl\u00e9mentaire \u00e0 l\u2019ONSS. La nouvelle l\u00e9gislation est en vigueur depuis le 1er janvier 2022 d\u00e9j\u00e0. Mais compte tenu de la p\u00e9riode de r\u00e9f\u00e9rence de 4 trimestres, l\u2019ONSS ne peut percevoir effectivement la cotisation qu\u2019en 2023. Aborder efficacement l\u2019absent\u00e9isme-maladie permettra aux employeurs donc d\u2019\u00e9viter des co\u00fbts suppl\u00e9mentaires.<\/p>\n<p><strong><em>5. Jours de t\u00e9l\u00e9travail dans un autre \u00c9tat membre de l\u2019UE : extension du r\u00e9gime de faveur s\u00e9curit\u00e9 sociale<\/em><\/strong><br \/>\nCertainement jusqu\u2019au 30 juin 2023 encore, l\u2019ONSS ne tiendra pas compte des jours de t\u00e9l\u00e9travail dans le pays de r\u00e9sidence pour d\u00e9terminer quelle l\u00e9gislation de s\u00e9curit\u00e9 sociale est d\u2019application. Vos travailleurs travaillent-ils encore en partie depuis leur domicile, et cela dans un \u00c9tat membre de l\u2019UE? Vous n\u2019avez alors rien \u00e0 faire sur le plan de la s\u00e9curit\u00e9 sociale. Les revenus des jours prest\u00e9s sont encore soumis \u00e0 la s\u00e9curit\u00e9 sociale belge au moins jusqu\u2019au 30 juin 2023.1<\/p>\n<p><strong><em>6. Employabilit\u00e9 plus rapide en cas de licenciement avec d\u00e9lai de pr\u00e9avis de minimum 30 semaines<\/em><\/strong><br \/>\n\u00c0 partir du 1er janvier 2023, les travailleurs qui sont licenci\u00e9s par leur employeur et qui ont droit \u00e0 une p\u00e9riode de pr\u00e9avis d\u2019au moins 30 semaines, pourront recourir \u00e0 toutes sortes de mesures pour retrouver plus rapidement du travail. Pensez \u00e0 l\u2019outplacement, au coaching ou \u00e0 la formation. Il s\u2019agit d\u2019une absence autoris\u00e9e avec maintien du salaire, sans surco\u00fbt pour l\u2019employeur. Cette mesure r\u00e9sulte directement du deal pour l\u2019emploi. Si le travailleur est licenci\u00e9 avec une indemnit\u00e9 de rupture, il doit cependant se tenir \u00e0 disposition pour le suivi de mesures favorisant l\u2019employabilit\u00e9. Cette obligation vaut tant que le travailleur n\u2019exerce pas de nouvelle activit\u00e9 professionnelle.<\/p>\n<p><strong><em>7. Inscription du droit \u00e0 la d\u00e9connexion dans une CCT ou le r\u00e8glement du travail<\/em><\/strong><br \/>\nLes entreprises comptant au moins 20 travailleurs doivent conclure des accords sur le droit \u00e0 la d\u00e9connexion. Cela peut se faire par le biais d\u2019une CCT ou du r\u00e8glement du travail. Concr\u00e8tement, cela concerne les modalit\u00e9s pratiques, les directives concernant l\u2019utilisation d\u2019outils num\u00e9riques pendant les p\u00e9riodes de repos et de cong\u00e9 et des actions de formation et de sensibilisation pour les travailleurs et les dirigeants. Initialement, les entreprises avaient jusqu\u2019au 1er janvier 2023 pour remplir ces formalit\u00e9s. Toutefois, la l\u00e9gislation n\u2019\u00e9tant entr\u00e9e en vigueur que tardivement \u00e0 l\u2019automne 2022, l\u2019administration accorde donc un sursis de trois mois. Les entreprises ont jusqu\u2019au 1er avril 2023.<\/p>\n<p><strong><em>8. Nouvelles obligations en mati\u00e8re de formation<\/em><\/strong><br \/>\nLe deal pour l\u2019emploi pr\u00e9voit deux nouvelles obligations de formation. Pour les entreprises \u00e0 partir de 20 travailleurs, une obligation d\u2019\u00e9laborer, \u00e0 partir de 2023 un plan de formation fannuel avant le 31 mars. Un tel plan comprend au moins les formations propos\u00e9es ainsi que le groupe cible auquel elles sont destin\u00e9es. Si vous comptez au moins 10 travailleurs, vous devez pr\u00e9voir pour chaque travailleur \u00e0 temps plein un droit de formation individuel de 4 jours de formation par an \u00e0 partir de 2023 et 5 jours \u00e0 partir de 2024. Si vous employez au moins 10 travailleurs, mais moins de 20, 1 jour de formation par an suffit. Il s\u2019agit d\u2019un droit \u00e0 la formation, non d\u2019une obligation. Votre collaborateur n\u2019est donc pas tenu de prendre effectivement tous ses jours de formation.<\/p>\n<p><strong><em>9. Nouveau plafond salarial pour le cong\u00e9 \u00e9ducation<\/em><\/strong><br \/>\nGr\u00e2ce au cong\u00e9 \u00e9ducation, les travailleurs peuvent suivre une formation agr\u00e9\u00e9e pendant les heures de travail tout en conservant leur salaire normal, jusqu\u2019\u00e0 un certain plafond. Pour l\u2019ann\u00e9e scolaire 2022-2023, ce plafond s\u2019\u00e9l\u00e8ve \u00e0 3 170 euros. En raison de l\u2019inflation \u00e9lev\u00e9e, ce montant a dans l\u2019intervalle \u00e9t\u00e9 adapt\u00e9, une premi\u00e8re. Un nouveau projet d\u2019arr\u00eat\u00e9 royal pr\u00e9cise que du 1er septembre au 31 d\u00e9cembre 2022 inclus, le plafond salarial reste de 3 170 euros. Du 1er janvier au 31 ao\u00fbt 2023 inclus, ce plafond est port\u00e9 \u00e0 3 364 euros.<\/p>\n<p><strong><em>10. Le deal pour l\u2019emploi : une r\u00e9glementation sp\u00e9cifique pour les travailleurs de plateformes<\/em><\/strong><br \/>\nUn employeur dans l&rsquo;\u00e9conomie de plateforme et le travailleur de plateforme doivent prendre en compte plusieurs nouveaux crit\u00e8res \u00e0 partir du 1er janvier 2023 pour d\u00e9terminer si le travailleur de plateforme est un salari\u00e9 ou un ind\u00e9pendant.<\/p>\n<p><strong><em>11. Lanceurs d\u2019alerte : un canal de signalement interne obligatoire<\/em><\/strong><br \/>\nLa nouvelle r\u00e9glementation sur les lanceurs d\u2019alerte oblige les entreprises de 50 \u00e0 249 travailleurs \u00e0 instaurer pour le 17 d\u00e9cembre 2023 un canal de signalement interne pour les pratiques r\u00e9pr\u00e9hensibles li\u00e9es au travail. Les entreprises de 250 travailleurs ou plus doivent d\u00e9j\u00e0 le faire d\u00e8s le 15 f\u00e9vrier 2023.<\/p>\n<p><strong><em>Quelles mesures sont attendues en 2023, sans toutefois avoir encore fait l\u2019objet d\u2019une publication au Moniteur belge, \u00e0 ce jour ?<\/em><\/strong><\/p>\n<ul>\n<li>\u00c0 compter du 1er janvier 2023, le d\u00e9lai de prescription pour la fraude sociale est de 10 ans au lieu de 7.<\/li>\n<li>Aux premier et deuxi\u00e8me trimestres 2023, les employeurs b\u00e9n\u00e9ficieront d\u2019une r\u00e9duction temporaire de 7,07 % sur les cotisations patronales globales nettes et au troisi\u00e8me et au quatri\u00e8me trimestres, ils b\u00e9n\u00e9ficieront d\u2019un report de paiement partiel pour ces cotisations, jusqu\u2019en 2025.<\/li>\n<li>\u00c0 partir du 1er janvier 2023, la cotisation sp\u00e9ciale d\u2019activation passera \u00e0 20 % pour tous les moins de 60 ans. Les entreprises qui y ont recours souvent paieront de surcro\u00eet une cotisation plus \u00e9lev\u00e9e.<\/li>\n<li>Si vous utilisez des int\u00e9rimaires, vous pourrez recevoir \u00e0 partir du 1er janvier 2023 une cotisation de responsabilisation si vous utilisez un m\u00eame int\u00e9rimaire 40 fois ou plus par trimestre avec des contrats journaliers successifs.<\/li>\n<li>\u00c0 partir du 1er janvier 2023, les flexi-travailleurs pourront acc\u00e9der \u00e0 plusieurs nouveaux secteurs : les soins, la culture, les spectacles et l\u2019agriculture.<\/li>\n<li>\u00c0 partir du 1er janvier 2023, une cotisation employeur sup\u00e9rieure s\u2019appliquera au RCC. Le taux de cotisation est multipli\u00e9 par 1,047 (1,094 \u00e0 partir du 1er janvier 2024 jusqu\u2019au 31 d\u00e9cembre 2024).<\/li>\n<li>Les \u00e9tudiants jobistes pourront, \u00e0 partir du 1er janvier 2023, prester max. 600 heures en r\u00e9gime favorable.<\/li>\n<li>Le r\u00e9gime fiscal favorable pour les droits d\u2019auteur sera limit\u00e9 \u00e0 partir du 1er janvier 2023, tant en ce qui concerne le champ d\u2019application que le plafond maximal.<\/li>\n<li>Les mesures suppl\u00e9mentaires visant \u00e0 rem\u00e9dier \u00e0 la p\u00e9nurie de personnel dans le secteur des soins sont prolong\u00e9es jusqu\u2019au 31 mars 2023. Ainsi, le gouvernement veut encourager les retrait\u00e9s, \u00e9tudiants, b\u00e9n\u00e9voles, travailleurs en pause-carri\u00e8re et les ch\u00f4meurs \u00e0 venir en aide dans le secteur des soins.<\/li>\n<li>Le gouvernement f\u00e9d\u00e9ral limite l\u2019allocation pour les travailleurs qui prennent un cr\u00e9dit-temps en 2023.<\/li>\n<li>Les entreprises ayant obtenu de bons r\u00e9sultats en 2022 pourront accorder une prime unique \u00e9nergie ou pouvoir d\u2019achat \u00e0 leurs travailleurs au cours des deux prochaines ann\u00e9es. La forme et les conditions d\u2019octroi de la prime ne sont pas encore clairement connues \u00e0 l\u2019heure actuelle.<\/li>\n<\/ul>\n<p><em>Source: SD Worx<\/em><\/p>\n","protected":false},"excerpt":{"rendered":"<p>\u00c0 quelles nouveaut\u00e9s sociojuridiques peuvent s\u2019attendre les entreprises en 2023 ? Quelles mesures resteront inchang\u00e9es? Une nouvelle ann\u00e9e apporte de nouvelles mesures RH. 2023 s\u2019annonce avec comme toile de fond l\u2019inflation des mati\u00e8res premi\u00e8res et la crise \u00e9nerg\u00e9tique. Mais d\u2019autres [&hellip;]<\/p>\n","protected":false},"author":2,"featured_media":0,"comment_status":"closed","ping_status":"open","sticky":false,"template":"","format":"standard","meta":[],"categories":[65,10],"tags":[2155,557,98,863,272,219],"yoast_head":"<!-- This site is optimized with the Yoast SEO plugin v21.0 - https:\/\/yoast.com\/wordpress\/plugins\/seo\/ -->\n<title>Du neuf sur le plan socio-juridique en RH \u00e0 dater du 1er janvier 2023? Premier tour d&#039;horizon pour bien s&#039;y pr\u00e9parer... - Peoplesphere<\/title>\n<meta name=\"robots\" content=\"index, follow, max-snippet:-1, max-image-preview:large, max-video-preview:-1\" \/>\n<link rel=\"canonical\" href=\"https:\/\/peoplesphere.be\/fr\/neuf-plan-socio-juridique-rh-a-dater-1er-janvier-2023-premier-tour-dhorizon-bien-sy-preparer\/\" \/>\n<meta property=\"og:locale\" content=\"fr_FR\" \/>\n<meta property=\"og:type\" content=\"article\" \/>\n<meta property=\"og:title\" content=\"Du neuf sur le plan socio-juridique en RH \u00e0 dater du 1er janvier 2023? Premier tour d&#039;horizon pour bien s&#039;y pr\u00e9parer... - Peoplesphere\" \/>\n<meta property=\"og:description\" content=\"\u00c0 quelles nouveaut\u00e9s sociojuridiques peuvent s\u2019attendre les entreprises en 2023 ? Quelles mesures resteront inchang\u00e9es? Une nouvelle ann\u00e9e apporte de nouvelles mesures RH. 2023 s\u2019annonce avec comme toile de fond l\u2019inflation des mati\u00e8res premi\u00e8res et la crise \u00e9nerg\u00e9tique. Mais d\u2019autres [&hellip;]\" \/>\n<meta property=\"og:url\" content=\"https:\/\/peoplesphere.be\/fr\/neuf-plan-socio-juridique-rh-a-dater-1er-janvier-2023-premier-tour-dhorizon-bien-sy-preparer\/\" \/>\n<meta property=\"og:site_name\" content=\"Peoplesphere\" \/>\n<meta property=\"article:publisher\" content=\"https:\/\/www.facebook.com\/peoplesphere\" \/>\n<meta property=\"article:published_time\" content=\"2022-12-19T08:33:38+00:00\" \/>\n<meta property=\"og:image\" content=\"http:\/\/www.peoplesphere.be\/fr\/wp-content\/uploads\/2016\/07\/facebook-default-posting-1200x628px.jpg\" \/>\n<meta name=\"author\" content=\"Jean-Paul Erhard\" \/>\n<meta name=\"twitter:card\" content=\"summary_large_image\" \/>\n<meta name=\"twitter:creator\" content=\"@PeoplesphereMag\" \/>\n<meta name=\"twitter:site\" content=\"@PeoplesphereMag\" \/>\n<meta name=\"twitter:label1\" content=\"\u00c9crit par\" \/>\n\t<meta name=\"twitter:data1\" content=\"Jean-Paul Erhard\" \/>\n\t<meta name=\"twitter:label2\" content=\"Dur\u00e9e de lecture estim\u00e9e\" \/>\n\t<meta name=\"twitter:data2\" content=\"8 minutes\" \/>\n<script type=\"application\/ld+json\" class=\"yoast-schema-graph\">{\"@context\":\"https:\/\/schema.org\",\"@graph\":[{\"@type\":\"Article\",\"@id\":\"https:\/\/peoplesphere.be\/fr\/neuf-plan-socio-juridique-rh-a-dater-1er-janvier-2023-premier-tour-dhorizon-bien-sy-preparer\/#article\",\"isPartOf\":{\"@id\":\"https:\/\/peoplesphere.be\/fr\/neuf-plan-socio-juridique-rh-a-dater-1er-janvier-2023-premier-tour-dhorizon-bien-sy-preparer\/\"},\"author\":{\"name\":\"Jean-Paul Erhard\",\"@id\":\"https:\/\/peoplesphere.be\/fr\/#\/schema\/person\/7976225ff17988604334abb7b3536a7e\"},\"headline\":\"Du neuf sur le plan socio-juridique en RH \u00e0 dater du 1er janvier 2023? Premier tour d&rsquo;horizon pour bien s&rsquo;y pr\u00e9parer&#8230;\",\"datePublished\":\"2022-12-19T08:33:38+00:00\",\"dateModified\":\"2022-12-19T08:33:38+00:00\",\"mainEntityOfPage\":{\"@id\":\"https:\/\/peoplesphere.be\/fr\/neuf-plan-socio-juridique-rh-a-dater-1er-janvier-2023-premier-tour-dhorizon-bien-sy-preparer\/\"},\"wordCount\":1585,\"publisher\":{\"@id\":\"https:\/\/peoplesphere.be\/fr\/#organization\"},\"keywords\":[\"deal pour l'emploi\",\"droit social\",\"fiscalit\u00e9\",\"l\u00e9gislation\",\"r\u00e9glementation\",\"t\u00e9l\u00e9travail\"],\"articleSection\":[\"Actualit\u00e9s\",\"Digital\"],\"inLanguage\":\"fr-FR\"},{\"@type\":\"WebPage\",\"@id\":\"https:\/\/peoplesphere.be\/fr\/neuf-plan-socio-juridique-rh-a-dater-1er-janvier-2023-premier-tour-dhorizon-bien-sy-preparer\/\",\"url\":\"https:\/\/peoplesphere.be\/fr\/neuf-plan-socio-juridique-rh-a-dater-1er-janvier-2023-premier-tour-dhorizon-bien-sy-preparer\/\",\"name\":\"Du neuf sur le plan socio-juridique en RH \u00e0 dater du 1er janvier 2023? Premier tour d'horizon pour bien s'y pr\u00e9parer... - Peoplesphere\",\"isPartOf\":{\"@id\":\"https:\/\/peoplesphere.be\/fr\/#website\"},\"datePublished\":\"2022-12-19T08:33:38+00:00\",\"dateModified\":\"2022-12-19T08:33:38+00:00\",\"breadcrumb\":{\"@id\":\"https:\/\/peoplesphere.be\/fr\/neuf-plan-socio-juridique-rh-a-dater-1er-janvier-2023-premier-tour-dhorizon-bien-sy-preparer\/#breadcrumb\"},\"inLanguage\":\"fr-FR\",\"potentialAction\":[{\"@type\":\"ReadAction\",\"target\":[\"https:\/\/peoplesphere.be\/fr\/neuf-plan-socio-juridique-rh-a-dater-1er-janvier-2023-premier-tour-dhorizon-bien-sy-preparer\/\"]}]},{\"@type\":\"BreadcrumbList\",\"@id\":\"https:\/\/peoplesphere.be\/fr\/neuf-plan-socio-juridique-rh-a-dater-1er-janvier-2023-premier-tour-dhorizon-bien-sy-preparer\/#breadcrumb\",\"itemListElement\":[{\"@type\":\"ListItem\",\"position\":1,\"name\":\"Accueil\",\"item\":\"https:\/\/peoplesphere.be\/fr\/\"},{\"@type\":\"ListItem\",\"position\":2,\"name\":\"Du neuf sur le plan socio-juridique en RH \u00e0 dater du 1er janvier 2023? Premier tour d&rsquo;horizon pour bien s&rsquo;y pr\u00e9parer&#8230;\"}]},{\"@type\":\"WebSite\",\"@id\":\"https:\/\/peoplesphere.be\/fr\/#website\",\"url\":\"https:\/\/peoplesphere.be\/fr\/\",\"name\":\"Peoplesphere\",\"description\":\"The People Managers Magazine\",\"publisher\":{\"@id\":\"https:\/\/peoplesphere.be\/fr\/#organization\"},\"potentialAction\":[{\"@type\":\"SearchAction\",\"target\":{\"@type\":\"EntryPoint\",\"urlTemplate\":\"https:\/\/peoplesphere.be\/fr\/?s={search_term_string}\"},\"query-input\":\"required name=search_term_string\"}],\"inLanguage\":\"fr-FR\"},{\"@type\":\"Organization\",\"@id\":\"https:\/\/peoplesphere.be\/fr\/#organization\",\"name\":\"Peoplesphere Company srl\",\"url\":\"https:\/\/peoplesphere.be\/fr\/\",\"logo\":{\"@type\":\"ImageObject\",\"inLanguage\":\"fr-FR\",\"@id\":\"https:\/\/peoplesphere.be\/fr\/#\/schema\/logo\/image\/\",\"url\":\"https:\/\/peoplesphere.be\/fr\/wp-content\/uploads\/2023\/07\/peoplesphere-lgo-new-generik.jpg\",\"contentUrl\":\"https:\/\/peoplesphere.be\/fr\/wp-content\/uploads\/2023\/07\/peoplesphere-lgo-new-generik.jpg\",\"width\":1031,\"height\":1479,\"caption\":\"Peoplesphere Company srl\"},\"image\":{\"@id\":\"https:\/\/peoplesphere.be\/fr\/#\/schema\/logo\/image\/\"},\"sameAs\":[\"https:\/\/www.facebook.com\/peoplesphere\",\"https:\/\/twitter.com\/PeoplesphereMag\",\"https:\/\/www.linkedin.com\/company\/7587361?trk\",\"http:\/\/youtube.com\/peoplesphere\"]},{\"@type\":\"Person\",\"@id\":\"https:\/\/peoplesphere.be\/fr\/#\/schema\/person\/7976225ff17988604334abb7b3536a7e\",\"name\":\"Jean-Paul Erhard\",\"image\":{\"@type\":\"ImageObject\",\"inLanguage\":\"fr-FR\",\"@id\":\"https:\/\/peoplesphere.be\/fr\/#\/schema\/person\/image\/\",\"url\":\"https:\/\/secure.gravatar.com\/avatar\/f941e681460179738071629a51574930?s=96&d=mm&r=g\",\"contentUrl\":\"https:\/\/secure.gravatar.com\/avatar\/f941e681460179738071629a51574930?s=96&d=mm&r=g\",\"caption\":\"Jean-Paul Erhard\"},\"url\":\"https:\/\/peoplesphere.be\/fr\/author\/jpe\/\"}]}<\/script>\n<!-- \/ Yoast SEO plugin. -->","yoast_head_json":{"title":"Du neuf sur le plan socio-juridique en RH \u00e0 dater du 1er janvier 2023? Premier tour d'horizon pour bien s'y pr\u00e9parer... - Peoplesphere","robots":{"index":"index","follow":"follow","max-snippet":"max-snippet:-1","max-image-preview":"max-image-preview:large","max-video-preview":"max-video-preview:-1"},"canonical":"https:\/\/peoplesphere.be\/fr\/neuf-plan-socio-juridique-rh-a-dater-1er-janvier-2023-premier-tour-dhorizon-bien-sy-preparer\/","og_locale":"fr_FR","og_type":"article","og_title":"Du neuf sur le plan socio-juridique en RH \u00e0 dater du 1er janvier 2023? Premier tour d'horizon pour bien s'y pr\u00e9parer... - Peoplesphere","og_description":"\u00c0 quelles nouveaut\u00e9s sociojuridiques peuvent s\u2019attendre les entreprises en 2023 ? Quelles mesures resteront inchang\u00e9es? Une nouvelle ann\u00e9e apporte de nouvelles mesures RH. 2023 s\u2019annonce avec comme toile de fond l\u2019inflation des mati\u00e8res premi\u00e8res et la crise \u00e9nerg\u00e9tique. Mais d\u2019autres [&hellip;]","og_url":"https:\/\/peoplesphere.be\/fr\/neuf-plan-socio-juridique-rh-a-dater-1er-janvier-2023-premier-tour-dhorizon-bien-sy-preparer\/","og_site_name":"Peoplesphere","article_publisher":"https:\/\/www.facebook.com\/peoplesphere","article_published_time":"2022-12-19T08:33:38+00:00","og_image":[{"url":"http:\/\/www.peoplesphere.be\/fr\/wp-content\/uploads\/2016\/07\/facebook-default-posting-1200x628px.jpg"}],"author":"Jean-Paul Erhard","twitter_card":"summary_large_image","twitter_creator":"@PeoplesphereMag","twitter_site":"@PeoplesphereMag","twitter_misc":{"\u00c9crit par":"Jean-Paul Erhard","Dur\u00e9e de lecture estim\u00e9e":"8 minutes"},"schema":{"@context":"https:\/\/schema.org","@graph":[{"@type":"Article","@id":"https:\/\/peoplesphere.be\/fr\/neuf-plan-socio-juridique-rh-a-dater-1er-janvier-2023-premier-tour-dhorizon-bien-sy-preparer\/#article","isPartOf":{"@id":"https:\/\/peoplesphere.be\/fr\/neuf-plan-socio-juridique-rh-a-dater-1er-janvier-2023-premier-tour-dhorizon-bien-sy-preparer\/"},"author":{"name":"Jean-Paul Erhard","@id":"https:\/\/peoplesphere.be\/fr\/#\/schema\/person\/7976225ff17988604334abb7b3536a7e"},"headline":"Du neuf sur le plan socio-juridique en RH \u00e0 dater du 1er janvier 2023? Premier tour d&rsquo;horizon pour bien s&rsquo;y pr\u00e9parer&#8230;","datePublished":"2022-12-19T08:33:38+00:00","dateModified":"2022-12-19T08:33:38+00:00","mainEntityOfPage":{"@id":"https:\/\/peoplesphere.be\/fr\/neuf-plan-socio-juridique-rh-a-dater-1er-janvier-2023-premier-tour-dhorizon-bien-sy-preparer\/"},"wordCount":1585,"publisher":{"@id":"https:\/\/peoplesphere.be\/fr\/#organization"},"keywords":["deal pour l'emploi","droit social","fiscalit\u00e9","l\u00e9gislation","r\u00e9glementation","t\u00e9l\u00e9travail"],"articleSection":["Actualit\u00e9s","Digital"],"inLanguage":"fr-FR"},{"@type":"WebPage","@id":"https:\/\/peoplesphere.be\/fr\/neuf-plan-socio-juridique-rh-a-dater-1er-janvier-2023-premier-tour-dhorizon-bien-sy-preparer\/","url":"https:\/\/peoplesphere.be\/fr\/neuf-plan-socio-juridique-rh-a-dater-1er-janvier-2023-premier-tour-dhorizon-bien-sy-preparer\/","name":"Du neuf sur le plan socio-juridique en RH \u00e0 dater du 1er janvier 2023? Premier tour d'horizon pour bien s'y pr\u00e9parer... - Peoplesphere","isPartOf":{"@id":"https:\/\/peoplesphere.be\/fr\/#website"},"datePublished":"2022-12-19T08:33:38+00:00","dateModified":"2022-12-19T08:33:38+00:00","breadcrumb":{"@id":"https:\/\/peoplesphere.be\/fr\/neuf-plan-socio-juridique-rh-a-dater-1er-janvier-2023-premier-tour-dhorizon-bien-sy-preparer\/#breadcrumb"},"inLanguage":"fr-FR","potentialAction":[{"@type":"ReadAction","target":["https:\/\/peoplesphere.be\/fr\/neuf-plan-socio-juridique-rh-a-dater-1er-janvier-2023-premier-tour-dhorizon-bien-sy-preparer\/"]}]},{"@type":"BreadcrumbList","@id":"https:\/\/peoplesphere.be\/fr\/neuf-plan-socio-juridique-rh-a-dater-1er-janvier-2023-premier-tour-dhorizon-bien-sy-preparer\/#breadcrumb","itemListElement":[{"@type":"ListItem","position":1,"name":"Accueil","item":"https:\/\/peoplesphere.be\/fr\/"},{"@type":"ListItem","position":2,"name":"Du neuf sur le plan socio-juridique en RH \u00e0 dater du 1er janvier 2023? Premier tour d&rsquo;horizon pour bien s&rsquo;y pr\u00e9parer&#8230;"}]},{"@type":"WebSite","@id":"https:\/\/peoplesphere.be\/fr\/#website","url":"https:\/\/peoplesphere.be\/fr\/","name":"Peoplesphere","description":"The People Managers Magazine","publisher":{"@id":"https:\/\/peoplesphere.be\/fr\/#organization"},"potentialAction":[{"@type":"SearchAction","target":{"@type":"EntryPoint","urlTemplate":"https:\/\/peoplesphere.be\/fr\/?s={search_term_string}"},"query-input":"required name=search_term_string"}],"inLanguage":"fr-FR"},{"@type":"Organization","@id":"https:\/\/peoplesphere.be\/fr\/#organization","name":"Peoplesphere Company srl","url":"https:\/\/peoplesphere.be\/fr\/","logo":{"@type":"ImageObject","inLanguage":"fr-FR","@id":"https:\/\/peoplesphere.be\/fr\/#\/schema\/logo\/image\/","url":"https:\/\/peoplesphere.be\/fr\/wp-content\/uploads\/2023\/07\/peoplesphere-lgo-new-generik.jpg","contentUrl":"https:\/\/peoplesphere.be\/fr\/wp-content\/uploads\/2023\/07\/peoplesphere-lgo-new-generik.jpg","width":1031,"height":1479,"caption":"Peoplesphere Company srl"},"image":{"@id":"https:\/\/peoplesphere.be\/fr\/#\/schema\/logo\/image\/"},"sameAs":["https:\/\/www.facebook.com\/peoplesphere","https:\/\/twitter.com\/PeoplesphereMag","https:\/\/www.linkedin.com\/company\/7587361?trk","http:\/\/youtube.com\/peoplesphere"]},{"@type":"Person","@id":"https:\/\/peoplesphere.be\/fr\/#\/schema\/person\/7976225ff17988604334abb7b3536a7e","name":"Jean-Paul Erhard","image":{"@type":"ImageObject","inLanguage":"fr-FR","@id":"https:\/\/peoplesphere.be\/fr\/#\/schema\/person\/image\/","url":"https:\/\/secure.gravatar.com\/avatar\/f941e681460179738071629a51574930?s=96&d=mm&r=g","contentUrl":"https:\/\/secure.gravatar.com\/avatar\/f941e681460179738071629a51574930?s=96&d=mm&r=g","caption":"Jean-Paul Erhard"},"url":"https:\/\/peoplesphere.be\/fr\/author\/jpe\/"}]}},"_links":{"self":[{"href":"https:\/\/peoplesphere.be\/fr\/wp-json\/wp\/v2\/posts\/13831"}],"collection":[{"href":"https:\/\/peoplesphere.be\/fr\/wp-json\/wp\/v2\/posts"}],"about":[{"href":"https:\/\/peoplesphere.be\/fr\/wp-json\/wp\/v2\/types\/post"}],"author":[{"embeddable":true,"href":"https:\/\/peoplesphere.be\/fr\/wp-json\/wp\/v2\/users\/2"}],"replies":[{"embeddable":true,"href":"https:\/\/peoplesphere.be\/fr\/wp-json\/wp\/v2\/comments?post=13831"}],"version-history":[{"count":1,"href":"https:\/\/peoplesphere.be\/fr\/wp-json\/wp\/v2\/posts\/13831\/revisions"}],"predecessor-version":[{"id":13832,"href":"https:\/\/peoplesphere.be\/fr\/wp-json\/wp\/v2\/posts\/13831\/revisions\/13832"}],"wp:attachment":[{"href":"https:\/\/peoplesphere.be\/fr\/wp-json\/wp\/v2\/media?parent=13831"}],"wp:term":[{"taxonomy":"category","embeddable":true,"href":"https:\/\/peoplesphere.be\/fr\/wp-json\/wp\/v2\/categories?post=13831"},{"taxonomy":"post_tag","embeddable":true,"href":"https:\/\/peoplesphere.be\/fr\/wp-json\/wp\/v2\/tags?post=13831"}],"curies":[{"name":"wp","href":"https:\/\/api.w.org\/{rel}","templated":true}]}}