









{"id":13881,"date":"2023-01-04T12:12:52","date_gmt":"2023-01-04T10:12:52","guid":{"rendered":"https:\/\/peoplesphere.be\/fr\/?p=13881"},"modified":"2023-01-04T12:12:52","modified_gmt":"2023-01-04T10:12:52","slug":"lentrepreneuriat-feminin-enjeu-majeur-ameliorer-legalite-genres","status":"publish","type":"post","link":"https:\/\/peoplesphere.be\/fr\/lentrepreneuriat-feminin-enjeu-majeur-ameliorer-legalite-genres\/","title":{"rendered":"L&rsquo;entrepreneuriat f\u00e9minin, un enjeu majeur pour am\u00e9liorer l&rsquo;\u00e9galit\u00e9 des genres."},"content":{"rendered":"<p>Soutenir les femmes qui souhaitent se lancer dans l\u2019aventure de l\u2019entrepreneuriat et en particulier celles parmi elles qui en sont le plus \u00e9loign\u00e9es : tel est l\u2019objectif de l\u2019appel \u00e0 projets \u00ab\u00a0Women in business\u00a0\u00bb dont les 8 laur\u00e9ats viennent d\u2019\u00eatre d\u00e9sign\u00e9s. Ces 8 nouveaux projets ont pour vocation d&rsquo;encourager les femmes dans l\u2019entrepreneuriat \u00e0 Bruxelles.<!--more--><\/p>\n<p>Sur proposition de la Secr\u00e9taire d\u2019Etat charg\u00e9e de la Transition \u00e9conomique Barbara Trachte et de la Secr\u00e9taire d\u2019Etat \u00e0 l\u2019Egalit\u00e9 des Chances Nawal Ben Hamou, le Gouvernement bruxellois a en effet marqu\u00e9 son accord sur l\u2019octroi de subsides, pour un montant total de 490.000 \u20ac, afin de financer les huit projets retenus de l\u2019appel \u00e0 projets \u00ab\u00a0Women in business\u00a0\u00bb 2022.<\/p>\n<p>Le barom\u00e8tre de l\u2019entrepreneuriat f\u00e9minin de hub.brussels publi\u00e9 en 2020 r\u00e9v\u00e9lait qu\u2019en 10 ans, le nombre de femmes ind\u00e9pendantes avait progress\u00e9 de 30% en R\u00e9gion bruxelloise, voire m\u00eame de plus de 50% pour les ind\u00e9pendantes compl\u00e9mentaires. Mais il relevait aussi que les hommes restent 2,5 fois plus nombreux que les femmes \u00e0 exercer une activit\u00e9 en tant qu\u2019ind\u00e9pendant \u00e0 Bruxelles.<\/p>\n<p>Dans une perspective d\u2019\u00e9galit\u00e9, d\u2019\u00e9mancipation et d\u2019inclusion, pour donner les cl\u00e9s aux femmes sous-repr\u00e9sent\u00e9es dans le monde entrepreneurial, Barbara Trachte et Nawal Ben Hamon ont donc voulu renforcer l\u2019\u00e9cosyst\u00e8me bruxellois d\u2019accompagnement \u00e0 l\u2019entrepreneuriat pour qu\u2019il puisse soutenir des entrepreneuses et des candidates entrepreneuses \u00e0 travers plusieurs programmes d\u2019accompagnement, de mentorat ou de coaching, via l\u2019appel \u00e0 projets \u00ab\u00a0Women in Business\u00a0\u00bb. Au total, parmi les 39 projets qui ont \u00e9t\u00e9 examin\u00e9s par le jury, 8 ont \u00e9t\u00e9 retenus. Ils ont obtenu entre 35.000 et 100.000 euros pour se d\u00e9velopper.<\/p>\n<p>Voici la liste des projets laur\u00e9ats :<\/p>\n<p><strong><em>Women in food :<\/em><\/strong> un projet port\u00e9 par BeCook qui vise \u00e0 accompagner les femmes migrantes qui ont le d\u00e9sir de lancer une activit\u00e9 entrepreneuriale dans le secteur de l\u2019alimentation et de l\u2019agro-alimentaire<\/p>\n<p><strong><em>R\u00eav\u2019Elles:<\/em><\/strong> Growfunding et Cr\u00e9dal offrent un nouveau parcours d\u2019inspiration et d\u2019accompagnement \u00e0 l\u2019entrepreneuriat \u00e0 un public f\u00e9minin qui n\u2019a pas n\u00e9cessairement les codes, les connaissances et le r\u00e9seau n\u00e9cessaires \u00e0 l\u2019insertion dans le monde entrepreneurial<\/p>\n<p><strong><em>SheMeansBusinessBrussels :<\/em><\/strong> un programme de coaching individuel destin\u00e9 aux femmes de diverses origines, qui veulent se lancer ou viennent de se lancer, mais n&rsquo;ont pas encore \u00e9tabli de plan d&rsquo;affaires.<\/p>\n<p><strong><em>WoBizz!:<\/em> <\/strong>programme g\u00e9r\u00e9 par Lead Belgium, qui a pour objectif de soutenir l\u2019entrepreneuriat des femmes issues d\u2019un parcours migratoire et en situation de pr\u00e9carit\u00e9 socio-\u00e9conomique<\/p>\n<p><strong><em>Shifting Standards:<\/em><\/strong> avec ce programme de 9 mois, Femmes Fi\u00e8res &amp; Beabee cherchent \u00e0 aiguiller les femmes entrepreneures dans la croissance de leur entreprise<\/p>\n<p><strong><em>We Rise:<\/em><\/strong> un projet pilot\u00e9 par l\u2019espace de coworking Womade et qui a pour objectif d\u2019aider les entrepreneuses (en devenir) aux origines diverses de la R\u00e9gion via, notamment, un r\u00e9seau solide et un syst\u00e8me de mentorat<\/p>\n<p><strong><em>Women in textile:<\/em><\/strong> un accompagnement d\u2019un an pour les cr\u00e9atrices qui portent des projets textiles durables<\/p>\n<p><strong><em>Assowomen:<\/em><\/strong> au travers de plusieurs modules, le projet Assowomen a pour objectif d\u2019accompagner et soutenir les femmes qui souhaitent d\u00e9velopper un projet dans le secteur associatif<\/p>\n<p>Pour Barbara Trachte et Nawal Ben Hamou : <em>\u00ab\u00a0L\u2019objectif de cet appel \u00e0 projets est de soutenir, via des structures d\u2019accompagnement, les femmes qui veulent se lancer dans l\u2019entrepreneuriat, en particulier celles qui sont \u00e9loign\u00e9es des dispositifs d\u2019accompagnement publics et sous-repr\u00e9sent\u00e9es dans le monde entrepreneurial. Nous nous r\u00e9jouissons de la qualit\u00e9 des projets propos\u00e9s par les diff\u00e9rents laur\u00e9ats. Ces programmes mettent en avant l\u2019entrepreneuriat comme vecteur d\u2019\u00e9mancipation \u00e9conomique. Ils contribuent au d\u00e9veloppement d\u2019une culture entrepreneuriale plus inclusive \u00e0 Bruxelles.\u00a0\u00bb<\/em><\/p>\n","protected":false},"excerpt":{"rendered":"<p>Soutenir les femmes qui souhaitent se lancer dans l\u2019aventure de l\u2019entrepreneuriat et en particulier celles parmi elles qui en sont le plus \u00e9loign\u00e9es : tel est l\u2019objectif de l\u2019appel \u00e0 projets \u00ab\u00a0Women in business\u00a0\u00bb dont les 8 laur\u00e9ats viennent d\u2019\u00eatre [&hellip;]<\/p>\n","protected":false},"author":2,"featured_media":13882,"comment_status":"closed","ping_status":"open","sticky":false,"template":"","format":"standard","meta":[],"categories":[65,10],"tags":[169,292,279,544],"yoast_head":"<!-- This site is optimized with the Yoast SEO plugin v21.0 - https:\/\/yoast.com\/wordpress\/plugins\/seo\/ -->\n<title>L&#039;entrepreneuriat f\u00e9minin, un enjeu majeur pour am\u00e9liorer l&#039;\u00e9galit\u00e9 des genres. - Peoplesphere<\/title>\n<meta name=\"robots\" content=\"index, follow, max-snippet:-1, max-image-preview:large, max-video-preview:-1\" \/>\n<link rel=\"canonical\" href=\"https:\/\/peoplesphere.be\/fr\/lentrepreneuriat-feminin-enjeu-majeur-ameliorer-legalite-genres\/\" \/>\n<meta property=\"og:locale\" content=\"fr_FR\" \/>\n<meta property=\"og:type\" content=\"article\" \/>\n<meta property=\"og:title\" content=\"L&#039;entrepreneuriat f\u00e9minin, un enjeu majeur pour am\u00e9liorer l&#039;\u00e9galit\u00e9 des genres. - Peoplesphere\" \/>\n<meta property=\"og:description\" content=\"Soutenir les femmes qui souhaitent se lancer dans l\u2019aventure de l\u2019entrepreneuriat et en particulier celles parmi elles qui en sont le plus \u00e9loign\u00e9es : tel est l\u2019objectif de l\u2019appel \u00e0 projets \u00ab\u00a0Women in business\u00a0\u00bb dont les 8 laur\u00e9ats viennent d\u2019\u00eatre [&hellip;]\" \/>\n<meta property=\"og:url\" content=\"https:\/\/peoplesphere.be\/fr\/lentrepreneuriat-feminin-enjeu-majeur-ameliorer-legalite-genres\/\" \/>\n<meta property=\"og:site_name\" content=\"Peoplesphere\" \/>\n<meta property=\"article:publisher\" content=\"https:\/\/www.facebook.com\/peoplesphere\" \/>\n<meta property=\"article:published_time\" content=\"2023-01-04T10:12:52+00:00\" \/>\n<meta property=\"og:image\" content=\"https:\/\/peoplesphere.be\/fr\/wp-content\/uploads\/2023\/01\/20230104womeninbusiness.jpg\" \/>\n\t<meta property=\"og:image:width\" content=\"1200\" \/>\n\t<meta property=\"og:image:height\" content=\"522\" \/>\n\t<meta property=\"og:image:type\" content=\"image\/jpeg\" \/>\n<meta name=\"author\" content=\"Jean-Paul Erhard\" \/>\n<meta name=\"twitter:card\" content=\"summary_large_image\" \/>\n<meta name=\"twitter:creator\" content=\"@PeoplesphereMag\" \/>\n<meta name=\"twitter:site\" content=\"@PeoplesphereMag\" \/>\n<meta name=\"twitter:label1\" content=\"\u00c9crit par\" \/>\n\t<meta name=\"twitter:data1\" content=\"Jean-Paul Erhard\" \/>\n\t<meta name=\"twitter:label2\" content=\"Dur\u00e9e de lecture estim\u00e9e\" \/>\n\t<meta name=\"twitter:data2\" content=\"3 minutes\" \/>\n<script type=\"application\/ld+json\" class=\"yoast-schema-graph\">{\"@context\":\"https:\/\/schema.org\",\"@graph\":[{\"@type\":\"Article\",\"@id\":\"https:\/\/peoplesphere.be\/fr\/lentrepreneuriat-feminin-enjeu-majeur-ameliorer-legalite-genres\/#article\",\"isPartOf\":{\"@id\":\"https:\/\/peoplesphere.be\/fr\/lentrepreneuriat-feminin-enjeu-majeur-ameliorer-legalite-genres\/\"},\"author\":{\"name\":\"Jean-Paul Erhard\",\"@id\":\"https:\/\/peoplesphere.be\/fr\/#\/schema\/person\/7976225ff17988604334abb7b3536a7e\"},\"headline\":\"L&rsquo;entrepreneuriat f\u00e9minin, un enjeu majeur pour am\u00e9liorer l&rsquo;\u00e9galit\u00e9 des genres.\",\"datePublished\":\"2023-01-04T10:12:52+00:00\",\"dateModified\":\"2023-01-04T10:12:52+00:00\",\"mainEntityOfPage\":{\"@id\":\"https:\/\/peoplesphere.be\/fr\/lentrepreneuriat-feminin-enjeu-majeur-ameliorer-legalite-genres\/\"},\"wordCount\":644,\"publisher\":{\"@id\":\"https:\/\/peoplesphere.be\/fr\/#organization\"},\"keywords\":[\"diversit\u00e9\",\"\u00e9galit\u00e9 des genres\",\"entrepreneuriat\",\"inclusion\"],\"articleSection\":[\"Actualit\u00e9s\",\"Digital\"],\"inLanguage\":\"fr-FR\"},{\"@type\":\"WebPage\",\"@id\":\"https:\/\/peoplesphere.be\/fr\/lentrepreneuriat-feminin-enjeu-majeur-ameliorer-legalite-genres\/\",\"url\":\"https:\/\/peoplesphere.be\/fr\/lentrepreneuriat-feminin-enjeu-majeur-ameliorer-legalite-genres\/\",\"name\":\"L'entrepreneuriat f\u00e9minin, un enjeu majeur pour am\u00e9liorer l'\u00e9galit\u00e9 des genres. - Peoplesphere\",\"isPartOf\":{\"@id\":\"https:\/\/peoplesphere.be\/fr\/#website\"},\"datePublished\":\"2023-01-04T10:12:52+00:00\",\"dateModified\":\"2023-01-04T10:12:52+00:00\",\"breadcrumb\":{\"@id\":\"https:\/\/peoplesphere.be\/fr\/lentrepreneuriat-feminin-enjeu-majeur-ameliorer-legalite-genres\/#breadcrumb\"},\"inLanguage\":\"fr-FR\",\"potentialAction\":[{\"@type\":\"ReadAction\",\"target\":[\"https:\/\/peoplesphere.be\/fr\/lentrepreneuriat-feminin-enjeu-majeur-ameliorer-legalite-genres\/\"]}]},{\"@type\":\"BreadcrumbList\",\"@id\":\"https:\/\/peoplesphere.be\/fr\/lentrepreneuriat-feminin-enjeu-majeur-ameliorer-legalite-genres\/#breadcrumb\",\"itemListElement\":[{\"@type\":\"ListItem\",\"position\":1,\"name\":\"Accueil\",\"item\":\"https:\/\/peoplesphere.be\/fr\/\"},{\"@type\":\"ListItem\",\"position\":2,\"name\":\"L&rsquo;entrepreneuriat f\u00e9minin, un enjeu majeur pour am\u00e9liorer l&rsquo;\u00e9galit\u00e9 des genres.\"}]},{\"@type\":\"WebSite\",\"@id\":\"https:\/\/peoplesphere.be\/fr\/#website\",\"url\":\"https:\/\/peoplesphere.be\/fr\/\",\"name\":\"Peoplesphere\",\"description\":\"The People Managers Magazine\",\"publisher\":{\"@id\":\"https:\/\/peoplesphere.be\/fr\/#organization\"},\"potentialAction\":[{\"@type\":\"SearchAction\",\"target\":{\"@type\":\"EntryPoint\",\"urlTemplate\":\"https:\/\/peoplesphere.be\/fr\/?s={search_term_string}\"},\"query-input\":\"required name=search_term_string\"}],\"inLanguage\":\"fr-FR\"},{\"@type\":\"Organization\",\"@id\":\"https:\/\/peoplesphere.be\/fr\/#organization\",\"name\":\"Peoplesphere Company srl\",\"url\":\"https:\/\/peoplesphere.be\/fr\/\",\"logo\":{\"@type\":\"ImageObject\",\"inLanguage\":\"fr-FR\",\"@id\":\"https:\/\/peoplesphere.be\/fr\/#\/schema\/logo\/image\/\",\"url\":\"https:\/\/peoplesphere.be\/fr\/wp-content\/uploads\/2023\/07\/peoplesphere-lgo-new-generik.jpg\",\"contentUrl\":\"https:\/\/peoplesphere.be\/fr\/wp-content\/uploads\/2023\/07\/peoplesphere-lgo-new-generik.jpg\",\"width\":1031,\"height\":1479,\"caption\":\"Peoplesphere Company srl\"},\"image\":{\"@id\":\"https:\/\/peoplesphere.be\/fr\/#\/schema\/logo\/image\/\"},\"sameAs\":[\"https:\/\/www.facebook.com\/peoplesphere\",\"https:\/\/twitter.com\/PeoplesphereMag\",\"https:\/\/www.linkedin.com\/company\/7587361?trk\",\"http:\/\/youtube.com\/peoplesphere\"]},{\"@type\":\"Person\",\"@id\":\"https:\/\/peoplesphere.be\/fr\/#\/schema\/person\/7976225ff17988604334abb7b3536a7e\",\"name\":\"Jean-Paul Erhard\",\"image\":{\"@type\":\"ImageObject\",\"inLanguage\":\"fr-FR\",\"@id\":\"https:\/\/peoplesphere.be\/fr\/#\/schema\/person\/image\/\",\"url\":\"https:\/\/secure.gravatar.com\/avatar\/f941e681460179738071629a51574930?s=96&d=mm&r=g\",\"contentUrl\":\"https:\/\/secure.gravatar.com\/avatar\/f941e681460179738071629a51574930?s=96&d=mm&r=g\",\"caption\":\"Jean-Paul Erhard\"},\"url\":\"https:\/\/peoplesphere.be\/fr\/author\/jpe\/\"}]}<\/script>\n<!-- \/ Yoast SEO plugin. -->","yoast_head_json":{"title":"L'entrepreneuriat f\u00e9minin, un enjeu majeur pour am\u00e9liorer l'\u00e9galit\u00e9 des genres. - Peoplesphere","robots":{"index":"index","follow":"follow","max-snippet":"max-snippet:-1","max-image-preview":"max-image-preview:large","max-video-preview":"max-video-preview:-1"},"canonical":"https:\/\/peoplesphere.be\/fr\/lentrepreneuriat-feminin-enjeu-majeur-ameliorer-legalite-genres\/","og_locale":"fr_FR","og_type":"article","og_title":"L'entrepreneuriat f\u00e9minin, un enjeu majeur pour am\u00e9liorer l'\u00e9galit\u00e9 des genres. - Peoplesphere","og_description":"Soutenir les femmes qui souhaitent se lancer dans l\u2019aventure de l\u2019entrepreneuriat et en particulier celles parmi elles qui en sont le plus \u00e9loign\u00e9es : tel est l\u2019objectif de l\u2019appel \u00e0 projets \u00ab\u00a0Women in business\u00a0\u00bb dont les 8 laur\u00e9ats viennent d\u2019\u00eatre [&hellip;]","og_url":"https:\/\/peoplesphere.be\/fr\/lentrepreneuriat-feminin-enjeu-majeur-ameliorer-legalite-genres\/","og_site_name":"Peoplesphere","article_publisher":"https:\/\/www.facebook.com\/peoplesphere","article_published_time":"2023-01-04T10:12:52+00:00","og_image":[{"width":1200,"height":522,"url":"https:\/\/peoplesphere.be\/fr\/wp-content\/uploads\/2023\/01\/20230104womeninbusiness.jpg","type":"image\/jpeg"}],"author":"Jean-Paul Erhard","twitter_card":"summary_large_image","twitter_creator":"@PeoplesphereMag","twitter_site":"@PeoplesphereMag","twitter_misc":{"\u00c9crit par":"Jean-Paul Erhard","Dur\u00e9e de lecture estim\u00e9e":"3 minutes"},"schema":{"@context":"https:\/\/schema.org","@graph":[{"@type":"Article","@id":"https:\/\/peoplesphere.be\/fr\/lentrepreneuriat-feminin-enjeu-majeur-ameliorer-legalite-genres\/#article","isPartOf":{"@id":"https:\/\/peoplesphere.be\/fr\/lentrepreneuriat-feminin-enjeu-majeur-ameliorer-legalite-genres\/"},"author":{"name":"Jean-Paul Erhard","@id":"https:\/\/peoplesphere.be\/fr\/#\/schema\/person\/7976225ff17988604334abb7b3536a7e"},"headline":"L&rsquo;entrepreneuriat f\u00e9minin, un enjeu majeur pour am\u00e9liorer l&rsquo;\u00e9galit\u00e9 des genres.","datePublished":"2023-01-04T10:12:52+00:00","dateModified":"2023-01-04T10:12:52+00:00","mainEntityOfPage":{"@id":"https:\/\/peoplesphere.be\/fr\/lentrepreneuriat-feminin-enjeu-majeur-ameliorer-legalite-genres\/"},"wordCount":644,"publisher":{"@id":"https:\/\/peoplesphere.be\/fr\/#organization"},"keywords":["diversit\u00e9","\u00e9galit\u00e9 des genres","entrepreneuriat","inclusion"],"articleSection":["Actualit\u00e9s","Digital"],"inLanguage":"fr-FR"},{"@type":"WebPage","@id":"https:\/\/peoplesphere.be\/fr\/lentrepreneuriat-feminin-enjeu-majeur-ameliorer-legalite-genres\/","url":"https:\/\/peoplesphere.be\/fr\/lentrepreneuriat-feminin-enjeu-majeur-ameliorer-legalite-genres\/","name":"L'entrepreneuriat f\u00e9minin, un enjeu majeur pour am\u00e9liorer l'\u00e9galit\u00e9 des genres. - Peoplesphere","isPartOf":{"@id":"https:\/\/peoplesphere.be\/fr\/#website"},"datePublished":"2023-01-04T10:12:52+00:00","dateModified":"2023-01-04T10:12:52+00:00","breadcrumb":{"@id":"https:\/\/peoplesphere.be\/fr\/lentrepreneuriat-feminin-enjeu-majeur-ameliorer-legalite-genres\/#breadcrumb"},"inLanguage":"fr-FR","potentialAction":[{"@type":"ReadAction","target":["https:\/\/peoplesphere.be\/fr\/lentrepreneuriat-feminin-enjeu-majeur-ameliorer-legalite-genres\/"]}]},{"@type":"BreadcrumbList","@id":"https:\/\/peoplesphere.be\/fr\/lentrepreneuriat-feminin-enjeu-majeur-ameliorer-legalite-genres\/#breadcrumb","itemListElement":[{"@type":"ListItem","position":1,"name":"Accueil","item":"https:\/\/peoplesphere.be\/fr\/"},{"@type":"ListItem","position":2,"name":"L&rsquo;entrepreneuriat f\u00e9minin, un enjeu majeur pour am\u00e9liorer l&rsquo;\u00e9galit\u00e9 des genres."}]},{"@type":"WebSite","@id":"https:\/\/peoplesphere.be\/fr\/#website","url":"https:\/\/peoplesphere.be\/fr\/","name":"Peoplesphere","description":"The People Managers Magazine","publisher":{"@id":"https:\/\/peoplesphere.be\/fr\/#organization"},"potentialAction":[{"@type":"SearchAction","target":{"@type":"EntryPoint","urlTemplate":"https:\/\/peoplesphere.be\/fr\/?s={search_term_string}"},"query-input":"required name=search_term_string"}],"inLanguage":"fr-FR"},{"@type":"Organization","@id":"https:\/\/peoplesphere.be\/fr\/#organization","name":"Peoplesphere Company srl","url":"https:\/\/peoplesphere.be\/fr\/","logo":{"@type":"ImageObject","inLanguage":"fr-FR","@id":"https:\/\/peoplesphere.be\/fr\/#\/schema\/logo\/image\/","url":"https:\/\/peoplesphere.be\/fr\/wp-content\/uploads\/2023\/07\/peoplesphere-lgo-new-generik.jpg","contentUrl":"https:\/\/peoplesphere.be\/fr\/wp-content\/uploads\/2023\/07\/peoplesphere-lgo-new-generik.jpg","width":1031,"height":1479,"caption":"Peoplesphere Company srl"},"image":{"@id":"https:\/\/peoplesphere.be\/fr\/#\/schema\/logo\/image\/"},"sameAs":["https:\/\/www.facebook.com\/peoplesphere","https:\/\/twitter.com\/PeoplesphereMag","https:\/\/www.linkedin.com\/company\/7587361?trk","http:\/\/youtube.com\/peoplesphere"]},{"@type":"Person","@id":"https:\/\/peoplesphere.be\/fr\/#\/schema\/person\/7976225ff17988604334abb7b3536a7e","name":"Jean-Paul Erhard","image":{"@type":"ImageObject","inLanguage":"fr-FR","@id":"https:\/\/peoplesphere.be\/fr\/#\/schema\/person\/image\/","url":"https:\/\/secure.gravatar.com\/avatar\/f941e681460179738071629a51574930?s=96&d=mm&r=g","contentUrl":"https:\/\/secure.gravatar.com\/avatar\/f941e681460179738071629a51574930?s=96&d=mm&r=g","caption":"Jean-Paul Erhard"},"url":"https:\/\/peoplesphere.be\/fr\/author\/jpe\/"}]}},"_links":{"self":[{"href":"https:\/\/peoplesphere.be\/fr\/wp-json\/wp\/v2\/posts\/13881"}],"collection":[{"href":"https:\/\/peoplesphere.be\/fr\/wp-json\/wp\/v2\/posts"}],"about":[{"href":"https:\/\/peoplesphere.be\/fr\/wp-json\/wp\/v2\/types\/post"}],"author":[{"embeddable":true,"href":"https:\/\/peoplesphere.be\/fr\/wp-json\/wp\/v2\/users\/2"}],"replies":[{"embeddable":true,"href":"https:\/\/peoplesphere.be\/fr\/wp-json\/wp\/v2\/comments?post=13881"}],"version-history":[{"count":1,"href":"https:\/\/peoplesphere.be\/fr\/wp-json\/wp\/v2\/posts\/13881\/revisions"}],"predecessor-version":[{"id":13883,"href":"https:\/\/peoplesphere.be\/fr\/wp-json\/wp\/v2\/posts\/13881\/revisions\/13883"}],"wp:featuredmedia":[{"embeddable":true,"href":"https:\/\/peoplesphere.be\/fr\/wp-json\/wp\/v2\/media\/13882"}],"wp:attachment":[{"href":"https:\/\/peoplesphere.be\/fr\/wp-json\/wp\/v2\/media?parent=13881"}],"wp:term":[{"taxonomy":"category","embeddable":true,"href":"https:\/\/peoplesphere.be\/fr\/wp-json\/wp\/v2\/categories?post=13881"},{"taxonomy":"post_tag","embeddable":true,"href":"https:\/\/peoplesphere.be\/fr\/wp-json\/wp\/v2\/tags?post=13881"}],"curies":[{"name":"wp","href":"https:\/\/api.w.org\/{rel}","templated":true}]}}