









{"id":13917,"date":"2023-01-16T07:49:11","date_gmt":"2023-01-16T05:49:11","guid":{"rendered":"https:\/\/peoplesphere.be\/fr\/?p=13917"},"modified":"2023-01-16T07:59:11","modified_gmt":"2023-01-16T05:59:11","slug":"augmentation-de-lavantage-nature-voitures-de-societe-leffet-de-diminution-taux-co2-de-reference","status":"publish","type":"post","link":"https:\/\/peoplesphere.be\/fr\/augmentation-de-lavantage-nature-voitures-de-societe-leffet-de-diminution-taux-co2-de-reference\/","title":{"rendered":"Augmentation de l&rsquo;Avantage en nature pour les voitures de soci\u00e9t\u00e9, sous l&rsquo;effet de la diminution des taux CO2 de r\u00e9f\u00e9rence."},"content":{"rendered":"<p>La 100e \u00e9dition du Salon de l&rsquo;Auto a d\u00e9but\u00e9 ce samedi 14 janvier et, comme chaque ann\u00e9e, met le th\u00e8me de la mobilit\u00e9 \u00e0 l&rsquo;honneur. L&rsquo;\u00e9volution des directives europ\u00e9ennes en mati\u00e8re d&rsquo;objectifs climatiques entra\u00eene des changements n\u00e9cessaires au sein des flottes de voitures de soci\u00e9t\u00e9 belges. Securex d\u00e9livre quelques explications au sujet de l&rsquo;avantage en nature croissant pour les voitures de soci\u00e9t\u00e9.<!--more--><\/p>\n<p>Tout comme les ann\u00e9es pr\u00e9c\u00e9dentes, les valeurs diminuent, de sorte que l&rsquo;avantage de toute nature augmente encore (fortement) cette ann\u00e9e. La diminution de ces valeurs r\u00e9sulte du choix du gouvernement de travailler avec les valeurs moyennes de CO2 NEDC, qui ont fortement baiss\u00e9.<\/p>\n<p><strong><em>\u00c0 combien s\u2019\u00e9l\u00e8ve le nouveau taux d\u2019\u00e9mission de CO2 de r\u00e9f\u00e9rence ?<\/em><\/strong><\/p>\n<p>L\u2019\u00e9mission de CO2 de r\u00e9f\u00e9rence pour l\u2019ann\u00e9e civile 2023 s\u2019\u00e9l\u00e8ve \u00e0 :<\/p>\n<ul>\n<li>pour les voitures \u00e0 moteur aliment\u00e9 \u00e0 l\u2019essence, au LPG ou au gaz naturel : 82 g\/km (au lieu de 91 g\/km en 2022)\u2009;<\/li>\n<li>pour les voitures \u00e0 moteur aliment\u00e9 au diesel : 67 g\/km (au lieu de 75 g\/km en 2022).<\/li>\n<\/ul>\n<p>Cette \u00e9mission est applicable aux avantages de toute nature attribu\u00e9s \u00e0 partir du 1er janvier 2023.<\/p>\n<p>\u200bLe montant minimum de l\u2019avantage de toute nature (ATN) est actuellement de 1 540 \u20ac pour l&rsquo;ann\u00e9e de revenus 2023.<\/p>\n<p><strong><em>L\u2019avantage de toute nature (ATN) augmente donc en 2023<\/em><\/strong><\/p>\n<p>L\u2019ATN pour les voitures de soci\u00e9t\u00e9 se calcule en multipliant ces deux \u00e9l\u00e9ments :<\/p>\n<ul>\n<li>La valeur catalogue du v\u00e9hicule (multipli\u00e9e par 6\/7)<\/li>\n<li>Le pourcentage de CO2 du v\u00e9hicule.<\/li>\n<\/ul>\n<p>Le pourcentage de CO2 est obtenu par l&rsquo;addition de deux \u00e9l\u00e9ments :<\/p>\n<ul>\n<li>Le pourcentage de CO2 de base de 5,5 %<\/li>\n<li>L\u2019\u00e9missions de CO2 du v\u00e9hicule diminu\u00e9e de l&rsquo;\u00e9mission de CO2 de r\u00e9f\u00e9rence (r\u00e9sultat ensuite multipli\u00e9 par 0,1)<\/li>\n<\/ul>\n<p>En 2023, les \u00e9missions de CO2 de r\u00e9f\u00e9rence seront de 67g\/km pour les voitures diesel et de 82 g\/km pour les voitures \u00e0 essence. Il s&rsquo;agit d&rsquo;une r\u00e9duction significative par rapport \u00e0 2022, ce qui se traduit par une forte augmentation de l\u2019avantage de toute nature en 2023.<\/p>\n<p>\u200bEn ce qui concerne les voitures \u00e9lectriques, rien ne change. Le calcul de l&rsquo;avantage en nature ne tient pas compte des valeurs de r\u00e9f\u00e9rence du CO2 car une voiture \u00e9lectrique n&rsquo;\u00e9met pas de CO2. Il est d\u00e8s lors tenu compte d\u2019un pourcentage minimum de 4%.<\/p>\n<p>&nbsp;<\/p>\n<p><em>Source: Securex<\/em><\/p>\n","protected":false},"excerpt":{"rendered":"<p>La 100e \u00e9dition du Salon de l&rsquo;Auto a d\u00e9but\u00e9 ce samedi 14 janvier et, comme chaque ann\u00e9e, met le th\u00e8me de la mobilit\u00e9 \u00e0 l&rsquo;honneur. L&rsquo;\u00e9volution des directives europ\u00e9ennes en mati\u00e8re d&rsquo;objectifs climatiques entra\u00eene des changements n\u00e9cessaires au sein des [&hellip;]<\/p>\n","protected":false},"author":2,"featured_media":13919,"comment_status":"closed","ping_status":"open","sticky":false,"template":"","format":"standard","meta":[],"categories":[65,10],"tags":[3297,2491,98,3760,136,853],"yoast_head":"<!-- This site is optimized with the Yoast SEO plugin v21.0 - https:\/\/yoast.com\/wordpress\/plugins\/seo\/ -->\n<title>Augmentation de l&#039;Avantage en nature pour les voitures de soci\u00e9t\u00e9, sous l&#039;effet de la diminution des taux CO2 de r\u00e9f\u00e9rence. - Peoplesphere<\/title>\n<meta name=\"robots\" content=\"index, follow, max-snippet:-1, max-image-preview:large, max-video-preview:-1\" \/>\n<link rel=\"canonical\" href=\"https:\/\/peoplesphere.be\/fr\/augmentation-de-lavantage-nature-voitures-de-societe-leffet-de-diminution-taux-co2-de-reference\/\" \/>\n<meta property=\"og:locale\" content=\"fr_FR\" \/>\n<meta property=\"og:type\" content=\"article\" \/>\n<meta property=\"og:title\" content=\"Augmentation de l&#039;Avantage en nature pour les voitures de soci\u00e9t\u00e9, sous l&#039;effet de la diminution des taux CO2 de r\u00e9f\u00e9rence. - Peoplesphere\" \/>\n<meta property=\"og:description\" content=\"La 100e \u00e9dition du Salon de l&rsquo;Auto a d\u00e9but\u00e9 ce samedi 14 janvier et, comme chaque ann\u00e9e, met le th\u00e8me de la mobilit\u00e9 \u00e0 l&rsquo;honneur. L&rsquo;\u00e9volution des directives europ\u00e9ennes en mati\u00e8re d&rsquo;objectifs climatiques entra\u00eene des changements n\u00e9cessaires au sein des [&hellip;]\" \/>\n<meta property=\"og:url\" content=\"https:\/\/peoplesphere.be\/fr\/augmentation-de-lavantage-nature-voitures-de-societe-leffet-de-diminution-taux-co2-de-reference\/\" \/>\n<meta property=\"og:site_name\" content=\"Peoplesphere\" \/>\n<meta property=\"article:publisher\" content=\"https:\/\/www.facebook.com\/peoplesphere\" \/>\n<meta property=\"article:published_time\" content=\"2023-01-16T05:49:11+00:00\" \/>\n<meta property=\"article:modified_time\" content=\"2023-01-16T05:59:11+00:00\" \/>\n<meta property=\"og:image\" content=\"https:\/\/peoplesphere.be\/fr\/wp-content\/uploads\/2023\/01\/1160x.jpeg\" \/>\n\t<meta property=\"og:image:width\" content=\"1160\" \/>\n\t<meta property=\"og:image:height\" content=\"680\" \/>\n\t<meta property=\"og:image:type\" content=\"image\/jpeg\" \/>\n<meta name=\"author\" content=\"Jean-Paul Erhard\" \/>\n<meta name=\"twitter:card\" content=\"summary_large_image\" \/>\n<meta name=\"twitter:creator\" content=\"@PeoplesphereMag\" \/>\n<meta name=\"twitter:site\" content=\"@PeoplesphereMag\" \/>\n<meta name=\"twitter:label1\" content=\"\u00c9crit par\" \/>\n\t<meta name=\"twitter:data1\" content=\"Jean-Paul Erhard\" \/>\n\t<meta name=\"twitter:label2\" content=\"Dur\u00e9e de lecture estim\u00e9e\" \/>\n\t<meta name=\"twitter:data2\" content=\"2 minutes\" \/>\n<script type=\"application\/ld+json\" class=\"yoast-schema-graph\">{\"@context\":\"https:\/\/schema.org\",\"@graph\":[{\"@type\":\"Article\",\"@id\":\"https:\/\/peoplesphere.be\/fr\/augmentation-de-lavantage-nature-voitures-de-societe-leffet-de-diminution-taux-co2-de-reference\/#article\",\"isPartOf\":{\"@id\":\"https:\/\/peoplesphere.be\/fr\/augmentation-de-lavantage-nature-voitures-de-societe-leffet-de-diminution-taux-co2-de-reference\/\"},\"author\":{\"name\":\"Jean-Paul Erhard\",\"@id\":\"https:\/\/peoplesphere.be\/fr\/#\/schema\/person\/7976225ff17988604334abb7b3536a7e\"},\"headline\":\"Augmentation de l&rsquo;Avantage en nature pour les voitures de soci\u00e9t\u00e9, sous l&rsquo;effet de la diminution des taux CO2 de r\u00e9f\u00e9rence.\",\"datePublished\":\"2023-01-16T05:49:11+00:00\",\"dateModified\":\"2023-01-16T05:59:11+00:00\",\"mainEntityOfPage\":{\"@id\":\"https:\/\/peoplesphere.be\/fr\/augmentation-de-lavantage-nature-voitures-de-societe-leffet-de-diminution-taux-co2-de-reference\/\"},\"wordCount\":425,\"publisher\":{\"@id\":\"https:\/\/peoplesphere.be\/fr\/#organization\"},\"keywords\":[\"ATN\",\"CO2\",\"fiscalit\u00e9\",\"imp\u00f4t\",\"mobilit\u00e9\",\"taxation\"],\"articleSection\":[\"Actualit\u00e9s\",\"Digital\"],\"inLanguage\":\"fr-FR\"},{\"@type\":\"WebPage\",\"@id\":\"https:\/\/peoplesphere.be\/fr\/augmentation-de-lavantage-nature-voitures-de-societe-leffet-de-diminution-taux-co2-de-reference\/\",\"url\":\"https:\/\/peoplesphere.be\/fr\/augmentation-de-lavantage-nature-voitures-de-societe-leffet-de-diminution-taux-co2-de-reference\/\",\"name\":\"Augmentation de l'Avantage en nature pour les voitures de soci\u00e9t\u00e9, sous l'effet de la diminution des taux CO2 de r\u00e9f\u00e9rence. - Peoplesphere\",\"isPartOf\":{\"@id\":\"https:\/\/peoplesphere.be\/fr\/#website\"},\"datePublished\":\"2023-01-16T05:49:11+00:00\",\"dateModified\":\"2023-01-16T05:59:11+00:00\",\"breadcrumb\":{\"@id\":\"https:\/\/peoplesphere.be\/fr\/augmentation-de-lavantage-nature-voitures-de-societe-leffet-de-diminution-taux-co2-de-reference\/#breadcrumb\"},\"inLanguage\":\"fr-FR\",\"potentialAction\":[{\"@type\":\"ReadAction\",\"target\":[\"https:\/\/peoplesphere.be\/fr\/augmentation-de-lavantage-nature-voitures-de-societe-leffet-de-diminution-taux-co2-de-reference\/\"]}]},{\"@type\":\"BreadcrumbList\",\"@id\":\"https:\/\/peoplesphere.be\/fr\/augmentation-de-lavantage-nature-voitures-de-societe-leffet-de-diminution-taux-co2-de-reference\/#breadcrumb\",\"itemListElement\":[{\"@type\":\"ListItem\",\"position\":1,\"name\":\"Accueil\",\"item\":\"https:\/\/peoplesphere.be\/fr\/\"},{\"@type\":\"ListItem\",\"position\":2,\"name\":\"Augmentation de l&rsquo;Avantage en nature pour les voitures de soci\u00e9t\u00e9, sous l&rsquo;effet de la diminution des taux CO2 de r\u00e9f\u00e9rence.\"}]},{\"@type\":\"WebSite\",\"@id\":\"https:\/\/peoplesphere.be\/fr\/#website\",\"url\":\"https:\/\/peoplesphere.be\/fr\/\",\"name\":\"Peoplesphere\",\"description\":\"The People Managers Magazine\",\"publisher\":{\"@id\":\"https:\/\/peoplesphere.be\/fr\/#organization\"},\"potentialAction\":[{\"@type\":\"SearchAction\",\"target\":{\"@type\":\"EntryPoint\",\"urlTemplate\":\"https:\/\/peoplesphere.be\/fr\/?s={search_term_string}\"},\"query-input\":\"required name=search_term_string\"}],\"inLanguage\":\"fr-FR\"},{\"@type\":\"Organization\",\"@id\":\"https:\/\/peoplesphere.be\/fr\/#organization\",\"name\":\"Peoplesphere Company srl\",\"url\":\"https:\/\/peoplesphere.be\/fr\/\",\"logo\":{\"@type\":\"ImageObject\",\"inLanguage\":\"fr-FR\",\"@id\":\"https:\/\/peoplesphere.be\/fr\/#\/schema\/logo\/image\/\",\"url\":\"https:\/\/peoplesphere.be\/fr\/wp-content\/uploads\/2023\/07\/peoplesphere-lgo-new-generik.jpg\",\"contentUrl\":\"https:\/\/peoplesphere.be\/fr\/wp-content\/uploads\/2023\/07\/peoplesphere-lgo-new-generik.jpg\",\"width\":1031,\"height\":1479,\"caption\":\"Peoplesphere Company srl\"},\"image\":{\"@id\":\"https:\/\/peoplesphere.be\/fr\/#\/schema\/logo\/image\/\"},\"sameAs\":[\"https:\/\/www.facebook.com\/peoplesphere\",\"https:\/\/twitter.com\/PeoplesphereMag\",\"https:\/\/www.linkedin.com\/company\/7587361?trk\",\"http:\/\/youtube.com\/peoplesphere\"]},{\"@type\":\"Person\",\"@id\":\"https:\/\/peoplesphere.be\/fr\/#\/schema\/person\/7976225ff17988604334abb7b3536a7e\",\"name\":\"Jean-Paul Erhard\",\"image\":{\"@type\":\"ImageObject\",\"inLanguage\":\"fr-FR\",\"@id\":\"https:\/\/peoplesphere.be\/fr\/#\/schema\/person\/image\/\",\"url\":\"https:\/\/secure.gravatar.com\/avatar\/f941e681460179738071629a51574930?s=96&d=mm&r=g\",\"contentUrl\":\"https:\/\/secure.gravatar.com\/avatar\/f941e681460179738071629a51574930?s=96&d=mm&r=g\",\"caption\":\"Jean-Paul Erhard\"},\"url\":\"https:\/\/peoplesphere.be\/fr\/author\/jpe\/\"}]}<\/script>\n<!-- \/ Yoast SEO plugin. -->","yoast_head_json":{"title":"Augmentation de l'Avantage en nature pour les voitures de soci\u00e9t\u00e9, sous l'effet de la diminution des taux CO2 de r\u00e9f\u00e9rence. - Peoplesphere","robots":{"index":"index","follow":"follow","max-snippet":"max-snippet:-1","max-image-preview":"max-image-preview:large","max-video-preview":"max-video-preview:-1"},"canonical":"https:\/\/peoplesphere.be\/fr\/augmentation-de-lavantage-nature-voitures-de-societe-leffet-de-diminution-taux-co2-de-reference\/","og_locale":"fr_FR","og_type":"article","og_title":"Augmentation de l'Avantage en nature pour les voitures de soci\u00e9t\u00e9, sous l'effet de la diminution des taux CO2 de r\u00e9f\u00e9rence. - Peoplesphere","og_description":"La 100e \u00e9dition du Salon de l&rsquo;Auto a d\u00e9but\u00e9 ce samedi 14 janvier et, comme chaque ann\u00e9e, met le th\u00e8me de la mobilit\u00e9 \u00e0 l&rsquo;honneur. L&rsquo;\u00e9volution des directives europ\u00e9ennes en mati\u00e8re d&rsquo;objectifs climatiques entra\u00eene des changements n\u00e9cessaires au sein des [&hellip;]","og_url":"https:\/\/peoplesphere.be\/fr\/augmentation-de-lavantage-nature-voitures-de-societe-leffet-de-diminution-taux-co2-de-reference\/","og_site_name":"Peoplesphere","article_publisher":"https:\/\/www.facebook.com\/peoplesphere","article_published_time":"2023-01-16T05:49:11+00:00","article_modified_time":"2023-01-16T05:59:11+00:00","og_image":[{"width":1160,"height":680,"url":"https:\/\/peoplesphere.be\/fr\/wp-content\/uploads\/2023\/01\/1160x.jpeg","type":"image\/jpeg"}],"author":"Jean-Paul Erhard","twitter_card":"summary_large_image","twitter_creator":"@PeoplesphereMag","twitter_site":"@PeoplesphereMag","twitter_misc":{"\u00c9crit par":"Jean-Paul Erhard","Dur\u00e9e de lecture estim\u00e9e":"2 minutes"},"schema":{"@context":"https:\/\/schema.org","@graph":[{"@type":"Article","@id":"https:\/\/peoplesphere.be\/fr\/augmentation-de-lavantage-nature-voitures-de-societe-leffet-de-diminution-taux-co2-de-reference\/#article","isPartOf":{"@id":"https:\/\/peoplesphere.be\/fr\/augmentation-de-lavantage-nature-voitures-de-societe-leffet-de-diminution-taux-co2-de-reference\/"},"author":{"name":"Jean-Paul Erhard","@id":"https:\/\/peoplesphere.be\/fr\/#\/schema\/person\/7976225ff17988604334abb7b3536a7e"},"headline":"Augmentation de l&rsquo;Avantage en nature pour les voitures de soci\u00e9t\u00e9, sous l&rsquo;effet de la diminution des taux CO2 de r\u00e9f\u00e9rence.","datePublished":"2023-01-16T05:49:11+00:00","dateModified":"2023-01-16T05:59:11+00:00","mainEntityOfPage":{"@id":"https:\/\/peoplesphere.be\/fr\/augmentation-de-lavantage-nature-voitures-de-societe-leffet-de-diminution-taux-co2-de-reference\/"},"wordCount":425,"publisher":{"@id":"https:\/\/peoplesphere.be\/fr\/#organization"},"keywords":["ATN","CO2","fiscalit\u00e9","imp\u00f4t","mobilit\u00e9","taxation"],"articleSection":["Actualit\u00e9s","Digital"],"inLanguage":"fr-FR"},{"@type":"WebPage","@id":"https:\/\/peoplesphere.be\/fr\/augmentation-de-lavantage-nature-voitures-de-societe-leffet-de-diminution-taux-co2-de-reference\/","url":"https:\/\/peoplesphere.be\/fr\/augmentation-de-lavantage-nature-voitures-de-societe-leffet-de-diminution-taux-co2-de-reference\/","name":"Augmentation de l'Avantage en nature pour les voitures de soci\u00e9t\u00e9, sous l'effet de la diminution des taux CO2 de r\u00e9f\u00e9rence. - Peoplesphere","isPartOf":{"@id":"https:\/\/peoplesphere.be\/fr\/#website"},"datePublished":"2023-01-16T05:49:11+00:00","dateModified":"2023-01-16T05:59:11+00:00","breadcrumb":{"@id":"https:\/\/peoplesphere.be\/fr\/augmentation-de-lavantage-nature-voitures-de-societe-leffet-de-diminution-taux-co2-de-reference\/#breadcrumb"},"inLanguage":"fr-FR","potentialAction":[{"@type":"ReadAction","target":["https:\/\/peoplesphere.be\/fr\/augmentation-de-lavantage-nature-voitures-de-societe-leffet-de-diminution-taux-co2-de-reference\/"]}]},{"@type":"BreadcrumbList","@id":"https:\/\/peoplesphere.be\/fr\/augmentation-de-lavantage-nature-voitures-de-societe-leffet-de-diminution-taux-co2-de-reference\/#breadcrumb","itemListElement":[{"@type":"ListItem","position":1,"name":"Accueil","item":"https:\/\/peoplesphere.be\/fr\/"},{"@type":"ListItem","position":2,"name":"Augmentation de l&rsquo;Avantage en nature pour les voitures de soci\u00e9t\u00e9, sous l&rsquo;effet de la diminution des taux CO2 de r\u00e9f\u00e9rence."}]},{"@type":"WebSite","@id":"https:\/\/peoplesphere.be\/fr\/#website","url":"https:\/\/peoplesphere.be\/fr\/","name":"Peoplesphere","description":"The People Managers Magazine","publisher":{"@id":"https:\/\/peoplesphere.be\/fr\/#organization"},"potentialAction":[{"@type":"SearchAction","target":{"@type":"EntryPoint","urlTemplate":"https:\/\/peoplesphere.be\/fr\/?s={search_term_string}"},"query-input":"required name=search_term_string"}],"inLanguage":"fr-FR"},{"@type":"Organization","@id":"https:\/\/peoplesphere.be\/fr\/#organization","name":"Peoplesphere Company srl","url":"https:\/\/peoplesphere.be\/fr\/","logo":{"@type":"ImageObject","inLanguage":"fr-FR","@id":"https:\/\/peoplesphere.be\/fr\/#\/schema\/logo\/image\/","url":"https:\/\/peoplesphere.be\/fr\/wp-content\/uploads\/2023\/07\/peoplesphere-lgo-new-generik.jpg","contentUrl":"https:\/\/peoplesphere.be\/fr\/wp-content\/uploads\/2023\/07\/peoplesphere-lgo-new-generik.jpg","width":1031,"height":1479,"caption":"Peoplesphere Company srl"},"image":{"@id":"https:\/\/peoplesphere.be\/fr\/#\/schema\/logo\/image\/"},"sameAs":["https:\/\/www.facebook.com\/peoplesphere","https:\/\/twitter.com\/PeoplesphereMag","https:\/\/www.linkedin.com\/company\/7587361?trk","http:\/\/youtube.com\/peoplesphere"]},{"@type":"Person","@id":"https:\/\/peoplesphere.be\/fr\/#\/schema\/person\/7976225ff17988604334abb7b3536a7e","name":"Jean-Paul Erhard","image":{"@type":"ImageObject","inLanguage":"fr-FR","@id":"https:\/\/peoplesphere.be\/fr\/#\/schema\/person\/image\/","url":"https:\/\/secure.gravatar.com\/avatar\/f941e681460179738071629a51574930?s=96&d=mm&r=g","contentUrl":"https:\/\/secure.gravatar.com\/avatar\/f941e681460179738071629a51574930?s=96&d=mm&r=g","caption":"Jean-Paul Erhard"},"url":"https:\/\/peoplesphere.be\/fr\/author\/jpe\/"}]}},"_links":{"self":[{"href":"https:\/\/peoplesphere.be\/fr\/wp-json\/wp\/v2\/posts\/13917"}],"collection":[{"href":"https:\/\/peoplesphere.be\/fr\/wp-json\/wp\/v2\/posts"}],"about":[{"href":"https:\/\/peoplesphere.be\/fr\/wp-json\/wp\/v2\/types\/post"}],"author":[{"embeddable":true,"href":"https:\/\/peoplesphere.be\/fr\/wp-json\/wp\/v2\/users\/2"}],"replies":[{"embeddable":true,"href":"https:\/\/peoplesphere.be\/fr\/wp-json\/wp\/v2\/comments?post=13917"}],"version-history":[{"count":1,"href":"https:\/\/peoplesphere.be\/fr\/wp-json\/wp\/v2\/posts\/13917\/revisions"}],"predecessor-version":[{"id":13918,"href":"https:\/\/peoplesphere.be\/fr\/wp-json\/wp\/v2\/posts\/13917\/revisions\/13918"}],"wp:featuredmedia":[{"embeddable":true,"href":"https:\/\/peoplesphere.be\/fr\/wp-json\/wp\/v2\/media\/13919"}],"wp:attachment":[{"href":"https:\/\/peoplesphere.be\/fr\/wp-json\/wp\/v2\/media?parent=13917"}],"wp:term":[{"taxonomy":"category","embeddable":true,"href":"https:\/\/peoplesphere.be\/fr\/wp-json\/wp\/v2\/categories?post=13917"},{"taxonomy":"post_tag","embeddable":true,"href":"https:\/\/peoplesphere.be\/fr\/wp-json\/wp\/v2\/tags?post=13917"}],"curies":[{"name":"wp","href":"https:\/\/api.w.org\/{rel}","templated":true}]}}