









{"id":13942,"date":"2023-01-22T11:23:00","date_gmt":"2023-01-22T09:23:00","guid":{"rendered":"https:\/\/peoplesphere.be\/fr\/?p=13942"},"modified":"2023-01-22T11:23:00","modified_gmt":"2023-01-22T09:23:00","slug":"bruxelles-brabant-wallon-champions-regionaux-matiere-de-presenteisme-nos-entreprises-absences-se-multiplient","status":"publish","type":"post","link":"https:\/\/peoplesphere.be\/fr\/bruxelles-brabant-wallon-champions-regionaux-matiere-de-presenteisme-nos-entreprises-absences-se-multiplient\/","title":{"rendered":"Bruxelles et le Brabant Wallon, champions r\u00e9gionaux en mati\u00e8re de pr\u00e9sent\u00e9isme dans nos entreprises o\u00f9 les absences se multiplient."},"content":{"rendered":"<p>Les employeurs du Brabant wallon et de Bruxelles obtiennent les meilleurs r\u00e9sultats en termes d&rsquo;absence \u00e0 court terme (&lt;1 mois) et \u00e0 moyen terme (1 mois-1 an). Pourtant, l&rsquo;absent\u00e9isme a augment\u00e9 partout en Belgique en 2022. Dans le Brabant wallon, le Brabant flamand et Bruxelles, l&rsquo;augmentation a \u00e9t\u00e9 la plus forte malgr\u00e9 des scores globaux plus faibles que la moyenne. <!--more--><\/p>\n<p>C&rsquo;est ce que r\u00e9v\u00e8le l&rsquo;Employment Tracker de SD Worx, qui analyse les donn\u00e9es salariales mensuelles de 70 000 employeurs et de plus d&rsquo;un million de travailleurs du secteur priv\u00e9 en Belgique. Les maladies de courtes dur\u00e9es sont celles les plus observ\u00e9es. Environ 65% des travailleurs de Bruxelles et du Brabant wallon ont \u00e9t\u00e9 absents au moins 1 jour pour cause de maladie (&lt;1 mois) pour 35% qui n\u2019en ont pas eu un seul jour.<\/p>\n<p><strong><em>Le Brabant wallon et Bruxelles comptent le moins de jours de maladie au travail<\/em><\/strong><\/p>\n<p>En 2022, six pourcent (6,08%) des jours dans le Brabant wallon ont \u00e9t\u00e9 perdus pour cause de maladie de moins d&rsquo;un an. C&rsquo;est le meilleur chiffre pour la Wallonie. Toutefois, l&rsquo;augmentation (+19,16%) par rapport \u00e0 l&rsquo;ann\u00e9e derni\u00e8re y a \u00e9t\u00e9 la plus forte par rapport \u00e0 toutes les autres provinces wallonnes (et flamandes). L&rsquo;absent\u00e9isme de courte dur\u00e9e est en effet pass\u00e9 de 2,48% \u00e0 3,01%.<\/p>\n<p>L&rsquo;absent\u00e9isme \u00e0 moyen terme a l\u00e9g\u00e8rement augment\u00e9, passant de 2,62% \u00e0 3,07%. Le Brabant wallon a donc \u00e9galement le taux d&rsquo;absence \u00e0 moyen terme le plus bas de Wallonie. La proportion de travailleurs absents pendant plus d&rsquo;un mois (mais moins d&rsquo;un an) a l\u00e9g\u00e8rement augment\u00e9 : de 10,48% \u00e0 11,19%. N\u00e9anmoins, avec un peu plus d\u2019un salari\u00e9 sur dix, le Brabant wallon obtient \u00e0 nouveau le meilleur r\u00e9sultat de toutes les provinces wallonnes.<\/p>\n<p>A Bruxelles, les chiffres sont \u00e9galement bas: seuls 65% des salari\u00e9s des employeurs bruxellois ont \u00e9t\u00e9 absents du travail pour de courtes p\u00e9riodes (&lt;1 mois). Environ un sur dix (11,21%) a \u00e9t\u00e9 absent pour une dur\u00e9e moyenne (entre 1 mois et 1 an). En nombre de jours, Bruxelles se classe \u00e9galement parmi les meilleures r\u00e9gions, avec la plus faible perte de jours de travail due aux absences courtes et moyennes : environ 6% (6,17%). Les absences de courte dur\u00e9e \u00e0 Bruxelles sont pass\u00e9es de 2,68% \u00e0 3,26%. Cela signifie que Bruxelles obtient un score \u00e0 inf\u00e9rieur \u00e0 celui de Namur, qui figure \u00e9galement parmi les trois premiers (3,16%), pour les absences de courte dur\u00e9e du cot\u00e9 francophone de notre pays. L&rsquo;absent\u00e9isme \u00e0 moyen terme a augment\u00e9 \u00e0 Bruxelles de 2,75% \u00e0 2,91%.<\/p>\n<p><strong><em>L&rsquo;absent\u00e9isme atteint un nouveau record en 2022.<\/em> <\/strong><\/p>\n<p>En Wallonie, les t\u00eates de file en termes d&rsquo;absence \u00e0 court terme (&lt;1 mois) et \u00e0 moyen terme (1 mois-1 an) sont \u00e0 nouveau le Hainaut et le Luxembourg. C&rsquo;\u00e9tait \u00e9galement le cas l&rsquo;ann\u00e9e derni\u00e8re, mais c&rsquo;est dans ces deux provinces que l&rsquo;absent\u00e9isme a le moins augment\u00e9. En 2022, 8,36% des journ\u00e9es dans le Hainaut ont \u00e9t\u00e9 perdues pour cause de maladie de moins d&rsquo;un an. Il s&rsquo;agit du chiffre le plus \u00e9lev\u00e9 pour la Belgique et la Wallonie. Les travailleurs du Hainaut obtiennent aussi les plus hauts scores en termes d&rsquo;absent\u00e9isme \u00e0 moyen terme en Wallonie.<\/p>\n<p>S\u00e9bastien Dufour, directeur r\u00e9gional de SD Worx explique l&rsquo;augmentation sensible du nombre de jours d&rsquo;absence de courte dur\u00e9e \u00ab\u00a0<em>En 2022, nettement plus de travailleurs ont \u00e9t\u00e9 touch\u00e9s par une maladie (de courte dur\u00e9e) : en Brabant wallon, 63% des travailleurs ont \u00e9t\u00e9 absents au moins 1 jour pour une courte dur\u00e9e (cela repr\u00e9sente tout de m\u00eame une augmentation relative de 19% par rapport \u00e0 52,94% en 2021). Au d\u00e9but de l&rsquo;ann\u00e9e 2022, nous avons fait face \u00e0 un nouveau pic de la crise du coronavirus. A partir du mois d&rsquo;avril, nous avons entrevu un d\u00e9clin. En septembre, l&rsquo;absent\u00e9isme de courte dur\u00e9e a connu une nouvelle augmentation, mais nous le constatons \u00e9galement dans l&rsquo;ann\u00e9e de r\u00e9f\u00e9rence 2019. L&rsquo;automne engendre traditionnellement une vague de rhumes et de grippes. N\u00e9anmoins, le pic de d\u00e9cembre a \u00e9t\u00e9 particuli\u00e8rement frappant, par rapport \u00e0 2021 et 2019.\u00a0\u00bb<br \/>\n<\/em><\/p>\n<p>Le sp\u00e9cialiste des RH poursuit : <em>\u00ab\u00a0La plus forte augmentation par rapport \u00e0 l&rsquo;ann\u00e9e derni\u00e8re se situe dans les provinces o\u00f9 l&rsquo;absent\u00e9isme est le plus faible : les provinces o\u00f9 l&rsquo;absent\u00e9isme est le plus faible comme le Brabant wallon (+19,16%), le Brabant flamand (+14,37%) et Bruxelles (+13,47%) se caract\u00e9risent par un plus grand nombre d&rsquo;organisations avec des employ\u00e9s ou du travail de bureau. En raison de la politique de retour au bureau, il se peut qu&rsquo;ils aient fait moins de t\u00e9l\u00e9travail en 2022 que ce n&rsquo;\u00e9tait le cas en 2021.\u00a0\u00bb<\/em><\/p>\n<p>&nbsp;<\/p>\n<p><em>Source : SD Worx 2023 &#8211; Le prestataire de services RH SD Worx a d\u00e9velopp\u00e9 le \u00ab\u00a0Employment Tracker\u00a0\u00bb pour donner un aper\u00e7u de l&rsquo;impact de COVID-19 sur le march\u00e9 du travail belge. Cet outil donne un aper\u00e7u du pourcentage de \u00ab\u00a0jours ouvrables\u00a0\u00bb, de l&rsquo;absent\u00e9isme, du ch\u00f4mage temporaire et de l&rsquo;utilisation des jours f\u00e9ri\u00e9s. Le plus grand calculateur de salaires de Belgique fournit ainsi une image pertinente des secteurs et r\u00e9gions les plus touch\u00e9s et les plus actifs. SD Worx se base sur les donn\u00e9es salariales de 70.000 employeurs et de pr\u00e8s d&rsquo;un million de travailleurs belges, dont un tiers d&rsquo;ouvriers et deux tiers d&#8217;employ\u00e9s, travaillant dans divers secteurs et dans des entreprises de tailles diff\u00e9rentes. Les r\u00e9sultats montrent une tendance claire chez les employeurs du secteur priv\u00e9.<\/em><\/p>\n","protected":false},"excerpt":{"rendered":"<p>Les employeurs du Brabant wallon et de Bruxelles obtiennent les meilleurs r\u00e9sultats en termes d&rsquo;absence \u00e0 court terme (&lt;1 mois) et \u00e0 moyen terme (1 mois-1 an). Pourtant, l&rsquo;absent\u00e9isme a augment\u00e9 partout en Belgique en 2022. Dans le Brabant wallon, [&hellip;]<\/p>\n","protected":false},"author":2,"featured_media":0,"comment_status":"closed","ping_status":"open","sticky":false,"template":"","format":"standard","meta":[],"categories":[65,10],"tags":[145,96,1160,42,179,17],"yoast_head":"<!-- This site is optimized with the Yoast SEO plugin v21.0 - https:\/\/yoast.com\/wordpress\/plugins\/seo\/ -->\n<title>Bruxelles et le Brabant Wallon, champions r\u00e9gionaux en mati\u00e8re de pr\u00e9sent\u00e9isme dans nos entreprises o\u00f9 les absences se multiplient. - Peoplesphere<\/title>\n<meta name=\"robots\" content=\"index, follow, max-snippet:-1, max-image-preview:large, max-video-preview:-1\" \/>\n<link rel=\"canonical\" href=\"https:\/\/peoplesphere.be\/fr\/bruxelles-brabant-wallon-champions-regionaux-matiere-de-presenteisme-nos-entreprises-absences-se-multiplient\/\" \/>\n<meta property=\"og:locale\" content=\"fr_FR\" \/>\n<meta property=\"og:type\" content=\"article\" \/>\n<meta property=\"og:title\" content=\"Bruxelles et le Brabant Wallon, champions r\u00e9gionaux en mati\u00e8re de pr\u00e9sent\u00e9isme dans nos entreprises o\u00f9 les absences se multiplient. - Peoplesphere\" \/>\n<meta property=\"og:description\" content=\"Les employeurs du Brabant wallon et de Bruxelles obtiennent les meilleurs r\u00e9sultats en termes d&rsquo;absence \u00e0 court terme (&lt;1 mois) et \u00e0 moyen terme (1 mois-1 an). Pourtant, l&rsquo;absent\u00e9isme a augment\u00e9 partout en Belgique en 2022. Dans le Brabant wallon, [&hellip;]\" \/>\n<meta property=\"og:url\" content=\"https:\/\/peoplesphere.be\/fr\/bruxelles-brabant-wallon-champions-regionaux-matiere-de-presenteisme-nos-entreprises-absences-se-multiplient\/\" \/>\n<meta property=\"og:site_name\" content=\"Peoplesphere\" \/>\n<meta property=\"article:publisher\" content=\"https:\/\/www.facebook.com\/peoplesphere\" \/>\n<meta property=\"article:published_time\" content=\"2023-01-22T09:23:00+00:00\" \/>\n<meta property=\"og:image\" content=\"http:\/\/www.peoplesphere.be\/fr\/wp-content\/uploads\/2016\/07\/facebook-default-posting-1200x628px.jpg\" \/>\n<meta name=\"author\" content=\"Jean-Paul Erhard\" \/>\n<meta name=\"twitter:card\" content=\"summary_large_image\" \/>\n<meta name=\"twitter:creator\" content=\"@PeoplesphereMag\" \/>\n<meta name=\"twitter:site\" content=\"@PeoplesphereMag\" \/>\n<meta name=\"twitter:label1\" content=\"\u00c9crit par\" \/>\n\t<meta name=\"twitter:data1\" content=\"Jean-Paul Erhard\" \/>\n\t<meta name=\"twitter:label2\" content=\"Dur\u00e9e de lecture estim\u00e9e\" \/>\n\t<meta name=\"twitter:data2\" content=\"4 minutes\" \/>\n<script type=\"application\/ld+json\" class=\"yoast-schema-graph\">{\"@context\":\"https:\/\/schema.org\",\"@graph\":[{\"@type\":\"Article\",\"@id\":\"https:\/\/peoplesphere.be\/fr\/bruxelles-brabant-wallon-champions-regionaux-matiere-de-presenteisme-nos-entreprises-absences-se-multiplient\/#article\",\"isPartOf\":{\"@id\":\"https:\/\/peoplesphere.be\/fr\/bruxelles-brabant-wallon-champions-regionaux-matiere-de-presenteisme-nos-entreprises-absences-se-multiplient\/\"},\"author\":{\"name\":\"Jean-Paul Erhard\",\"@id\":\"https:\/\/peoplesphere.be\/fr\/#\/schema\/person\/7976225ff17988604334abb7b3536a7e\"},\"headline\":\"Bruxelles et le Brabant Wallon, champions r\u00e9gionaux en mati\u00e8re de pr\u00e9sent\u00e9isme dans nos entreprises o\u00f9 les absences se multiplient.\",\"datePublished\":\"2023-01-22T09:23:00+00:00\",\"dateModified\":\"2023-01-22T09:23:00+00:00\",\"mainEntityOfPage\":{\"@id\":\"https:\/\/peoplesphere.be\/fr\/bruxelles-brabant-wallon-champions-regionaux-matiere-de-presenteisme-nos-entreprises-absences-se-multiplient\/\"},\"wordCount\":905,\"publisher\":{\"@id\":\"https:\/\/peoplesphere.be\/fr\/#organization\"},\"keywords\":[\"absent\u00e9isme\",\"bien-\u00eatre\",\"maladies\",\"Pr\u00e9vention\",\"productivit\u00e9\",\"Sant\u00e9\"],\"articleSection\":[\"Actualit\u00e9s\",\"Digital\"],\"inLanguage\":\"fr-FR\"},{\"@type\":\"WebPage\",\"@id\":\"https:\/\/peoplesphere.be\/fr\/bruxelles-brabant-wallon-champions-regionaux-matiere-de-presenteisme-nos-entreprises-absences-se-multiplient\/\",\"url\":\"https:\/\/peoplesphere.be\/fr\/bruxelles-brabant-wallon-champions-regionaux-matiere-de-presenteisme-nos-entreprises-absences-se-multiplient\/\",\"name\":\"Bruxelles et le Brabant Wallon, champions r\u00e9gionaux en mati\u00e8re de pr\u00e9sent\u00e9isme dans nos entreprises o\u00f9 les absences se multiplient. - Peoplesphere\",\"isPartOf\":{\"@id\":\"https:\/\/peoplesphere.be\/fr\/#website\"},\"datePublished\":\"2023-01-22T09:23:00+00:00\",\"dateModified\":\"2023-01-22T09:23:00+00:00\",\"breadcrumb\":{\"@id\":\"https:\/\/peoplesphere.be\/fr\/bruxelles-brabant-wallon-champions-regionaux-matiere-de-presenteisme-nos-entreprises-absences-se-multiplient\/#breadcrumb\"},\"inLanguage\":\"fr-FR\",\"potentialAction\":[{\"@type\":\"ReadAction\",\"target\":[\"https:\/\/peoplesphere.be\/fr\/bruxelles-brabant-wallon-champions-regionaux-matiere-de-presenteisme-nos-entreprises-absences-se-multiplient\/\"]}]},{\"@type\":\"BreadcrumbList\",\"@id\":\"https:\/\/peoplesphere.be\/fr\/bruxelles-brabant-wallon-champions-regionaux-matiere-de-presenteisme-nos-entreprises-absences-se-multiplient\/#breadcrumb\",\"itemListElement\":[{\"@type\":\"ListItem\",\"position\":1,\"name\":\"Accueil\",\"item\":\"https:\/\/peoplesphere.be\/fr\/\"},{\"@type\":\"ListItem\",\"position\":2,\"name\":\"Bruxelles et le Brabant Wallon, champions r\u00e9gionaux en mati\u00e8re de pr\u00e9sent\u00e9isme dans nos entreprises o\u00f9 les absences se multiplient.\"}]},{\"@type\":\"WebSite\",\"@id\":\"https:\/\/peoplesphere.be\/fr\/#website\",\"url\":\"https:\/\/peoplesphere.be\/fr\/\",\"name\":\"Peoplesphere\",\"description\":\"The People Managers Magazine\",\"publisher\":{\"@id\":\"https:\/\/peoplesphere.be\/fr\/#organization\"},\"potentialAction\":[{\"@type\":\"SearchAction\",\"target\":{\"@type\":\"EntryPoint\",\"urlTemplate\":\"https:\/\/peoplesphere.be\/fr\/?s={search_term_string}\"},\"query-input\":\"required name=search_term_string\"}],\"inLanguage\":\"fr-FR\"},{\"@type\":\"Organization\",\"@id\":\"https:\/\/peoplesphere.be\/fr\/#organization\",\"name\":\"Peoplesphere Company srl\",\"url\":\"https:\/\/peoplesphere.be\/fr\/\",\"logo\":{\"@type\":\"ImageObject\",\"inLanguage\":\"fr-FR\",\"@id\":\"https:\/\/peoplesphere.be\/fr\/#\/schema\/logo\/image\/\",\"url\":\"https:\/\/peoplesphere.be\/fr\/wp-content\/uploads\/2023\/07\/peoplesphere-lgo-new-generik.jpg\",\"contentUrl\":\"https:\/\/peoplesphere.be\/fr\/wp-content\/uploads\/2023\/07\/peoplesphere-lgo-new-generik.jpg\",\"width\":1031,\"height\":1479,\"caption\":\"Peoplesphere Company srl\"},\"image\":{\"@id\":\"https:\/\/peoplesphere.be\/fr\/#\/schema\/logo\/image\/\"},\"sameAs\":[\"https:\/\/www.facebook.com\/peoplesphere\",\"https:\/\/twitter.com\/PeoplesphereMag\",\"https:\/\/www.linkedin.com\/company\/7587361?trk\",\"http:\/\/youtube.com\/peoplesphere\"]},{\"@type\":\"Person\",\"@id\":\"https:\/\/peoplesphere.be\/fr\/#\/schema\/person\/7976225ff17988604334abb7b3536a7e\",\"name\":\"Jean-Paul Erhard\",\"image\":{\"@type\":\"ImageObject\",\"inLanguage\":\"fr-FR\",\"@id\":\"https:\/\/peoplesphere.be\/fr\/#\/schema\/person\/image\/\",\"url\":\"https:\/\/secure.gravatar.com\/avatar\/f941e681460179738071629a51574930?s=96&d=mm&r=g\",\"contentUrl\":\"https:\/\/secure.gravatar.com\/avatar\/f941e681460179738071629a51574930?s=96&d=mm&r=g\",\"caption\":\"Jean-Paul Erhard\"},\"url\":\"https:\/\/peoplesphere.be\/fr\/author\/jpe\/\"}]}<\/script>\n<!-- \/ Yoast SEO plugin. -->","yoast_head_json":{"title":"Bruxelles et le Brabant Wallon, champions r\u00e9gionaux en mati\u00e8re de pr\u00e9sent\u00e9isme dans nos entreprises o\u00f9 les absences se multiplient. - Peoplesphere","robots":{"index":"index","follow":"follow","max-snippet":"max-snippet:-1","max-image-preview":"max-image-preview:large","max-video-preview":"max-video-preview:-1"},"canonical":"https:\/\/peoplesphere.be\/fr\/bruxelles-brabant-wallon-champions-regionaux-matiere-de-presenteisme-nos-entreprises-absences-se-multiplient\/","og_locale":"fr_FR","og_type":"article","og_title":"Bruxelles et le Brabant Wallon, champions r\u00e9gionaux en mati\u00e8re de pr\u00e9sent\u00e9isme dans nos entreprises o\u00f9 les absences se multiplient. - Peoplesphere","og_description":"Les employeurs du Brabant wallon et de Bruxelles obtiennent les meilleurs r\u00e9sultats en termes d&rsquo;absence \u00e0 court terme (&lt;1 mois) et \u00e0 moyen terme (1 mois-1 an). Pourtant, l&rsquo;absent\u00e9isme a augment\u00e9 partout en Belgique en 2022. Dans le Brabant wallon, [&hellip;]","og_url":"https:\/\/peoplesphere.be\/fr\/bruxelles-brabant-wallon-champions-regionaux-matiere-de-presenteisme-nos-entreprises-absences-se-multiplient\/","og_site_name":"Peoplesphere","article_publisher":"https:\/\/www.facebook.com\/peoplesphere","article_published_time":"2023-01-22T09:23:00+00:00","og_image":[{"url":"http:\/\/www.peoplesphere.be\/fr\/wp-content\/uploads\/2016\/07\/facebook-default-posting-1200x628px.jpg"}],"author":"Jean-Paul Erhard","twitter_card":"summary_large_image","twitter_creator":"@PeoplesphereMag","twitter_site":"@PeoplesphereMag","twitter_misc":{"\u00c9crit par":"Jean-Paul Erhard","Dur\u00e9e de lecture estim\u00e9e":"4 minutes"},"schema":{"@context":"https:\/\/schema.org","@graph":[{"@type":"Article","@id":"https:\/\/peoplesphere.be\/fr\/bruxelles-brabant-wallon-champions-regionaux-matiere-de-presenteisme-nos-entreprises-absences-se-multiplient\/#article","isPartOf":{"@id":"https:\/\/peoplesphere.be\/fr\/bruxelles-brabant-wallon-champions-regionaux-matiere-de-presenteisme-nos-entreprises-absences-se-multiplient\/"},"author":{"name":"Jean-Paul Erhard","@id":"https:\/\/peoplesphere.be\/fr\/#\/schema\/person\/7976225ff17988604334abb7b3536a7e"},"headline":"Bruxelles et le Brabant Wallon, champions r\u00e9gionaux en mati\u00e8re de pr\u00e9sent\u00e9isme dans nos entreprises o\u00f9 les absences se multiplient.","datePublished":"2023-01-22T09:23:00+00:00","dateModified":"2023-01-22T09:23:00+00:00","mainEntityOfPage":{"@id":"https:\/\/peoplesphere.be\/fr\/bruxelles-brabant-wallon-champions-regionaux-matiere-de-presenteisme-nos-entreprises-absences-se-multiplient\/"},"wordCount":905,"publisher":{"@id":"https:\/\/peoplesphere.be\/fr\/#organization"},"keywords":["absent\u00e9isme","bien-\u00eatre","maladies","Pr\u00e9vention","productivit\u00e9","Sant\u00e9"],"articleSection":["Actualit\u00e9s","Digital"],"inLanguage":"fr-FR"},{"@type":"WebPage","@id":"https:\/\/peoplesphere.be\/fr\/bruxelles-brabant-wallon-champions-regionaux-matiere-de-presenteisme-nos-entreprises-absences-se-multiplient\/","url":"https:\/\/peoplesphere.be\/fr\/bruxelles-brabant-wallon-champions-regionaux-matiere-de-presenteisme-nos-entreprises-absences-se-multiplient\/","name":"Bruxelles et le Brabant Wallon, champions r\u00e9gionaux en mati\u00e8re de pr\u00e9sent\u00e9isme dans nos entreprises o\u00f9 les absences se multiplient. - Peoplesphere","isPartOf":{"@id":"https:\/\/peoplesphere.be\/fr\/#website"},"datePublished":"2023-01-22T09:23:00+00:00","dateModified":"2023-01-22T09:23:00+00:00","breadcrumb":{"@id":"https:\/\/peoplesphere.be\/fr\/bruxelles-brabant-wallon-champions-regionaux-matiere-de-presenteisme-nos-entreprises-absences-se-multiplient\/#breadcrumb"},"inLanguage":"fr-FR","potentialAction":[{"@type":"ReadAction","target":["https:\/\/peoplesphere.be\/fr\/bruxelles-brabant-wallon-champions-regionaux-matiere-de-presenteisme-nos-entreprises-absences-se-multiplient\/"]}]},{"@type":"BreadcrumbList","@id":"https:\/\/peoplesphere.be\/fr\/bruxelles-brabant-wallon-champions-regionaux-matiere-de-presenteisme-nos-entreprises-absences-se-multiplient\/#breadcrumb","itemListElement":[{"@type":"ListItem","position":1,"name":"Accueil","item":"https:\/\/peoplesphere.be\/fr\/"},{"@type":"ListItem","position":2,"name":"Bruxelles et le Brabant Wallon, champions r\u00e9gionaux en mati\u00e8re de pr\u00e9sent\u00e9isme dans nos entreprises o\u00f9 les absences se multiplient."}]},{"@type":"WebSite","@id":"https:\/\/peoplesphere.be\/fr\/#website","url":"https:\/\/peoplesphere.be\/fr\/","name":"Peoplesphere","description":"The People Managers Magazine","publisher":{"@id":"https:\/\/peoplesphere.be\/fr\/#organization"},"potentialAction":[{"@type":"SearchAction","target":{"@type":"EntryPoint","urlTemplate":"https:\/\/peoplesphere.be\/fr\/?s={search_term_string}"},"query-input":"required name=search_term_string"}],"inLanguage":"fr-FR"},{"@type":"Organization","@id":"https:\/\/peoplesphere.be\/fr\/#organization","name":"Peoplesphere Company srl","url":"https:\/\/peoplesphere.be\/fr\/","logo":{"@type":"ImageObject","inLanguage":"fr-FR","@id":"https:\/\/peoplesphere.be\/fr\/#\/schema\/logo\/image\/","url":"https:\/\/peoplesphere.be\/fr\/wp-content\/uploads\/2023\/07\/peoplesphere-lgo-new-generik.jpg","contentUrl":"https:\/\/peoplesphere.be\/fr\/wp-content\/uploads\/2023\/07\/peoplesphere-lgo-new-generik.jpg","width":1031,"height":1479,"caption":"Peoplesphere Company srl"},"image":{"@id":"https:\/\/peoplesphere.be\/fr\/#\/schema\/logo\/image\/"},"sameAs":["https:\/\/www.facebook.com\/peoplesphere","https:\/\/twitter.com\/PeoplesphereMag","https:\/\/www.linkedin.com\/company\/7587361?trk","http:\/\/youtube.com\/peoplesphere"]},{"@type":"Person","@id":"https:\/\/peoplesphere.be\/fr\/#\/schema\/person\/7976225ff17988604334abb7b3536a7e","name":"Jean-Paul Erhard","image":{"@type":"ImageObject","inLanguage":"fr-FR","@id":"https:\/\/peoplesphere.be\/fr\/#\/schema\/person\/image\/","url":"https:\/\/secure.gravatar.com\/avatar\/f941e681460179738071629a51574930?s=96&d=mm&r=g","contentUrl":"https:\/\/secure.gravatar.com\/avatar\/f941e681460179738071629a51574930?s=96&d=mm&r=g","caption":"Jean-Paul Erhard"},"url":"https:\/\/peoplesphere.be\/fr\/author\/jpe\/"}]}},"_links":{"self":[{"href":"https:\/\/peoplesphere.be\/fr\/wp-json\/wp\/v2\/posts\/13942"}],"collection":[{"href":"https:\/\/peoplesphere.be\/fr\/wp-json\/wp\/v2\/posts"}],"about":[{"href":"https:\/\/peoplesphere.be\/fr\/wp-json\/wp\/v2\/types\/post"}],"author":[{"embeddable":true,"href":"https:\/\/peoplesphere.be\/fr\/wp-json\/wp\/v2\/users\/2"}],"replies":[{"embeddable":true,"href":"https:\/\/peoplesphere.be\/fr\/wp-json\/wp\/v2\/comments?post=13942"}],"version-history":[{"count":1,"href":"https:\/\/peoplesphere.be\/fr\/wp-json\/wp\/v2\/posts\/13942\/revisions"}],"predecessor-version":[{"id":13943,"href":"https:\/\/peoplesphere.be\/fr\/wp-json\/wp\/v2\/posts\/13942\/revisions\/13943"}],"wp:attachment":[{"href":"https:\/\/peoplesphere.be\/fr\/wp-json\/wp\/v2\/media?parent=13942"}],"wp:term":[{"taxonomy":"category","embeddable":true,"href":"https:\/\/peoplesphere.be\/fr\/wp-json\/wp\/v2\/categories?post=13942"},{"taxonomy":"post_tag","embeddable":true,"href":"https:\/\/peoplesphere.be\/fr\/wp-json\/wp\/v2\/tags?post=13942"}],"curies":[{"name":"wp","href":"https:\/\/api.w.org\/{rel}","templated":true}]}}