









{"id":13949,"date":"2023-01-24T18:00:51","date_gmt":"2023-01-24T16:00:51","guid":{"rendered":"https:\/\/peoplesphere.be\/fr\/?p=13949"},"modified":"2023-01-24T18:00:51","modified_gmt":"2023-01-24T16:00:51","slug":"faillites-dentreprises-perte-demplois-bilan-2022-montre-de-serieuses-disparites-entre-regions","status":"publish","type":"post","link":"https:\/\/peoplesphere.be\/fr\/faillites-dentreprises-perte-demplois-bilan-2022-montre-de-serieuses-disparites-entre-regions\/","title":{"rendered":"Faillites d&rsquo;entreprises et perte d&#8217;emplois: le bilan 2022 montre de s\u00e9rieuses disparit\u00e9s entre r\u00e9gions."},"content":{"rendered":"<p>En 2022, 9.265 entreprises ont \u00e9t\u00e9 d\u00e9clar\u00e9es en faillites en Belgique. Si cela repr\u00e9sente une augmentation de 42% par rapport \u00e0 2021 (6.533 faillites), c\u2019est aussi une diminution de 13% compar\u00e9 \u00e0 2019 (10.598 faillites), derni\u00e8re ann\u00e9e non impact\u00e9e par la Covid-19. Avec 800 faillites, le mois de d\u00e9cembre confirme d\u2019ailleurs cette tendance annuelle. Ces constatations sont toutefois \u00e0 nuancer selon la r\u00e9gion.<!--more--><\/p>\n<p>Au niveau r\u00e9gional, on remarque que seule la R\u00e9gion flamande a vu son nombre de faillites enregistr\u00e9es en 2022 augmenter par rapport \u00e0 2019. Les 5.287 faillites dans cette r\u00e9gion constituent d\u2019ailleurs le total le plus \u00e9lev\u00e9 depuis 2013 o\u00f9 5.742 faillites y avaient \u00e9t\u00e9 comptabilis\u00e9es.<\/p>\n<p>En Wallonie, les 2.202 faillites constat\u00e9es repr\u00e9sentent le 3\u00e8me r\u00e9sultat le plus bas de ces dix derni\u00e8res ann\u00e9es derri\u00e8re les \u2018ann\u00e9es covid\u2019 2020 et 2021 et sont 18% moindre qu\u2019en 2019.<\/p>\n<p>La R\u00e9gion de Bruxelles-Capitale a recens\u00e9 1.776 faillites, soit 40% de moins qu\u2019en 2019. L\u00e0 aussi, cela place l\u2019ann\u00e9e 2022 parmi les moins \u00e9lev\u00e9es derri\u00e8re 2020 et 2021.<\/p>\n<p>Au niveau sectoriel, seuls les secteurs des transports et entreposage et de l\u2019agriculture et p\u00eache ont enregistr\u00e9 une hausse du nombre de faillites en 2022 par rapport \u00e0 2019. 577 entreprises de transport et entreposage ont, en effet, \u00e9t\u00e9 d\u00e9clar\u00e9es en faillite en 2022 contre 504 en 2019. Cela repr\u00e9sente le nombre le plus \u00e9lev\u00e9 de la p\u00e9riode 2012-2022, d\u00e9passant notamment les 571 faillites enregistr\u00e9es en 2012 dans ce secteur.<\/p>\n<p>Le secteur de l\u2019agriculture et p\u00eache a compt\u00e9 80 faillites en 2022, soit 2 de plus qu\u2019en 2019 et le nombre le plus \u00e9lev\u00e9 dans ce secteur depuis 2015 (104).<\/p>\n<p>Par ailleurs, en R\u00e9gion flamande, deux secteurs d\u2019activit\u00e9 n\u2019ont jamais enregistr\u00e9 un nombre de faillites aussi \u00e9lev\u00e9 sur la p\u00e9riode 2012-2022, \u00e0 savoir :<\/p>\n<ul>\n<li>La construction qui compte 1.073 faillites soit 2% de plus qu\u2019en 2013 (seconde valeur la plus \u00e9lev\u00e9e de la p\u00e9riode avec 1.052) ;<\/li>\n<li>Les transports et entreposage o\u00f9 310 faillites ont \u00e9t\u00e9 comptabilis\u00e9es soit une progression de 7% par rapport \u00e0 2012 (289).<\/li>\n<\/ul>\n<p>Par contre, dans les deux autres r\u00e9gions, le nombre de faillites en 2022 ne d\u00e9passe jamais celui de 2019 dans tous les secteurs d\u2019activit\u00e9.<\/p>\n<p>Si, au niveau national, toutes les formes juridiques ont connu une baisse des faillites par rapport \u00e0 2019, le nombre de faillites chez les ind\u00e9pendants est le plus \u00e9lev\u00e9 des dix derni\u00e8res ann\u00e9es en R\u00e9gion flamande (1.217 contre 1.158 en 2019) et en R\u00e9gion de Bruxelles-Capitale (164 en 2022 contre 160 en 2019).<\/p>\n<p><strong><em>Pertes d&#8217;emploi : les petites entreprises tr\u00e8s concern\u00e9es<\/em><\/strong><\/p>\n<p>En ce qui concerne les pertes d\u2019emploi, on constate que la valeur de 2022 (22.400) est sup\u00e9rieure \u00e0 celle de 2021 (17.786) mais est plus faible que celles de 2019 (28.107) et de 2020 (23.022). Par ailleurs, le ratio pertes d\u2019emploi par faillite de 2022 s\u2019\u00e9l\u00e8ve \u00e0 2,42 et est ainsi le plus faible de toute la p\u00e9riode 2012-2022, ce qui signifie que de plus petites entreprises sont tomb\u00e9es en faillite en 2022 en comparaison aux autres ann\u00e9es.<\/p>\n<p>Le nombre de pertes d\u2019emploi enregistr\u00e9 en 2022 a toutefois progress\u00e9 par rapport \u00e0 2019 dans 3 secteurs d\u2019activit\u00e9.<\/p>\n<p>Il est pass\u00e9 :<\/p>\n<ul>\n<li>de 1.320 \u00e0 1.705 dans les transports et entreposage ;<\/li>\n<li>de 169 \u00e0 185 dans l\u2019agriculture et p\u00eache ;<\/li>\n<li>de 1.411 \u00e0 1.423 dans les activit\u00e9s sp\u00e9cialis\u00e9es, scientifiques et techniques.<\/li>\n<\/ul>\n<p>&nbsp;<\/p>\n<p><em>Source: Statbel<\/em><\/p>\n","protected":false},"excerpt":{"rendered":"<p>En 2022, 9.265 entreprises ont \u00e9t\u00e9 d\u00e9clar\u00e9es en faillites en Belgique. Si cela repr\u00e9sente une augmentation de 42% par rapport \u00e0 2021 (6.533 faillites), c\u2019est aussi une diminution de 13% compar\u00e9 \u00e0 2019 (10.598 faillites), derni\u00e8re ann\u00e9e non impact\u00e9e par [&hellip;]<\/p>\n","protected":false},"author":2,"featured_media":0,"comment_status":"closed","ping_status":"open","sticky":false,"template":"","format":"standard","meta":[],"categories":[65,10],"tags":[2561,2885,2283],"yoast_head":"<!-- This site is optimized with the Yoast SEO plugin v21.0 - https:\/\/yoast.com\/wordpress\/plugins\/seo\/ -->\n<title>Faillites d&#039;entreprises et perte d&#039;emplois: le bilan 2022 montre de s\u00e9rieuses disparit\u00e9s entre r\u00e9gions. - Peoplesphere<\/title>\n<meta name=\"robots\" content=\"index, follow, max-snippet:-1, max-image-preview:large, max-video-preview:-1\" \/>\n<link rel=\"canonical\" href=\"https:\/\/peoplesphere.be\/fr\/faillites-dentreprises-perte-demplois-bilan-2022-montre-de-serieuses-disparites-entre-regions\/\" \/>\n<meta property=\"og:locale\" content=\"fr_FR\" \/>\n<meta property=\"og:type\" content=\"article\" \/>\n<meta property=\"og:title\" content=\"Faillites d&#039;entreprises et perte d&#039;emplois: le bilan 2022 montre de s\u00e9rieuses disparit\u00e9s entre r\u00e9gions. - Peoplesphere\" \/>\n<meta property=\"og:description\" content=\"En 2022, 9.265 entreprises ont \u00e9t\u00e9 d\u00e9clar\u00e9es en faillites en Belgique. Si cela repr\u00e9sente une augmentation de 42% par rapport \u00e0 2021 (6.533 faillites), c\u2019est aussi une diminution de 13% compar\u00e9 \u00e0 2019 (10.598 faillites), derni\u00e8re ann\u00e9e non impact\u00e9e par [&hellip;]\" \/>\n<meta property=\"og:url\" content=\"https:\/\/peoplesphere.be\/fr\/faillites-dentreprises-perte-demplois-bilan-2022-montre-de-serieuses-disparites-entre-regions\/\" \/>\n<meta property=\"og:site_name\" content=\"Peoplesphere\" \/>\n<meta property=\"article:publisher\" content=\"https:\/\/www.facebook.com\/peoplesphere\" \/>\n<meta property=\"article:published_time\" content=\"2023-01-24T16:00:51+00:00\" \/>\n<meta property=\"og:image\" content=\"http:\/\/www.peoplesphere.be\/fr\/wp-content\/uploads\/2016\/07\/facebook-default-posting-1200x628px.jpg\" \/>\n<meta name=\"author\" content=\"Jean-Paul Erhard\" \/>\n<meta name=\"twitter:card\" content=\"summary_large_image\" \/>\n<meta name=\"twitter:creator\" content=\"@PeoplesphereMag\" \/>\n<meta name=\"twitter:site\" content=\"@PeoplesphereMag\" \/>\n<meta name=\"twitter:label1\" content=\"\u00c9crit par\" \/>\n\t<meta name=\"twitter:data1\" content=\"Jean-Paul Erhard\" \/>\n\t<meta name=\"twitter:label2\" content=\"Dur\u00e9e de lecture estim\u00e9e\" \/>\n\t<meta name=\"twitter:data2\" content=\"3 minutes\" \/>\n<script type=\"application\/ld+json\" class=\"yoast-schema-graph\">{\"@context\":\"https:\/\/schema.org\",\"@graph\":[{\"@type\":\"Article\",\"@id\":\"https:\/\/peoplesphere.be\/fr\/faillites-dentreprises-perte-demplois-bilan-2022-montre-de-serieuses-disparites-entre-regions\/#article\",\"isPartOf\":{\"@id\":\"https:\/\/peoplesphere.be\/fr\/faillites-dentreprises-perte-demplois-bilan-2022-montre-de-serieuses-disparites-entre-regions\/\"},\"author\":{\"name\":\"Jean-Paul Erhard\",\"@id\":\"https:\/\/peoplesphere.be\/fr\/#\/schema\/person\/7976225ff17988604334abb7b3536a7e\"},\"headline\":\"Faillites d&rsquo;entreprises et perte d&#8217;emplois: le bilan 2022 montre de s\u00e9rieuses disparit\u00e9s entre r\u00e9gions.\",\"datePublished\":\"2023-01-24T16:00:51+00:00\",\"dateModified\":\"2023-01-24T16:00:51+00:00\",\"mainEntityOfPage\":{\"@id\":\"https:\/\/peoplesphere.be\/fr\/faillites-dentreprises-perte-demplois-bilan-2022-montre-de-serieuses-disparites-entre-regions\/\"},\"wordCount\":547,\"publisher\":{\"@id\":\"https:\/\/peoplesphere.be\/fr\/#organization\"},\"keywords\":[\"faillites\",\"pertes d'emploi\",\"statbel\"],\"articleSection\":[\"Actualit\u00e9s\",\"Digital\"],\"inLanguage\":\"fr-FR\"},{\"@type\":\"WebPage\",\"@id\":\"https:\/\/peoplesphere.be\/fr\/faillites-dentreprises-perte-demplois-bilan-2022-montre-de-serieuses-disparites-entre-regions\/\",\"url\":\"https:\/\/peoplesphere.be\/fr\/faillites-dentreprises-perte-demplois-bilan-2022-montre-de-serieuses-disparites-entre-regions\/\",\"name\":\"Faillites d'entreprises et perte d'emplois: le bilan 2022 montre de s\u00e9rieuses disparit\u00e9s entre r\u00e9gions. - Peoplesphere\",\"isPartOf\":{\"@id\":\"https:\/\/peoplesphere.be\/fr\/#website\"},\"datePublished\":\"2023-01-24T16:00:51+00:00\",\"dateModified\":\"2023-01-24T16:00:51+00:00\",\"breadcrumb\":{\"@id\":\"https:\/\/peoplesphere.be\/fr\/faillites-dentreprises-perte-demplois-bilan-2022-montre-de-serieuses-disparites-entre-regions\/#breadcrumb\"},\"inLanguage\":\"fr-FR\",\"potentialAction\":[{\"@type\":\"ReadAction\",\"target\":[\"https:\/\/peoplesphere.be\/fr\/faillites-dentreprises-perte-demplois-bilan-2022-montre-de-serieuses-disparites-entre-regions\/\"]}]},{\"@type\":\"BreadcrumbList\",\"@id\":\"https:\/\/peoplesphere.be\/fr\/faillites-dentreprises-perte-demplois-bilan-2022-montre-de-serieuses-disparites-entre-regions\/#breadcrumb\",\"itemListElement\":[{\"@type\":\"ListItem\",\"position\":1,\"name\":\"Accueil\",\"item\":\"https:\/\/peoplesphere.be\/fr\/\"},{\"@type\":\"ListItem\",\"position\":2,\"name\":\"Faillites d&rsquo;entreprises et perte d&#8217;emplois: le bilan 2022 montre de s\u00e9rieuses disparit\u00e9s entre r\u00e9gions.\"}]},{\"@type\":\"WebSite\",\"@id\":\"https:\/\/peoplesphere.be\/fr\/#website\",\"url\":\"https:\/\/peoplesphere.be\/fr\/\",\"name\":\"Peoplesphere\",\"description\":\"The People Managers Magazine\",\"publisher\":{\"@id\":\"https:\/\/peoplesphere.be\/fr\/#organization\"},\"potentialAction\":[{\"@type\":\"SearchAction\",\"target\":{\"@type\":\"EntryPoint\",\"urlTemplate\":\"https:\/\/peoplesphere.be\/fr\/?s={search_term_string}\"},\"query-input\":\"required name=search_term_string\"}],\"inLanguage\":\"fr-FR\"},{\"@type\":\"Organization\",\"@id\":\"https:\/\/peoplesphere.be\/fr\/#organization\",\"name\":\"Peoplesphere Company srl\",\"url\":\"https:\/\/peoplesphere.be\/fr\/\",\"logo\":{\"@type\":\"ImageObject\",\"inLanguage\":\"fr-FR\",\"@id\":\"https:\/\/peoplesphere.be\/fr\/#\/schema\/logo\/image\/\",\"url\":\"https:\/\/peoplesphere.be\/fr\/wp-content\/uploads\/2023\/07\/peoplesphere-lgo-new-generik.jpg\",\"contentUrl\":\"https:\/\/peoplesphere.be\/fr\/wp-content\/uploads\/2023\/07\/peoplesphere-lgo-new-generik.jpg\",\"width\":1031,\"height\":1479,\"caption\":\"Peoplesphere Company srl\"},\"image\":{\"@id\":\"https:\/\/peoplesphere.be\/fr\/#\/schema\/logo\/image\/\"},\"sameAs\":[\"https:\/\/www.facebook.com\/peoplesphere\",\"https:\/\/twitter.com\/PeoplesphereMag\",\"https:\/\/www.linkedin.com\/company\/7587361?trk\",\"http:\/\/youtube.com\/peoplesphere\"]},{\"@type\":\"Person\",\"@id\":\"https:\/\/peoplesphere.be\/fr\/#\/schema\/person\/7976225ff17988604334abb7b3536a7e\",\"name\":\"Jean-Paul Erhard\",\"image\":{\"@type\":\"ImageObject\",\"inLanguage\":\"fr-FR\",\"@id\":\"https:\/\/peoplesphere.be\/fr\/#\/schema\/person\/image\/\",\"url\":\"https:\/\/secure.gravatar.com\/avatar\/f941e681460179738071629a51574930?s=96&d=mm&r=g\",\"contentUrl\":\"https:\/\/secure.gravatar.com\/avatar\/f941e681460179738071629a51574930?s=96&d=mm&r=g\",\"caption\":\"Jean-Paul Erhard\"},\"url\":\"https:\/\/peoplesphere.be\/fr\/author\/jpe\/\"}]}<\/script>\n<!-- \/ Yoast SEO plugin. -->","yoast_head_json":{"title":"Faillites d'entreprises et perte d'emplois: le bilan 2022 montre de s\u00e9rieuses disparit\u00e9s entre r\u00e9gions. - Peoplesphere","robots":{"index":"index","follow":"follow","max-snippet":"max-snippet:-1","max-image-preview":"max-image-preview:large","max-video-preview":"max-video-preview:-1"},"canonical":"https:\/\/peoplesphere.be\/fr\/faillites-dentreprises-perte-demplois-bilan-2022-montre-de-serieuses-disparites-entre-regions\/","og_locale":"fr_FR","og_type":"article","og_title":"Faillites d'entreprises et perte d'emplois: le bilan 2022 montre de s\u00e9rieuses disparit\u00e9s entre r\u00e9gions. - Peoplesphere","og_description":"En 2022, 9.265 entreprises ont \u00e9t\u00e9 d\u00e9clar\u00e9es en faillites en Belgique. Si cela repr\u00e9sente une augmentation de 42% par rapport \u00e0 2021 (6.533 faillites), c\u2019est aussi une diminution de 13% compar\u00e9 \u00e0 2019 (10.598 faillites), derni\u00e8re ann\u00e9e non impact\u00e9e par [&hellip;]","og_url":"https:\/\/peoplesphere.be\/fr\/faillites-dentreprises-perte-demplois-bilan-2022-montre-de-serieuses-disparites-entre-regions\/","og_site_name":"Peoplesphere","article_publisher":"https:\/\/www.facebook.com\/peoplesphere","article_published_time":"2023-01-24T16:00:51+00:00","og_image":[{"url":"http:\/\/www.peoplesphere.be\/fr\/wp-content\/uploads\/2016\/07\/facebook-default-posting-1200x628px.jpg"}],"author":"Jean-Paul Erhard","twitter_card":"summary_large_image","twitter_creator":"@PeoplesphereMag","twitter_site":"@PeoplesphereMag","twitter_misc":{"\u00c9crit par":"Jean-Paul Erhard","Dur\u00e9e de lecture estim\u00e9e":"3 minutes"},"schema":{"@context":"https:\/\/schema.org","@graph":[{"@type":"Article","@id":"https:\/\/peoplesphere.be\/fr\/faillites-dentreprises-perte-demplois-bilan-2022-montre-de-serieuses-disparites-entre-regions\/#article","isPartOf":{"@id":"https:\/\/peoplesphere.be\/fr\/faillites-dentreprises-perte-demplois-bilan-2022-montre-de-serieuses-disparites-entre-regions\/"},"author":{"name":"Jean-Paul Erhard","@id":"https:\/\/peoplesphere.be\/fr\/#\/schema\/person\/7976225ff17988604334abb7b3536a7e"},"headline":"Faillites d&rsquo;entreprises et perte d&#8217;emplois: le bilan 2022 montre de s\u00e9rieuses disparit\u00e9s entre r\u00e9gions.","datePublished":"2023-01-24T16:00:51+00:00","dateModified":"2023-01-24T16:00:51+00:00","mainEntityOfPage":{"@id":"https:\/\/peoplesphere.be\/fr\/faillites-dentreprises-perte-demplois-bilan-2022-montre-de-serieuses-disparites-entre-regions\/"},"wordCount":547,"publisher":{"@id":"https:\/\/peoplesphere.be\/fr\/#organization"},"keywords":["faillites","pertes d'emploi","statbel"],"articleSection":["Actualit\u00e9s","Digital"],"inLanguage":"fr-FR"},{"@type":"WebPage","@id":"https:\/\/peoplesphere.be\/fr\/faillites-dentreprises-perte-demplois-bilan-2022-montre-de-serieuses-disparites-entre-regions\/","url":"https:\/\/peoplesphere.be\/fr\/faillites-dentreprises-perte-demplois-bilan-2022-montre-de-serieuses-disparites-entre-regions\/","name":"Faillites d'entreprises et perte d'emplois: le bilan 2022 montre de s\u00e9rieuses disparit\u00e9s entre r\u00e9gions. - Peoplesphere","isPartOf":{"@id":"https:\/\/peoplesphere.be\/fr\/#website"},"datePublished":"2023-01-24T16:00:51+00:00","dateModified":"2023-01-24T16:00:51+00:00","breadcrumb":{"@id":"https:\/\/peoplesphere.be\/fr\/faillites-dentreprises-perte-demplois-bilan-2022-montre-de-serieuses-disparites-entre-regions\/#breadcrumb"},"inLanguage":"fr-FR","potentialAction":[{"@type":"ReadAction","target":["https:\/\/peoplesphere.be\/fr\/faillites-dentreprises-perte-demplois-bilan-2022-montre-de-serieuses-disparites-entre-regions\/"]}]},{"@type":"BreadcrumbList","@id":"https:\/\/peoplesphere.be\/fr\/faillites-dentreprises-perte-demplois-bilan-2022-montre-de-serieuses-disparites-entre-regions\/#breadcrumb","itemListElement":[{"@type":"ListItem","position":1,"name":"Accueil","item":"https:\/\/peoplesphere.be\/fr\/"},{"@type":"ListItem","position":2,"name":"Faillites d&rsquo;entreprises et perte d&#8217;emplois: le bilan 2022 montre de s\u00e9rieuses disparit\u00e9s entre r\u00e9gions."}]},{"@type":"WebSite","@id":"https:\/\/peoplesphere.be\/fr\/#website","url":"https:\/\/peoplesphere.be\/fr\/","name":"Peoplesphere","description":"The People Managers Magazine","publisher":{"@id":"https:\/\/peoplesphere.be\/fr\/#organization"},"potentialAction":[{"@type":"SearchAction","target":{"@type":"EntryPoint","urlTemplate":"https:\/\/peoplesphere.be\/fr\/?s={search_term_string}"},"query-input":"required name=search_term_string"}],"inLanguage":"fr-FR"},{"@type":"Organization","@id":"https:\/\/peoplesphere.be\/fr\/#organization","name":"Peoplesphere Company srl","url":"https:\/\/peoplesphere.be\/fr\/","logo":{"@type":"ImageObject","inLanguage":"fr-FR","@id":"https:\/\/peoplesphere.be\/fr\/#\/schema\/logo\/image\/","url":"https:\/\/peoplesphere.be\/fr\/wp-content\/uploads\/2023\/07\/peoplesphere-lgo-new-generik.jpg","contentUrl":"https:\/\/peoplesphere.be\/fr\/wp-content\/uploads\/2023\/07\/peoplesphere-lgo-new-generik.jpg","width":1031,"height":1479,"caption":"Peoplesphere Company srl"},"image":{"@id":"https:\/\/peoplesphere.be\/fr\/#\/schema\/logo\/image\/"},"sameAs":["https:\/\/www.facebook.com\/peoplesphere","https:\/\/twitter.com\/PeoplesphereMag","https:\/\/www.linkedin.com\/company\/7587361?trk","http:\/\/youtube.com\/peoplesphere"]},{"@type":"Person","@id":"https:\/\/peoplesphere.be\/fr\/#\/schema\/person\/7976225ff17988604334abb7b3536a7e","name":"Jean-Paul Erhard","image":{"@type":"ImageObject","inLanguage":"fr-FR","@id":"https:\/\/peoplesphere.be\/fr\/#\/schema\/person\/image\/","url":"https:\/\/secure.gravatar.com\/avatar\/f941e681460179738071629a51574930?s=96&d=mm&r=g","contentUrl":"https:\/\/secure.gravatar.com\/avatar\/f941e681460179738071629a51574930?s=96&d=mm&r=g","caption":"Jean-Paul Erhard"},"url":"https:\/\/peoplesphere.be\/fr\/author\/jpe\/"}]}},"_links":{"self":[{"href":"https:\/\/peoplesphere.be\/fr\/wp-json\/wp\/v2\/posts\/13949"}],"collection":[{"href":"https:\/\/peoplesphere.be\/fr\/wp-json\/wp\/v2\/posts"}],"about":[{"href":"https:\/\/peoplesphere.be\/fr\/wp-json\/wp\/v2\/types\/post"}],"author":[{"embeddable":true,"href":"https:\/\/peoplesphere.be\/fr\/wp-json\/wp\/v2\/users\/2"}],"replies":[{"embeddable":true,"href":"https:\/\/peoplesphere.be\/fr\/wp-json\/wp\/v2\/comments?post=13949"}],"version-history":[{"count":1,"href":"https:\/\/peoplesphere.be\/fr\/wp-json\/wp\/v2\/posts\/13949\/revisions"}],"predecessor-version":[{"id":13950,"href":"https:\/\/peoplesphere.be\/fr\/wp-json\/wp\/v2\/posts\/13949\/revisions\/13950"}],"wp:attachment":[{"href":"https:\/\/peoplesphere.be\/fr\/wp-json\/wp\/v2\/media?parent=13949"}],"wp:term":[{"taxonomy":"category","embeddable":true,"href":"https:\/\/peoplesphere.be\/fr\/wp-json\/wp\/v2\/categories?post=13949"},{"taxonomy":"post_tag","embeddable":true,"href":"https:\/\/peoplesphere.be\/fr\/wp-json\/wp\/v2\/tags?post=13949"}],"curies":[{"name":"wp","href":"https:\/\/api.w.org\/{rel}","templated":true}]}}